{"id":9913,"date":"2025-07-11T01:48:50","date_gmt":"2025-07-11T01:48:50","guid":{"rendered":"https:\/\/rgdeportes.com\/?p=9913"},"modified":"2025-07-11T01:51:18","modified_gmt":"2025-07-11T01:51:18","slug":"saprissa-va-con-todo-a-nivel-nacional-e-internacional-video","status":"publish","type":"post","link":"https:\/\/rgdeportes.com\/index.php\/2025\/07\/11\/saprissa-va-con-todo-a-nivel-nacional-e-internacional-video\/","title":{"rendered":"Saprissa va con todo a nivel nacional e internacional (Video)"},"content":{"rendered":"\n<figure class=\"wp-block-image size-large\"><img loading=\"lazy\" decoding=\"async\" width=\"1024\" height=\"768\" src=\"https:\/\/rgdeportes.com\/wp-content\/uploads\/2025\/07\/IMG_20250709_131856-1024x768.jpg\" alt=\"\" class=\"wp-image-9914\" srcset=\"https:\/\/rgdeportes.com\/wp-content\/uploads\/2025\/07\/IMG_20250709_131856-1024x768.jpg 1024w, https:\/\/rgdeportes.com\/wp-content\/uploads\/2025\/07\/IMG_20250709_131856-300x225.jpg 300w, https:\/\/rgdeportes.com\/wp-content\/uploads\/2025\/07\/IMG_20250709_131856-768x576.jpg 768w, https:\/\/rgdeportes.com\/wp-content\/uploads\/2025\/07\/IMG_20250709_131856-1536x1152.jpg 1536w, https:\/\/rgdeportes.com\/wp-content\/uploads\/2025\/07\/IMG_20250709_131856-2048x1536.jpg 2048w\" sizes=\"auto, (max-width: 1024px) 100vw, 1024px\" \/><\/figure>\n\n\n\n<p><strong>Tib\u00e1s<\/strong> &#8211; La tarde del mi\u00e9rcoles el equipo del <strong>Deportivo Saprissa<\/strong> realiz\u00f3 de manera oficial la presentaci\u00f3n de sus dos atacantes extranjeros para lo que ser\u00e1 el <strong>Torneo de Apertura 2025. <\/strong>Se tratan de los j\u00f3venes <strong>Newton Williams y Gustavo Herrera <\/strong>este \u00faltimo de tan solo 19 a\u00f1os de edad.<\/p>\n\n\n\n<p><strong>Regres\u00f3 una marca muy querida en el Saprissa<\/strong><\/p>\n\n\n\n<figure class=\"wp-block-image size-large\"><img loading=\"lazy\" decoding=\"async\" width=\"1024\" height=\"768\" src=\"https:\/\/rgdeportes.com\/wp-content\/uploads\/2025\/07\/IMG_20250709_123457-1024x768.jpg\" alt=\"\" class=\"wp-image-9916\" srcset=\"https:\/\/rgdeportes.com\/wp-content\/uploads\/2025\/07\/IMG_20250709_123457-1024x768.jpg 1024w, https:\/\/rgdeportes.com\/wp-content\/uploads\/2025\/07\/IMG_20250709_123457-300x225.jpg 300w, https:\/\/rgdeportes.com\/wp-content\/uploads\/2025\/07\/IMG_20250709_123457-768x576.jpg 768w, https:\/\/rgdeportes.com\/wp-content\/uploads\/2025\/07\/IMG_20250709_123457-1536x1152.jpg 1536w, https:\/\/rgdeportes.com\/wp-content\/uploads\/2025\/07\/IMG_20250709_123457-2048x1536.jpg 2048w\" sizes=\"auto, (max-width: 1024px) 100vw, 1024px\" \/><\/figure>\n\n\n\n<p>Tambi\u00e9n la directiva tibase\u00f1a present\u00f3 lo que fue su nueva marca patrocinadora, pero ya conocida de a\u00f1os atr\u00e1s, nos referimos a <strong>Omnilife <\/strong>donde lo hizo oficial el <strong>jerarca del Saprissa don Juan Carlos Rojas <\/strong>junto al <strong>representante de mercadeo el se\u00f1or Diego Calder\u00f3n<\/strong>.<\/p>\n\n\n\n<p><strong>Atacantes paname\u00f1os la nueva apuesta de los morados<\/strong><\/p>\n\n\n\n<figure class=\"wp-block-image size-large\"><img loading=\"lazy\" decoding=\"async\" width=\"1024\" height=\"768\" src=\"https:\/\/rgdeportes.com\/wp-content\/uploads\/2025\/07\/IMG_20250709_131904-1024x768.jpg\" alt=\"\" class=\"wp-image-9917\" srcset=\"https:\/\/rgdeportes.com\/wp-content\/uploads\/2025\/07\/IMG_20250709_131904-1024x768.jpg 1024w, https:\/\/rgdeportes.com\/wp-content\/uploads\/2025\/07\/IMG_20250709_131904-300x225.jpg 300w, https:\/\/rgdeportes.com\/wp-content\/uploads\/2025\/07\/IMG_20250709_131904-768x576.jpg 768w, https:\/\/rgdeportes.com\/wp-content\/uploads\/2025\/07\/IMG_20250709_131904-1536x1152.jpg 1536w, https:\/\/rgdeportes.com\/wp-content\/uploads\/2025\/07\/IMG_20250709_131904-2048x1536.jpg 2048w\" sizes=\"auto, (max-width: 1024px) 100vw, 1024px\" \/><\/figure>\n\n\n\n<p>En lo que respecta a los nuevos <strong>fichajes del Saprissa, Newton Williams<\/strong> se mostr\u00f3 sumamente feliz porque como el mismo lo coment\u00f3 se le cumpli\u00f3 su sue\u00f1o desde ni\u00f1o.<\/p>\n\n\n\n<p>Mientras que <strong>joven de 19 a\u00f1os Gustavo Herrera <\/strong>se mostr\u00f3 mesurado y espera poder aprovechar la oportunidad en el Saprissa para subir de nivel.<\/p>\n\n\n\n<p><strong>Estamos para competir en todos los torneos<\/strong><\/p>\n\n\n\n<figure class=\"wp-block-image size-large\"><img loading=\"lazy\" decoding=\"async\" width=\"1024\" height=\"768\" src=\"https:\/\/rgdeportes.com\/wp-content\/uploads\/2025\/07\/IMG_20250709_123757-1024x768.jpg\" alt=\"\" class=\"wp-image-9915\" srcset=\"https:\/\/rgdeportes.com\/wp-content\/uploads\/2025\/07\/IMG_20250709_123757-1024x768.jpg 1024w, https:\/\/rgdeportes.com\/wp-content\/uploads\/2025\/07\/IMG_20250709_123757-300x225.jpg 300w, https:\/\/rgdeportes.com\/wp-content\/uploads\/2025\/07\/IMG_20250709_123757-768x576.jpg 768w, https:\/\/rgdeportes.com\/wp-content\/uploads\/2025\/07\/IMG_20250709_123757-1536x1152.jpg 1536w, https:\/\/rgdeportes.com\/wp-content\/uploads\/2025\/07\/IMG_20250709_123757-2048x1536.jpg 2048w\" sizes=\"auto, (max-width: 1024px) 100vw, 1024px\" \/><\/figure>\n\n\n\n<p>Adem\u00e1s se cont\u00f3 con la presencia de <strong>Erick<\/strong> <strong>Lonnis, <\/strong>quien atendi\u00f3 a la prensa y destac\u00f3 que este Saprissa esta muy reforzado para competir en el torneo nacional como en Concacaf.<\/p>\n\n\n\n<p><strong>Video<\/strong><\/p>\n\n\n\n<figure class=\"wp-block-embed is-type-video is-provider-youtube wp-block-embed-youtube wp-embed-aspect-4-3 wp-has-aspect-ratio\"><div class=\"wp-block-embed__wrapper\">\n<iframe loading=\"lazy\" title=\"Saprissa present\u00f3 a sus nuevos refuerzos. \" width=\"1110\" height=\"833\" src=\"https:\/\/www.youtube.com\/embed\/Fy-oTjn-rZs?feature=oembed\" frameborder=\"0\" allow=\"accelerometer; autoplay; clipboard-write; encrypted-media; gyroscope; picture-in-picture; web-share\" referrerpolicy=\"strict-origin-when-cross-origin\" allowfullscreen><\/iframe>\n<\/div><\/figure>\n","protected":false},"excerpt":{"rendered":"<p>Tib\u00e1s &#8211; La tarde del mi\u00e9rcoles el equipo del Deportivo Saprissa realiz\u00f3 de manera oficial la presentaci\u00f3n de sus dos atacantes extranjeros para lo que ser\u00e1 el Torneo de Apertura&hellip; <\/p>\n","protected":false},"author":2,"featured_media":9914,"comment_status":"closed","ping_status":"closed","sticky":false,"template":"","format":"standard","meta":{"om_disable_all_campaigns":false,"_monsterinsights_skip_tracking":false,"_monsterinsights_sitenote_active":false,"_monsterinsights_sitenote_note":"","_monsterinsights_sitenote_category":0,"footnotes":""},"categories":[5],"tags":[3093,1631],"class_list":["post-9913","post","type-post","status-publish","format-standard","has-post-thumbnail","hentry","category-ft","tag-futbolcr","tag-saprissa"],"aioseo_notices":[],"yoast_head":"<!-- This site is optimized with the Yoast SEO plugin v21.2 - https:\/\/yoast.com\/wordpress\/plugins\/seo\/ -->\n<title>Saprissa va con todo a nivel nacional e internacional (Video) - RG Deportes\u200e<\/title>\n<meta name=\"robots\" content=\"index, follow, max-snippet:-1, max-image-preview:large, max-video-preview:-1\" \/>\n<link rel=\"canonical\" href=\"https:\/\/rgdeportes.com\/index.php\/2025\/07\/11\/saprissa-va-con-todo-a-nivel-nacional-e-internacional-video\/\" \/>\n<meta property=\"og:locale\" content=\"es_ES\" \/>\n<meta property=\"og:type\" content=\"article\" \/>\n<meta property=\"og:title\" content=\"Saprissa va con todo a nivel nacional e internacional (Video) - RG Deportes\u200e\" \/>\n<meta property=\"og:description\" content=\"Tib\u00e1s &#8211; La tarde del mi\u00e9rcoles el equipo del Deportivo Saprissa realiz\u00f3 de manera oficial la presentaci\u00f3n de sus dos atacantes extranjeros para lo que ser\u00e1 el Torneo de Apertura&hellip;\" \/>\n<meta property=\"og:url\" content=\"https:\/\/rgdeportes.com\/index.php\/2025\/07\/11\/saprissa-va-con-todo-a-nivel-nacional-e-internacional-video\/\" \/>\n<meta property=\"og:site_name\" content=\"RG Deportes\u200e\" \/>\n<meta property=\"article:publisher\" content=\"https:\/\/www.facebook.com\/RandallGutierrezDeportes\/\" \/>\n<meta property=\"article:published_time\" content=\"2025-07-11T01:48:50+00:00\" \/>\n<meta property=\"article:modified_time\" content=\"2025-07-11T01:51:18+00:00\" \/>\n<meta property=\"og:image\" content=\"http:\/\/rgdeportes.com\/wp-content\/uploads\/2025\/07\/IMG_20250709_131856-scaled.jpg\" \/>\n\t<meta property=\"og:image:width\" content=\"2560\" \/>\n\t<meta property=\"og:image:height\" content=\"1920\" \/>\n\t<meta property=\"og:image:type\" content=\"image\/jpeg\" \/>\n<meta name=\"author\" content=\"Randall Gutierrez\" \/>\n<meta name=\"twitter:card\" content=\"summary_large_image\" \/>\n<meta name=\"twitter:label1\" content=\"Escrito por\" \/>\n\t<meta name=\"twitter:data1\" content=\"Randall Gutierrez\" \/>\n\t<meta name=\"twitter:label2\" content=\"Tiempo de lectura\" \/>\n\t<meta name=\"twitter:data2\" content=\"2 minutos\" \/>\n<script type=\"application\/ld+json\" class=\"yoast-schema-graph\">{\"@context\":\"https:\/\/schema.org\",\"@graph\":[{\"@type\":\"Article\",\"@id\":\"https:\/\/rgdeportes.com\/index.php\/2025\/07\/11\/saprissa-va-con-todo-a-nivel-nacional-e-internacional-video\/#article\",\"isPartOf\":{\"@id\":\"https:\/\/rgdeportes.com\/index.php\/2025\/07\/11\/saprissa-va-con-todo-a-nivel-nacional-e-internacional-video\/\"},\"author\":{\"name\":\"Randall Gutierrez\",\"@id\":\"https:\/\/rgdeportes.com\/#\/schema\/person\/91795323fddb335a4fd017bf0e4b1358\"},\"headline\":\"Saprissa va con todo a nivel nacional e internacional (Video)\",\"datePublished\":\"2025-07-11T01:48:50+00:00\",\"dateModified\":\"2025-07-11T01:51:18+00:00\",\"mainEntityOfPage\":{\"@id\":\"https:\/\/rgdeportes.com\/index.php\/2025\/07\/11\/saprissa-va-con-todo-a-nivel-nacional-e-internacional-video\/\"},\"wordCount\":234,\"publisher\":{\"@id\":\"https:\/\/rgdeportes.com\/#organization\"},\"keywords\":[\"#F\u00fatbolCR\",\"#Saprissa\"],\"articleSection\":[\"F\u00fatbol\"],\"inLanguage\":\"es\"},{\"@type\":\"WebPage\",\"@id\":\"https:\/\/rgdeportes.com\/index.php\/2025\/07\/11\/saprissa-va-con-todo-a-nivel-nacional-e-internacional-video\/\",\"url\":\"https:\/\/rgdeportes.com\/index.php\/2025\/07\/11\/saprissa-va-con-todo-a-nivel-nacional-e-internacional-video\/\",\"name\":\"Saprissa va con todo a nivel nacional e internacional (Video) - RG Deportes\u200e\",\"isPartOf\":{\"@id\":\"https:\/\/rgdeportes.com\/#website\"},\"datePublished\":\"2025-07-11T01:48:50+00:00\",\"dateModified\":\"2025-07-11T01:51:18+00:00\",\"breadcrumb\":{\"@id\":\"https:\/\/rgdeportes.com\/index.php\/2025\/07\/11\/saprissa-va-con-todo-a-nivel-nacional-e-internacional-video\/#breadcrumb\"},\"inLanguage\":\"es\",\"potentialAction\":[{\"@type\":\"ReadAction\",\"target\":[\"https:\/\/rgdeportes.com\/index.php\/2025\/07\/11\/saprissa-va-con-todo-a-nivel-nacional-e-internacional-video\/\"]}]},{\"@type\":\"BreadcrumbList\",\"@id\":\"https:\/\/rgdeportes.com\/index.php\/2025\/07\/11\/saprissa-va-con-todo-a-nivel-nacional-e-internacional-video\/#breadcrumb\",\"itemListElement\":[{\"@type\":\"ListItem\",\"position\":1,\"name\":\"Portada\",\"item\":\"https:\/\/rgdeportes.com\/\"},{\"@type\":\"ListItem\",\"position\":2,\"name\":\"Saprissa va con todo a nivel nacional e internacional (Video)\"}]},{\"@type\":\"WebSite\",\"@id\":\"https:\/\/rgdeportes.com\/#website\",\"url\":\"https:\/\/rgdeportes.com\/\",\"name\":\"RG Deportes\u200e\",\"description\":\"\",\"publisher\":{\"@id\":\"https:\/\/rgdeportes.com\/#organization\"},\"potentialAction\":[{\"@type\":\"SearchAction\",\"target\":{\"@type\":\"EntryPoint\",\"urlTemplate\":\"https:\/\/rgdeportes.com\/?s={search_term_string}\"},\"query-input\":\"required name=search_term_string\"}],\"inLanguage\":\"es\"},{\"@type\":\"Organization\",\"@id\":\"https:\/\/rgdeportes.com\/#organization\",\"name\":\"RG Deportes\",\"url\":\"https:\/\/rgdeportes.com\/\",\"logo\":{\"@type\":\"ImageObject\",\"inLanguage\":\"es\",\"@id\":\"https:\/\/rgdeportes.com\/#\/schema\/logo\/image\/\",\"url\":\"https:\/\/rgdeportes.com\/wp-content\/uploads\/2020\/09\/Logo.png\",\"contentUrl\":\"https:\/\/rgdeportes.com\/wp-content\/uploads\/2020\/09\/Logo.png\",\"width\":784,\"height\":552,\"caption\":\"RG Deportes\"},\"image\":{\"@id\":\"https:\/\/rgdeportes.com\/#\/schema\/logo\/image\/\"},\"sameAs\":[\"https:\/\/www.facebook.com\/RandallGutierrezDeportes\/\",\"https:\/\/www.instagram.com\/randallgutierrezdeportes\/\",\"https:\/\/www.youtube.com\/channel\/UCX4_qbvtnTwoF5t2zNqBDvA\"]},{\"@type\":\"Person\",\"@id\":\"https:\/\/rgdeportes.com\/#\/schema\/person\/91795323fddb335a4fd017bf0e4b1358\",\"name\":\"Randall Gutierrez\",\"image\":{\"@type\":\"ImageObject\",\"inLanguage\":\"es\",\"@id\":\"https:\/\/rgdeportes.com\/#\/schema\/person\/image\/\",\"url\":\"https:\/\/secure.gravatar.com\/avatar\/d0884ea8b9b50bcfad3c0d20049361b5?s=96&d=mm&r=g\",\"contentUrl\":\"https:\/\/secure.gravatar.com\/avatar\/d0884ea8b9b50bcfad3c0d20049361b5?s=96&d=mm&r=g\",\"caption\":\"Randall Gutierrez\"},\"url\":\"https:\/\/rgdeportes.com\/index.php\/author\/randall\/\"}]}<\/script>\n<!-- \/ Yoast SEO plugin. -->","yoast_head_json":{"title":"Saprissa va con todo a nivel nacional e internacional (Video) - RG Deportes\u200e","robots":{"index":"index","follow":"follow","max-snippet":"max-snippet:-1","max-image-preview":"max-image-preview:large","max-video-preview":"max-video-preview:-1"},"canonical":"https:\/\/rgdeportes.com\/index.php\/2025\/07\/11\/saprissa-va-con-todo-a-nivel-nacional-e-internacional-video\/","og_locale":"es_ES","og_type":"article","og_title":"Saprissa va con todo a nivel nacional e internacional (Video) - RG Deportes\u200e","og_description":"Tib\u00e1s &#8211; La tarde del mi\u00e9rcoles el equipo del Deportivo Saprissa realiz\u00f3 de manera oficial la presentaci\u00f3n de sus dos atacantes extranjeros para lo que ser\u00e1 el Torneo de Apertura&hellip;","og_url":"https:\/\/rgdeportes.com\/index.php\/2025\/07\/11\/saprissa-va-con-todo-a-nivel-nacional-e-internacional-video\/","og_site_name":"RG Deportes\u200e","article_publisher":"https:\/\/www.facebook.com\/RandallGutierrezDeportes\/","article_published_time":"2025-07-11T01:48:50+00:00","article_modified_time":"2025-07-11T01:51:18+00:00","og_image":[{"width":2560,"height":1920,"url":"http:\/\/rgdeportes.com\/wp-content\/uploads\/2025\/07\/IMG_20250709_131856-scaled.jpg","type":"image\/jpeg"}],"author":"Randall Gutierrez","twitter_card":"summary_large_image","twitter_misc":{"Escrito por":"Randall Gutierrez","Tiempo de lectura":"2 minutos"},"schema":{"@context":"https:\/\/schema.org","@graph":[{"@type":"Article","@id":"https:\/\/rgdeportes.com\/index.php\/2025\/07\/11\/saprissa-va-con-todo-a-nivel-nacional-e-internacional-video\/#article","isPartOf":{"@id":"https:\/\/rgdeportes.com\/index.php\/2025\/07\/11\/saprissa-va-con-todo-a-nivel-nacional-e-internacional-video\/"},"author":{"name":"Randall Gutierrez","@id":"https:\/\/rgdeportes.com\/#\/schema\/person\/91795323fddb335a4fd017bf0e4b1358"},"headline":"Saprissa va con todo a nivel nacional e internacional (Video)","datePublished":"2025-07-11T01:48:50+00:00","dateModified":"2025-07-11T01:51:18+00:00","mainEntityOfPage":{"@id":"https:\/\/rgdeportes.com\/index.php\/2025\/07\/11\/saprissa-va-con-todo-a-nivel-nacional-e-internacional-video\/"},"wordCount":234,"publisher":{"@id":"https:\/\/rgdeportes.com\/#organization"},"keywords":["#F\u00fatbolCR","#Saprissa"],"articleSection":["F\u00fatbol"],"inLanguage":"es"},{"@type":"WebPage","@id":"https:\/\/rgdeportes.com\/index.php\/2025\/07\/11\/saprissa-va-con-todo-a-nivel-nacional-e-internacional-video\/","url":"https:\/\/rgdeportes.com\/index.php\/2025\/07\/11\/saprissa-va-con-todo-a-nivel-nacional-e-internacional-video\/","name":"Saprissa va con todo a nivel nacional e internacional (Video) - RG Deportes\u200e","isPartOf":{"@id":"https:\/\/rgdeportes.com\/#website"},"datePublished":"2025-07-11T01:48:50+00:00","dateModified":"2025-07-11T01:51:18+00:00","breadcrumb":{"@id":"https:\/\/rgdeportes.com\/index.php\/2025\/07\/11\/saprissa-va-con-todo-a-nivel-nacional-e-internacional-video\/#breadcrumb"},"inLanguage":"es","potentialAction":[{"@type":"ReadAction","target":["https:\/\/rgdeportes.com\/index.php\/2025\/07\/11\/saprissa-va-con-todo-a-nivel-nacional-e-internacional-video\/"]}]},{"@type":"BreadcrumbList","@id":"https:\/\/rgdeportes.com\/index.php\/2025\/07\/11\/saprissa-va-con-todo-a-nivel-nacional-e-internacional-video\/#breadcrumb","itemListElement":[{"@type":"ListItem","position":1,"name":"Portada","item":"https:\/\/rgdeportes.com\/"},{"@type":"ListItem","position":2,"name":"Saprissa va con todo a nivel nacional e internacional (Video)"}]},{"@type":"WebSite","@id":"https:\/\/rgdeportes.com\/#website","url":"https:\/\/rgdeportes.com\/","name":"RG Deportes\u200e","description":"","publisher":{"@id":"https:\/\/rgdeportes.com\/#organization"},"potentialAction":[{"@type":"SearchAction","target":{"@type":"EntryPoint","urlTemplate":"https:\/\/rgdeportes.com\/?s={search_term_string}"},"query-input":"required name=search_term_string"}],"inLanguage":"es"},{"@type":"Organization","@id":"https:\/\/rgdeportes.com\/#organization","name":"RG Deportes","url":"https:\/\/rgdeportes.com\/","logo":{"@type":"ImageObject","inLanguage":"es","@id":"https:\/\/rgdeportes.com\/#\/schema\/logo\/image\/","url":"https:\/\/rgdeportes.com\/wp-content\/uploads\/2020\/09\/Logo.png","contentUrl":"https:\/\/rgdeportes.com\/wp-content\/uploads\/2020\/09\/Logo.png","width":784,"height":552,"caption":"RG Deportes"},"image":{"@id":"https:\/\/rgdeportes.com\/#\/schema\/logo\/image\/"},"sameAs":["https:\/\/www.facebook.com\/RandallGutierrezDeportes\/","https:\/\/www.instagram.com\/randallgutierrezdeportes\/","https:\/\/www.youtube.com\/channel\/UCX4_qbvtnTwoF5t2zNqBDvA"]},{"@type":"Person","@id":"https:\/\/rgdeportes.com\/#\/schema\/person\/91795323fddb335a4fd017bf0e4b1358","name":"Randall Gutierrez","image":{"@type":"ImageObject","inLanguage":"es","@id":"https:\/\/rgdeportes.com\/#\/schema\/person\/image\/","url":"https:\/\/secure.gravatar.com\/avatar\/d0884ea8b9b50bcfad3c0d20049361b5?s=96&d=mm&r=g","contentUrl":"https:\/\/secure.gravatar.com\/avatar\/d0884ea8b9b50bcfad3c0d20049361b5?s=96&d=mm&r=g","caption":"Randall Gutierrez"},"url":"https:\/\/rgdeportes.com\/index.php\/author\/randall\/"}]}},"_links":{"self":[{"href":"https:\/\/rgdeportes.com\/index.php\/wp-json\/wp\/v2\/posts\/9913","targetHints":{"allow":["GET"]}}],"collection":[{"href":"https:\/\/rgdeportes.com\/index.php\/wp-json\/wp\/v2\/posts"}],"about":[{"href":"https:\/\/rgdeportes.com\/index.php\/wp-json\/wp\/v2\/types\/post"}],"author":[{"embeddable":true,"href":"https:\/\/rgdeportes.com\/index.php\/wp-json\/wp\/v2\/users\/2"}],"replies":[{"embeddable":true,"href":"https:\/\/rgdeportes.com\/index.php\/wp-json\/wp\/v2\/comments?post=9913"}],"version-history":[{"count":2,"href":"https:\/\/rgdeportes.com\/index.php\/wp-json\/wp\/v2\/posts\/9913\/revisions"}],"predecessor-version":[{"id":9920,"href":"https:\/\/rgdeportes.com\/index.php\/wp-json\/wp\/v2\/posts\/9913\/revisions\/9920"}],"wp:featuredmedia":[{"embeddable":true,"href":"https:\/\/rgdeportes.com\/index.php\/wp-json\/wp\/v2\/media\/9914"}],"wp:attachment":[{"href":"https:\/\/rgdeportes.com\/index.php\/wp-json\/wp\/v2\/media?parent=9913"}],"wp:term":[{"taxonomy":"category","embeddable":true,"href":"https:\/\/rgdeportes.com\/index.php\/wp-json\/wp\/v2\/categories?post=9913"},{"taxonomy":"post_tag","embeddable":true,"href":"https:\/\/rgdeportes.com\/index.php\/wp-json\/wp\/v2\/tags?post=9913"}],"curies":[{"name":"wp","href":"https:\/\/api.w.org\/{rel}","templated":true}]}}