{"id":9847,"date":"2025-07-03T17:50:06","date_gmt":"2025-07-03T17:50:06","guid":{"rendered":"https:\/\/rgdeportes.com\/?p=9847"},"modified":"2025-07-03T17:50:06","modified_gmt":"2025-07-03T17:50:06","slug":"arbitraje-de-costa-rica-en-pretemporada","status":"publish","type":"post","link":"https:\/\/rgdeportes.com\/index.php\/2025\/07\/03\/arbitraje-de-costa-rica-en-pretemporada\/","title":{"rendered":"Arbitraje de Costa Rica en pretemporada"},"content":{"rendered":"\n<figure class=\"wp-block-image size-large\"><img loading=\"lazy\" decoding=\"async\" width=\"1024\" height=\"683\" src=\"https:\/\/rgdeportes.com\/wp-content\/uploads\/2025\/07\/180A7042-1024x683.jpeg\" alt=\"\" class=\"wp-image-9848\" srcset=\"https:\/\/rgdeportes.com\/wp-content\/uploads\/2025\/07\/180A7042-1024x683.jpeg 1024w, https:\/\/rgdeportes.com\/wp-content\/uploads\/2025\/07\/180A7042-300x200.jpeg 300w, https:\/\/rgdeportes.com\/wp-content\/uploads\/2025\/07\/180A7042-768x512.jpeg 768w, https:\/\/rgdeportes.com\/wp-content\/uploads\/2025\/07\/180A7042-1536x1024.jpeg 1536w, https:\/\/rgdeportes.com\/wp-content\/uploads\/2025\/07\/180A7042-2048x1365.jpeg 2048w\" sizes=\"auto, (max-width: 1024px) 100vw, 1024px\" \/><\/figure>\n\n\n\n<p>El Arbitraje de Costa Rica contin\u00faa su preparaci\u00f3n de pretemporada esto con miras al arranque de los torneos nacionales, as\u00ed lo dio a conocer la Federaci\u00f3n Costarricense de F\u00fatbol (FCRF). <\/p>\n\n\n\n<p>El proceso arranc\u00f3 desde el pasado 15 de junio, con un enfoque en el fortalecimiento f\u00edsico de los r\u00e9feris. Esta pretemporada contar\u00e1 con un periodo de preparaci\u00f3n t\u00e9cnica intensiva, que se divide en tres etapas presenciales en las instalaciones de la FCRF:<\/p>\n\n\n\n<ul class=\"wp-block-list\">\n<li>Ligas menores: 8, 9 y 10 de julio<\/li>\n\n\n\n<li>Primera divisi\u00f3n: 11, 12 y 13 de julio<\/li>\n\n\n\n<li>Segunda divisi\u00f3n: 15, 16 y 17 de julio<\/li>\n<\/ul>\n\n\n\n<p>En cada etapa participar\u00e1n grupos de 40 personas que se concentran durante tres d\u00edas para someterse a evaluaciones f\u00edsicas y m\u00e9dicas, repasar modificaciones en las reglas de juego, y trabajar sobre los est\u00e1ndares que se esperan para la temporada.<\/p>\n\n\n\n<p>Desde el \u00e1mbito t\u00e9cnico, se refuerza la evoluci\u00f3n del VAR y se han dise\u00f1ado herramientas como trivias, video test y sesiones pr\u00e1cticas con jugadores. Adem\u00e1s, del 20 al 24 de julio se capacitar\u00e1 a asesores e instructores de todas las asociaciones del pa\u00eds.<\/p>\n\n\n\n<p>La Comisi\u00f3n de Arbitraje prepara desde el final del torneo anterior todos los detalles de esta pretemporada, comandado por Enrique Osses.<\/p>\n\n\n\n<p>Cabe destacar que Osses se encuentra finalizando su participaci\u00f3n como instructor oficial de FIFA y Concacaf en la Copa Oro y el Mundial de Clubes, ambos con sede en Miami.<\/p>\n\n\n\n<p>La FCRF respald\u00f3 esta participaci\u00f3n, pues no solo representa un reconocimiento a su trayectoria, sino que contribuye a posicionar el arbitraje costarricense a nivel internacional.<\/p>\n\n\n\n<p>(Foto &#8211; FCRF).<\/p>\n","protected":false},"excerpt":{"rendered":"<p>El Arbitraje de Costa Rica contin\u00faa su preparaci\u00f3n de pretemporada esto con miras al arranque de los torneos nacionales, as\u00ed lo dio a conocer la Federaci\u00f3n Costarricense de F\u00fatbol (FCRF).&hellip; <\/p>\n","protected":false},"author":2,"featured_media":9848,"comment_status":"closed","ping_status":"closed","sticky":false,"template":"","format":"standard","meta":{"om_disable_all_campaigns":false,"_monsterinsights_skip_tracking":false,"_monsterinsights_sitenote_active":false,"_monsterinsights_sitenote_note":"","_monsterinsights_sitenote_category":0,"footnotes":""},"categories":[5],"tags":[2145,3123],"class_list":["post-9847","post","type-post","status-publish","format-standard","has-post-thumbnail","hentry","category-ft","tag-arbitrajecostarica","tag-futbolnacional"],"aioseo_notices":[],"yoast_head":"<!-- This site is optimized with the Yoast SEO plugin v21.2 - https:\/\/yoast.com\/wordpress\/plugins\/seo\/ -->\n<title>Arbitraje de Costa Rica en pretemporada - RG Deportes\u200e<\/title>\n<meta name=\"robots\" content=\"index, follow, max-snippet:-1, max-image-preview:large, max-video-preview:-1\" \/>\n<link rel=\"canonical\" href=\"https:\/\/rgdeportes.com\/index.php\/2025\/07\/03\/arbitraje-de-costa-rica-en-pretemporada\/\" \/>\n<meta property=\"og:locale\" content=\"es_ES\" \/>\n<meta property=\"og:type\" content=\"article\" \/>\n<meta property=\"og:title\" content=\"Arbitraje de Costa Rica en pretemporada - RG Deportes\u200e\" \/>\n<meta property=\"og:description\" content=\"El Arbitraje de Costa Rica contin\u00faa su preparaci\u00f3n de pretemporada esto con miras al arranque de los torneos nacionales, as\u00ed lo dio a conocer la Federaci\u00f3n Costarricense de F\u00fatbol (FCRF).&hellip;\" \/>\n<meta property=\"og:url\" content=\"https:\/\/rgdeportes.com\/index.php\/2025\/07\/03\/arbitraje-de-costa-rica-en-pretemporada\/\" \/>\n<meta property=\"og:site_name\" content=\"RG Deportes\u200e\" \/>\n<meta property=\"article:publisher\" content=\"https:\/\/www.facebook.com\/RandallGutierrezDeportes\/\" \/>\n<meta property=\"article:published_time\" content=\"2025-07-03T17:50:06+00:00\" \/>\n<meta property=\"og:image\" content=\"http:\/\/rgdeportes.com\/wp-content\/uploads\/2025\/07\/180A7042.jpeg\" \/>\n\t<meta property=\"og:image:width\" content=\"2400\" \/>\n\t<meta property=\"og:image:height\" content=\"1600\" \/>\n\t<meta property=\"og:image:type\" content=\"image\/jpeg\" \/>\n<meta name=\"author\" content=\"Randall Gutierrez\" \/>\n<meta name=\"twitter:card\" content=\"summary_large_image\" \/>\n<meta name=\"twitter:label1\" content=\"Escrito por\" \/>\n\t<meta name=\"twitter:data1\" content=\"Randall Gutierrez\" \/>\n\t<meta name=\"twitter:label2\" content=\"Tiempo de lectura\" \/>\n\t<meta name=\"twitter:data2\" content=\"2 minutos\" \/>\n<script type=\"application\/ld+json\" class=\"yoast-schema-graph\">{\"@context\":\"https:\/\/schema.org\",\"@graph\":[{\"@type\":\"Article\",\"@id\":\"https:\/\/rgdeportes.com\/index.php\/2025\/07\/03\/arbitraje-de-costa-rica-en-pretemporada\/#article\",\"isPartOf\":{\"@id\":\"https:\/\/rgdeportes.com\/index.php\/2025\/07\/03\/arbitraje-de-costa-rica-en-pretemporada\/\"},\"author\":{\"name\":\"Randall Gutierrez\",\"@id\":\"https:\/\/rgdeportes.com\/#\/schema\/person\/91795323fddb335a4fd017bf0e4b1358\"},\"headline\":\"Arbitraje de Costa Rica en pretemporada\",\"datePublished\":\"2025-07-03T17:50:06+00:00\",\"dateModified\":\"2025-07-03T17:50:06+00:00\",\"mainEntityOfPage\":{\"@id\":\"https:\/\/rgdeportes.com\/index.php\/2025\/07\/03\/arbitraje-de-costa-rica-en-pretemporada\/\"},\"wordCount\":274,\"publisher\":{\"@id\":\"https:\/\/rgdeportes.com\/#organization\"},\"keywords\":[\"#arbitrajecostarica\",\"#f\u00fatbolnacional\"],\"articleSection\":[\"F\u00fatbol\"],\"inLanguage\":\"es\"},{\"@type\":\"WebPage\",\"@id\":\"https:\/\/rgdeportes.com\/index.php\/2025\/07\/03\/arbitraje-de-costa-rica-en-pretemporada\/\",\"url\":\"https:\/\/rgdeportes.com\/index.php\/2025\/07\/03\/arbitraje-de-costa-rica-en-pretemporada\/\",\"name\":\"Arbitraje de Costa Rica en pretemporada - RG Deportes\u200e\",\"isPartOf\":{\"@id\":\"https:\/\/rgdeportes.com\/#website\"},\"datePublished\":\"2025-07-03T17:50:06+00:00\",\"dateModified\":\"2025-07-03T17:50:06+00:00\",\"breadcrumb\":{\"@id\":\"https:\/\/rgdeportes.com\/index.php\/2025\/07\/03\/arbitraje-de-costa-rica-en-pretemporada\/#breadcrumb\"},\"inLanguage\":\"es\",\"potentialAction\":[{\"@type\":\"ReadAction\",\"target\":[\"https:\/\/rgdeportes.com\/index.php\/2025\/07\/03\/arbitraje-de-costa-rica-en-pretemporada\/\"]}]},{\"@type\":\"BreadcrumbList\",\"@id\":\"https:\/\/rgdeportes.com\/index.php\/2025\/07\/03\/arbitraje-de-costa-rica-en-pretemporada\/#breadcrumb\",\"itemListElement\":[{\"@type\":\"ListItem\",\"position\":1,\"name\":\"Portada\",\"item\":\"https:\/\/rgdeportes.com\/\"},{\"@type\":\"ListItem\",\"position\":2,\"name\":\"Arbitraje de Costa Rica en pretemporada\"}]},{\"@type\":\"WebSite\",\"@id\":\"https:\/\/rgdeportes.com\/#website\",\"url\":\"https:\/\/rgdeportes.com\/\",\"name\":\"RG Deportes\u200e\",\"description\":\"\",\"publisher\":{\"@id\":\"https:\/\/rgdeportes.com\/#organization\"},\"potentialAction\":[{\"@type\":\"SearchAction\",\"target\":{\"@type\":\"EntryPoint\",\"urlTemplate\":\"https:\/\/rgdeportes.com\/?s={search_term_string}\"},\"query-input\":\"required name=search_term_string\"}],\"inLanguage\":\"es\"},{\"@type\":\"Organization\",\"@id\":\"https:\/\/rgdeportes.com\/#organization\",\"name\":\"RG Deportes\",\"url\":\"https:\/\/rgdeportes.com\/\",\"logo\":{\"@type\":\"ImageObject\",\"inLanguage\":\"es\",\"@id\":\"https:\/\/rgdeportes.com\/#\/schema\/logo\/image\/\",\"url\":\"https:\/\/rgdeportes.com\/wp-content\/uploads\/2020\/09\/Logo.png\",\"contentUrl\":\"https:\/\/rgdeportes.com\/wp-content\/uploads\/2020\/09\/Logo.png\",\"width\":784,\"height\":552,\"caption\":\"RG Deportes\"},\"image\":{\"@id\":\"https:\/\/rgdeportes.com\/#\/schema\/logo\/image\/\"},\"sameAs\":[\"https:\/\/www.facebook.com\/RandallGutierrezDeportes\/\",\"https:\/\/www.instagram.com\/randallgutierrezdeportes\/\",\"https:\/\/www.youtube.com\/channel\/UCX4_qbvtnTwoF5t2zNqBDvA\"]},{\"@type\":\"Person\",\"@id\":\"https:\/\/rgdeportes.com\/#\/schema\/person\/91795323fddb335a4fd017bf0e4b1358\",\"name\":\"Randall Gutierrez\",\"image\":{\"@type\":\"ImageObject\",\"inLanguage\":\"es\",\"@id\":\"https:\/\/rgdeportes.com\/#\/schema\/person\/image\/\",\"url\":\"https:\/\/secure.gravatar.com\/avatar\/d0884ea8b9b50bcfad3c0d20049361b5?s=96&d=mm&r=g\",\"contentUrl\":\"https:\/\/secure.gravatar.com\/avatar\/d0884ea8b9b50bcfad3c0d20049361b5?s=96&d=mm&r=g\",\"caption\":\"Randall Gutierrez\"},\"url\":\"https:\/\/rgdeportes.com\/index.php\/author\/randall\/\"}]}<\/script>\n<!-- \/ Yoast SEO plugin. -->","yoast_head_json":{"title":"Arbitraje de Costa Rica en pretemporada - RG Deportes\u200e","robots":{"index":"index","follow":"follow","max-snippet":"max-snippet:-1","max-image-preview":"max-image-preview:large","max-video-preview":"max-video-preview:-1"},"canonical":"https:\/\/rgdeportes.com\/index.php\/2025\/07\/03\/arbitraje-de-costa-rica-en-pretemporada\/","og_locale":"es_ES","og_type":"article","og_title":"Arbitraje de Costa Rica en pretemporada - RG Deportes\u200e","og_description":"El Arbitraje de Costa Rica contin\u00faa su preparaci\u00f3n de pretemporada esto con miras al arranque de los torneos nacionales, as\u00ed lo dio a conocer la Federaci\u00f3n Costarricense de F\u00fatbol (FCRF).&hellip;","og_url":"https:\/\/rgdeportes.com\/index.php\/2025\/07\/03\/arbitraje-de-costa-rica-en-pretemporada\/","og_site_name":"RG Deportes\u200e","article_publisher":"https:\/\/www.facebook.com\/RandallGutierrezDeportes\/","article_published_time":"2025-07-03T17:50:06+00:00","og_image":[{"width":2400,"height":1600,"url":"http:\/\/rgdeportes.com\/wp-content\/uploads\/2025\/07\/180A7042.jpeg","type":"image\/jpeg"}],"author":"Randall Gutierrez","twitter_card":"summary_large_image","twitter_misc":{"Escrito por":"Randall Gutierrez","Tiempo de lectura":"2 minutos"},"schema":{"@context":"https:\/\/schema.org","@graph":[{"@type":"Article","@id":"https:\/\/rgdeportes.com\/index.php\/2025\/07\/03\/arbitraje-de-costa-rica-en-pretemporada\/#article","isPartOf":{"@id":"https:\/\/rgdeportes.com\/index.php\/2025\/07\/03\/arbitraje-de-costa-rica-en-pretemporada\/"},"author":{"name":"Randall Gutierrez","@id":"https:\/\/rgdeportes.com\/#\/schema\/person\/91795323fddb335a4fd017bf0e4b1358"},"headline":"Arbitraje de Costa Rica en pretemporada","datePublished":"2025-07-03T17:50:06+00:00","dateModified":"2025-07-03T17:50:06+00:00","mainEntityOfPage":{"@id":"https:\/\/rgdeportes.com\/index.php\/2025\/07\/03\/arbitraje-de-costa-rica-en-pretemporada\/"},"wordCount":274,"publisher":{"@id":"https:\/\/rgdeportes.com\/#organization"},"keywords":["#arbitrajecostarica","#f\u00fatbolnacional"],"articleSection":["F\u00fatbol"],"inLanguage":"es"},{"@type":"WebPage","@id":"https:\/\/rgdeportes.com\/index.php\/2025\/07\/03\/arbitraje-de-costa-rica-en-pretemporada\/","url":"https:\/\/rgdeportes.com\/index.php\/2025\/07\/03\/arbitraje-de-costa-rica-en-pretemporada\/","name":"Arbitraje de Costa Rica en pretemporada - RG Deportes\u200e","isPartOf":{"@id":"https:\/\/rgdeportes.com\/#website"},"datePublished":"2025-07-03T17:50:06+00:00","dateModified":"2025-07-03T17:50:06+00:00","breadcrumb":{"@id":"https:\/\/rgdeportes.com\/index.php\/2025\/07\/03\/arbitraje-de-costa-rica-en-pretemporada\/#breadcrumb"},"inLanguage":"es","potentialAction":[{"@type":"ReadAction","target":["https:\/\/rgdeportes.com\/index.php\/2025\/07\/03\/arbitraje-de-costa-rica-en-pretemporada\/"]}]},{"@type":"BreadcrumbList","@id":"https:\/\/rgdeportes.com\/index.php\/2025\/07\/03\/arbitraje-de-costa-rica-en-pretemporada\/#breadcrumb","itemListElement":[{"@type":"ListItem","position":1,"name":"Portada","item":"https:\/\/rgdeportes.com\/"},{"@type":"ListItem","position":2,"name":"Arbitraje de Costa Rica en pretemporada"}]},{"@type":"WebSite","@id":"https:\/\/rgdeportes.com\/#website","url":"https:\/\/rgdeportes.com\/","name":"RG Deportes\u200e","description":"","publisher":{"@id":"https:\/\/rgdeportes.com\/#organization"},"potentialAction":[{"@type":"SearchAction","target":{"@type":"EntryPoint","urlTemplate":"https:\/\/rgdeportes.com\/?s={search_term_string}"},"query-input":"required name=search_term_string"}],"inLanguage":"es"},{"@type":"Organization","@id":"https:\/\/rgdeportes.com\/#organization","name":"RG Deportes","url":"https:\/\/rgdeportes.com\/","logo":{"@type":"ImageObject","inLanguage":"es","@id":"https:\/\/rgdeportes.com\/#\/schema\/logo\/image\/","url":"https:\/\/rgdeportes.com\/wp-content\/uploads\/2020\/09\/Logo.png","contentUrl":"https:\/\/rgdeportes.com\/wp-content\/uploads\/2020\/09\/Logo.png","width":784,"height":552,"caption":"RG Deportes"},"image":{"@id":"https:\/\/rgdeportes.com\/#\/schema\/logo\/image\/"},"sameAs":["https:\/\/www.facebook.com\/RandallGutierrezDeportes\/","https:\/\/www.instagram.com\/randallgutierrezdeportes\/","https:\/\/www.youtube.com\/channel\/UCX4_qbvtnTwoF5t2zNqBDvA"]},{"@type":"Person","@id":"https:\/\/rgdeportes.com\/#\/schema\/person\/91795323fddb335a4fd017bf0e4b1358","name":"Randall Gutierrez","image":{"@type":"ImageObject","inLanguage":"es","@id":"https:\/\/rgdeportes.com\/#\/schema\/person\/image\/","url":"https:\/\/secure.gravatar.com\/avatar\/d0884ea8b9b50bcfad3c0d20049361b5?s=96&d=mm&r=g","contentUrl":"https:\/\/secure.gravatar.com\/avatar\/d0884ea8b9b50bcfad3c0d20049361b5?s=96&d=mm&r=g","caption":"Randall Gutierrez"},"url":"https:\/\/rgdeportes.com\/index.php\/author\/randall\/"}]}},"_links":{"self":[{"href":"https:\/\/rgdeportes.com\/index.php\/wp-json\/wp\/v2\/posts\/9847","targetHints":{"allow":["GET"]}}],"collection":[{"href":"https:\/\/rgdeportes.com\/index.php\/wp-json\/wp\/v2\/posts"}],"about":[{"href":"https:\/\/rgdeportes.com\/index.php\/wp-json\/wp\/v2\/types\/post"}],"author":[{"embeddable":true,"href":"https:\/\/rgdeportes.com\/index.php\/wp-json\/wp\/v2\/users\/2"}],"replies":[{"embeddable":true,"href":"https:\/\/rgdeportes.com\/index.php\/wp-json\/wp\/v2\/comments?post=9847"}],"version-history":[{"count":1,"href":"https:\/\/rgdeportes.com\/index.php\/wp-json\/wp\/v2\/posts\/9847\/revisions"}],"predecessor-version":[{"id":9849,"href":"https:\/\/rgdeportes.com\/index.php\/wp-json\/wp\/v2\/posts\/9847\/revisions\/9849"}],"wp:featuredmedia":[{"embeddable":true,"href":"https:\/\/rgdeportes.com\/index.php\/wp-json\/wp\/v2\/media\/9848"}],"wp:attachment":[{"href":"https:\/\/rgdeportes.com\/index.php\/wp-json\/wp\/v2\/media?parent=9847"}],"wp:term":[{"taxonomy":"category","embeddable":true,"href":"https:\/\/rgdeportes.com\/index.php\/wp-json\/wp\/v2\/categories?post=9847"},{"taxonomy":"post_tag","embeddable":true,"href":"https:\/\/rgdeportes.com\/index.php\/wp-json\/wp\/v2\/tags?post=9847"}],"curies":[{"name":"wp","href":"https:\/\/api.w.org\/{rel}","templated":true}]}}