{"id":9737,"date":"2025-06-05T20:48:20","date_gmt":"2025-06-05T20:48:20","guid":{"rendered":"https:\/\/rgdeportes.com\/?p=9737"},"modified":"2025-06-05T20:48:21","modified_gmt":"2025-06-05T20:48:21","slug":"heredia-vivira-lo-mejor-del-campamento-de-porrismo","status":"publish","type":"post","link":"https:\/\/rgdeportes.com\/index.php\/2025\/06\/05\/heredia-vivira-lo-mejor-del-campamento-de-porrismo\/","title":{"rendered":"Heredia vivir\u00e1 lo mejor del Campamento de Porrismo"},"content":{"rendered":"\n<figure class=\"wp-block-image size-large\"><img loading=\"lazy\" decoding=\"async\" width=\"1024\" height=\"682\" src=\"https:\/\/rgdeportes.com\/wp-content\/uploads\/2025\/06\/Porris-1024x682.jpg\" alt=\"\" class=\"wp-image-9738\" srcset=\"https:\/\/rgdeportes.com\/wp-content\/uploads\/2025\/06\/Porris-1024x682.jpg 1024w, https:\/\/rgdeportes.com\/wp-content\/uploads\/2025\/06\/Porris-300x200.jpg 300w, https:\/\/rgdeportes.com\/wp-content\/uploads\/2025\/06\/Porris-768x512.jpg 768w, https:\/\/rgdeportes.com\/wp-content\/uploads\/2025\/06\/Porris-1536x1023.jpg 1536w, https:\/\/rgdeportes.com\/wp-content\/uploads\/2025\/06\/Porris.jpg 1600w\" sizes=\"auto, (max-width: 1024px) 100vw, 1024px\" \/><\/figure>\n\n\n\n<p>As\u00ed lo dio a conocer liderado por parte de la <strong>Federaci\u00f3n de Porrismo Cheer and Dance de Costa Rica (FECAD CR), <\/strong>donde resalta que a partir del <strong>7 y 8 de junio se llevar\u00e1 a cabo el Campamento Nacional de Porristas en las instalaciones del Golden Valley en Heredia <\/strong>y que contar\u00e1 con la presencia de atletas, entrenadores e instructores internacionales para vivir una gran experiencia sobre las nuevas tendencias del porrismo a nivel mundial.<\/p>\n\n\n\n<p>Se espera la participaci\u00f3n de <strong>m\u00e1s de 200 atletas de las diferentes categor\u00edas <\/strong>y ser\u00e1n guiados por siete instructores internacionales provenientes de <strong>Estados Unidos y Colombia:<\/strong> Jada Wooten, Roy Adam, Nike Mills, Derrick Burleson, Miguel Agudelo, Lorena Manrique y Rick Clemons, todos con amplia trayectoria en el cheer, dance y jueceo al m\u00e1s alto nivel.<\/p>\n\n\n\n<p>\u201c<em>Un campamento de porristas es una experiencia intensiva de formaci\u00f3n deportiva y motivacional, basada en el modelo de trabajo de las grandes universidades. Durante varios d\u00edas, atletas institucionales, de programas All Stars y entrenadores conviven en un entorno educativo y competitivo, donde desarrollan habilidades t\u00e9cnicas, fortalecen el trabajo en equipo, reciben retroalimentaci\u00f3n profesional y participan en din\u00e1micas que estimulan la pasi\u00f3n por el porrismo<\/em>\u201d, inform\u00f3 <strong>Guillermo Quesada, Presidente de la Federaci\u00f3n.<\/strong><\/p>\n\n\n\n<p>El campamento incluye: cl\u00ednicas t\u00e9cnicas de stunts, pir\u00e1mides, saltos, rutinas, motions y transiciones, entrenamiento f\u00edsico y prevenci\u00f3n de lesiones, capacitaciones para entrenadores (con sello federativo), evaluaci\u00f3n de rutinas y presentaciones en formato \u201cshow off\u201d. Charlas motivacionales y actividades recreativas. Espacios de convivencia e intercambio entre equipos institucionales y All Stars. &nbsp;<\/p>\n\n\n\n<p><strong>La meta del Campamento Nacional de Porrismo es subir el nivel esta disciplina<\/strong><\/p>\n\n\n\n<p><em>\u201cEl objetivo del Campamento Nacional de Porrismo es: elevar el nivel t\u00e9cnico del porrismo costarricense, estimular la disciplina, liderazgo y trabajo en equipo, fortalecer la unidad del gremio deportivo y el intercambio entre atletas de distintas regiones, brindar capacitaciones oficiales avaladas por FECAD a entrenadores y asistentes t\u00e9cnicos<\/em>\u201d, destac\u00f3, <strong>Guillermo Quesada<\/strong>.<\/p>\n\n\n\n<p>El campamento inicia s\u00e1bado desde las 9 am y finaliza domingo a eso de las 5 pm.<\/p>\n\n\n\n<p>(Foto &#8211; FECAD).<\/p>\n","protected":false},"excerpt":{"rendered":"<p>As\u00ed lo dio a conocer liderado por parte de la Federaci\u00f3n de Porrismo Cheer and Dance de Costa Rica (FECAD CR), donde resalta que a partir del 7 y 8&hellip; <\/p>\n","protected":false},"author":2,"featured_media":9738,"comment_status":"closed","ping_status":"closed","sticky":false,"template":"","format":"standard","meta":{"om_disable_all_campaigns":false,"_monsterinsights_skip_tracking":false,"_monsterinsights_sitenote_active":false,"_monsterinsights_sitenote_note":"","_monsterinsights_sitenote_category":0,"footnotes":""},"categories":[9],"tags":[3081,284,3082],"class_list":["post-9737","post","type-post","status-publish","format-standard","has-post-thumbnail","hentry","category-na","tag-campamentoporrismo","tag-porrismocr","tag-porrismoheredia"],"aioseo_notices":[],"yoast_head":"<!-- This site is optimized with the Yoast SEO plugin v21.2 - https:\/\/yoast.com\/wordpress\/plugins\/seo\/ -->\n<title>Heredia vivir\u00e1 lo mejor del Campamento de Porrismo - RG Deportes\u200e<\/title>\n<meta name=\"robots\" content=\"index, follow, max-snippet:-1, max-image-preview:large, max-video-preview:-1\" \/>\n<link rel=\"canonical\" href=\"https:\/\/rgdeportes.com\/index.php\/2025\/06\/05\/heredia-vivira-lo-mejor-del-campamento-de-porrismo\/\" \/>\n<meta property=\"og:locale\" content=\"es_ES\" \/>\n<meta property=\"og:type\" content=\"article\" \/>\n<meta property=\"og:title\" content=\"Heredia vivir\u00e1 lo mejor del Campamento de Porrismo - RG Deportes\u200e\" \/>\n<meta property=\"og:description\" content=\"As\u00ed lo dio a conocer liderado por parte de la Federaci\u00f3n de Porrismo Cheer and Dance de Costa Rica (FECAD CR), donde resalta que a partir del 7 y 8&hellip;\" \/>\n<meta property=\"og:url\" content=\"https:\/\/rgdeportes.com\/index.php\/2025\/06\/05\/heredia-vivira-lo-mejor-del-campamento-de-porrismo\/\" \/>\n<meta property=\"og:site_name\" content=\"RG Deportes\u200e\" \/>\n<meta property=\"article:publisher\" content=\"https:\/\/www.facebook.com\/RandallGutierrezDeportes\/\" \/>\n<meta property=\"article:published_time\" content=\"2025-06-05T20:48:20+00:00\" \/>\n<meta property=\"article:modified_time\" content=\"2025-06-05T20:48:21+00:00\" \/>\n<meta property=\"og:image\" content=\"http:\/\/rgdeportes.com\/wp-content\/uploads\/2025\/06\/Porris.jpg\" \/>\n\t<meta property=\"og:image:width\" content=\"1600\" \/>\n\t<meta property=\"og:image:height\" content=\"1066\" \/>\n\t<meta property=\"og:image:type\" content=\"image\/jpeg\" \/>\n<meta name=\"author\" content=\"Randall Gutierrez\" \/>\n<meta name=\"twitter:card\" content=\"summary_large_image\" \/>\n<meta name=\"twitter:label1\" content=\"Escrito por\" \/>\n\t<meta name=\"twitter:data1\" content=\"Randall Gutierrez\" \/>\n\t<meta name=\"twitter:label2\" content=\"Tiempo de lectura\" \/>\n\t<meta name=\"twitter:data2\" content=\"2 minutos\" \/>\n<script type=\"application\/ld+json\" class=\"yoast-schema-graph\">{\"@context\":\"https:\/\/schema.org\",\"@graph\":[{\"@type\":\"Article\",\"@id\":\"https:\/\/rgdeportes.com\/index.php\/2025\/06\/05\/heredia-vivira-lo-mejor-del-campamento-de-porrismo\/#article\",\"isPartOf\":{\"@id\":\"https:\/\/rgdeportes.com\/index.php\/2025\/06\/05\/heredia-vivira-lo-mejor-del-campamento-de-porrismo\/\"},\"author\":{\"name\":\"Randall Gutierrez\",\"@id\":\"https:\/\/rgdeportes.com\/#\/schema\/person\/91795323fddb335a4fd017bf0e4b1358\"},\"headline\":\"Heredia vivir\u00e1 lo mejor del Campamento de Porrismo\",\"datePublished\":\"2025-06-05T20:48:20+00:00\",\"dateModified\":\"2025-06-05T20:48:21+00:00\",\"mainEntityOfPage\":{\"@id\":\"https:\/\/rgdeportes.com\/index.php\/2025\/06\/05\/heredia-vivira-lo-mejor-del-campamento-de-porrismo\/\"},\"wordCount\":361,\"publisher\":{\"@id\":\"https:\/\/rgdeportes.com\/#organization\"},\"keywords\":[\"#campamentoporrismo\",\"#PorrismoCR\",\"#porrismoheredia\"],\"articleSection\":[\"Nacionales\"],\"inLanguage\":\"es\"},{\"@type\":\"WebPage\",\"@id\":\"https:\/\/rgdeportes.com\/index.php\/2025\/06\/05\/heredia-vivira-lo-mejor-del-campamento-de-porrismo\/\",\"url\":\"https:\/\/rgdeportes.com\/index.php\/2025\/06\/05\/heredia-vivira-lo-mejor-del-campamento-de-porrismo\/\",\"name\":\"Heredia vivir\u00e1 lo mejor del Campamento de Porrismo - RG Deportes\u200e\",\"isPartOf\":{\"@id\":\"https:\/\/rgdeportes.com\/#website\"},\"datePublished\":\"2025-06-05T20:48:20+00:00\",\"dateModified\":\"2025-06-05T20:48:21+00:00\",\"breadcrumb\":{\"@id\":\"https:\/\/rgdeportes.com\/index.php\/2025\/06\/05\/heredia-vivira-lo-mejor-del-campamento-de-porrismo\/#breadcrumb\"},\"inLanguage\":\"es\",\"potentialAction\":[{\"@type\":\"ReadAction\",\"target\":[\"https:\/\/rgdeportes.com\/index.php\/2025\/06\/05\/heredia-vivira-lo-mejor-del-campamento-de-porrismo\/\"]}]},{\"@type\":\"BreadcrumbList\",\"@id\":\"https:\/\/rgdeportes.com\/index.php\/2025\/06\/05\/heredia-vivira-lo-mejor-del-campamento-de-porrismo\/#breadcrumb\",\"itemListElement\":[{\"@type\":\"ListItem\",\"position\":1,\"name\":\"Portada\",\"item\":\"https:\/\/rgdeportes.com\/\"},{\"@type\":\"ListItem\",\"position\":2,\"name\":\"Heredia vivir\u00e1 lo mejor del Campamento de Porrismo\"}]},{\"@type\":\"WebSite\",\"@id\":\"https:\/\/rgdeportes.com\/#website\",\"url\":\"https:\/\/rgdeportes.com\/\",\"name\":\"RG Deportes\u200e\",\"description\":\"\",\"publisher\":{\"@id\":\"https:\/\/rgdeportes.com\/#organization\"},\"potentialAction\":[{\"@type\":\"SearchAction\",\"target\":{\"@type\":\"EntryPoint\",\"urlTemplate\":\"https:\/\/rgdeportes.com\/?s={search_term_string}\"},\"query-input\":\"required name=search_term_string\"}],\"inLanguage\":\"es\"},{\"@type\":\"Organization\",\"@id\":\"https:\/\/rgdeportes.com\/#organization\",\"name\":\"RG Deportes\",\"url\":\"https:\/\/rgdeportes.com\/\",\"logo\":{\"@type\":\"ImageObject\",\"inLanguage\":\"es\",\"@id\":\"https:\/\/rgdeportes.com\/#\/schema\/logo\/image\/\",\"url\":\"https:\/\/rgdeportes.com\/wp-content\/uploads\/2020\/09\/Logo.png\",\"contentUrl\":\"https:\/\/rgdeportes.com\/wp-content\/uploads\/2020\/09\/Logo.png\",\"width\":784,\"height\":552,\"caption\":\"RG Deportes\"},\"image\":{\"@id\":\"https:\/\/rgdeportes.com\/#\/schema\/logo\/image\/\"},\"sameAs\":[\"https:\/\/www.facebook.com\/RandallGutierrezDeportes\/\",\"https:\/\/www.instagram.com\/randallgutierrezdeportes\/\",\"https:\/\/www.youtube.com\/channel\/UCX4_qbvtnTwoF5t2zNqBDvA\"]},{\"@type\":\"Person\",\"@id\":\"https:\/\/rgdeportes.com\/#\/schema\/person\/91795323fddb335a4fd017bf0e4b1358\",\"name\":\"Randall Gutierrez\",\"image\":{\"@type\":\"ImageObject\",\"inLanguage\":\"es\",\"@id\":\"https:\/\/rgdeportes.com\/#\/schema\/person\/image\/\",\"url\":\"https:\/\/secure.gravatar.com\/avatar\/d0884ea8b9b50bcfad3c0d20049361b5?s=96&d=mm&r=g\",\"contentUrl\":\"https:\/\/secure.gravatar.com\/avatar\/d0884ea8b9b50bcfad3c0d20049361b5?s=96&d=mm&r=g\",\"caption\":\"Randall Gutierrez\"},\"url\":\"https:\/\/rgdeportes.com\/index.php\/author\/randall\/\"}]}<\/script>\n<!-- \/ Yoast SEO plugin. -->","yoast_head_json":{"title":"Heredia vivir\u00e1 lo mejor del Campamento de Porrismo - RG Deportes\u200e","robots":{"index":"index","follow":"follow","max-snippet":"max-snippet:-1","max-image-preview":"max-image-preview:large","max-video-preview":"max-video-preview:-1"},"canonical":"https:\/\/rgdeportes.com\/index.php\/2025\/06\/05\/heredia-vivira-lo-mejor-del-campamento-de-porrismo\/","og_locale":"es_ES","og_type":"article","og_title":"Heredia vivir\u00e1 lo mejor del Campamento de Porrismo - RG Deportes\u200e","og_description":"As\u00ed lo dio a conocer liderado por parte de la Federaci\u00f3n de Porrismo Cheer and Dance de Costa Rica (FECAD CR), donde resalta que a partir del 7 y 8&hellip;","og_url":"https:\/\/rgdeportes.com\/index.php\/2025\/06\/05\/heredia-vivira-lo-mejor-del-campamento-de-porrismo\/","og_site_name":"RG Deportes\u200e","article_publisher":"https:\/\/www.facebook.com\/RandallGutierrezDeportes\/","article_published_time":"2025-06-05T20:48:20+00:00","article_modified_time":"2025-06-05T20:48:21+00:00","og_image":[{"width":1600,"height":1066,"url":"http:\/\/rgdeportes.com\/wp-content\/uploads\/2025\/06\/Porris.jpg","type":"image\/jpeg"}],"author":"Randall Gutierrez","twitter_card":"summary_large_image","twitter_misc":{"Escrito por":"Randall Gutierrez","Tiempo de lectura":"2 minutos"},"schema":{"@context":"https:\/\/schema.org","@graph":[{"@type":"Article","@id":"https:\/\/rgdeportes.com\/index.php\/2025\/06\/05\/heredia-vivira-lo-mejor-del-campamento-de-porrismo\/#article","isPartOf":{"@id":"https:\/\/rgdeportes.com\/index.php\/2025\/06\/05\/heredia-vivira-lo-mejor-del-campamento-de-porrismo\/"},"author":{"name":"Randall Gutierrez","@id":"https:\/\/rgdeportes.com\/#\/schema\/person\/91795323fddb335a4fd017bf0e4b1358"},"headline":"Heredia vivir\u00e1 lo mejor del Campamento de Porrismo","datePublished":"2025-06-05T20:48:20+00:00","dateModified":"2025-06-05T20:48:21+00:00","mainEntityOfPage":{"@id":"https:\/\/rgdeportes.com\/index.php\/2025\/06\/05\/heredia-vivira-lo-mejor-del-campamento-de-porrismo\/"},"wordCount":361,"publisher":{"@id":"https:\/\/rgdeportes.com\/#organization"},"keywords":["#campamentoporrismo","#PorrismoCR","#porrismoheredia"],"articleSection":["Nacionales"],"inLanguage":"es"},{"@type":"WebPage","@id":"https:\/\/rgdeportes.com\/index.php\/2025\/06\/05\/heredia-vivira-lo-mejor-del-campamento-de-porrismo\/","url":"https:\/\/rgdeportes.com\/index.php\/2025\/06\/05\/heredia-vivira-lo-mejor-del-campamento-de-porrismo\/","name":"Heredia vivir\u00e1 lo mejor del Campamento de Porrismo - RG Deportes\u200e","isPartOf":{"@id":"https:\/\/rgdeportes.com\/#website"},"datePublished":"2025-06-05T20:48:20+00:00","dateModified":"2025-06-05T20:48:21+00:00","breadcrumb":{"@id":"https:\/\/rgdeportes.com\/index.php\/2025\/06\/05\/heredia-vivira-lo-mejor-del-campamento-de-porrismo\/#breadcrumb"},"inLanguage":"es","potentialAction":[{"@type":"ReadAction","target":["https:\/\/rgdeportes.com\/index.php\/2025\/06\/05\/heredia-vivira-lo-mejor-del-campamento-de-porrismo\/"]}]},{"@type":"BreadcrumbList","@id":"https:\/\/rgdeportes.com\/index.php\/2025\/06\/05\/heredia-vivira-lo-mejor-del-campamento-de-porrismo\/#breadcrumb","itemListElement":[{"@type":"ListItem","position":1,"name":"Portada","item":"https:\/\/rgdeportes.com\/"},{"@type":"ListItem","position":2,"name":"Heredia vivir\u00e1 lo mejor del Campamento de Porrismo"}]},{"@type":"WebSite","@id":"https:\/\/rgdeportes.com\/#website","url":"https:\/\/rgdeportes.com\/","name":"RG Deportes\u200e","description":"","publisher":{"@id":"https:\/\/rgdeportes.com\/#organization"},"potentialAction":[{"@type":"SearchAction","target":{"@type":"EntryPoint","urlTemplate":"https:\/\/rgdeportes.com\/?s={search_term_string}"},"query-input":"required name=search_term_string"}],"inLanguage":"es"},{"@type":"Organization","@id":"https:\/\/rgdeportes.com\/#organization","name":"RG Deportes","url":"https:\/\/rgdeportes.com\/","logo":{"@type":"ImageObject","inLanguage":"es","@id":"https:\/\/rgdeportes.com\/#\/schema\/logo\/image\/","url":"https:\/\/rgdeportes.com\/wp-content\/uploads\/2020\/09\/Logo.png","contentUrl":"https:\/\/rgdeportes.com\/wp-content\/uploads\/2020\/09\/Logo.png","width":784,"height":552,"caption":"RG Deportes"},"image":{"@id":"https:\/\/rgdeportes.com\/#\/schema\/logo\/image\/"},"sameAs":["https:\/\/www.facebook.com\/RandallGutierrezDeportes\/","https:\/\/www.instagram.com\/randallgutierrezdeportes\/","https:\/\/www.youtube.com\/channel\/UCX4_qbvtnTwoF5t2zNqBDvA"]},{"@type":"Person","@id":"https:\/\/rgdeportes.com\/#\/schema\/person\/91795323fddb335a4fd017bf0e4b1358","name":"Randall Gutierrez","image":{"@type":"ImageObject","inLanguage":"es","@id":"https:\/\/rgdeportes.com\/#\/schema\/person\/image\/","url":"https:\/\/secure.gravatar.com\/avatar\/d0884ea8b9b50bcfad3c0d20049361b5?s=96&d=mm&r=g","contentUrl":"https:\/\/secure.gravatar.com\/avatar\/d0884ea8b9b50bcfad3c0d20049361b5?s=96&d=mm&r=g","caption":"Randall Gutierrez"},"url":"https:\/\/rgdeportes.com\/index.php\/author\/randall\/"}]}},"_links":{"self":[{"href":"https:\/\/rgdeportes.com\/index.php\/wp-json\/wp\/v2\/posts\/9737","targetHints":{"allow":["GET"]}}],"collection":[{"href":"https:\/\/rgdeportes.com\/index.php\/wp-json\/wp\/v2\/posts"}],"about":[{"href":"https:\/\/rgdeportes.com\/index.php\/wp-json\/wp\/v2\/types\/post"}],"author":[{"embeddable":true,"href":"https:\/\/rgdeportes.com\/index.php\/wp-json\/wp\/v2\/users\/2"}],"replies":[{"embeddable":true,"href":"https:\/\/rgdeportes.com\/index.php\/wp-json\/wp\/v2\/comments?post=9737"}],"version-history":[{"count":1,"href":"https:\/\/rgdeportes.com\/index.php\/wp-json\/wp\/v2\/posts\/9737\/revisions"}],"predecessor-version":[{"id":9739,"href":"https:\/\/rgdeportes.com\/index.php\/wp-json\/wp\/v2\/posts\/9737\/revisions\/9739"}],"wp:featuredmedia":[{"embeddable":true,"href":"https:\/\/rgdeportes.com\/index.php\/wp-json\/wp\/v2\/media\/9738"}],"wp:attachment":[{"href":"https:\/\/rgdeportes.com\/index.php\/wp-json\/wp\/v2\/media?parent=9737"}],"wp:term":[{"taxonomy":"category","embeddable":true,"href":"https:\/\/rgdeportes.com\/index.php\/wp-json\/wp\/v2\/categories?post=9737"},{"taxonomy":"post_tag","embeddable":true,"href":"https:\/\/rgdeportes.com\/index.php\/wp-json\/wp\/v2\/tags?post=9737"}],"curies":[{"name":"wp","href":"https:\/\/api.w.org\/{rel}","templated":true}]}}