{"id":9701,"date":"2025-06-02T22:38:12","date_gmt":"2025-06-02T22:38:12","guid":{"rendered":"https:\/\/rgdeportes.com\/?p=9701"},"modified":"2025-06-02T22:38:13","modified_gmt":"2025-06-02T22:38:13","slug":"esparza-destaco-con-lo-mejor-del-atletismo","status":"publish","type":"post","link":"https:\/\/rgdeportes.com\/index.php\/2025\/06\/02\/esparza-destaco-con-lo-mejor-del-atletismo\/","title":{"rendered":"Esparza destac\u00f3 con lo mejor del atletismo"},"content":{"rendered":"\n<figure class=\"wp-block-image size-large\"><img loading=\"lazy\" decoding=\"async\" width=\"1024\" height=\"683\" src=\"https:\/\/rgdeportes.com\/wp-content\/uploads\/2025\/06\/Atletismo-1-1024x683.jpg\" alt=\"\" class=\"wp-image-9702\" srcset=\"https:\/\/rgdeportes.com\/wp-content\/uploads\/2025\/06\/Atletismo-1-1024x683.jpg 1024w, https:\/\/rgdeportes.com\/wp-content\/uploads\/2025\/06\/Atletismo-1-300x200.jpg 300w, https:\/\/rgdeportes.com\/wp-content\/uploads\/2025\/06\/Atletismo-1-768x512.jpg 768w, https:\/\/rgdeportes.com\/wp-content\/uploads\/2025\/06\/Atletismo-1-1536x1024.jpg 1536w, https:\/\/rgdeportes.com\/wp-content\/uploads\/2025\/06\/Atletismo-1-2048x1365.jpg 2048w\" sizes=\"auto, (max-width: 1024px) 100vw, 1024px\" \/><\/figure>\n\n\n\n<p>El pasado fin de semana en las instalaciones del Polideportivo Hugo Carranza Arce del cant\u00f3n de Esparza, fue el escenario de la IV Fecha del Torneo Regional de Atletismo \u00abLa Esparzaniedad 2025\u00bb y la 3ra Fecha del Torneo Kids Athletics lo cual atrajo una gran convocatoria de m\u00e1s de 500 participantes entre ni\u00f1os y j\u00f3venes provenientes de 37 Asociaciones Deportivas de Atletismo del pa\u00eds.<\/p>\n\n\n\n<p>Dicho evento reuni\u00f3 a cerca de 800 personas entre atletas, entrenadores, padres de familia y staff de la organizaci\u00f3n el cual cont\u00f3 con tres jornadas, que se desarrollaron de forma muy din\u00e1mica, gracias a la buena organizaci\u00f3n la colaboraci\u00f3n de los t\u00e9cnicos y el trabajo de los jueces de la FECOA y los atletas, todos estuvieron atentos para cumplir a tiempo los horarios de competencias y de esa forma culminar con \u00e9xito el evento.<\/p>\n\n\n\n<p>El torneo era muy atractivo para algunas asociaciones y comit\u00e9s cantonales de deportes participantes quienes preparan a los atletas de cara a las eliminatorias de Juegos Deportivos Nacionales y diferentes eventos a nivel nacional e internacional.<\/p>\n\n\n\n<p>La actividad deportiva cont\u00f3 con un clima muy especial caracter\u00edstico de la zona y la \u00e9poca, en momentos Sol radiante y r\u00e1fagas de lluvia, por lo que la tarde del s\u00e1bado fue necesario hacer una pausa por seguridad de las actividades del Kids Athletics, pese a ello todas las actividades se lograron realizar.<\/p>\n\n\n\n<p>Entre los temas a destacar est\u00e1 la mejor marca t\u00e9cnica del evento la cual se dio en el evento del Heptatl\u00f3n por medio del atleta Yazdani Contreras Carranza quien logr\u00f3 un puntaje de 4.778 puntos.<\/p>\n\n\n\n<p>La pr\u00f3xima fecha del atletismo ser\u00e1 el s\u00e1bado 28 de junio con motivo del V Torneo Regional o Interregional de Atletismo con sede en Palmares 2025 abierto en todas las categor\u00edas.<\/p>\n\n\n\n<p>(<strong>Foto &#8211; FECOA<\/strong>).<\/p>\n\n\n\n<p><\/p>\n","protected":false},"excerpt":{"rendered":"<p>El pasado fin de semana en las instalaciones del Polideportivo Hugo Carranza Arce del cant\u00f3n de Esparza, fue el escenario de la IV Fecha del Torneo Regional de Atletismo \u00abLa&hellip; <\/p>\n","protected":false},"author":2,"featured_media":9702,"comment_status":"closed","ping_status":"closed","sticky":false,"template":"","format":"standard","meta":{"om_disable_all_campaigns":false,"_monsterinsights_skip_tracking":false,"_monsterinsights_sitenote_active":false,"_monsterinsights_sitenote_note":"","_monsterinsights_sitenote_category":0,"footnotes":""},"categories":[11],"tags":[3069],"class_list":["post-9701","post","type-post","status-publish","format-standard","has-post-thumbnail","hentry","category-de","tag-atletismoesparza"],"aioseo_notices":[],"yoast_head":"<!-- This site is optimized with the Yoast SEO plugin v21.2 - https:\/\/yoast.com\/wordpress\/plugins\/seo\/ -->\n<title>Esparza destac\u00f3 con lo mejor del atletismo - RG Deportes\u200e<\/title>\n<meta name=\"robots\" content=\"index, follow, max-snippet:-1, max-image-preview:large, max-video-preview:-1\" \/>\n<link rel=\"canonical\" href=\"https:\/\/rgdeportes.com\/index.php\/2025\/06\/02\/esparza-destaco-con-lo-mejor-del-atletismo\/\" \/>\n<meta property=\"og:locale\" content=\"es_ES\" \/>\n<meta property=\"og:type\" content=\"article\" \/>\n<meta property=\"og:title\" content=\"Esparza destac\u00f3 con lo mejor del atletismo - RG Deportes\u200e\" \/>\n<meta property=\"og:description\" content=\"El pasado fin de semana en las instalaciones del Polideportivo Hugo Carranza Arce del cant\u00f3n de Esparza, fue el escenario de la IV Fecha del Torneo Regional de Atletismo \u00abLa&hellip;\" \/>\n<meta property=\"og:url\" content=\"https:\/\/rgdeportes.com\/index.php\/2025\/06\/02\/esparza-destaco-con-lo-mejor-del-atletismo\/\" \/>\n<meta property=\"og:site_name\" content=\"RG Deportes\u200e\" \/>\n<meta property=\"article:publisher\" content=\"https:\/\/www.facebook.com\/RandallGutierrezDeportes\/\" \/>\n<meta property=\"article:published_time\" content=\"2025-06-02T22:38:12+00:00\" \/>\n<meta property=\"article:modified_time\" content=\"2025-06-02T22:38:13+00:00\" \/>\n<meta property=\"og:image\" content=\"http:\/\/rgdeportes.com\/wp-content\/uploads\/2025\/06\/Atletismo-1-scaled.jpg\" \/>\n\t<meta property=\"og:image:width\" content=\"2560\" \/>\n\t<meta property=\"og:image:height\" content=\"1707\" \/>\n\t<meta property=\"og:image:type\" content=\"image\/jpeg\" \/>\n<meta name=\"author\" content=\"Randall Gutierrez\" \/>\n<meta name=\"twitter:card\" content=\"summary_large_image\" \/>\n<meta name=\"twitter:label1\" content=\"Escrito por\" \/>\n\t<meta name=\"twitter:data1\" content=\"Randall Gutierrez\" \/>\n\t<meta name=\"twitter:label2\" content=\"Tiempo de lectura\" \/>\n\t<meta name=\"twitter:data2\" content=\"2 minutos\" \/>\n<script type=\"application\/ld+json\" class=\"yoast-schema-graph\">{\"@context\":\"https:\/\/schema.org\",\"@graph\":[{\"@type\":\"Article\",\"@id\":\"https:\/\/rgdeportes.com\/index.php\/2025\/06\/02\/esparza-destaco-con-lo-mejor-del-atletismo\/#article\",\"isPartOf\":{\"@id\":\"https:\/\/rgdeportes.com\/index.php\/2025\/06\/02\/esparza-destaco-con-lo-mejor-del-atletismo\/\"},\"author\":{\"name\":\"Randall Gutierrez\",\"@id\":\"https:\/\/rgdeportes.com\/#\/schema\/person\/91795323fddb335a4fd017bf0e4b1358\"},\"headline\":\"Esparza destac\u00f3 con lo mejor del atletismo\",\"datePublished\":\"2025-06-02T22:38:12+00:00\",\"dateModified\":\"2025-06-02T22:38:13+00:00\",\"mainEntityOfPage\":{\"@id\":\"https:\/\/rgdeportes.com\/index.php\/2025\/06\/02\/esparza-destaco-con-lo-mejor-del-atletismo\/\"},\"wordCount\":315,\"publisher\":{\"@id\":\"https:\/\/rgdeportes.com\/#organization\"},\"keywords\":[\"#atletismoesparza\"],\"articleSection\":[\"Deporte\"],\"inLanguage\":\"es\"},{\"@type\":\"WebPage\",\"@id\":\"https:\/\/rgdeportes.com\/index.php\/2025\/06\/02\/esparza-destaco-con-lo-mejor-del-atletismo\/\",\"url\":\"https:\/\/rgdeportes.com\/index.php\/2025\/06\/02\/esparza-destaco-con-lo-mejor-del-atletismo\/\",\"name\":\"Esparza destac\u00f3 con lo mejor del atletismo - RG Deportes\u200e\",\"isPartOf\":{\"@id\":\"https:\/\/rgdeportes.com\/#website\"},\"datePublished\":\"2025-06-02T22:38:12+00:00\",\"dateModified\":\"2025-06-02T22:38:13+00:00\",\"breadcrumb\":{\"@id\":\"https:\/\/rgdeportes.com\/index.php\/2025\/06\/02\/esparza-destaco-con-lo-mejor-del-atletismo\/#breadcrumb\"},\"inLanguage\":\"es\",\"potentialAction\":[{\"@type\":\"ReadAction\",\"target\":[\"https:\/\/rgdeportes.com\/index.php\/2025\/06\/02\/esparza-destaco-con-lo-mejor-del-atletismo\/\"]}]},{\"@type\":\"BreadcrumbList\",\"@id\":\"https:\/\/rgdeportes.com\/index.php\/2025\/06\/02\/esparza-destaco-con-lo-mejor-del-atletismo\/#breadcrumb\",\"itemListElement\":[{\"@type\":\"ListItem\",\"position\":1,\"name\":\"Portada\",\"item\":\"https:\/\/rgdeportes.com\/\"},{\"@type\":\"ListItem\",\"position\":2,\"name\":\"Esparza destac\u00f3 con lo mejor del atletismo\"}]},{\"@type\":\"WebSite\",\"@id\":\"https:\/\/rgdeportes.com\/#website\",\"url\":\"https:\/\/rgdeportes.com\/\",\"name\":\"RG Deportes\u200e\",\"description\":\"\",\"publisher\":{\"@id\":\"https:\/\/rgdeportes.com\/#organization\"},\"potentialAction\":[{\"@type\":\"SearchAction\",\"target\":{\"@type\":\"EntryPoint\",\"urlTemplate\":\"https:\/\/rgdeportes.com\/?s={search_term_string}\"},\"query-input\":\"required name=search_term_string\"}],\"inLanguage\":\"es\"},{\"@type\":\"Organization\",\"@id\":\"https:\/\/rgdeportes.com\/#organization\",\"name\":\"RG Deportes\",\"url\":\"https:\/\/rgdeportes.com\/\",\"logo\":{\"@type\":\"ImageObject\",\"inLanguage\":\"es\",\"@id\":\"https:\/\/rgdeportes.com\/#\/schema\/logo\/image\/\",\"url\":\"https:\/\/rgdeportes.com\/wp-content\/uploads\/2020\/09\/Logo.png\",\"contentUrl\":\"https:\/\/rgdeportes.com\/wp-content\/uploads\/2020\/09\/Logo.png\",\"width\":784,\"height\":552,\"caption\":\"RG Deportes\"},\"image\":{\"@id\":\"https:\/\/rgdeportes.com\/#\/schema\/logo\/image\/\"},\"sameAs\":[\"https:\/\/www.facebook.com\/RandallGutierrezDeportes\/\",\"https:\/\/www.instagram.com\/randallgutierrezdeportes\/\",\"https:\/\/www.youtube.com\/channel\/UCX4_qbvtnTwoF5t2zNqBDvA\"]},{\"@type\":\"Person\",\"@id\":\"https:\/\/rgdeportes.com\/#\/schema\/person\/91795323fddb335a4fd017bf0e4b1358\",\"name\":\"Randall Gutierrez\",\"image\":{\"@type\":\"ImageObject\",\"inLanguage\":\"es\",\"@id\":\"https:\/\/rgdeportes.com\/#\/schema\/person\/image\/\",\"url\":\"https:\/\/secure.gravatar.com\/avatar\/d0884ea8b9b50bcfad3c0d20049361b5?s=96&d=mm&r=g\",\"contentUrl\":\"https:\/\/secure.gravatar.com\/avatar\/d0884ea8b9b50bcfad3c0d20049361b5?s=96&d=mm&r=g\",\"caption\":\"Randall Gutierrez\"},\"url\":\"https:\/\/rgdeportes.com\/index.php\/author\/randall\/\"}]}<\/script>\n<!-- \/ Yoast SEO plugin. -->","yoast_head_json":{"title":"Esparza destac\u00f3 con lo mejor del atletismo - RG Deportes\u200e","robots":{"index":"index","follow":"follow","max-snippet":"max-snippet:-1","max-image-preview":"max-image-preview:large","max-video-preview":"max-video-preview:-1"},"canonical":"https:\/\/rgdeportes.com\/index.php\/2025\/06\/02\/esparza-destaco-con-lo-mejor-del-atletismo\/","og_locale":"es_ES","og_type":"article","og_title":"Esparza destac\u00f3 con lo mejor del atletismo - RG Deportes\u200e","og_description":"El pasado fin de semana en las instalaciones del Polideportivo Hugo Carranza Arce del cant\u00f3n de Esparza, fue el escenario de la IV Fecha del Torneo Regional de Atletismo \u00abLa&hellip;","og_url":"https:\/\/rgdeportes.com\/index.php\/2025\/06\/02\/esparza-destaco-con-lo-mejor-del-atletismo\/","og_site_name":"RG Deportes\u200e","article_publisher":"https:\/\/www.facebook.com\/RandallGutierrezDeportes\/","article_published_time":"2025-06-02T22:38:12+00:00","article_modified_time":"2025-06-02T22:38:13+00:00","og_image":[{"width":2560,"height":1707,"url":"http:\/\/rgdeportes.com\/wp-content\/uploads\/2025\/06\/Atletismo-1-scaled.jpg","type":"image\/jpeg"}],"author":"Randall Gutierrez","twitter_card":"summary_large_image","twitter_misc":{"Escrito por":"Randall Gutierrez","Tiempo de lectura":"2 minutos"},"schema":{"@context":"https:\/\/schema.org","@graph":[{"@type":"Article","@id":"https:\/\/rgdeportes.com\/index.php\/2025\/06\/02\/esparza-destaco-con-lo-mejor-del-atletismo\/#article","isPartOf":{"@id":"https:\/\/rgdeportes.com\/index.php\/2025\/06\/02\/esparza-destaco-con-lo-mejor-del-atletismo\/"},"author":{"name":"Randall Gutierrez","@id":"https:\/\/rgdeportes.com\/#\/schema\/person\/91795323fddb335a4fd017bf0e4b1358"},"headline":"Esparza destac\u00f3 con lo mejor del atletismo","datePublished":"2025-06-02T22:38:12+00:00","dateModified":"2025-06-02T22:38:13+00:00","mainEntityOfPage":{"@id":"https:\/\/rgdeportes.com\/index.php\/2025\/06\/02\/esparza-destaco-con-lo-mejor-del-atletismo\/"},"wordCount":315,"publisher":{"@id":"https:\/\/rgdeportes.com\/#organization"},"keywords":["#atletismoesparza"],"articleSection":["Deporte"],"inLanguage":"es"},{"@type":"WebPage","@id":"https:\/\/rgdeportes.com\/index.php\/2025\/06\/02\/esparza-destaco-con-lo-mejor-del-atletismo\/","url":"https:\/\/rgdeportes.com\/index.php\/2025\/06\/02\/esparza-destaco-con-lo-mejor-del-atletismo\/","name":"Esparza destac\u00f3 con lo mejor del atletismo - RG Deportes\u200e","isPartOf":{"@id":"https:\/\/rgdeportes.com\/#website"},"datePublished":"2025-06-02T22:38:12+00:00","dateModified":"2025-06-02T22:38:13+00:00","breadcrumb":{"@id":"https:\/\/rgdeportes.com\/index.php\/2025\/06\/02\/esparza-destaco-con-lo-mejor-del-atletismo\/#breadcrumb"},"inLanguage":"es","potentialAction":[{"@type":"ReadAction","target":["https:\/\/rgdeportes.com\/index.php\/2025\/06\/02\/esparza-destaco-con-lo-mejor-del-atletismo\/"]}]},{"@type":"BreadcrumbList","@id":"https:\/\/rgdeportes.com\/index.php\/2025\/06\/02\/esparza-destaco-con-lo-mejor-del-atletismo\/#breadcrumb","itemListElement":[{"@type":"ListItem","position":1,"name":"Portada","item":"https:\/\/rgdeportes.com\/"},{"@type":"ListItem","position":2,"name":"Esparza destac\u00f3 con lo mejor del atletismo"}]},{"@type":"WebSite","@id":"https:\/\/rgdeportes.com\/#website","url":"https:\/\/rgdeportes.com\/","name":"RG Deportes\u200e","description":"","publisher":{"@id":"https:\/\/rgdeportes.com\/#organization"},"potentialAction":[{"@type":"SearchAction","target":{"@type":"EntryPoint","urlTemplate":"https:\/\/rgdeportes.com\/?s={search_term_string}"},"query-input":"required name=search_term_string"}],"inLanguage":"es"},{"@type":"Organization","@id":"https:\/\/rgdeportes.com\/#organization","name":"RG Deportes","url":"https:\/\/rgdeportes.com\/","logo":{"@type":"ImageObject","inLanguage":"es","@id":"https:\/\/rgdeportes.com\/#\/schema\/logo\/image\/","url":"https:\/\/rgdeportes.com\/wp-content\/uploads\/2020\/09\/Logo.png","contentUrl":"https:\/\/rgdeportes.com\/wp-content\/uploads\/2020\/09\/Logo.png","width":784,"height":552,"caption":"RG Deportes"},"image":{"@id":"https:\/\/rgdeportes.com\/#\/schema\/logo\/image\/"},"sameAs":["https:\/\/www.facebook.com\/RandallGutierrezDeportes\/","https:\/\/www.instagram.com\/randallgutierrezdeportes\/","https:\/\/www.youtube.com\/channel\/UCX4_qbvtnTwoF5t2zNqBDvA"]},{"@type":"Person","@id":"https:\/\/rgdeportes.com\/#\/schema\/person\/91795323fddb335a4fd017bf0e4b1358","name":"Randall Gutierrez","image":{"@type":"ImageObject","inLanguage":"es","@id":"https:\/\/rgdeportes.com\/#\/schema\/person\/image\/","url":"https:\/\/secure.gravatar.com\/avatar\/d0884ea8b9b50bcfad3c0d20049361b5?s=96&d=mm&r=g","contentUrl":"https:\/\/secure.gravatar.com\/avatar\/d0884ea8b9b50bcfad3c0d20049361b5?s=96&d=mm&r=g","caption":"Randall Gutierrez"},"url":"https:\/\/rgdeportes.com\/index.php\/author\/randall\/"}]}},"_links":{"self":[{"href":"https:\/\/rgdeportes.com\/index.php\/wp-json\/wp\/v2\/posts\/9701","targetHints":{"allow":["GET"]}}],"collection":[{"href":"https:\/\/rgdeportes.com\/index.php\/wp-json\/wp\/v2\/posts"}],"about":[{"href":"https:\/\/rgdeportes.com\/index.php\/wp-json\/wp\/v2\/types\/post"}],"author":[{"embeddable":true,"href":"https:\/\/rgdeportes.com\/index.php\/wp-json\/wp\/v2\/users\/2"}],"replies":[{"embeddable":true,"href":"https:\/\/rgdeportes.com\/index.php\/wp-json\/wp\/v2\/comments?post=9701"}],"version-history":[{"count":1,"href":"https:\/\/rgdeportes.com\/index.php\/wp-json\/wp\/v2\/posts\/9701\/revisions"}],"predecessor-version":[{"id":9703,"href":"https:\/\/rgdeportes.com\/index.php\/wp-json\/wp\/v2\/posts\/9701\/revisions\/9703"}],"wp:featuredmedia":[{"embeddable":true,"href":"https:\/\/rgdeportes.com\/index.php\/wp-json\/wp\/v2\/media\/9702"}],"wp:attachment":[{"href":"https:\/\/rgdeportes.com\/index.php\/wp-json\/wp\/v2\/media?parent=9701"}],"wp:term":[{"taxonomy":"category","embeddable":true,"href":"https:\/\/rgdeportes.com\/index.php\/wp-json\/wp\/v2\/categories?post=9701"},{"taxonomy":"post_tag","embeddable":true,"href":"https:\/\/rgdeportes.com\/index.php\/wp-json\/wp\/v2\/tags?post=9701"}],"curies":[{"name":"wp","href":"https:\/\/api.w.org\/{rel}","templated":true}]}}