{"id":9597,"date":"2025-04-26T19:29:03","date_gmt":"2025-04-26T19:29:03","guid":{"rendered":"https:\/\/rgdeportes.com\/?p=9597"},"modified":"2025-04-26T19:29:04","modified_gmt":"2025-04-26T19:29:04","slug":"volcano-100-con-gran-celebracion-en-el-decimo-aniversario","status":"publish","type":"post","link":"https:\/\/rgdeportes.com\/index.php\/2025\/04\/26\/volcano-100-con-gran-celebracion-en-el-decimo-aniversario\/","title":{"rendered":"Volcano 100 con gran celebraci\u00f3n en el d\u00e9cimo aniversario"},"content":{"rendered":"\n<figure class=\"wp-block-image size-large\"><img loading=\"lazy\" decoding=\"async\" width=\"1024\" height=\"684\" src=\"https:\/\/rgdeportes.com\/wp-content\/uploads\/2025\/04\/CSU0182-1024x684.jpg\" alt=\"\" class=\"wp-image-9598\" srcset=\"https:\/\/rgdeportes.com\/wp-content\/uploads\/2025\/04\/CSU0182-1024x684.jpg 1024w, https:\/\/rgdeportes.com\/wp-content\/uploads\/2025\/04\/CSU0182-300x200.jpg 300w, https:\/\/rgdeportes.com\/wp-content\/uploads\/2025\/04\/CSU0182-768x513.jpg 768w, https:\/\/rgdeportes.com\/wp-content\/uploads\/2025\/04\/CSU0182-1536x1026.jpg 1536w, https:\/\/rgdeportes.com\/wp-content\/uploads\/2025\/04\/CSU0182-2048x1368.jpg 2048w\" sizes=\"auto, (max-width: 1024px) 100vw, 1024px\" \/><\/figure>\n\n\n\n<p>Volcano 100, la carrera de ciclismo de monta\u00f1a m\u00e1s prestigiosa de Costa Rica, celebrar\u00e1 su d\u00e9cima edici\u00f3n el\u00a020 de septiembre de 2025, consolid\u00e1ndose como un referente en el calendario deportivo nacional e internacional.<\/p>\n\n\n\n<p>Para esta ocasi\u00f3n especial, la organizaci\u00f3n prepara novedades, incluyendo cambios en las rutas, sin dejar de pasar por ic\u00f3nicos lugares, y una serie de sorpresas para conmemorar una d\u00e9cada de historia. <\/p>\n\n\n\n<p>Otra de las novedades, es el m\u00e1s kil\u00f3metros, es decir, la carrera tendr\u00e1 tres exigentes distancias:\u00a065 km, 120 km y 100 millas, recorriendo paisajes \u00fanicos de Guanacaste en un evento que combina desaf\u00edo y naturaleza en su m\u00e1xima expresi\u00f3n.<\/p>\n\n\n\n<p>Cada a\u00f1o, Volcano 100 recibe a \u00a02,300 ciclistas\u00a0inscritos y a sus familias, lo que lo hace un reto deportivo de alto nivel, sino que tambi\u00e9n impulsa el desarrollo del ciclismo y dinamiza la econom\u00eda de la regi\u00f3n.\u00a0<\/p>\n\n\n\n<p>La organizaci\u00f3n, tambi\u00e9n se propone que todos sean parte de esta historia, y por eso para esta edici\u00f3n ofrece precios m\u00e1s bajos que a\u00f1os anteriores, adem\u00e1s de la posibilidad de la opci\u00f3n de financiamiento, con tasa cero a plazos de tres y seis meses.<\/p>\n\n\n\n<p>Las inscripciones ya est\u00e1n disponibles y se pueden realizar exclusivamente en l\u00ednea a trav\u00e9s del sitio web oficial:\u00a0volcano100cr.com. Del 7 al 22 de abril, estar\u00e1 disponible una\u00a0preventa exclusiva para clientes AMEX\u00a0con tarifas preferenciales de\u00a0$289 (IVAI) para 100 millas, $259 (IVAI) para 100 km, $199 (IVAI) para 50 km Gold y $129 (IVAI) para 50 km.<br>Del\u00a023 de abril al 20 de julio, la fase\u00a0early bird\u00a0ofrecer\u00e1 precios especiales para tarjetas BAC:\u00a0$299 (IVAI) para 100 millas, $269 (IVAI) para 100 km, $209 (IVAI) para 50 km Gold y $139 (IVAI) para 50 km. A partir del\u00a021 de julio, aplicar\u00e1n los precios regulares hasta el cierre de inscripciones el\u00a020 de agosto, con tarifas de\u00a0$359 (IVAI) para 100 millas, $317 (IVAI) para 100 km, $226 (IVAI) para 50 km Gold y $154 (IVAI) para 50 km.<br>Todos los paquetes de inscripci\u00f3n incluyen bolso, t-shirt, medalla, cronometraje, asistencia mec\u00e1nica, puestos de hidrataci\u00f3n y alimentaci\u00f3n, p\u00f3liza, almuerzo de llegada, regal\u00edas de patrocinadores, n\u00famero de competidor, descuentos especiales y brazalete. Adicionalmente, los paquetes premium ofrecen beneficios exclusivos: el\u00a050 km GOLD\u00a0incluye un jersey\u00a0Castelli Competizione, el\u00a0100 km\u00a0incluye un jersey\u00a0Castelli Competizione\u00a0y un\u00a0backpack, mientras que el\u00a0100 millas\u00a0incorpora adem\u00e1s una\u00a0gorra, medias Huizapol y backpack.<br>La organizaci\u00f3n de Volcano 100 realizar\u00e1 un \u00fanico reconocimiento oficial previo al evento. El\u00a0RECON\u00a0se llevar\u00e1 a cabo el\u00a021 de junio de 2025, con salida a las 6:00 a.m. desde la C\u00e1mara de Ganaderos en Liberia, Guanacaste. Durante esta jornada, los ciclistas podr\u00e1n recorrer las rutas de 50 km y 100 km, lo que les permitir\u00e1 prepararse mejor para el gran desaf\u00edo.<\/p>\n","protected":false},"excerpt":{"rendered":"<p>Volcano 100, la carrera de ciclismo de monta\u00f1a m\u00e1s prestigiosa de Costa Rica, celebrar\u00e1 su d\u00e9cima edici\u00f3n el\u00a020 de septiembre de 2025, consolid\u00e1ndose como un referente en el calendario deportivo&hellip; <\/p>\n","protected":false},"author":2,"featured_media":9598,"comment_status":"closed","ping_status":"closed","sticky":false,"template":"","format":"standard","meta":{"om_disable_all_campaigns":false,"_monsterinsights_skip_tracking":false,"_monsterinsights_sitenote_active":false,"_monsterinsights_sitenote_note":"","_monsterinsights_sitenote_category":0,"footnotes":""},"categories":[11],"tags":[],"class_list":["post-9597","post","type-post","status-publish","format-standard","has-post-thumbnail","hentry","category-de"],"aioseo_notices":[],"yoast_head":"<!-- This site is optimized with the Yoast SEO plugin v21.2 - https:\/\/yoast.com\/wordpress\/plugins\/seo\/ -->\n<title>Volcano 100 con gran celebraci\u00f3n en el d\u00e9cimo aniversario - RG Deportes\u200e<\/title>\n<meta name=\"robots\" content=\"index, follow, max-snippet:-1, max-image-preview:large, max-video-preview:-1\" \/>\n<link rel=\"canonical\" href=\"https:\/\/rgdeportes.com\/index.php\/2025\/04\/26\/volcano-100-con-gran-celebracion-en-el-decimo-aniversario\/\" \/>\n<meta property=\"og:locale\" content=\"es_ES\" \/>\n<meta property=\"og:type\" content=\"article\" \/>\n<meta property=\"og:title\" content=\"Volcano 100 con gran celebraci\u00f3n en el d\u00e9cimo aniversario - RG Deportes\u200e\" \/>\n<meta property=\"og:description\" content=\"Volcano 100, la carrera de ciclismo de monta\u00f1a m\u00e1s prestigiosa de Costa Rica, celebrar\u00e1 su d\u00e9cima edici\u00f3n el\u00a020 de septiembre de 2025, consolid\u00e1ndose como un referente en el calendario deportivo&hellip;\" \/>\n<meta property=\"og:url\" content=\"https:\/\/rgdeportes.com\/index.php\/2025\/04\/26\/volcano-100-con-gran-celebracion-en-el-decimo-aniversario\/\" \/>\n<meta property=\"og:site_name\" content=\"RG Deportes\u200e\" \/>\n<meta property=\"article:publisher\" content=\"https:\/\/www.facebook.com\/RandallGutierrezDeportes\/\" \/>\n<meta property=\"article:published_time\" content=\"2025-04-26T19:29:03+00:00\" \/>\n<meta property=\"article:modified_time\" content=\"2025-04-26T19:29:04+00:00\" \/>\n<meta property=\"og:image\" content=\"http:\/\/rgdeportes.com\/wp-content\/uploads\/2025\/04\/CSU0182-scaled.jpg\" \/>\n\t<meta property=\"og:image:width\" content=\"2560\" \/>\n\t<meta property=\"og:image:height\" content=\"1710\" \/>\n\t<meta property=\"og:image:type\" content=\"image\/jpeg\" \/>\n<meta name=\"author\" content=\"Randall Gutierrez\" \/>\n<meta name=\"twitter:card\" content=\"summary_large_image\" \/>\n<meta name=\"twitter:label1\" content=\"Escrito por\" \/>\n\t<meta name=\"twitter:data1\" content=\"Randall Gutierrez\" \/>\n\t<meta name=\"twitter:label2\" content=\"Tiempo de lectura\" \/>\n\t<meta name=\"twitter:data2\" content=\"3 minutos\" \/>\n<script type=\"application\/ld+json\" class=\"yoast-schema-graph\">{\"@context\":\"https:\/\/schema.org\",\"@graph\":[{\"@type\":\"Article\",\"@id\":\"https:\/\/rgdeportes.com\/index.php\/2025\/04\/26\/volcano-100-con-gran-celebracion-en-el-decimo-aniversario\/#article\",\"isPartOf\":{\"@id\":\"https:\/\/rgdeportes.com\/index.php\/2025\/04\/26\/volcano-100-con-gran-celebracion-en-el-decimo-aniversario\/\"},\"author\":{\"name\":\"Randall Gutierrez\",\"@id\":\"https:\/\/rgdeportes.com\/#\/schema\/person\/91795323fddb335a4fd017bf0e4b1358\"},\"headline\":\"Volcano 100 con gran celebraci\u00f3n en el d\u00e9cimo aniversario\",\"datePublished\":\"2025-04-26T19:29:03+00:00\",\"dateModified\":\"2025-04-26T19:29:04+00:00\",\"mainEntityOfPage\":{\"@id\":\"https:\/\/rgdeportes.com\/index.php\/2025\/04\/26\/volcano-100-con-gran-celebracion-en-el-decimo-aniversario\/\"},\"wordCount\":472,\"publisher\":{\"@id\":\"https:\/\/rgdeportes.com\/#organization\"},\"articleSection\":[\"Deporte\"],\"inLanguage\":\"es\"},{\"@type\":\"WebPage\",\"@id\":\"https:\/\/rgdeportes.com\/index.php\/2025\/04\/26\/volcano-100-con-gran-celebracion-en-el-decimo-aniversario\/\",\"url\":\"https:\/\/rgdeportes.com\/index.php\/2025\/04\/26\/volcano-100-con-gran-celebracion-en-el-decimo-aniversario\/\",\"name\":\"Volcano 100 con gran celebraci\u00f3n en el d\u00e9cimo aniversario - RG Deportes\u200e\",\"isPartOf\":{\"@id\":\"https:\/\/rgdeportes.com\/#website\"},\"datePublished\":\"2025-04-26T19:29:03+00:00\",\"dateModified\":\"2025-04-26T19:29:04+00:00\",\"breadcrumb\":{\"@id\":\"https:\/\/rgdeportes.com\/index.php\/2025\/04\/26\/volcano-100-con-gran-celebracion-en-el-decimo-aniversario\/#breadcrumb\"},\"inLanguage\":\"es\",\"potentialAction\":[{\"@type\":\"ReadAction\",\"target\":[\"https:\/\/rgdeportes.com\/index.php\/2025\/04\/26\/volcano-100-con-gran-celebracion-en-el-decimo-aniversario\/\"]}]},{\"@type\":\"BreadcrumbList\",\"@id\":\"https:\/\/rgdeportes.com\/index.php\/2025\/04\/26\/volcano-100-con-gran-celebracion-en-el-decimo-aniversario\/#breadcrumb\",\"itemListElement\":[{\"@type\":\"ListItem\",\"position\":1,\"name\":\"Portada\",\"item\":\"https:\/\/rgdeportes.com\/\"},{\"@type\":\"ListItem\",\"position\":2,\"name\":\"Volcano 100 con gran celebraci\u00f3n en el d\u00e9cimo aniversario\"}]},{\"@type\":\"WebSite\",\"@id\":\"https:\/\/rgdeportes.com\/#website\",\"url\":\"https:\/\/rgdeportes.com\/\",\"name\":\"RG Deportes\u200e\",\"description\":\"\",\"publisher\":{\"@id\":\"https:\/\/rgdeportes.com\/#organization\"},\"potentialAction\":[{\"@type\":\"SearchAction\",\"target\":{\"@type\":\"EntryPoint\",\"urlTemplate\":\"https:\/\/rgdeportes.com\/?s={search_term_string}\"},\"query-input\":\"required name=search_term_string\"}],\"inLanguage\":\"es\"},{\"@type\":\"Organization\",\"@id\":\"https:\/\/rgdeportes.com\/#organization\",\"name\":\"RG Deportes\",\"url\":\"https:\/\/rgdeportes.com\/\",\"logo\":{\"@type\":\"ImageObject\",\"inLanguage\":\"es\",\"@id\":\"https:\/\/rgdeportes.com\/#\/schema\/logo\/image\/\",\"url\":\"https:\/\/rgdeportes.com\/wp-content\/uploads\/2020\/09\/Logo.png\",\"contentUrl\":\"https:\/\/rgdeportes.com\/wp-content\/uploads\/2020\/09\/Logo.png\",\"width\":784,\"height\":552,\"caption\":\"RG Deportes\"},\"image\":{\"@id\":\"https:\/\/rgdeportes.com\/#\/schema\/logo\/image\/\"},\"sameAs\":[\"https:\/\/www.facebook.com\/RandallGutierrezDeportes\/\",\"https:\/\/www.instagram.com\/randallgutierrezdeportes\/\",\"https:\/\/www.youtube.com\/channel\/UCX4_qbvtnTwoF5t2zNqBDvA\"]},{\"@type\":\"Person\",\"@id\":\"https:\/\/rgdeportes.com\/#\/schema\/person\/91795323fddb335a4fd017bf0e4b1358\",\"name\":\"Randall Gutierrez\",\"image\":{\"@type\":\"ImageObject\",\"inLanguage\":\"es\",\"@id\":\"https:\/\/rgdeportes.com\/#\/schema\/person\/image\/\",\"url\":\"https:\/\/secure.gravatar.com\/avatar\/d0884ea8b9b50bcfad3c0d20049361b5?s=96&d=mm&r=g\",\"contentUrl\":\"https:\/\/secure.gravatar.com\/avatar\/d0884ea8b9b50bcfad3c0d20049361b5?s=96&d=mm&r=g\",\"caption\":\"Randall Gutierrez\"},\"url\":\"https:\/\/rgdeportes.com\/index.php\/author\/randall\/\"}]}<\/script>\n<!-- \/ Yoast SEO plugin. -->","yoast_head_json":{"title":"Volcano 100 con gran celebraci\u00f3n en el d\u00e9cimo aniversario - RG Deportes\u200e","robots":{"index":"index","follow":"follow","max-snippet":"max-snippet:-1","max-image-preview":"max-image-preview:large","max-video-preview":"max-video-preview:-1"},"canonical":"https:\/\/rgdeportes.com\/index.php\/2025\/04\/26\/volcano-100-con-gran-celebracion-en-el-decimo-aniversario\/","og_locale":"es_ES","og_type":"article","og_title":"Volcano 100 con gran celebraci\u00f3n en el d\u00e9cimo aniversario - RG Deportes\u200e","og_description":"Volcano 100, la carrera de ciclismo de monta\u00f1a m\u00e1s prestigiosa de Costa Rica, celebrar\u00e1 su d\u00e9cima edici\u00f3n el\u00a020 de septiembre de 2025, consolid\u00e1ndose como un referente en el calendario deportivo&hellip;","og_url":"https:\/\/rgdeportes.com\/index.php\/2025\/04\/26\/volcano-100-con-gran-celebracion-en-el-decimo-aniversario\/","og_site_name":"RG Deportes\u200e","article_publisher":"https:\/\/www.facebook.com\/RandallGutierrezDeportes\/","article_published_time":"2025-04-26T19:29:03+00:00","article_modified_time":"2025-04-26T19:29:04+00:00","og_image":[{"width":2560,"height":1710,"url":"http:\/\/rgdeportes.com\/wp-content\/uploads\/2025\/04\/CSU0182-scaled.jpg","type":"image\/jpeg"}],"author":"Randall Gutierrez","twitter_card":"summary_large_image","twitter_misc":{"Escrito por":"Randall Gutierrez","Tiempo de lectura":"3 minutos"},"schema":{"@context":"https:\/\/schema.org","@graph":[{"@type":"Article","@id":"https:\/\/rgdeportes.com\/index.php\/2025\/04\/26\/volcano-100-con-gran-celebracion-en-el-decimo-aniversario\/#article","isPartOf":{"@id":"https:\/\/rgdeportes.com\/index.php\/2025\/04\/26\/volcano-100-con-gran-celebracion-en-el-decimo-aniversario\/"},"author":{"name":"Randall Gutierrez","@id":"https:\/\/rgdeportes.com\/#\/schema\/person\/91795323fddb335a4fd017bf0e4b1358"},"headline":"Volcano 100 con gran celebraci\u00f3n en el d\u00e9cimo aniversario","datePublished":"2025-04-26T19:29:03+00:00","dateModified":"2025-04-26T19:29:04+00:00","mainEntityOfPage":{"@id":"https:\/\/rgdeportes.com\/index.php\/2025\/04\/26\/volcano-100-con-gran-celebracion-en-el-decimo-aniversario\/"},"wordCount":472,"publisher":{"@id":"https:\/\/rgdeportes.com\/#organization"},"articleSection":["Deporte"],"inLanguage":"es"},{"@type":"WebPage","@id":"https:\/\/rgdeportes.com\/index.php\/2025\/04\/26\/volcano-100-con-gran-celebracion-en-el-decimo-aniversario\/","url":"https:\/\/rgdeportes.com\/index.php\/2025\/04\/26\/volcano-100-con-gran-celebracion-en-el-decimo-aniversario\/","name":"Volcano 100 con gran celebraci\u00f3n en el d\u00e9cimo aniversario - RG Deportes\u200e","isPartOf":{"@id":"https:\/\/rgdeportes.com\/#website"},"datePublished":"2025-04-26T19:29:03+00:00","dateModified":"2025-04-26T19:29:04+00:00","breadcrumb":{"@id":"https:\/\/rgdeportes.com\/index.php\/2025\/04\/26\/volcano-100-con-gran-celebracion-en-el-decimo-aniversario\/#breadcrumb"},"inLanguage":"es","potentialAction":[{"@type":"ReadAction","target":["https:\/\/rgdeportes.com\/index.php\/2025\/04\/26\/volcano-100-con-gran-celebracion-en-el-decimo-aniversario\/"]}]},{"@type":"BreadcrumbList","@id":"https:\/\/rgdeportes.com\/index.php\/2025\/04\/26\/volcano-100-con-gran-celebracion-en-el-decimo-aniversario\/#breadcrumb","itemListElement":[{"@type":"ListItem","position":1,"name":"Portada","item":"https:\/\/rgdeportes.com\/"},{"@type":"ListItem","position":2,"name":"Volcano 100 con gran celebraci\u00f3n en el d\u00e9cimo aniversario"}]},{"@type":"WebSite","@id":"https:\/\/rgdeportes.com\/#website","url":"https:\/\/rgdeportes.com\/","name":"RG Deportes\u200e","description":"","publisher":{"@id":"https:\/\/rgdeportes.com\/#organization"},"potentialAction":[{"@type":"SearchAction","target":{"@type":"EntryPoint","urlTemplate":"https:\/\/rgdeportes.com\/?s={search_term_string}"},"query-input":"required name=search_term_string"}],"inLanguage":"es"},{"@type":"Organization","@id":"https:\/\/rgdeportes.com\/#organization","name":"RG Deportes","url":"https:\/\/rgdeportes.com\/","logo":{"@type":"ImageObject","inLanguage":"es","@id":"https:\/\/rgdeportes.com\/#\/schema\/logo\/image\/","url":"https:\/\/rgdeportes.com\/wp-content\/uploads\/2020\/09\/Logo.png","contentUrl":"https:\/\/rgdeportes.com\/wp-content\/uploads\/2020\/09\/Logo.png","width":784,"height":552,"caption":"RG Deportes"},"image":{"@id":"https:\/\/rgdeportes.com\/#\/schema\/logo\/image\/"},"sameAs":["https:\/\/www.facebook.com\/RandallGutierrezDeportes\/","https:\/\/www.instagram.com\/randallgutierrezdeportes\/","https:\/\/www.youtube.com\/channel\/UCX4_qbvtnTwoF5t2zNqBDvA"]},{"@type":"Person","@id":"https:\/\/rgdeportes.com\/#\/schema\/person\/91795323fddb335a4fd017bf0e4b1358","name":"Randall Gutierrez","image":{"@type":"ImageObject","inLanguage":"es","@id":"https:\/\/rgdeportes.com\/#\/schema\/person\/image\/","url":"https:\/\/secure.gravatar.com\/avatar\/d0884ea8b9b50bcfad3c0d20049361b5?s=96&d=mm&r=g","contentUrl":"https:\/\/secure.gravatar.com\/avatar\/d0884ea8b9b50bcfad3c0d20049361b5?s=96&d=mm&r=g","caption":"Randall Gutierrez"},"url":"https:\/\/rgdeportes.com\/index.php\/author\/randall\/"}]}},"_links":{"self":[{"href":"https:\/\/rgdeportes.com\/index.php\/wp-json\/wp\/v2\/posts\/9597","targetHints":{"allow":["GET"]}}],"collection":[{"href":"https:\/\/rgdeportes.com\/index.php\/wp-json\/wp\/v2\/posts"}],"about":[{"href":"https:\/\/rgdeportes.com\/index.php\/wp-json\/wp\/v2\/types\/post"}],"author":[{"embeddable":true,"href":"https:\/\/rgdeportes.com\/index.php\/wp-json\/wp\/v2\/users\/2"}],"replies":[{"embeddable":true,"href":"https:\/\/rgdeportes.com\/index.php\/wp-json\/wp\/v2\/comments?post=9597"}],"version-history":[{"count":1,"href":"https:\/\/rgdeportes.com\/index.php\/wp-json\/wp\/v2\/posts\/9597\/revisions"}],"predecessor-version":[{"id":9599,"href":"https:\/\/rgdeportes.com\/index.php\/wp-json\/wp\/v2\/posts\/9597\/revisions\/9599"}],"wp:featuredmedia":[{"embeddable":true,"href":"https:\/\/rgdeportes.com\/index.php\/wp-json\/wp\/v2\/media\/9598"}],"wp:attachment":[{"href":"https:\/\/rgdeportes.com\/index.php\/wp-json\/wp\/v2\/media?parent=9597"}],"wp:term":[{"taxonomy":"category","embeddable":true,"href":"https:\/\/rgdeportes.com\/index.php\/wp-json\/wp\/v2\/categories?post=9597"},{"taxonomy":"post_tag","embeddable":true,"href":"https:\/\/rgdeportes.com\/index.php\/wp-json\/wp\/v2\/tags?post=9597"}],"curies":[{"name":"wp","href":"https:\/\/api.w.org\/{rel}","templated":true}]}}