{"id":9588,"date":"2025-04-16T16:06:31","date_gmt":"2025-04-16T16:06:31","guid":{"rendered":"https:\/\/rgdeportes.com\/?p=9588"},"modified":"2025-04-16T16:06:32","modified_gmt":"2025-04-16T16:06:32","slug":"que-dijo-lionel-moreira-de-mariano-torres","status":"publish","type":"post","link":"https:\/\/rgdeportes.com\/index.php\/2025\/04\/16\/que-dijo-lionel-moreira-de-mariano-torres\/","title":{"rendered":"\u00bfQu\u00e9 dijo Lionel Moreira de Mariano Torres?"},"content":{"rendered":"<div class=\"wp-block-image\">\n<figure class=\"aligncenter size-large\"><img loading=\"lazy\" decoding=\"async\" width=\"768\" height=\"1024\" src=\"https:\/\/rgdeportes.com\/wp-content\/uploads\/2025\/04\/image-2-768x1024.png\" alt=\"\" class=\"wp-image-9589\" srcset=\"https:\/\/rgdeportes.com\/wp-content\/uploads\/2025\/04\/image-2-768x1024.png 768w, https:\/\/rgdeportes.com\/wp-content\/uploads\/2025\/04\/image-2-225x300.png 225w, https:\/\/rgdeportes.com\/wp-content\/uploads\/2025\/04\/image-2.png 1080w\" sizes=\"auto, (max-width: 768px) 100vw, 768px\" \/><\/figure><\/div>\n\n\n<p>Luego de la<strong> victoria del Saprissa ante Puntarenas<\/strong> se dio una curiosa imagen en zona mixta donde se juntaron para la entrevista dos de los protagonistas del juego. El <strong>periodista Gustavo L\u00f3pez<\/strong> de TigoSports converso con Torres y Moreira luego del espect\u00e1culo en el verde de ambos jugadores.<\/p>\n\n\n\n<p>Tanto <strong>el argentino como el meta chuchequero<\/strong> elogiaron las virtudes de su rival y lo dif\u00edcil del partido en terreno porte\u00f1o.<\/p>\n\n\n\n<p><strong>\u201cHay que saber contra quien se enfrenta, tambi\u00e9n me pusieron all\u00ed a Kendall all\u00ed adelante, ya vi la bola tarde, hay que reconocer que los tres goles fueron tres golazos, pero tambi\u00e9n hay que reconocer la calidad que tiene\u201d, destac\u00f3 el arquero Moreira.<\/strong><\/p>\n\n\n\n<p>Por su parte el volante argentino manifest\u00f3 el <strong>descuido del ex arquero de Alajuelense<\/strong>, pero tambi\u00e9n rescat\u00f3 sus virtudes y su buen momento con el equipo naranja.<\/p>\n\n\n\n<p><strong>\u201cLo que te dec\u00eda nos conocemos nos enfrentamos muchas veces, \u00e9l tiene que cuidar su palo, es un gran arquero, pero en verdad felicito el trabajo que est\u00e1 haciendo\u201d, finaliz\u00f3 el futbolista argentino.<\/strong><\/p>\n\n\n\n<figure class=\"wp-block-embed aligncenter is-type-rich is-provider-twitter wp-block-embed-twitter\"><div class=\"wp-block-embed__wrapper\">\n<blockquote class=\"twitter-tweet\" data-width=\"550\" data-dnt=\"true\"><p lang=\"es\" dir=\"ltr\">&#39;&#39;No lo vi&#39;&#39;, Moreira tras el gol de tiro libre de Mariano Torres <a href=\"https:\/\/t.co\/gDGj6DWaQ9\">pic.twitter.com\/gDGj6DWaQ9<\/a><\/p>&mdash; Tigo Sports Costa Rica (@tigosports_cr) <a href=\"https:\/\/twitter.com\/tigosports_cr\/status\/1912362115807039935?ref_src=twsrc%5Etfw\">April 16, 2025<\/a><\/blockquote><script async src=\"https:\/\/platform.twitter.com\/widgets.js\" charset=\"utf-8\"><\/script>\n<\/div><\/figure>\n","protected":false},"excerpt":{"rendered":"<p>Luego de la victoria del Saprissa ante Puntarenas se dio una curiosa imagen en zona mixta donde se juntaron para la entrevista dos de los protagonistas del juego. El periodista&hellip; <\/p>\n","protected":false},"author":4,"featured_media":9589,"comment_status":"closed","ping_status":"closed","sticky":false,"template":"","format":"standard","meta":{"om_disable_all_campaigns":false,"_monsterinsights_skip_tracking":false,"_monsterinsights_sitenote_active":false,"_monsterinsights_sitenote_note":"","_monsterinsights_sitenote_category":0,"footnotes":""},"categories":[11,5],"tags":[3033,3031],"class_list":["post-9588","post","type-post","status-publish","format-standard","has-post-thumbnail","hentry","category-de","category-ft","tag-destacados","tag-rgdeportes"],"aioseo_notices":[],"yoast_head":"<!-- This site is optimized with the Yoast SEO plugin v21.2 - https:\/\/yoast.com\/wordpress\/plugins\/seo\/ -->\n<title>\u00bfQu\u00e9 dijo Lionel Moreira de Mariano Torres? - RG Deportes\u200e<\/title>\n<meta name=\"robots\" content=\"index, follow, max-snippet:-1, max-image-preview:large, max-video-preview:-1\" \/>\n<link rel=\"canonical\" href=\"https:\/\/rgdeportes.com\/index.php\/2025\/04\/16\/que-dijo-lionel-moreira-de-mariano-torres\/\" \/>\n<meta property=\"og:locale\" content=\"es_ES\" \/>\n<meta property=\"og:type\" content=\"article\" \/>\n<meta property=\"og:title\" content=\"\u00bfQu\u00e9 dijo Lionel Moreira de Mariano Torres? - RG Deportes\u200e\" \/>\n<meta property=\"og:description\" content=\"Luego de la victoria del Saprissa ante Puntarenas se dio una curiosa imagen en zona mixta donde se juntaron para la entrevista dos de los protagonistas del juego. El periodista&hellip;\" \/>\n<meta property=\"og:url\" content=\"https:\/\/rgdeportes.com\/index.php\/2025\/04\/16\/que-dijo-lionel-moreira-de-mariano-torres\/\" \/>\n<meta property=\"og:site_name\" content=\"RG Deportes\u200e\" \/>\n<meta property=\"article:publisher\" content=\"https:\/\/www.facebook.com\/RandallGutierrezDeportes\/\" \/>\n<meta property=\"article:published_time\" content=\"2025-04-16T16:06:31+00:00\" \/>\n<meta property=\"article:modified_time\" content=\"2025-04-16T16:06:32+00:00\" \/>\n<meta property=\"og:image\" content=\"http:\/\/rgdeportes.com\/wp-content\/uploads\/2025\/04\/image-2-768x1024.png\" \/>\n\t<meta property=\"og:image:width\" content=\"768\" \/>\n\t<meta property=\"og:image:height\" content=\"1024\" \/>\n\t<meta property=\"og:image:type\" content=\"image\/png\" \/>\n<meta name=\"author\" content=\"\u00c1lvaro Rodr\u00edguez\" \/>\n<meta name=\"twitter:card\" content=\"summary_large_image\" \/>\n<meta name=\"twitter:label1\" content=\"Escrito por\" \/>\n\t<meta name=\"twitter:data1\" content=\"\u00c1lvaro Rodr\u00edguez\" \/>\n\t<meta name=\"twitter:label2\" content=\"Tiempo de lectura\" \/>\n\t<meta name=\"twitter:data2\" content=\"1 minuto\" \/>\n<script type=\"application\/ld+json\" class=\"yoast-schema-graph\">{\"@context\":\"https:\/\/schema.org\",\"@graph\":[{\"@type\":\"Article\",\"@id\":\"https:\/\/rgdeportes.com\/index.php\/2025\/04\/16\/que-dijo-lionel-moreira-de-mariano-torres\/#article\",\"isPartOf\":{\"@id\":\"https:\/\/rgdeportes.com\/index.php\/2025\/04\/16\/que-dijo-lionel-moreira-de-mariano-torres\/\"},\"author\":{\"name\":\"\u00c1lvaro Rodr\u00edguez\",\"@id\":\"https:\/\/rgdeportes.com\/#\/schema\/person\/22baed8a6fd19167e537963f85575550\"},\"headline\":\"\u00bfQu\u00e9 dijo Lionel Moreira de Mariano Torres?\",\"datePublished\":\"2025-04-16T16:06:31+00:00\",\"dateModified\":\"2025-04-16T16:06:32+00:00\",\"mainEntityOfPage\":{\"@id\":\"https:\/\/rgdeportes.com\/index.php\/2025\/04\/16\/que-dijo-lionel-moreira-de-mariano-torres\/\"},\"wordCount\":193,\"publisher\":{\"@id\":\"https:\/\/rgdeportes.com\/#organization\"},\"keywords\":[\"#Destacados\",\"#RGDeportes\"],\"articleSection\":[\"Deporte\",\"F\u00fatbol\"],\"inLanguage\":\"es\"},{\"@type\":\"WebPage\",\"@id\":\"https:\/\/rgdeportes.com\/index.php\/2025\/04\/16\/que-dijo-lionel-moreira-de-mariano-torres\/\",\"url\":\"https:\/\/rgdeportes.com\/index.php\/2025\/04\/16\/que-dijo-lionel-moreira-de-mariano-torres\/\",\"name\":\"\u00bfQu\u00e9 dijo Lionel Moreira de Mariano Torres? - RG Deportes\u200e\",\"isPartOf\":{\"@id\":\"https:\/\/rgdeportes.com\/#website\"},\"datePublished\":\"2025-04-16T16:06:31+00:00\",\"dateModified\":\"2025-04-16T16:06:32+00:00\",\"breadcrumb\":{\"@id\":\"https:\/\/rgdeportes.com\/index.php\/2025\/04\/16\/que-dijo-lionel-moreira-de-mariano-torres\/#breadcrumb\"},\"inLanguage\":\"es\",\"potentialAction\":[{\"@type\":\"ReadAction\",\"target\":[\"https:\/\/rgdeportes.com\/index.php\/2025\/04\/16\/que-dijo-lionel-moreira-de-mariano-torres\/\"]}]},{\"@type\":\"BreadcrumbList\",\"@id\":\"https:\/\/rgdeportes.com\/index.php\/2025\/04\/16\/que-dijo-lionel-moreira-de-mariano-torres\/#breadcrumb\",\"itemListElement\":[{\"@type\":\"ListItem\",\"position\":1,\"name\":\"Portada\",\"item\":\"https:\/\/rgdeportes.com\/\"},{\"@type\":\"ListItem\",\"position\":2,\"name\":\"\u00bfQu\u00e9 dijo Lionel Moreira de Mariano Torres?\"}]},{\"@type\":\"WebSite\",\"@id\":\"https:\/\/rgdeportes.com\/#website\",\"url\":\"https:\/\/rgdeportes.com\/\",\"name\":\"RG Deportes\u200e\",\"description\":\"\",\"publisher\":{\"@id\":\"https:\/\/rgdeportes.com\/#organization\"},\"potentialAction\":[{\"@type\":\"SearchAction\",\"target\":{\"@type\":\"EntryPoint\",\"urlTemplate\":\"https:\/\/rgdeportes.com\/?s={search_term_string}\"},\"query-input\":\"required name=search_term_string\"}],\"inLanguage\":\"es\"},{\"@type\":\"Organization\",\"@id\":\"https:\/\/rgdeportes.com\/#organization\",\"name\":\"RG Deportes\",\"url\":\"https:\/\/rgdeportes.com\/\",\"logo\":{\"@type\":\"ImageObject\",\"inLanguage\":\"es\",\"@id\":\"https:\/\/rgdeportes.com\/#\/schema\/logo\/image\/\",\"url\":\"https:\/\/rgdeportes.com\/wp-content\/uploads\/2020\/09\/Logo.png\",\"contentUrl\":\"https:\/\/rgdeportes.com\/wp-content\/uploads\/2020\/09\/Logo.png\",\"width\":784,\"height\":552,\"caption\":\"RG Deportes\"},\"image\":{\"@id\":\"https:\/\/rgdeportes.com\/#\/schema\/logo\/image\/\"},\"sameAs\":[\"https:\/\/www.facebook.com\/RandallGutierrezDeportes\/\",\"https:\/\/www.instagram.com\/randallgutierrezdeportes\/\",\"https:\/\/www.youtube.com\/channel\/UCX4_qbvtnTwoF5t2zNqBDvA\"]},{\"@type\":\"Person\",\"@id\":\"https:\/\/rgdeportes.com\/#\/schema\/person\/22baed8a6fd19167e537963f85575550\",\"name\":\"\u00c1lvaro Rodr\u00edguez\",\"image\":{\"@type\":\"ImageObject\",\"inLanguage\":\"es\",\"@id\":\"https:\/\/rgdeportes.com\/#\/schema\/person\/image\/\",\"url\":\"https:\/\/secure.gravatar.com\/avatar\/b4dcc01bbec28f294af5f64a905a0a53?s=96&d=mm&r=g\",\"contentUrl\":\"https:\/\/secure.gravatar.com\/avatar\/b4dcc01bbec28f294af5f64a905a0a53?s=96&d=mm&r=g\",\"caption\":\"\u00c1lvaro Rodr\u00edguez\"},\"url\":\"https:\/\/rgdeportes.com\/index.php\/author\/arodriguez\/\"}]}<\/script>\n<!-- \/ Yoast SEO plugin. -->","yoast_head_json":{"title":"\u00bfQu\u00e9 dijo Lionel Moreira de Mariano Torres? - RG Deportes\u200e","robots":{"index":"index","follow":"follow","max-snippet":"max-snippet:-1","max-image-preview":"max-image-preview:large","max-video-preview":"max-video-preview:-1"},"canonical":"https:\/\/rgdeportes.com\/index.php\/2025\/04\/16\/que-dijo-lionel-moreira-de-mariano-torres\/","og_locale":"es_ES","og_type":"article","og_title":"\u00bfQu\u00e9 dijo Lionel Moreira de Mariano Torres? - RG Deportes\u200e","og_description":"Luego de la victoria del Saprissa ante Puntarenas se dio una curiosa imagen en zona mixta donde se juntaron para la entrevista dos de los protagonistas del juego. El periodista&hellip;","og_url":"https:\/\/rgdeportes.com\/index.php\/2025\/04\/16\/que-dijo-lionel-moreira-de-mariano-torres\/","og_site_name":"RG Deportes\u200e","article_publisher":"https:\/\/www.facebook.com\/RandallGutierrezDeportes\/","article_published_time":"2025-04-16T16:06:31+00:00","article_modified_time":"2025-04-16T16:06:32+00:00","og_image":[{"width":768,"height":1024,"url":"http:\/\/rgdeportes.com\/wp-content\/uploads\/2025\/04\/image-2-768x1024.png","type":"image\/png"}],"author":"\u00c1lvaro Rodr\u00edguez","twitter_card":"summary_large_image","twitter_misc":{"Escrito por":"\u00c1lvaro Rodr\u00edguez","Tiempo de lectura":"1 minuto"},"schema":{"@context":"https:\/\/schema.org","@graph":[{"@type":"Article","@id":"https:\/\/rgdeportes.com\/index.php\/2025\/04\/16\/que-dijo-lionel-moreira-de-mariano-torres\/#article","isPartOf":{"@id":"https:\/\/rgdeportes.com\/index.php\/2025\/04\/16\/que-dijo-lionel-moreira-de-mariano-torres\/"},"author":{"name":"\u00c1lvaro Rodr\u00edguez","@id":"https:\/\/rgdeportes.com\/#\/schema\/person\/22baed8a6fd19167e537963f85575550"},"headline":"\u00bfQu\u00e9 dijo Lionel Moreira de Mariano Torres?","datePublished":"2025-04-16T16:06:31+00:00","dateModified":"2025-04-16T16:06:32+00:00","mainEntityOfPage":{"@id":"https:\/\/rgdeportes.com\/index.php\/2025\/04\/16\/que-dijo-lionel-moreira-de-mariano-torres\/"},"wordCount":193,"publisher":{"@id":"https:\/\/rgdeportes.com\/#organization"},"keywords":["#Destacados","#RGDeportes"],"articleSection":["Deporte","F\u00fatbol"],"inLanguage":"es"},{"@type":"WebPage","@id":"https:\/\/rgdeportes.com\/index.php\/2025\/04\/16\/que-dijo-lionel-moreira-de-mariano-torres\/","url":"https:\/\/rgdeportes.com\/index.php\/2025\/04\/16\/que-dijo-lionel-moreira-de-mariano-torres\/","name":"\u00bfQu\u00e9 dijo Lionel Moreira de Mariano Torres? - RG Deportes\u200e","isPartOf":{"@id":"https:\/\/rgdeportes.com\/#website"},"datePublished":"2025-04-16T16:06:31+00:00","dateModified":"2025-04-16T16:06:32+00:00","breadcrumb":{"@id":"https:\/\/rgdeportes.com\/index.php\/2025\/04\/16\/que-dijo-lionel-moreira-de-mariano-torres\/#breadcrumb"},"inLanguage":"es","potentialAction":[{"@type":"ReadAction","target":["https:\/\/rgdeportes.com\/index.php\/2025\/04\/16\/que-dijo-lionel-moreira-de-mariano-torres\/"]}]},{"@type":"BreadcrumbList","@id":"https:\/\/rgdeportes.com\/index.php\/2025\/04\/16\/que-dijo-lionel-moreira-de-mariano-torres\/#breadcrumb","itemListElement":[{"@type":"ListItem","position":1,"name":"Portada","item":"https:\/\/rgdeportes.com\/"},{"@type":"ListItem","position":2,"name":"\u00bfQu\u00e9 dijo Lionel Moreira de Mariano Torres?"}]},{"@type":"WebSite","@id":"https:\/\/rgdeportes.com\/#website","url":"https:\/\/rgdeportes.com\/","name":"RG Deportes\u200e","description":"","publisher":{"@id":"https:\/\/rgdeportes.com\/#organization"},"potentialAction":[{"@type":"SearchAction","target":{"@type":"EntryPoint","urlTemplate":"https:\/\/rgdeportes.com\/?s={search_term_string}"},"query-input":"required name=search_term_string"}],"inLanguage":"es"},{"@type":"Organization","@id":"https:\/\/rgdeportes.com\/#organization","name":"RG Deportes","url":"https:\/\/rgdeportes.com\/","logo":{"@type":"ImageObject","inLanguage":"es","@id":"https:\/\/rgdeportes.com\/#\/schema\/logo\/image\/","url":"https:\/\/rgdeportes.com\/wp-content\/uploads\/2020\/09\/Logo.png","contentUrl":"https:\/\/rgdeportes.com\/wp-content\/uploads\/2020\/09\/Logo.png","width":784,"height":552,"caption":"RG Deportes"},"image":{"@id":"https:\/\/rgdeportes.com\/#\/schema\/logo\/image\/"},"sameAs":["https:\/\/www.facebook.com\/RandallGutierrezDeportes\/","https:\/\/www.instagram.com\/randallgutierrezdeportes\/","https:\/\/www.youtube.com\/channel\/UCX4_qbvtnTwoF5t2zNqBDvA"]},{"@type":"Person","@id":"https:\/\/rgdeportes.com\/#\/schema\/person\/22baed8a6fd19167e537963f85575550","name":"\u00c1lvaro Rodr\u00edguez","image":{"@type":"ImageObject","inLanguage":"es","@id":"https:\/\/rgdeportes.com\/#\/schema\/person\/image\/","url":"https:\/\/secure.gravatar.com\/avatar\/b4dcc01bbec28f294af5f64a905a0a53?s=96&d=mm&r=g","contentUrl":"https:\/\/secure.gravatar.com\/avatar\/b4dcc01bbec28f294af5f64a905a0a53?s=96&d=mm&r=g","caption":"\u00c1lvaro Rodr\u00edguez"},"url":"https:\/\/rgdeportes.com\/index.php\/author\/arodriguez\/"}]}},"_links":{"self":[{"href":"https:\/\/rgdeportes.com\/index.php\/wp-json\/wp\/v2\/posts\/9588","targetHints":{"allow":["GET"]}}],"collection":[{"href":"https:\/\/rgdeportes.com\/index.php\/wp-json\/wp\/v2\/posts"}],"about":[{"href":"https:\/\/rgdeportes.com\/index.php\/wp-json\/wp\/v2\/types\/post"}],"author":[{"embeddable":true,"href":"https:\/\/rgdeportes.com\/index.php\/wp-json\/wp\/v2\/users\/4"}],"replies":[{"embeddable":true,"href":"https:\/\/rgdeportes.com\/index.php\/wp-json\/wp\/v2\/comments?post=9588"}],"version-history":[{"count":1,"href":"https:\/\/rgdeportes.com\/index.php\/wp-json\/wp\/v2\/posts\/9588\/revisions"}],"predecessor-version":[{"id":9590,"href":"https:\/\/rgdeportes.com\/index.php\/wp-json\/wp\/v2\/posts\/9588\/revisions\/9590"}],"wp:featuredmedia":[{"embeddable":true,"href":"https:\/\/rgdeportes.com\/index.php\/wp-json\/wp\/v2\/media\/9589"}],"wp:attachment":[{"href":"https:\/\/rgdeportes.com\/index.php\/wp-json\/wp\/v2\/media?parent=9588"}],"wp:term":[{"taxonomy":"category","embeddable":true,"href":"https:\/\/rgdeportes.com\/index.php\/wp-json\/wp\/v2\/categories?post=9588"},{"taxonomy":"post_tag","embeddable":true,"href":"https:\/\/rgdeportes.com\/index.php\/wp-json\/wp\/v2\/tags?post=9588"}],"curies":[{"name":"wp","href":"https:\/\/api.w.org\/{rel}","templated":true}]}}