{"id":9554,"date":"2025-04-08T15:05:53","date_gmt":"2025-04-08T15:05:53","guid":{"rendered":"https:\/\/rgdeportes.com\/?p=9554"},"modified":"2025-04-08T15:05:56","modified_gmt":"2025-04-08T15:05:56","slug":"tenimesistas-ticos-logran-medallas-en-el-campeonato-centroamericano-mayor","status":"publish","type":"post","link":"https:\/\/rgdeportes.com\/index.php\/2025\/04\/08\/tenimesistas-ticos-logran-medallas-en-el-campeonato-centroamericano-mayor\/","title":{"rendered":"Tenimesistas ticos logran medallas en el Campeonato Centroamericano Mayor"},"content":{"rendered":"\n<figure class=\"wp-block-image size-large\"><img loading=\"lazy\" decoding=\"async\" width=\"1024\" height=\"682\" src=\"https:\/\/rgdeportes.com\/wp-content\/uploads\/2025\/04\/IMG-20250407-WA0083-1024x682.jpg\" alt=\"\" class=\"wp-image-9555\" srcset=\"https:\/\/rgdeportes.com\/wp-content\/uploads\/2025\/04\/IMG-20250407-WA0083-1024x682.jpg 1024w, https:\/\/rgdeportes.com\/wp-content\/uploads\/2025\/04\/IMG-20250407-WA0083-300x200.jpg 300w, https:\/\/rgdeportes.com\/wp-content\/uploads\/2025\/04\/IMG-20250407-WA0083-768x512.jpg 768w, https:\/\/rgdeportes.com\/wp-content\/uploads\/2025\/04\/IMG-20250407-WA0083-1536x1023.jpg 1536w, https:\/\/rgdeportes.com\/wp-content\/uploads\/2025\/04\/IMG-20250407-WA0083.jpg 1600w\" sizes=\"auto, (max-width: 1024px) 100vw, 1024px\" \/><\/figure>\n\n\n\n<p>Luego de seis intensos d\u00edas de competencias cay\u00f3 el tel\u00f3n del Campeonato Centroamericano Mayor Costa Rica 2025, con sede en la Sala Nacional de Tenis de Mesa que se localiza en el Parque de La Paz al sureste de la capital San Jos\u00e9, que sirvi\u00f3 de escenario para definir a los nuevos campeones del \u00e1rea de la Confederaci\u00f3n Centroamericana de Tenis de Mesa la (CONCATEME).<\/p>\n\n\n\n<p>&nbsp;El evento cont\u00f3 con un gran nivel por parte de las Selecciones participantes como M\u00e9xico, Guatemala, El Salvador y Costa Rica a la vez observar el agradable proceso que viene desarrollando selecciones como Honduras de la mano del profesor cubano Julio Antonio Hern\u00e1ndez Luis.<\/p>\n\n\n\n<p>&nbsp;\u00abMuy contento con el rendimiento del equipo superando el rendimiento del a\u00f1o anterior ambos g\u00e9neros, superior al 60 % por lo que ahora hay que trabajar m\u00e1s fuerte de cara a los Juegos Centroamericanos Guatemala 2025\u00bb&nbsp;indic\u00f3 el entrenador de Costa Rica Carlos Fallas.<\/p>\n\n\n\n<p>&nbsp;Con un gran nivel de cada tenimesistas, el pasado domingo culmin\u00f3 el campeonato donde se definieron los medallistas del Evento por Equipos tanto en femenino como masculino, Guatemala se adjudic\u00f3 la medalla de Oro y M\u00e9xico la presea de Plata y Costa Rica el Bronce en ambos g\u00e9neros y Honduras en femenino y en masculino El Salvador fue cuarto.<\/p>\n\n\n\n<p>M\u00e9xico se coron\u00f3 como el Campe\u00f3n Absoluto tras alcanzar la mayor cantidad de preseas 4 de Oro, 5 de Plata y 2 de Bronce para 11 en total, le sigui\u00f3 Guatemala 3 de Oro, y 4 de Bronce para 7, tercero Costa Rica con 8 dos de Plata y seis de Bronce (dos m\u00e1s que la edici\u00f3n anterior) El Salvador y Honduras un bronce cada uno y Belice no alcanzaron ninguna presea.<\/p>\n\n\n\n<p>&nbsp;La pr\u00f3xima edici\u00f3n del Campeonato Centroamericano Mayor de Tenis de Mesa 2026 se realizar\u00e1 en principio en San Salvador, El Salvador.<\/p>\n\n\n\n<p>&nbsp;El pr\u00f3ximo compromiso internacional que tendr\u00e1 el proceso de Selecciones Nacionales de la FECOTEME ser\u00e1 el Campeonato Centroamericano de Tenis de Mesa U-15 y U-19 ya nivel nacional se viene la Tercera Fecha del Ranking de Menores a realizarse en dos fechas el domingo 24 de mayo con las categor\u00edas U-9, U11 y U-13. Y el domingo 1 de junio las categor\u00edas U-15 y U-19, esto con motivo de la participaci\u00f3n de la atleta Luc\u00eda Zavaleta Ovares en el pr\u00f3ximo Mundial Mayor en Tokio Jap\u00f3n.<\/p>\n\n\n\n<p>Estos fueron los atletas que representaron a Costa Rica en el Campeonato Centroamericano Mayor Costa Rica 2025<\/p>\n\n\n\n<p>&nbsp;Equipo A Femenino Luc\u00eda Zavaleta Ovares, Angie Araya Lescouflair, Mar\u00eda Paula Araya Aguilar y Victoria Castro Salas.<\/p>\n\n\n\n<p>El equipo B Femenino Amanda Jim\u00e9nez Moraga, Valentina Garro Valverde, Ximena Miller Mora y Yara Navarrete Gonz\u00e1lez.<\/p>\n\n\n\n<p>Por su parte, el equipo A masculino Jeison Mart\u00ednez Retana Daniel Araya Aguilar, Alejandro Montoya Morera, Sebasti\u00e1n Avil\u00e9s Brenes.<\/p>\n\n\n\n<p>Equipo B Alejandro Pereira Guti\u00e9rrez, Andr\u00e9s Vega Valerio y V\u00edctor Ure\u00f1a Vargas.<\/p>\n\n\n\n<p>Resumen de las medallas alcanzadas por los ticos<\/p>\n\n\n\n<p>Medallas de Plata<br>Angie Araya Lescouflair\/\/\/ Victoria Castro.<br>Salas \/\/ Dobles Femenino.<br>Daniel Araya Aguilar \/\/ Evento Individual.<\/p>\n\n\n\n<p>Medallas de Bronce<\/p>\n\n\n\n<p>Jeison Mart\u00ednez Retana \/\/ Evento Individual.<br>Daniel Araya Aguilar \/\/ Lucia Zavaleta \/\/ Dobles Mixto.<br>Alejandro Montoya y Victoria Castro Salas \/\/ Dobles Mixto.<br>Luc\u00eda Zavaleta Ovares \/\/ Mar\u00eda P. Araya Aguilar\/\/ Dobles Femenino<br>Angie Araya Lescoufair, Luc\u00eda Zavaleta Ovares, Victoria Castro Salas y Mar\u00eda Paula Araya\/\/ Evento por Equipos.<br>Jeison Mart\u00ednez, Daniel Araya Aguilar, Alejandro Montoya Morera \/\/ Evento por Equipos.<\/p>\n\n\n\n<p>(Foto &#8211; FECOTEME).<\/p>\n","protected":false},"excerpt":{"rendered":"<p>Luego de seis intensos d\u00edas de competencias cay\u00f3 el tel\u00f3n del Campeonato Centroamericano Mayor Costa Rica 2025, con sede en la Sala Nacional de Tenis de Mesa que se localiza&hellip; <\/p>\n","protected":false},"author":2,"featured_media":9555,"comment_status":"closed","ping_status":"closed","sticky":false,"template":"","format":"standard","meta":{"om_disable_all_campaigns":false,"_monsterinsights_skip_tracking":false,"_monsterinsights_sitenote_active":false,"_monsterinsights_sitenote_note":"","_monsterinsights_sitenote_category":0,"footnotes":""},"categories":[10],"tags":[3022,1685],"class_list":["post-9554","post","type-post","status-publish","format-standard","has-post-thumbnail","hentry","category-in","tag-centrosnericsnorenismesa","tag-tenismesacostarica"],"aioseo_notices":[],"yoast_head":"<!-- This site is optimized with the Yoast SEO plugin v21.2 - https:\/\/yoast.com\/wordpress\/plugins\/seo\/ -->\n<title>Tenimesistas ticos logran medallas en el Campeonato Centroamericano Mayor - RG Deportes\u200e<\/title>\n<meta name=\"robots\" content=\"index, follow, max-snippet:-1, max-image-preview:large, max-video-preview:-1\" \/>\n<link rel=\"canonical\" href=\"https:\/\/rgdeportes.com\/index.php\/2025\/04\/08\/tenimesistas-ticos-logran-medallas-en-el-campeonato-centroamericano-mayor\/\" \/>\n<meta property=\"og:locale\" content=\"es_ES\" \/>\n<meta property=\"og:type\" content=\"article\" \/>\n<meta property=\"og:title\" content=\"Tenimesistas ticos logran medallas en el Campeonato Centroamericano Mayor - RG Deportes\u200e\" \/>\n<meta property=\"og:description\" content=\"Luego de seis intensos d\u00edas de competencias cay\u00f3 el tel\u00f3n del Campeonato Centroamericano Mayor Costa Rica 2025, con sede en la Sala Nacional de Tenis de Mesa que se localiza&hellip;\" \/>\n<meta property=\"og:url\" content=\"https:\/\/rgdeportes.com\/index.php\/2025\/04\/08\/tenimesistas-ticos-logran-medallas-en-el-campeonato-centroamericano-mayor\/\" \/>\n<meta property=\"og:site_name\" content=\"RG Deportes\u200e\" \/>\n<meta property=\"article:publisher\" content=\"https:\/\/www.facebook.com\/RandallGutierrezDeportes\/\" \/>\n<meta property=\"article:published_time\" content=\"2025-04-08T15:05:53+00:00\" \/>\n<meta property=\"article:modified_time\" content=\"2025-04-08T15:05:56+00:00\" \/>\n<meta property=\"og:image\" content=\"http:\/\/rgdeportes.com\/wp-content\/uploads\/2025\/04\/IMG-20250407-WA0083.jpg\" \/>\n\t<meta property=\"og:image:width\" content=\"1600\" \/>\n\t<meta property=\"og:image:height\" content=\"1066\" \/>\n\t<meta property=\"og:image:type\" content=\"image\/jpeg\" \/>\n<meta name=\"author\" content=\"Randall Gutierrez\" \/>\n<meta name=\"twitter:card\" content=\"summary_large_image\" \/>\n<meta name=\"twitter:label1\" content=\"Escrito por\" \/>\n\t<meta name=\"twitter:data1\" content=\"Randall Gutierrez\" \/>\n\t<meta name=\"twitter:label2\" content=\"Tiempo de lectura\" \/>\n\t<meta name=\"twitter:data2\" content=\"3 minutos\" \/>\n<script type=\"application\/ld+json\" class=\"yoast-schema-graph\">{\"@context\":\"https:\/\/schema.org\",\"@graph\":[{\"@type\":\"Article\",\"@id\":\"https:\/\/rgdeportes.com\/index.php\/2025\/04\/08\/tenimesistas-ticos-logran-medallas-en-el-campeonato-centroamericano-mayor\/#article\",\"isPartOf\":{\"@id\":\"https:\/\/rgdeportes.com\/index.php\/2025\/04\/08\/tenimesistas-ticos-logran-medallas-en-el-campeonato-centroamericano-mayor\/\"},\"author\":{\"name\":\"Randall Gutierrez\",\"@id\":\"https:\/\/rgdeportes.com\/#\/schema\/person\/91795323fddb335a4fd017bf0e4b1358\"},\"headline\":\"Tenimesistas ticos logran medallas en el Campeonato Centroamericano Mayor\",\"datePublished\":\"2025-04-08T15:05:53+00:00\",\"dateModified\":\"2025-04-08T15:05:56+00:00\",\"mainEntityOfPage\":{\"@id\":\"https:\/\/rgdeportes.com\/index.php\/2025\/04\/08\/tenimesistas-ticos-logran-medallas-en-el-campeonato-centroamericano-mayor\/\"},\"wordCount\":596,\"publisher\":{\"@id\":\"https:\/\/rgdeportes.com\/#organization\"},\"keywords\":[\"#centrosnericsnorenismesa\",\"#tenismesacostarica\"],\"articleSection\":[\"Internacionales\"],\"inLanguage\":\"es\"},{\"@type\":\"WebPage\",\"@id\":\"https:\/\/rgdeportes.com\/index.php\/2025\/04\/08\/tenimesistas-ticos-logran-medallas-en-el-campeonato-centroamericano-mayor\/\",\"url\":\"https:\/\/rgdeportes.com\/index.php\/2025\/04\/08\/tenimesistas-ticos-logran-medallas-en-el-campeonato-centroamericano-mayor\/\",\"name\":\"Tenimesistas ticos logran medallas en el Campeonato Centroamericano Mayor - RG Deportes\u200e\",\"isPartOf\":{\"@id\":\"https:\/\/rgdeportes.com\/#website\"},\"datePublished\":\"2025-04-08T15:05:53+00:00\",\"dateModified\":\"2025-04-08T15:05:56+00:00\",\"breadcrumb\":{\"@id\":\"https:\/\/rgdeportes.com\/index.php\/2025\/04\/08\/tenimesistas-ticos-logran-medallas-en-el-campeonato-centroamericano-mayor\/#breadcrumb\"},\"inLanguage\":\"es\",\"potentialAction\":[{\"@type\":\"ReadAction\",\"target\":[\"https:\/\/rgdeportes.com\/index.php\/2025\/04\/08\/tenimesistas-ticos-logran-medallas-en-el-campeonato-centroamericano-mayor\/\"]}]},{\"@type\":\"BreadcrumbList\",\"@id\":\"https:\/\/rgdeportes.com\/index.php\/2025\/04\/08\/tenimesistas-ticos-logran-medallas-en-el-campeonato-centroamericano-mayor\/#breadcrumb\",\"itemListElement\":[{\"@type\":\"ListItem\",\"position\":1,\"name\":\"Portada\",\"item\":\"https:\/\/rgdeportes.com\/\"},{\"@type\":\"ListItem\",\"position\":2,\"name\":\"Tenimesistas ticos logran medallas en el Campeonato Centroamericano Mayor\"}]},{\"@type\":\"WebSite\",\"@id\":\"https:\/\/rgdeportes.com\/#website\",\"url\":\"https:\/\/rgdeportes.com\/\",\"name\":\"RG Deportes\u200e\",\"description\":\"\",\"publisher\":{\"@id\":\"https:\/\/rgdeportes.com\/#organization\"},\"potentialAction\":[{\"@type\":\"SearchAction\",\"target\":{\"@type\":\"EntryPoint\",\"urlTemplate\":\"https:\/\/rgdeportes.com\/?s={search_term_string}\"},\"query-input\":\"required name=search_term_string\"}],\"inLanguage\":\"es\"},{\"@type\":\"Organization\",\"@id\":\"https:\/\/rgdeportes.com\/#organization\",\"name\":\"RG Deportes\",\"url\":\"https:\/\/rgdeportes.com\/\",\"logo\":{\"@type\":\"ImageObject\",\"inLanguage\":\"es\",\"@id\":\"https:\/\/rgdeportes.com\/#\/schema\/logo\/image\/\",\"url\":\"https:\/\/rgdeportes.com\/wp-content\/uploads\/2020\/09\/Logo.png\",\"contentUrl\":\"https:\/\/rgdeportes.com\/wp-content\/uploads\/2020\/09\/Logo.png\",\"width\":784,\"height\":552,\"caption\":\"RG Deportes\"},\"image\":{\"@id\":\"https:\/\/rgdeportes.com\/#\/schema\/logo\/image\/\"},\"sameAs\":[\"https:\/\/www.facebook.com\/RandallGutierrezDeportes\/\",\"https:\/\/www.instagram.com\/randallgutierrezdeportes\/\",\"https:\/\/www.youtube.com\/channel\/UCX4_qbvtnTwoF5t2zNqBDvA\"]},{\"@type\":\"Person\",\"@id\":\"https:\/\/rgdeportes.com\/#\/schema\/person\/91795323fddb335a4fd017bf0e4b1358\",\"name\":\"Randall Gutierrez\",\"image\":{\"@type\":\"ImageObject\",\"inLanguage\":\"es\",\"@id\":\"https:\/\/rgdeportes.com\/#\/schema\/person\/image\/\",\"url\":\"https:\/\/secure.gravatar.com\/avatar\/d0884ea8b9b50bcfad3c0d20049361b5?s=96&d=mm&r=g\",\"contentUrl\":\"https:\/\/secure.gravatar.com\/avatar\/d0884ea8b9b50bcfad3c0d20049361b5?s=96&d=mm&r=g\",\"caption\":\"Randall Gutierrez\"},\"url\":\"https:\/\/rgdeportes.com\/index.php\/author\/randall\/\"}]}<\/script>\n<!-- \/ Yoast SEO plugin. -->","yoast_head_json":{"title":"Tenimesistas ticos logran medallas en el Campeonato Centroamericano Mayor - RG Deportes\u200e","robots":{"index":"index","follow":"follow","max-snippet":"max-snippet:-1","max-image-preview":"max-image-preview:large","max-video-preview":"max-video-preview:-1"},"canonical":"https:\/\/rgdeportes.com\/index.php\/2025\/04\/08\/tenimesistas-ticos-logran-medallas-en-el-campeonato-centroamericano-mayor\/","og_locale":"es_ES","og_type":"article","og_title":"Tenimesistas ticos logran medallas en el Campeonato Centroamericano Mayor - RG Deportes\u200e","og_description":"Luego de seis intensos d\u00edas de competencias cay\u00f3 el tel\u00f3n del Campeonato Centroamericano Mayor Costa Rica 2025, con sede en la Sala Nacional de Tenis de Mesa que se localiza&hellip;","og_url":"https:\/\/rgdeportes.com\/index.php\/2025\/04\/08\/tenimesistas-ticos-logran-medallas-en-el-campeonato-centroamericano-mayor\/","og_site_name":"RG Deportes\u200e","article_publisher":"https:\/\/www.facebook.com\/RandallGutierrezDeportes\/","article_published_time":"2025-04-08T15:05:53+00:00","article_modified_time":"2025-04-08T15:05:56+00:00","og_image":[{"width":1600,"height":1066,"url":"http:\/\/rgdeportes.com\/wp-content\/uploads\/2025\/04\/IMG-20250407-WA0083.jpg","type":"image\/jpeg"}],"author":"Randall Gutierrez","twitter_card":"summary_large_image","twitter_misc":{"Escrito por":"Randall Gutierrez","Tiempo de lectura":"3 minutos"},"schema":{"@context":"https:\/\/schema.org","@graph":[{"@type":"Article","@id":"https:\/\/rgdeportes.com\/index.php\/2025\/04\/08\/tenimesistas-ticos-logran-medallas-en-el-campeonato-centroamericano-mayor\/#article","isPartOf":{"@id":"https:\/\/rgdeportes.com\/index.php\/2025\/04\/08\/tenimesistas-ticos-logran-medallas-en-el-campeonato-centroamericano-mayor\/"},"author":{"name":"Randall Gutierrez","@id":"https:\/\/rgdeportes.com\/#\/schema\/person\/91795323fddb335a4fd017bf0e4b1358"},"headline":"Tenimesistas ticos logran medallas en el Campeonato Centroamericano Mayor","datePublished":"2025-04-08T15:05:53+00:00","dateModified":"2025-04-08T15:05:56+00:00","mainEntityOfPage":{"@id":"https:\/\/rgdeportes.com\/index.php\/2025\/04\/08\/tenimesistas-ticos-logran-medallas-en-el-campeonato-centroamericano-mayor\/"},"wordCount":596,"publisher":{"@id":"https:\/\/rgdeportes.com\/#organization"},"keywords":["#centrosnericsnorenismesa","#tenismesacostarica"],"articleSection":["Internacionales"],"inLanguage":"es"},{"@type":"WebPage","@id":"https:\/\/rgdeportes.com\/index.php\/2025\/04\/08\/tenimesistas-ticos-logran-medallas-en-el-campeonato-centroamericano-mayor\/","url":"https:\/\/rgdeportes.com\/index.php\/2025\/04\/08\/tenimesistas-ticos-logran-medallas-en-el-campeonato-centroamericano-mayor\/","name":"Tenimesistas ticos logran medallas en el Campeonato Centroamericano Mayor - RG Deportes\u200e","isPartOf":{"@id":"https:\/\/rgdeportes.com\/#website"},"datePublished":"2025-04-08T15:05:53+00:00","dateModified":"2025-04-08T15:05:56+00:00","breadcrumb":{"@id":"https:\/\/rgdeportes.com\/index.php\/2025\/04\/08\/tenimesistas-ticos-logran-medallas-en-el-campeonato-centroamericano-mayor\/#breadcrumb"},"inLanguage":"es","potentialAction":[{"@type":"ReadAction","target":["https:\/\/rgdeportes.com\/index.php\/2025\/04\/08\/tenimesistas-ticos-logran-medallas-en-el-campeonato-centroamericano-mayor\/"]}]},{"@type":"BreadcrumbList","@id":"https:\/\/rgdeportes.com\/index.php\/2025\/04\/08\/tenimesistas-ticos-logran-medallas-en-el-campeonato-centroamericano-mayor\/#breadcrumb","itemListElement":[{"@type":"ListItem","position":1,"name":"Portada","item":"https:\/\/rgdeportes.com\/"},{"@type":"ListItem","position":2,"name":"Tenimesistas ticos logran medallas en el Campeonato Centroamericano Mayor"}]},{"@type":"WebSite","@id":"https:\/\/rgdeportes.com\/#website","url":"https:\/\/rgdeportes.com\/","name":"RG Deportes\u200e","description":"","publisher":{"@id":"https:\/\/rgdeportes.com\/#organization"},"potentialAction":[{"@type":"SearchAction","target":{"@type":"EntryPoint","urlTemplate":"https:\/\/rgdeportes.com\/?s={search_term_string}"},"query-input":"required name=search_term_string"}],"inLanguage":"es"},{"@type":"Organization","@id":"https:\/\/rgdeportes.com\/#organization","name":"RG Deportes","url":"https:\/\/rgdeportes.com\/","logo":{"@type":"ImageObject","inLanguage":"es","@id":"https:\/\/rgdeportes.com\/#\/schema\/logo\/image\/","url":"https:\/\/rgdeportes.com\/wp-content\/uploads\/2020\/09\/Logo.png","contentUrl":"https:\/\/rgdeportes.com\/wp-content\/uploads\/2020\/09\/Logo.png","width":784,"height":552,"caption":"RG Deportes"},"image":{"@id":"https:\/\/rgdeportes.com\/#\/schema\/logo\/image\/"},"sameAs":["https:\/\/www.facebook.com\/RandallGutierrezDeportes\/","https:\/\/www.instagram.com\/randallgutierrezdeportes\/","https:\/\/www.youtube.com\/channel\/UCX4_qbvtnTwoF5t2zNqBDvA"]},{"@type":"Person","@id":"https:\/\/rgdeportes.com\/#\/schema\/person\/91795323fddb335a4fd017bf0e4b1358","name":"Randall Gutierrez","image":{"@type":"ImageObject","inLanguage":"es","@id":"https:\/\/rgdeportes.com\/#\/schema\/person\/image\/","url":"https:\/\/secure.gravatar.com\/avatar\/d0884ea8b9b50bcfad3c0d20049361b5?s=96&d=mm&r=g","contentUrl":"https:\/\/secure.gravatar.com\/avatar\/d0884ea8b9b50bcfad3c0d20049361b5?s=96&d=mm&r=g","caption":"Randall Gutierrez"},"url":"https:\/\/rgdeportes.com\/index.php\/author\/randall\/"}]}},"_links":{"self":[{"href":"https:\/\/rgdeportes.com\/index.php\/wp-json\/wp\/v2\/posts\/9554","targetHints":{"allow":["GET"]}}],"collection":[{"href":"https:\/\/rgdeportes.com\/index.php\/wp-json\/wp\/v2\/posts"}],"about":[{"href":"https:\/\/rgdeportes.com\/index.php\/wp-json\/wp\/v2\/types\/post"}],"author":[{"embeddable":true,"href":"https:\/\/rgdeportes.com\/index.php\/wp-json\/wp\/v2\/users\/2"}],"replies":[{"embeddable":true,"href":"https:\/\/rgdeportes.com\/index.php\/wp-json\/wp\/v2\/comments?post=9554"}],"version-history":[{"count":1,"href":"https:\/\/rgdeportes.com\/index.php\/wp-json\/wp\/v2\/posts\/9554\/revisions"}],"predecessor-version":[{"id":9556,"href":"https:\/\/rgdeportes.com\/index.php\/wp-json\/wp\/v2\/posts\/9554\/revisions\/9556"}],"wp:featuredmedia":[{"embeddable":true,"href":"https:\/\/rgdeportes.com\/index.php\/wp-json\/wp\/v2\/media\/9555"}],"wp:attachment":[{"href":"https:\/\/rgdeportes.com\/index.php\/wp-json\/wp\/v2\/media?parent=9554"}],"wp:term":[{"taxonomy":"category","embeddable":true,"href":"https:\/\/rgdeportes.com\/index.php\/wp-json\/wp\/v2\/categories?post=9554"},{"taxonomy":"post_tag","embeddable":true,"href":"https:\/\/rgdeportes.com\/index.php\/wp-json\/wp\/v2\/tags?post=9554"}],"curies":[{"name":"wp","href":"https:\/\/api.w.org\/{rel}","templated":true}]}}