{"id":9370,"date":"2025-02-24T21:52:18","date_gmt":"2025-02-24T21:52:18","guid":{"rendered":"https:\/\/rgdeportes.com\/?p=9370"},"modified":"2025-02-24T21:53:38","modified_gmt":"2025-02-24T21:53:38","slug":"fuerza-total-costa-rica-conquisto-87-medallas-en-panamericano-de-pulsos","status":"publish","type":"post","link":"https:\/\/rgdeportes.com\/index.php\/2025\/02\/24\/fuerza-total-costa-rica-conquisto-87-medallas-en-panamericano-de-pulsos\/","title":{"rendered":"\u00a1Fuerza total! Costa Rica conquist\u00f3 87 medallas en Campeonato de Pulsos"},"content":{"rendered":"\n<figure class=\"wp-block-image size-large\"><img loading=\"lazy\" decoding=\"async\" width=\"1024\" height=\"682\" src=\"https:\/\/rgdeportes.com\/wp-content\/uploads\/2025\/02\/Pulsos-1-1024x682.jpg\" alt=\"\" class=\"wp-image-9371\" srcset=\"https:\/\/rgdeportes.com\/wp-content\/uploads\/2025\/02\/Pulsos-1-1024x682.jpg 1024w, https:\/\/rgdeportes.com\/wp-content\/uploads\/2025\/02\/Pulsos-1-300x200.jpg 300w, https:\/\/rgdeportes.com\/wp-content\/uploads\/2025\/02\/Pulsos-1-768x512.jpg 768w, https:\/\/rgdeportes.com\/wp-content\/uploads\/2025\/02\/Pulsos-1-1536x1023.jpg 1536w, https:\/\/rgdeportes.com\/wp-content\/uploads\/2025\/02\/Pulsos-1.jpg 1600w\" sizes=\"auto, (max-width: 1024px) 100vw, 1024px\" \/><\/figure>\n\n\n\n<p>La <strong>Selecci\u00f3n Nacional de Costa Rica en la disciplina de la Lucha de Brazo \u00abPulsos\u00bb<\/strong> <strong>se laureo con 87 preseas durante la competici\u00f3n del Campeonato Norteamericano de la Lucha de Brazo<\/strong>, el  mismo se llev\u00f3 a cabo en el <strong>Parque Norte de Moravia<\/strong> durante el pasado este <strong>s\u00e1bado 22 y domingo 23 de febrero<\/strong>.<\/p>\n\n\n\n<p>Costa Rica fue el organizador del evento internacional, avalado por la Federaci\u00f3n Internacional de Pulsos (WAF, por sus siglas en ingl\u00e9s).<\/p>\n\n\n\n<p>Asistieron delegaciones de <strong>Canad\u00e1, Estados Unidos, M\u00e9xico, Antigua y Barbuda, Nicaragua y el combinado nacional.<\/strong><\/p>\n\n\n\n<p>Nuestro pa\u00eds particip\u00f3 con una delegaci\u00f3n de alrededor de 90 competidores, teniendo presencia en todas las categor\u00edas (Paral\u00edmpico, Junior, Juvenil, M\u00e1ster, Femenina y Senior) con sus diferentes divisiones de peso.<\/p>\n\n\n\n<p>El s\u00e1bado 22 la acci\u00f3n se llev\u00f3 con el brazo izquierdo, mientras que el 23 fue el turno de la mano derecha.<\/p>\n\n\n\n<p>La adrenalina estuvo presente de principio a fin en el gimnasio del lugar, el cual estuvo copado de aficionados que vivieron de primera mano las emociones de los pulsos.<\/p>\n\n\n\n<p>Al final del conteo de preseas, Costa Rica barri\u00f3 con 87 metales, de ellos, 26 de oro, 31 de plata y 30 de bronce. Esta cosecha le permiti\u00f3 a nuestro pa\u00eds imponerse en el torneo, ganando el trofeo de primer lugar, el segundo lugar fue para Canad\u00e1 y M\u00e9xico se qued\u00f3 con el tercero.<\/p>\n\n\n\n<p>\u201cEl evento fue excelente, una organizaci\u00f3n muy buena, la gente muy amable, muy cari\u00f1osa y estuvimos muy contentos de venir a competir en este Norteamericano\u201d, dijo el competidor azteca, Osvaldo Alanis.<\/p>\n\n\n\n<p>Asegur\u00f3 que \u201clas expectativas se superaron ampliamente, vivimos una gran competencia, con excelentes atletas, muy bien preparados y felices de haber asistido\u201d.<\/p>\n\n\n\n<p>Por su parte, la costarricense Chris Gonz\u00e1lez coment\u00f3 que \u201ceste evento es de los m\u00e1s importantes del a\u00f1o, y haberlo tenido en el pa\u00eds fue una gran experiencia. Las selecciones que vinieron lo hicieron con atletas muy fuertes y en nuestro caso los atletas se prepararon bastante bien y conseguimos muy buenos resultados en izquierda y derecha\u201d.<\/p>\n\n\n\n<p>Otro de los internacionales que se marc\u00f3 satisfecho fue Zaulo Enchautegui, de Puerto Rico.<\/p>\n\n\n\n<p>\u201cEl torneo me encant\u00f3, se organiz\u00f3 super bien, el manejo que se tuvo, la audiencia que asisti\u00f3 fue mucha, se ve que en Costa Rica se viven los pulsos intensamente. Los competidores muy fuertes y nos vamos contentos\u201d.<\/p>\n\n\n\n<p>El Norteamericano del a\u00f1o 2026 se realizar\u00e1 en suelo canadiense, de acuerdo a la votaci\u00f3n que se dio en la reuni\u00f3n de presidentes de las federaciones asistentes.<\/p>\n\n\n\n<p>Asimismo, el evento tuvo la presencia de altos funcionarios de la federaci\u00f3n internacional y \u00e1rbitros de renombre del orbe.<\/p>\n\n\n\n<p>La Federaci\u00f3n Costarricense de Pulsos agradece al Instituto Costarricense del Deporte y la Recreaci\u00f3n por el aporte econ\u00f3mico para realizar este campeonato y al Comit\u00e9 de Deportes y Recreaci\u00f3n de Moravia por el pr\u00e9stamo de las instalaciones.<\/p>\n\n\n\n<figure class=\"wp-block-image size-large\"><img loading=\"lazy\" decoding=\"async\" width=\"1024\" height=\"682\" src=\"https:\/\/rgdeportes.com\/wp-content\/uploads\/2025\/02\/Pulsos-2-1024x682.jpg\" alt=\"\" class=\"wp-image-9372\" srcset=\"https:\/\/rgdeportes.com\/wp-content\/uploads\/2025\/02\/Pulsos-2-1024x682.jpg 1024w, https:\/\/rgdeportes.com\/wp-content\/uploads\/2025\/02\/Pulsos-2-300x200.jpg 300w, https:\/\/rgdeportes.com\/wp-content\/uploads\/2025\/02\/Pulsos-2-768x512.jpg 768w, https:\/\/rgdeportes.com\/wp-content\/uploads\/2025\/02\/Pulsos-2-1536x1023.jpg 1536w, https:\/\/rgdeportes.com\/wp-content\/uploads\/2025\/02\/Pulsos-2.jpg 1600w\" sizes=\"auto, (max-width: 1024px) 100vw, 1024px\" \/><\/figure>\n\n\n\n<p><strong>PODIO<\/strong><\/p>\n\n\n\n<p><strong>BRAZO IZQUIERDO<\/strong><\/p>\n\n\n\n<p><strong>Paral\u00edmpico sentado<\/strong><\/p>\n\n\n\n<p>1.Serguio Guti\u00e9rrez (Costa Rica)<\/p>\n\n\n\n<p>2.R\u00e1ndall Mungu\u00eda (Costa Rica)<\/p>\n\n\n\n<p><strong>Paral\u00edmpico de pie 80kg<\/strong><\/p>\n\n\n\n<p>1.Cristopher Ferr\u00e1n (Costa Rica)<\/p>\n\n\n\n<p>2.Aiza Vargas (Costa Rica)<\/p>\n\n\n\n<p><strong>Paral\u00edmpico de pie +80kg<\/strong><\/p>\n\n\n\n<p>1.Edgardo Picado (Costa Rica)<\/p>\n\n\n\n<p>2.Douglas Molina (Costa Rica)<\/p>\n\n\n\n<p><strong>Junior 70kg<\/strong><\/p>\n\n\n\n<p>1.Demerson Villalobos (Costa Rica)<\/p>\n\n\n\n<p>2.Enoc Castro (Costa Rica)<\/p>\n\n\n\n<p>3.Jorge Rodr\u00edguez (Costa Rica)<\/p>\n\n\n\n<p><strong>Junior 80kg<\/strong><\/p>\n\n\n\n<p>1.Kevin Elizondo (Costa Rica)<\/p>\n\n\n\n<p>2.Zaulo Enchautegui (Puerto Rico)<\/p>\n\n\n\n<p>3.Wilberth Esquivel (Costa Rica)<\/p>\n\n\n\n<p><strong>Junior +80kg<\/strong><\/p>\n\n\n\n<p>1.Jean Blanco (Costa Rica)<\/p>\n\n\n\n<p>2.Dereck Benavides(Costa Rica)<\/p>\n\n\n\n<p>3.Steven Oporta (Costa Rica)<\/p>\n\n\n\n<p><strong>Juvenil 70kg<\/strong><\/p>\n\n\n\n<p>1.Diego Guti\u00e9rrez (Costa Rica)<\/p>\n\n\n\n<p>2.Wagner Cerdas (Costa Rica)<\/p>\n\n\n\n<p>3.German Guti\u00e9rrez Jr (Costa Rica)<\/p>\n\n\n\n<p><strong>Juvenil 80kg<\/strong><\/p>\n\n\n\n<p>1.Miguel Leblanc (Canad\u00e1)<\/p>\n\n\n\n<p>2.Adriano Ast\u00faa (Costa Rica)<\/p>\n\n\n\n<p>3.Manuel L\u00f3pez (Costa Rica)<\/p>\n\n\n\n<p><strong>Juvenil +80kg<\/strong><\/p>\n\n\n\n<p>1.Antonio Daniel (Antigua y Barbuda)<\/p>\n\n\n\n<p>2.Esteban Batista (Costa Rica)<\/p>\n\n\n\n<p>3.Dennis Zelaya (Nicaragua)<\/p>\n\n\n\n<p><strong>Femenina M\u00e1ter 60kg<\/strong><\/p>\n\n\n\n<p>1.Ashley Costello (Canad\u00e1)<\/p>\n\n\n\n<p><strong>Femenina M\u00e1ster +70kg<\/strong><\/p>\n\n\n\n<p>1.Patricia Brisson (Canad\u00e1)<\/p>\n\n\n\n<p><strong>M\u00e1ster 70kg<\/strong><\/p>\n\n\n\n<p>1.Noel S\u00e1nchez (M\u00e9xico)<\/p>\n\n\n\n<p>2.Jaime Rodr\u00edguez (Costa Rica)<\/p>\n\n\n\n<p>3.Manuel Vargas (Costa Rica)<\/p>\n\n\n\n<p><strong>M\u00e1ster 80kg<\/strong><\/p>\n\n\n\n<p>1.Gord Squire (Canad\u00e1)<\/p>\n\n\n\n<p>2.German Guti\u00e9rrez (Costa Rica)<\/p>\n\n\n\n<p>3.Alanis Reyes (M\u00e9xico)<\/p>\n\n\n\n<p><strong>M\u00e1ster 90kg<\/strong><\/p>\n\n\n\n<p>1.Conrad Rouselle (Canad\u00e1)<\/p>\n\n\n\n<p>2.Edgardo Picado (Costa Rica)<\/p>\n\n\n\n<p>3.Michael Alfaro (Costa Rica)<\/p>\n\n\n\n<p><strong>M\u00e1ster +90kg<\/strong><\/p>\n\n\n\n<p>1.Randy Sparling (Canad\u00e1)<\/p>\n\n\n\n<p>2.Luis S\u00e1nchez (Puerto Rico)<\/p>\n\n\n\n<p>3.Carlos N\u00fa\u00f1ez (Costa Rica)<\/p>\n\n\n\n<p><strong>Femenina Senior 65kg<\/strong><\/p>\n\n\n\n<p>1.Sof\u00eda Rodr\u00edguez (Costa Rica)<\/p>\n\n\n\n<p>2.Ashley Costello (Canad\u00e1)<\/p>\n\n\n\n<p>3.Nayelli Arce (Costa Rica)<\/p>\n\n\n\n<p><strong>Femenina Senior 80kg<\/strong><\/p>\n\n\n\n<p>1.Ursula Askey (Canad\u00e1)<\/p>\n\n\n\n<p>2.Anyelka Rodr\u00edguez (Nicaragua)<\/p>\n\n\n\n<p>3.Meylling Dur\u00e1n (Costa Rica)<\/p>\n\n\n\n<p><strong>Femenina Senior +80kg<\/strong><\/p>\n\n\n\n<p>1.Mariam Vargas (Costa Rica)<\/p>\n\n\n\n<p>2.Chris Gonz\u00e1lez (Costa Rica)<\/p>\n\n\n\n<p>3.Reina Torres (Costa Rica)<\/p>\n\n\n\n<p><strong>Senior 65kg<\/strong><\/p>\n\n\n\n<p>1.Rose Justin (Canad\u00e1)<\/p>\n\n\n\n<p>2.Diego Torres (Costa Rica)<\/p>\n\n\n\n<p>3.Jaime Rodr\u00edguez (Costa Rica)<\/p>\n\n\n\n<p><strong>Senior 70kg<\/strong><\/p>\n\n\n\n<p>1.Maxime Tanguay (Canad\u00e1)<\/p>\n\n\n\n<p>2.Diego Guti\u00e9rrez (Costa Rica)<\/p>\n\n\n\n<p>3.John Heynoski (Estados Unidos)<\/p>\n\n\n\n<p><strong>Senior 75kg<\/strong><\/p>\n\n\n\n<p>1.Geoffrey Hale (Estados Unidos)<\/p>\n\n\n\n<p>2.Miguel Leblanc (Canad\u00e1)<\/p>\n\n\n\n<p>3.Mauricio Quir\u00f3s (Costa Rica)<\/p>\n\n\n\n<p><strong>Senior 80kg<\/strong><\/p>\n\n\n\n<p>1.Logan Goodwin (Canad\u00e1)<\/p>\n\n\n\n<p>2.Cristopher Ferr\u00e1n (Costa Rica)<\/p>\n\n\n\n<p>3.Jos\u00e9 Aguilar (M\u00e9xico)<\/p>\n\n\n\n<p><strong>Senior 85kg<\/strong><\/p>\n\n\n\n<p>1.Juan Gaya (M\u00e9xico)<\/p>\n\n\n\n<p>2.Alexander L\u00f3pez (Costa Rica)<\/p>\n\n\n\n<p>3.Anthony Orozco (Costa Rica)<\/p>\n\n\n\n<p><strong>Senior 90kg<\/strong><\/p>\n\n\n\n<p>1.Conrad Rousselle (Canad\u00e1)<\/p>\n\n\n\n<p>2.Steven Ruiz (Costa Rica)<\/p>\n\n\n\n<p>3.Dereck Askey (Canad\u00e1)<\/p>\n\n\n\n<p><strong>Senior 100kg<\/strong><\/p>\n\n\n\n<p>1.H\u00e9ctor Mendoza (M\u00e9xico)<\/p>\n\n\n\n<p>2.Jeffrey Mu\u00f1oz (Costa Rica)<\/p>\n\n\n\n<p>3.Jonathan Arrieta (Costa Rica)<\/p>\n\n\n\n<p><strong>Senior 110kg<\/strong><\/p>\n\n\n\n<p>1.Jeffrey Mu\u00f1oz (Costa Rica)<\/p>\n\n\n\n<p>2. Randy Sparling (Canad\u00e1)<\/p>\n\n\n\n<p>3.Jean Blanco (Costa Rica)<\/p>\n\n\n\n<p><strong>Senior +110kg<\/strong><\/p>\n\n\n\n<p>1.Carlos Montano (M\u00e9xico)<\/p>\n\n\n\n<p>2.Nathanael Campos (Costa Rica)<\/p>\n\n\n\n<p>3.Norlan \u00c1lvarez (Costa Rica)<\/p>\n\n\n\n<p><strong>BRAZO DERECHO<\/strong><\/p>\n\n\n\n<p><strong>Paral\u00edmpico sentado<\/strong><\/p>\n\n\n\n<p>1.Serguio Guti\u00e9rrez (Costa Rica)<\/p>\n\n\n\n<p>2.Amram Berm\u00fadez (Costa Rica)<\/p>\n\n\n\n<p><strong>Paral\u00edmpico de pie 80kg<\/strong><\/p>\n\n\n\n<p>1.Cristopher Ferr\u00e1n (Costa Rica)<\/p>\n\n\n\n<p>2.Aiza Vargas (Costa Rica)<\/p>\n\n\n\n<p><strong>Paral\u00edmpico de pie +80kg<\/strong><\/p>\n\n\n\n<p>1.Douglas Molina (Costa Rica)<\/p>\n\n\n\n<p>2.Edgardo Picado (Costa Rica)<\/p>\n\n\n\n<p><strong>Junior 70kg<\/strong><\/p>\n\n\n\n<p>1.Demerson Villalobos (Costa Rica)<\/p>\n\n\n\n<p>2.Luis Villalobos (Costa Rica)<\/p>\n\n\n\n<p>3.Caleb Valverde (Costa Rica)<\/p>\n\n\n\n<p><strong>Junior 80kg<\/strong><\/p>\n\n\n\n<p>1.Kevin Elizondo (Costa Rica)<\/p>\n\n\n\n<p>2.Zaulo Enchautegui (Puerto Rico)<\/p>\n\n\n\n<p>3.Wilberth Esquivel (Costa Rica)<\/p>\n\n\n\n<p><strong>Junior +80kg<\/strong><\/p>\n\n\n\n<p>1.Jean Blanco (Costa Rica)<\/p>\n\n\n\n<p>2.Steven Oporta (Costa Rica)<\/p>\n\n\n\n<p>3.Eliut Herrera (Costa Rica)<\/p>\n\n\n\n<p><strong>Juvenil 70kg<\/strong><\/p>\n\n\n\n<p>1.Diego Guti\u00e9rrez (Costa Rica)<\/p>\n\n\n\n<p>2.Alejandro Mayorga (Nicaragua)<\/p>\n\n\n\n<p>3.Wagner Cerdas (Costa Rica)<\/p>\n\n\n\n<p><strong>Juvenil 80kg<\/strong><\/p>\n\n\n\n<p>1.Manuel L\u00f3pez (Costa Rica)<\/p>\n\n\n\n<p>2.Miguel Leblanc (Canad\u00e1)<\/p>\n\n\n\n<p>3.Gates Cade (Estados Unidos)<\/p>\n\n\n\n<p><strong>Juvenil +80kg<\/strong><\/p>\n\n\n\n<p>1.Antonio Daniel (Antigua y Barbuda)<\/p>\n\n\n\n<p>2.Dennis Zelaya (Nicaragua)<\/p>\n\n\n\n<p>3.Adri\u00e1n Rayo (Nicaragua)<\/p>\n\n\n\n<p><strong>Femenina M\u00e1ter 60kg<\/strong><\/p>\n\n\n\n<p>1.Ashley Costello (Canad\u00e1)<\/p>\n\n\n\n<p>2.Colette Brisson (Canad\u00e1)<\/p>\n\n\n\n<p><strong>Femenina M\u00e1ster +70kg<\/strong><\/p>\n\n\n\n<p>1.Patricia Brisson (Canad\u00e1)<\/p>\n\n\n\n<p>2.Reina Torres (Costa Rica)<\/p>\n\n\n\n<p><strong>M\u00e1ster 70kg<\/strong><\/p>\n\n\n\n<p>1.Ronny Moraga (Costa Rica)<\/p>\n\n\n\n<p>2.Noel S\u00e1nchez (M\u00e9xico)<\/p>\n\n\n\n<p>3.Jaime Rodr\u00edguez (Costa Rica)<\/p>\n\n\n\n<p><strong>M\u00e1ster 80kg<\/strong><\/p>\n\n\n\n<p>1.German Guti\u00e9rrez (Costa Rica)<\/p>\n\n\n\n<p>2.Gord Squire (Canad\u00e1)<\/p>\n\n\n\n<p>3.Gabriel Vargas (Costa Rica)<\/p>\n\n\n\n<p><strong>M\u00e1ster 90kg<\/strong><\/p>\n\n\n\n<p>1.Conrad Rouselle (Canad\u00e1)<\/p>\n\n\n\n<p>2.Enoc Rayo (Nicaragua)<\/p>\n\n\n\n<p>3.Edgardo Picado (Costa Rica)<\/p>\n\n\n\n<p><strong>M\u00e1ster +90kg<\/strong><\/p>\n\n\n\n<p>1.David Mike (Estados Unidos)<\/p>\n\n\n\n<p>2.Randy Sparling (Canad\u00e1)<\/p>\n\n\n\n<p>3.Luis S\u00e1nchez (Puerto Rico)<\/p>\n\n\n\n<p><strong>Femenina Senior 65kg<\/strong><\/p>\n\n\n\n<p>1.Ashley Costello (Canad\u00e1)<\/p>\n\n\n\n<p>2.Ashley Costello (Canad\u00e1)<\/p>\n\n\n\n<p>3.Nayelli Arce (Costa Rica)<\/p>\n\n\n\n<p><strong>Femenina Senior 80kg<\/strong><\/p>\n\n\n\n<p>1.Ursula Askey (Canad\u00e1)<\/p>\n\n\n\n<p>2.Anyelka Rodr\u00edguez (Nicaragua)<\/p>\n\n\n\n<p>3.Patricia Brisson (Canad\u00e1)<\/p>\n\n\n\n<p><strong>Femenina Senior +80kg<\/strong><\/p>\n\n\n\n<p>1.Mariam Vargas (Costa Rica)<\/p>\n\n\n\n<p>2.Reina Torres (Costa Rica)<\/p>\n\n\n\n<p>3.Chris Gonz\u00e1lez (Costa Rica)<\/p>\n\n\n\n<p><strong>Senior 65kg<\/strong><\/p>\n\n\n\n<p>1.Ronny Moraga (Costa Rica)<\/p>\n\n\n\n<p>2.Justin Rose (Canad\u00e1)<\/p>\n\n\n\n<p>3.Jaime Rodr\u00edguez (Costa Rica)<\/p>\n\n\n\n<p><strong>Senior 70kg<\/strong><\/p>\n\n\n\n<p>1.Diego Guti\u00e9rrez (Costa Rica)<\/p>\n\n\n\n<p>2.Maxime Tanguay (Canad\u00e1)<\/p>\n\n\n\n<p>3.Carlos Velasquez (Costa Rica)<\/p>\n\n\n\n<p><strong>Senior 75kg<\/strong><\/p>\n\n\n\n<p>1.Geoffrey Hale (Estados Unidos)<\/p>\n\n\n\n<p>2.Alanis Reyes (M\u00e9xico)<\/p>\n\n\n\n<p>3.Miguel Leblanc (Canad\u00e1)<\/p>\n\n\n\n<p><strong>Senior 80kg<\/strong><\/p>\n\n\n\n<p>1.German Guti\u00e9rrez (Costa Rica)<\/p>\n\n\n\n<p>2.Jes\u00fas Angulo (Costa Rica)<\/p>\n\n\n\n<p>3.Justin Matamoros (Costa Rica)<\/p>\n\n\n\n<p><strong>Senior 85kg<\/strong><\/p>\n\n\n\n<p>1.Juan Gaya (M\u00e9xico)<\/p>\n\n\n\n<p>2.Christian Calder\u00f3n (Costa Rica)<\/p>\n\n\n\n<p>3.Simon Berriochoa (Estados Unidos)<\/p>\n\n\n\n<p><strong>Senior 90kg<\/strong><\/p>\n\n\n\n<p>1.Derek Askey (Canad\u00e1)<\/p>\n\n\n\n<p>2.Conrad Rousselle (Canad\u00e1)<\/p>\n\n\n\n<p>3.Edgardo Picado (Costa Rica)<\/p>\n\n\n\n<p><strong>Senior 100kg<\/strong><\/p>\n\n\n\n<p>1.David Mike (Estados Unido)<\/p>\n\n\n\n<p>2.Jeffrey Mu\u00f1oz (Costa Rica)<\/p>\n\n\n\n<p>3.H\u00e9ctor Mendoza (M\u00e9xico)<\/p>\n\n\n\n<p><strong>Senior 110kg<\/strong><\/p>\n\n\n\n<p>1.Jean Blanco (Costa Rica)<\/p>\n\n\n\n<p>2.Jeffrey Mu\u00f1oz (Costa Rica)<\/p>\n\n\n\n<p>3. Antonio Daniel (Antigua y Barbuda)<\/p>\n\n\n\n<p><strong>Senior +110kg<\/strong><\/p>\n\n\n\n<p>1.Nathanael Campos (Costa Rica)<\/p>\n\n\n\n<p>2.Norlan \u00c1lvarez (Costa Rica)<\/p>\n\n\n\n<p>3.Jeremy Graff (Estados Unido)<\/p>\n","protected":false},"excerpt":{"rendered":"<p>La Selecci\u00f3n Nacional de Costa Rica en la disciplina de la Lucha de Brazo \u00abPulsos\u00bb se laureo con 87 preseas durante la competici\u00f3n del Campeonato Norteamericano de la Lucha de&hellip; <\/p>\n","protected":false},"author":2,"featured_media":9371,"comment_status":"closed","ping_status":"closed","sticky":false,"template":"","format":"standard","meta":{"om_disable_all_campaigns":false,"_monsterinsights_skip_tracking":false,"_monsterinsights_sitenote_active":false,"_monsterinsights_sitenote_note":"","_monsterinsights_sitenote_category":0,"footnotes":""},"categories":[4],"tags":[2960,2961],"class_list":["post-9370","post","type-post","status-publish","format-standard","has-post-thumbnail","hentry","category-noticias","tag-luchadebrazocr2025","tag-pusoscostarica"],"aioseo_notices":[],"yoast_head":"<!-- This site is optimized with the Yoast SEO plugin v21.2 - https:\/\/yoast.com\/wordpress\/plugins\/seo\/ -->\n<title>\u00a1Fuerza total! Costa Rica conquist\u00f3 87 medallas en Campeonato de Pulsos - RG Deportes\u200e<\/title>\n<meta name=\"robots\" content=\"index, follow, max-snippet:-1, max-image-preview:large, max-video-preview:-1\" \/>\n<link rel=\"canonical\" href=\"https:\/\/rgdeportes.com\/index.php\/2025\/02\/24\/fuerza-total-costa-rica-conquisto-87-medallas-en-panamericano-de-pulsos\/\" \/>\n<meta property=\"og:locale\" content=\"es_ES\" \/>\n<meta property=\"og:type\" content=\"article\" \/>\n<meta property=\"og:title\" content=\"\u00a1Fuerza total! Costa Rica conquist\u00f3 87 medallas en Campeonato de Pulsos - RG Deportes\u200e\" \/>\n<meta property=\"og:description\" content=\"La Selecci\u00f3n Nacional de Costa Rica en la disciplina de la Lucha de Brazo \u00abPulsos\u00bb se laureo con 87 preseas durante la competici\u00f3n del Campeonato Norteamericano de la Lucha de&hellip;\" \/>\n<meta property=\"og:url\" content=\"https:\/\/rgdeportes.com\/index.php\/2025\/02\/24\/fuerza-total-costa-rica-conquisto-87-medallas-en-panamericano-de-pulsos\/\" \/>\n<meta property=\"og:site_name\" content=\"RG Deportes\u200e\" \/>\n<meta property=\"article:publisher\" content=\"https:\/\/www.facebook.com\/RandallGutierrezDeportes\/\" \/>\n<meta property=\"article:published_time\" content=\"2025-02-24T21:52:18+00:00\" \/>\n<meta property=\"article:modified_time\" content=\"2025-02-24T21:53:38+00:00\" \/>\n<meta property=\"og:image\" content=\"http:\/\/rgdeportes.com\/wp-content\/uploads\/2025\/02\/Pulsos-1.jpg\" \/>\n\t<meta property=\"og:image:width\" content=\"1600\" \/>\n\t<meta property=\"og:image:height\" content=\"1066\" \/>\n\t<meta property=\"og:image:type\" content=\"image\/jpeg\" \/>\n<meta name=\"author\" content=\"Randall Gutierrez\" \/>\n<meta name=\"twitter:card\" content=\"summary_large_image\" \/>\n<meta name=\"twitter:label1\" content=\"Escrito por\" \/>\n\t<meta name=\"twitter:data1\" content=\"Randall Gutierrez\" \/>\n\t<meta name=\"twitter:label2\" content=\"Tiempo de lectura\" \/>\n\t<meta name=\"twitter:data2\" content=\"6 minutos\" \/>\n<script type=\"application\/ld+json\" class=\"yoast-schema-graph\">{\"@context\":\"https:\/\/schema.org\",\"@graph\":[{\"@type\":\"Article\",\"@id\":\"https:\/\/rgdeportes.com\/index.php\/2025\/02\/24\/fuerza-total-costa-rica-conquisto-87-medallas-en-panamericano-de-pulsos\/#article\",\"isPartOf\":{\"@id\":\"https:\/\/rgdeportes.com\/index.php\/2025\/02\/24\/fuerza-total-costa-rica-conquisto-87-medallas-en-panamericano-de-pulsos\/\"},\"author\":{\"name\":\"Randall Gutierrez\",\"@id\":\"https:\/\/rgdeportes.com\/#\/schema\/person\/91795323fddb335a4fd017bf0e4b1358\"},\"headline\":\"\u00a1Fuerza total! Costa Rica conquist\u00f3 87 medallas en Campeonato de Pulsos\",\"datePublished\":\"2025-02-24T21:52:18+00:00\",\"dateModified\":\"2025-02-24T21:53:38+00:00\",\"mainEntityOfPage\":{\"@id\":\"https:\/\/rgdeportes.com\/index.php\/2025\/02\/24\/fuerza-total-costa-rica-conquisto-87-medallas-en-panamericano-de-pulsos\/\"},\"wordCount\":1261,\"publisher\":{\"@id\":\"https:\/\/rgdeportes.com\/#organization\"},\"keywords\":[\"#luchadebrazocr2025\",\"#pusoscostarica\"],\"articleSection\":[\"Noticias\"],\"inLanguage\":\"es\"},{\"@type\":\"WebPage\",\"@id\":\"https:\/\/rgdeportes.com\/index.php\/2025\/02\/24\/fuerza-total-costa-rica-conquisto-87-medallas-en-panamericano-de-pulsos\/\",\"url\":\"https:\/\/rgdeportes.com\/index.php\/2025\/02\/24\/fuerza-total-costa-rica-conquisto-87-medallas-en-panamericano-de-pulsos\/\",\"name\":\"\u00a1Fuerza total! Costa Rica conquist\u00f3 87 medallas en Campeonato de Pulsos - RG Deportes\u200e\",\"isPartOf\":{\"@id\":\"https:\/\/rgdeportes.com\/#website\"},\"datePublished\":\"2025-02-24T21:52:18+00:00\",\"dateModified\":\"2025-02-24T21:53:38+00:00\",\"breadcrumb\":{\"@id\":\"https:\/\/rgdeportes.com\/index.php\/2025\/02\/24\/fuerza-total-costa-rica-conquisto-87-medallas-en-panamericano-de-pulsos\/#breadcrumb\"},\"inLanguage\":\"es\",\"potentialAction\":[{\"@type\":\"ReadAction\",\"target\":[\"https:\/\/rgdeportes.com\/index.php\/2025\/02\/24\/fuerza-total-costa-rica-conquisto-87-medallas-en-panamericano-de-pulsos\/\"]}]},{\"@type\":\"BreadcrumbList\",\"@id\":\"https:\/\/rgdeportes.com\/index.php\/2025\/02\/24\/fuerza-total-costa-rica-conquisto-87-medallas-en-panamericano-de-pulsos\/#breadcrumb\",\"itemListElement\":[{\"@type\":\"ListItem\",\"position\":1,\"name\":\"Portada\",\"item\":\"https:\/\/rgdeportes.com\/\"},{\"@type\":\"ListItem\",\"position\":2,\"name\":\"\u00a1Fuerza total! Costa Rica conquist\u00f3 87 medallas en Campeonato de Pulsos\"}]},{\"@type\":\"WebSite\",\"@id\":\"https:\/\/rgdeportes.com\/#website\",\"url\":\"https:\/\/rgdeportes.com\/\",\"name\":\"RG Deportes\u200e\",\"description\":\"\",\"publisher\":{\"@id\":\"https:\/\/rgdeportes.com\/#organization\"},\"potentialAction\":[{\"@type\":\"SearchAction\",\"target\":{\"@type\":\"EntryPoint\",\"urlTemplate\":\"https:\/\/rgdeportes.com\/?s={search_term_string}\"},\"query-input\":\"required name=search_term_string\"}],\"inLanguage\":\"es\"},{\"@type\":\"Organization\",\"@id\":\"https:\/\/rgdeportes.com\/#organization\",\"name\":\"RG Deportes\",\"url\":\"https:\/\/rgdeportes.com\/\",\"logo\":{\"@type\":\"ImageObject\",\"inLanguage\":\"es\",\"@id\":\"https:\/\/rgdeportes.com\/#\/schema\/logo\/image\/\",\"url\":\"https:\/\/rgdeportes.com\/wp-content\/uploads\/2020\/09\/Logo.png\",\"contentUrl\":\"https:\/\/rgdeportes.com\/wp-content\/uploads\/2020\/09\/Logo.png\",\"width\":784,\"height\":552,\"caption\":\"RG Deportes\"},\"image\":{\"@id\":\"https:\/\/rgdeportes.com\/#\/schema\/logo\/image\/\"},\"sameAs\":[\"https:\/\/www.facebook.com\/RandallGutierrezDeportes\/\",\"https:\/\/www.instagram.com\/randallgutierrezdeportes\/\",\"https:\/\/www.youtube.com\/channel\/UCX4_qbvtnTwoF5t2zNqBDvA\"]},{\"@type\":\"Person\",\"@id\":\"https:\/\/rgdeportes.com\/#\/schema\/person\/91795323fddb335a4fd017bf0e4b1358\",\"name\":\"Randall Gutierrez\",\"image\":{\"@type\":\"ImageObject\",\"inLanguage\":\"es\",\"@id\":\"https:\/\/rgdeportes.com\/#\/schema\/person\/image\/\",\"url\":\"https:\/\/secure.gravatar.com\/avatar\/d0884ea8b9b50bcfad3c0d20049361b5?s=96&d=mm&r=g\",\"contentUrl\":\"https:\/\/secure.gravatar.com\/avatar\/d0884ea8b9b50bcfad3c0d20049361b5?s=96&d=mm&r=g\",\"caption\":\"Randall Gutierrez\"},\"url\":\"https:\/\/rgdeportes.com\/index.php\/author\/randall\/\"}]}<\/script>\n<!-- \/ Yoast SEO plugin. -->","yoast_head_json":{"title":"\u00a1Fuerza total! Costa Rica conquist\u00f3 87 medallas en Campeonato de Pulsos - RG Deportes\u200e","robots":{"index":"index","follow":"follow","max-snippet":"max-snippet:-1","max-image-preview":"max-image-preview:large","max-video-preview":"max-video-preview:-1"},"canonical":"https:\/\/rgdeportes.com\/index.php\/2025\/02\/24\/fuerza-total-costa-rica-conquisto-87-medallas-en-panamericano-de-pulsos\/","og_locale":"es_ES","og_type":"article","og_title":"\u00a1Fuerza total! Costa Rica conquist\u00f3 87 medallas en Campeonato de Pulsos - RG Deportes\u200e","og_description":"La Selecci\u00f3n Nacional de Costa Rica en la disciplina de la Lucha de Brazo \u00abPulsos\u00bb se laureo con 87 preseas durante la competici\u00f3n del Campeonato Norteamericano de la Lucha de&hellip;","og_url":"https:\/\/rgdeportes.com\/index.php\/2025\/02\/24\/fuerza-total-costa-rica-conquisto-87-medallas-en-panamericano-de-pulsos\/","og_site_name":"RG Deportes\u200e","article_publisher":"https:\/\/www.facebook.com\/RandallGutierrezDeportes\/","article_published_time":"2025-02-24T21:52:18+00:00","article_modified_time":"2025-02-24T21:53:38+00:00","og_image":[{"width":1600,"height":1066,"url":"http:\/\/rgdeportes.com\/wp-content\/uploads\/2025\/02\/Pulsos-1.jpg","type":"image\/jpeg"}],"author":"Randall Gutierrez","twitter_card":"summary_large_image","twitter_misc":{"Escrito por":"Randall Gutierrez","Tiempo de lectura":"6 minutos"},"schema":{"@context":"https:\/\/schema.org","@graph":[{"@type":"Article","@id":"https:\/\/rgdeportes.com\/index.php\/2025\/02\/24\/fuerza-total-costa-rica-conquisto-87-medallas-en-panamericano-de-pulsos\/#article","isPartOf":{"@id":"https:\/\/rgdeportes.com\/index.php\/2025\/02\/24\/fuerza-total-costa-rica-conquisto-87-medallas-en-panamericano-de-pulsos\/"},"author":{"name":"Randall Gutierrez","@id":"https:\/\/rgdeportes.com\/#\/schema\/person\/91795323fddb335a4fd017bf0e4b1358"},"headline":"\u00a1Fuerza total! Costa Rica conquist\u00f3 87 medallas en Campeonato de Pulsos","datePublished":"2025-02-24T21:52:18+00:00","dateModified":"2025-02-24T21:53:38+00:00","mainEntityOfPage":{"@id":"https:\/\/rgdeportes.com\/index.php\/2025\/02\/24\/fuerza-total-costa-rica-conquisto-87-medallas-en-panamericano-de-pulsos\/"},"wordCount":1261,"publisher":{"@id":"https:\/\/rgdeportes.com\/#organization"},"keywords":["#luchadebrazocr2025","#pusoscostarica"],"articleSection":["Noticias"],"inLanguage":"es"},{"@type":"WebPage","@id":"https:\/\/rgdeportes.com\/index.php\/2025\/02\/24\/fuerza-total-costa-rica-conquisto-87-medallas-en-panamericano-de-pulsos\/","url":"https:\/\/rgdeportes.com\/index.php\/2025\/02\/24\/fuerza-total-costa-rica-conquisto-87-medallas-en-panamericano-de-pulsos\/","name":"\u00a1Fuerza total! Costa Rica conquist\u00f3 87 medallas en Campeonato de Pulsos - RG Deportes\u200e","isPartOf":{"@id":"https:\/\/rgdeportes.com\/#website"},"datePublished":"2025-02-24T21:52:18+00:00","dateModified":"2025-02-24T21:53:38+00:00","breadcrumb":{"@id":"https:\/\/rgdeportes.com\/index.php\/2025\/02\/24\/fuerza-total-costa-rica-conquisto-87-medallas-en-panamericano-de-pulsos\/#breadcrumb"},"inLanguage":"es","potentialAction":[{"@type":"ReadAction","target":["https:\/\/rgdeportes.com\/index.php\/2025\/02\/24\/fuerza-total-costa-rica-conquisto-87-medallas-en-panamericano-de-pulsos\/"]}]},{"@type":"BreadcrumbList","@id":"https:\/\/rgdeportes.com\/index.php\/2025\/02\/24\/fuerza-total-costa-rica-conquisto-87-medallas-en-panamericano-de-pulsos\/#breadcrumb","itemListElement":[{"@type":"ListItem","position":1,"name":"Portada","item":"https:\/\/rgdeportes.com\/"},{"@type":"ListItem","position":2,"name":"\u00a1Fuerza total! Costa Rica conquist\u00f3 87 medallas en Campeonato de Pulsos"}]},{"@type":"WebSite","@id":"https:\/\/rgdeportes.com\/#website","url":"https:\/\/rgdeportes.com\/","name":"RG Deportes\u200e","description":"","publisher":{"@id":"https:\/\/rgdeportes.com\/#organization"},"potentialAction":[{"@type":"SearchAction","target":{"@type":"EntryPoint","urlTemplate":"https:\/\/rgdeportes.com\/?s={search_term_string}"},"query-input":"required name=search_term_string"}],"inLanguage":"es"},{"@type":"Organization","@id":"https:\/\/rgdeportes.com\/#organization","name":"RG Deportes","url":"https:\/\/rgdeportes.com\/","logo":{"@type":"ImageObject","inLanguage":"es","@id":"https:\/\/rgdeportes.com\/#\/schema\/logo\/image\/","url":"https:\/\/rgdeportes.com\/wp-content\/uploads\/2020\/09\/Logo.png","contentUrl":"https:\/\/rgdeportes.com\/wp-content\/uploads\/2020\/09\/Logo.png","width":784,"height":552,"caption":"RG Deportes"},"image":{"@id":"https:\/\/rgdeportes.com\/#\/schema\/logo\/image\/"},"sameAs":["https:\/\/www.facebook.com\/RandallGutierrezDeportes\/","https:\/\/www.instagram.com\/randallgutierrezdeportes\/","https:\/\/www.youtube.com\/channel\/UCX4_qbvtnTwoF5t2zNqBDvA"]},{"@type":"Person","@id":"https:\/\/rgdeportes.com\/#\/schema\/person\/91795323fddb335a4fd017bf0e4b1358","name":"Randall Gutierrez","image":{"@type":"ImageObject","inLanguage":"es","@id":"https:\/\/rgdeportes.com\/#\/schema\/person\/image\/","url":"https:\/\/secure.gravatar.com\/avatar\/d0884ea8b9b50bcfad3c0d20049361b5?s=96&d=mm&r=g","contentUrl":"https:\/\/secure.gravatar.com\/avatar\/d0884ea8b9b50bcfad3c0d20049361b5?s=96&d=mm&r=g","caption":"Randall Gutierrez"},"url":"https:\/\/rgdeportes.com\/index.php\/author\/randall\/"}]}},"_links":{"self":[{"href":"https:\/\/rgdeportes.com\/index.php\/wp-json\/wp\/v2\/posts\/9370","targetHints":{"allow":["GET"]}}],"collection":[{"href":"https:\/\/rgdeportes.com\/index.php\/wp-json\/wp\/v2\/posts"}],"about":[{"href":"https:\/\/rgdeportes.com\/index.php\/wp-json\/wp\/v2\/types\/post"}],"author":[{"embeddable":true,"href":"https:\/\/rgdeportes.com\/index.php\/wp-json\/wp\/v2\/users\/2"}],"replies":[{"embeddable":true,"href":"https:\/\/rgdeportes.com\/index.php\/wp-json\/wp\/v2\/comments?post=9370"}],"version-history":[{"count":2,"href":"https:\/\/rgdeportes.com\/index.php\/wp-json\/wp\/v2\/posts\/9370\/revisions"}],"predecessor-version":[{"id":9374,"href":"https:\/\/rgdeportes.com\/index.php\/wp-json\/wp\/v2\/posts\/9370\/revisions\/9374"}],"wp:featuredmedia":[{"embeddable":true,"href":"https:\/\/rgdeportes.com\/index.php\/wp-json\/wp\/v2\/media\/9371"}],"wp:attachment":[{"href":"https:\/\/rgdeportes.com\/index.php\/wp-json\/wp\/v2\/media?parent=9370"}],"wp:term":[{"taxonomy":"category","embeddable":true,"href":"https:\/\/rgdeportes.com\/index.php\/wp-json\/wp\/v2\/categories?post=9370"},{"taxonomy":"post_tag","embeddable":true,"href":"https:\/\/rgdeportes.com\/index.php\/wp-json\/wp\/v2\/tags?post=9370"}],"curies":[{"name":"wp","href":"https:\/\/api.w.org\/{rel}","templated":true}]}}