{"id":9368,"date":"2025-02-22T00:21:04","date_gmt":"2025-02-22T00:21:04","guid":{"rendered":"https:\/\/rgdeportes.com\/?p=9368"},"modified":"2025-02-22T00:21:04","modified_gmt":"2025-02-22T00:21:04","slug":"ciudad-quesada-con-lo-mejor-del-patinaje-en-su-primera-fecha","status":"publish","type":"post","link":"https:\/\/rgdeportes.com\/index.php\/2025\/02\/22\/ciudad-quesada-con-lo-mejor-del-patinaje-en-su-primera-fecha\/","title":{"rendered":"Ciudad Quesada con lo mejor del Patinaje en su primera fecha"},"content":{"rendered":"\n<figure class=\"wp-block-image size-large\"><img loading=\"lazy\" decoding=\"async\" width=\"1024\" height=\"683\" src=\"http:\/\/rgdeportes.com\/wp-content\/uploads\/2020\/12\/Patinaje-1024x683.jpg\" alt=\"\" class=\"wp-image-1200\" srcset=\"https:\/\/rgdeportes.com\/wp-content\/uploads\/2020\/12\/Patinaje-1024x683.jpg 1024w, https:\/\/rgdeportes.com\/wp-content\/uploads\/2020\/12\/Patinaje-300x200.jpg 300w, https:\/\/rgdeportes.com\/wp-content\/uploads\/2020\/12\/Patinaje-768x512.jpg 768w, https:\/\/rgdeportes.com\/wp-content\/uploads\/2020\/12\/Patinaje-1536x1024.jpg 1536w, https:\/\/rgdeportes.com\/wp-content\/uploads\/2020\/12\/Patinaje.jpg 2048w\" sizes=\"auto, (max-width: 1024px) 100vw, 1024px\" \/><\/figure>\n\n\n\n<p>La comunidad nacional del patinaje de velocidad se reunir\u00e1 este fin de semana en Ciudad Quesada, San Carlos, donde la Federaci\u00f3n Costarricense de Patinaje y Deportes Afines (FEDEPAT) realizar\u00e1 la primera fecha de los campeonatos nacionales de 2025.<\/p>\n\n\n\n<p>Las competencias tendr\u00e1n lugar en el Patin\u00f3dromo Maracan\u00e1 a partir de las 7:30 a. m. el s\u00e1bado 22 y el domingo 23 de febrero. En ellas participar\u00e1n m\u00e1s de 150 patinadores\/as que forman parte de nueve equipos: Alajuela (CODEA), Ca\u00f1as (asociaci\u00f3n deportiva), Cartago (CCDR), Entrenamiento Mortal (asociaci\u00f3n deportiva), Escaz\u00fa (CCDR), Mora (asociaci\u00f3n deportiva), San Carlos (asociaci\u00f3n deportiva), San Jos\u00e9 (CCDR) y Siles Skate (asociaci\u00f3n deportiva).<\/p>\n\n\n\n<p>Las categor\u00edas menores ser\u00e1n 8, 9, 10, 11 y 12 a\u00f1os, en las cuales se realizar\u00e1n cuatro pruebas: meta contra meta, remates, puntuaci\u00f3n y circuito de habilidades. En las categor\u00edas mayores, que incluyen prejuvenil (13-14 a\u00f1os), juvenil (15-18 a\u00f1os) y senior (19 y m\u00e1s a\u00f1os), se llevar\u00e1n a cabo las siguientes cuatro pruebas: 100 metros meta contra meta, 500 metros m\u00e1s distancia, puntuaci\u00f3n y puntuaci\u00f3n\/eliminaci\u00f3n. En la categor\u00eda open tambi\u00e9n se realizar\u00e1n estas pruebas.<\/p>\n\n\n\n<p>Los campeonatos constar\u00e1n de cinco fechas que se realizar\u00e1n en diferentes instalaciones deportivas del pa\u00eds e incluir\u00e1n pruebas en la modalidad de pista y de ruta.<br>Para cada campeonato (menores, mayores y open) se llevar\u00e1 un ranking tanto a nivel colectivo como individual. Los\/as patinadores\/as y equipos sumar\u00e1n puntos en cada competencia que participan durante el a\u00f1o. Los que al final del a\u00f1o acumulen la mayor cantidad de puntos ser\u00e1n designados como los campeones nacionales.<\/p>\n\n\n\n<p>Los rankings tambi\u00e9n ser\u00e1n la base para definir las preselecciones nacionales de patinaje de velocidad para su participaci\u00f3n en eventos internacionales, que este a\u00f1o incluyen el Campeonato Panamericano, el Campeonato Mundial, los Juegos Panamericanos de la Juventud y los Juegos Deportivos Centroamericanos. Adem\u00e1s, este a\u00f1o Costa Rica ser\u00e1 sede del Campeonato Centroamericano, por realizarse en el mes de diciembre.<br>Adem\u00e1s de los campeonatos nacionales de patinaje de velocidad, la FEDEPAT organizar\u00e1 este a\u00f1o cuatro festivales nacionales de escuelas de iniciaci\u00f3n.<\/p>\n\n\n\n<p>El primero tendr\u00e1 lugar el 9 de marzo en el Patin\u00f3dromo Nacional La Sabana.<br>De igual manera, durante el a\u00f1o se desarrollar\u00e1n los campeonatos nacionales de roller freestyle, cuya primera fecha se realiz\u00f3 el 16 de febrero, skate cross, scooter y otras modalidades de patinaje, para lo cual la FEDEPAT contar\u00e1 con el apoyo de las respectivas comisiones.<br>Otra importante iniciativa ser\u00e1 la promoci\u00f3n del patinaje sobre hielo, habi\u00e9ndose nombrado recientemente una comisi\u00f3n que se encargar\u00e1 de impulsar esa modalidad de patinaje y que proyecta organizar campeonatos nacionales de patinaje art\u00edstico y hockey sobre hielo.<\/p>\n\n\n\n<p>Por \u00faltimo, el grupo de patinadores veteranos se dar\u00e1 a la tarea de organizar por segunda ocasi\u00f3n un evento para celebrar el \u201cGlobal Roller Day\u201d, el cual tendr\u00e1 lugar en Puntarenas el 6 de abril.<br>As\u00ed que el calendario del patinaje est\u00e1 cargado de eventos este a\u00f1o, por lo que invitamos a todos los amantes de este deporte a que se enteren de ellos visitando las redes sociales de la FEDEPAT y a que viajen este fin de semana a Ciudad Quesada para apoyar a ni\u00f1os\/as, j\u00f3venes y adultos que dar\u00e1n su mejor esfuerzo en la primera fecha de los campeonatos nacionales de patinaje de velocidad.<\/p>\n\n\n\n<p>(Foto &#8211; Archivo FEDEPAT). <\/p>\n","protected":false},"excerpt":{"rendered":"<p>La comunidad nacional del patinaje de velocidad se reunir\u00e1 este fin de semana en Ciudad Quesada, San Carlos, donde la Federaci\u00f3n Costarricense de Patinaje y Deportes Afines (FEDEPAT) realizar\u00e1 la&hellip; <\/p>\n","protected":false},"author":2,"featured_media":1200,"comment_status":"closed","ping_status":"closed","sticky":false,"template":"","format":"standard","meta":{"om_disable_all_campaigns":false,"_monsterinsights_skip_tracking":false,"_monsterinsights_sitenote_active":false,"_monsterinsights_sitenote_note":"","_monsterinsights_sitenote_category":0,"footnotes":""},"categories":[4],"tags":[2959],"class_list":["post-9368","post","type-post","status-publish","format-standard","has-post-thumbnail","hentry","category-noticias","tag-patinajeciudsdquesada"],"aioseo_notices":[],"yoast_head":"<!-- This site is optimized with the Yoast SEO plugin v21.2 - https:\/\/yoast.com\/wordpress\/plugins\/seo\/ -->\n<title>Ciudad Quesada con lo mejor del Patinaje en su primera fecha - RG Deportes\u200e<\/title>\n<meta name=\"robots\" content=\"index, follow, max-snippet:-1, max-image-preview:large, max-video-preview:-1\" \/>\n<link rel=\"canonical\" href=\"https:\/\/rgdeportes.com\/index.php\/2025\/02\/22\/ciudad-quesada-con-lo-mejor-del-patinaje-en-su-primera-fecha\/\" \/>\n<meta property=\"og:locale\" content=\"es_ES\" \/>\n<meta property=\"og:type\" content=\"article\" \/>\n<meta property=\"og:title\" content=\"Ciudad Quesada con lo mejor del Patinaje en su primera fecha - RG Deportes\u200e\" \/>\n<meta property=\"og:description\" content=\"La comunidad nacional del patinaje de velocidad se reunir\u00e1 este fin de semana en Ciudad Quesada, San Carlos, donde la Federaci\u00f3n Costarricense de Patinaje y Deportes Afines (FEDEPAT) realizar\u00e1 la&hellip;\" \/>\n<meta property=\"og:url\" content=\"https:\/\/rgdeportes.com\/index.php\/2025\/02\/22\/ciudad-quesada-con-lo-mejor-del-patinaje-en-su-primera-fecha\/\" \/>\n<meta property=\"og:site_name\" content=\"RG Deportes\u200e\" \/>\n<meta property=\"article:publisher\" content=\"https:\/\/www.facebook.com\/RandallGutierrezDeportes\/\" \/>\n<meta property=\"article:published_time\" content=\"2025-02-22T00:21:04+00:00\" \/>\n<meta property=\"og:image\" content=\"http:\/\/rgdeportes.com\/wp-content\/uploads\/2020\/12\/Patinaje.jpg\" \/>\n\t<meta property=\"og:image:width\" content=\"2048\" \/>\n\t<meta property=\"og:image:height\" content=\"1365\" \/>\n\t<meta property=\"og:image:type\" content=\"image\/jpeg\" \/>\n<meta name=\"author\" content=\"Randall Gutierrez\" \/>\n<meta name=\"twitter:card\" content=\"summary_large_image\" \/>\n<meta name=\"twitter:label1\" content=\"Escrito por\" \/>\n\t<meta name=\"twitter:data1\" content=\"Randall Gutierrez\" \/>\n\t<meta name=\"twitter:label2\" content=\"Tiempo de lectura\" \/>\n\t<meta name=\"twitter:data2\" content=\"3 minutos\" \/>\n<script type=\"application\/ld+json\" class=\"yoast-schema-graph\">{\"@context\":\"https:\/\/schema.org\",\"@graph\":[{\"@type\":\"Article\",\"@id\":\"https:\/\/rgdeportes.com\/index.php\/2025\/02\/22\/ciudad-quesada-con-lo-mejor-del-patinaje-en-su-primera-fecha\/#article\",\"isPartOf\":{\"@id\":\"https:\/\/rgdeportes.com\/index.php\/2025\/02\/22\/ciudad-quesada-con-lo-mejor-del-patinaje-en-su-primera-fecha\/\"},\"author\":{\"name\":\"Randall Gutierrez\",\"@id\":\"https:\/\/rgdeportes.com\/#\/schema\/person\/91795323fddb335a4fd017bf0e4b1358\"},\"headline\":\"Ciudad Quesada con lo mejor del Patinaje en su primera fecha\",\"datePublished\":\"2025-02-22T00:21:04+00:00\",\"dateModified\":\"2025-02-22T00:21:04+00:00\",\"mainEntityOfPage\":{\"@id\":\"https:\/\/rgdeportes.com\/index.php\/2025\/02\/22\/ciudad-quesada-con-lo-mejor-del-patinaje-en-su-primera-fecha\/\"},\"wordCount\":596,\"publisher\":{\"@id\":\"https:\/\/rgdeportes.com\/#organization\"},\"keywords\":[\"#patinajeciudsdquesada\"],\"articleSection\":[\"Noticias\"],\"inLanguage\":\"es\"},{\"@type\":\"WebPage\",\"@id\":\"https:\/\/rgdeportes.com\/index.php\/2025\/02\/22\/ciudad-quesada-con-lo-mejor-del-patinaje-en-su-primera-fecha\/\",\"url\":\"https:\/\/rgdeportes.com\/index.php\/2025\/02\/22\/ciudad-quesada-con-lo-mejor-del-patinaje-en-su-primera-fecha\/\",\"name\":\"Ciudad Quesada con lo mejor del Patinaje en su primera fecha - RG Deportes\u200e\",\"isPartOf\":{\"@id\":\"https:\/\/rgdeportes.com\/#website\"},\"datePublished\":\"2025-02-22T00:21:04+00:00\",\"dateModified\":\"2025-02-22T00:21:04+00:00\",\"breadcrumb\":{\"@id\":\"https:\/\/rgdeportes.com\/index.php\/2025\/02\/22\/ciudad-quesada-con-lo-mejor-del-patinaje-en-su-primera-fecha\/#breadcrumb\"},\"inLanguage\":\"es\",\"potentialAction\":[{\"@type\":\"ReadAction\",\"target\":[\"https:\/\/rgdeportes.com\/index.php\/2025\/02\/22\/ciudad-quesada-con-lo-mejor-del-patinaje-en-su-primera-fecha\/\"]}]},{\"@type\":\"BreadcrumbList\",\"@id\":\"https:\/\/rgdeportes.com\/index.php\/2025\/02\/22\/ciudad-quesada-con-lo-mejor-del-patinaje-en-su-primera-fecha\/#breadcrumb\",\"itemListElement\":[{\"@type\":\"ListItem\",\"position\":1,\"name\":\"Portada\",\"item\":\"https:\/\/rgdeportes.com\/\"},{\"@type\":\"ListItem\",\"position\":2,\"name\":\"Ciudad Quesada con lo mejor del Patinaje en su primera fecha\"}]},{\"@type\":\"WebSite\",\"@id\":\"https:\/\/rgdeportes.com\/#website\",\"url\":\"https:\/\/rgdeportes.com\/\",\"name\":\"RG Deportes\u200e\",\"description\":\"\",\"publisher\":{\"@id\":\"https:\/\/rgdeportes.com\/#organization\"},\"potentialAction\":[{\"@type\":\"SearchAction\",\"target\":{\"@type\":\"EntryPoint\",\"urlTemplate\":\"https:\/\/rgdeportes.com\/?s={search_term_string}\"},\"query-input\":\"required name=search_term_string\"}],\"inLanguage\":\"es\"},{\"@type\":\"Organization\",\"@id\":\"https:\/\/rgdeportes.com\/#organization\",\"name\":\"RG Deportes\",\"url\":\"https:\/\/rgdeportes.com\/\",\"logo\":{\"@type\":\"ImageObject\",\"inLanguage\":\"es\",\"@id\":\"https:\/\/rgdeportes.com\/#\/schema\/logo\/image\/\",\"url\":\"https:\/\/rgdeportes.com\/wp-content\/uploads\/2020\/09\/Logo.png\",\"contentUrl\":\"https:\/\/rgdeportes.com\/wp-content\/uploads\/2020\/09\/Logo.png\",\"width\":784,\"height\":552,\"caption\":\"RG Deportes\"},\"image\":{\"@id\":\"https:\/\/rgdeportes.com\/#\/schema\/logo\/image\/\"},\"sameAs\":[\"https:\/\/www.facebook.com\/RandallGutierrezDeportes\/\",\"https:\/\/www.instagram.com\/randallgutierrezdeportes\/\",\"https:\/\/www.youtube.com\/channel\/UCX4_qbvtnTwoF5t2zNqBDvA\"]},{\"@type\":\"Person\",\"@id\":\"https:\/\/rgdeportes.com\/#\/schema\/person\/91795323fddb335a4fd017bf0e4b1358\",\"name\":\"Randall Gutierrez\",\"image\":{\"@type\":\"ImageObject\",\"inLanguage\":\"es\",\"@id\":\"https:\/\/rgdeportes.com\/#\/schema\/person\/image\/\",\"url\":\"https:\/\/secure.gravatar.com\/avatar\/d0884ea8b9b50bcfad3c0d20049361b5?s=96&d=mm&r=g\",\"contentUrl\":\"https:\/\/secure.gravatar.com\/avatar\/d0884ea8b9b50bcfad3c0d20049361b5?s=96&d=mm&r=g\",\"caption\":\"Randall Gutierrez\"},\"url\":\"https:\/\/rgdeportes.com\/index.php\/author\/randall\/\"}]}<\/script>\n<!-- \/ Yoast SEO plugin. -->","yoast_head_json":{"title":"Ciudad Quesada con lo mejor del Patinaje en su primera fecha - RG Deportes\u200e","robots":{"index":"index","follow":"follow","max-snippet":"max-snippet:-1","max-image-preview":"max-image-preview:large","max-video-preview":"max-video-preview:-1"},"canonical":"https:\/\/rgdeportes.com\/index.php\/2025\/02\/22\/ciudad-quesada-con-lo-mejor-del-patinaje-en-su-primera-fecha\/","og_locale":"es_ES","og_type":"article","og_title":"Ciudad Quesada con lo mejor del Patinaje en su primera fecha - RG Deportes\u200e","og_description":"La comunidad nacional del patinaje de velocidad se reunir\u00e1 este fin de semana en Ciudad Quesada, San Carlos, donde la Federaci\u00f3n Costarricense de Patinaje y Deportes Afines (FEDEPAT) realizar\u00e1 la&hellip;","og_url":"https:\/\/rgdeportes.com\/index.php\/2025\/02\/22\/ciudad-quesada-con-lo-mejor-del-patinaje-en-su-primera-fecha\/","og_site_name":"RG Deportes\u200e","article_publisher":"https:\/\/www.facebook.com\/RandallGutierrezDeportes\/","article_published_time":"2025-02-22T00:21:04+00:00","og_image":[{"width":2048,"height":1365,"url":"http:\/\/rgdeportes.com\/wp-content\/uploads\/2020\/12\/Patinaje.jpg","type":"image\/jpeg"}],"author":"Randall Gutierrez","twitter_card":"summary_large_image","twitter_misc":{"Escrito por":"Randall Gutierrez","Tiempo de lectura":"3 minutos"},"schema":{"@context":"https:\/\/schema.org","@graph":[{"@type":"Article","@id":"https:\/\/rgdeportes.com\/index.php\/2025\/02\/22\/ciudad-quesada-con-lo-mejor-del-patinaje-en-su-primera-fecha\/#article","isPartOf":{"@id":"https:\/\/rgdeportes.com\/index.php\/2025\/02\/22\/ciudad-quesada-con-lo-mejor-del-patinaje-en-su-primera-fecha\/"},"author":{"name":"Randall Gutierrez","@id":"https:\/\/rgdeportes.com\/#\/schema\/person\/91795323fddb335a4fd017bf0e4b1358"},"headline":"Ciudad Quesada con lo mejor del Patinaje en su primera fecha","datePublished":"2025-02-22T00:21:04+00:00","dateModified":"2025-02-22T00:21:04+00:00","mainEntityOfPage":{"@id":"https:\/\/rgdeportes.com\/index.php\/2025\/02\/22\/ciudad-quesada-con-lo-mejor-del-patinaje-en-su-primera-fecha\/"},"wordCount":596,"publisher":{"@id":"https:\/\/rgdeportes.com\/#organization"},"keywords":["#patinajeciudsdquesada"],"articleSection":["Noticias"],"inLanguage":"es"},{"@type":"WebPage","@id":"https:\/\/rgdeportes.com\/index.php\/2025\/02\/22\/ciudad-quesada-con-lo-mejor-del-patinaje-en-su-primera-fecha\/","url":"https:\/\/rgdeportes.com\/index.php\/2025\/02\/22\/ciudad-quesada-con-lo-mejor-del-patinaje-en-su-primera-fecha\/","name":"Ciudad Quesada con lo mejor del Patinaje en su primera fecha - RG Deportes\u200e","isPartOf":{"@id":"https:\/\/rgdeportes.com\/#website"},"datePublished":"2025-02-22T00:21:04+00:00","dateModified":"2025-02-22T00:21:04+00:00","breadcrumb":{"@id":"https:\/\/rgdeportes.com\/index.php\/2025\/02\/22\/ciudad-quesada-con-lo-mejor-del-patinaje-en-su-primera-fecha\/#breadcrumb"},"inLanguage":"es","potentialAction":[{"@type":"ReadAction","target":["https:\/\/rgdeportes.com\/index.php\/2025\/02\/22\/ciudad-quesada-con-lo-mejor-del-patinaje-en-su-primera-fecha\/"]}]},{"@type":"BreadcrumbList","@id":"https:\/\/rgdeportes.com\/index.php\/2025\/02\/22\/ciudad-quesada-con-lo-mejor-del-patinaje-en-su-primera-fecha\/#breadcrumb","itemListElement":[{"@type":"ListItem","position":1,"name":"Portada","item":"https:\/\/rgdeportes.com\/"},{"@type":"ListItem","position":2,"name":"Ciudad Quesada con lo mejor del Patinaje en su primera fecha"}]},{"@type":"WebSite","@id":"https:\/\/rgdeportes.com\/#website","url":"https:\/\/rgdeportes.com\/","name":"RG Deportes\u200e","description":"","publisher":{"@id":"https:\/\/rgdeportes.com\/#organization"},"potentialAction":[{"@type":"SearchAction","target":{"@type":"EntryPoint","urlTemplate":"https:\/\/rgdeportes.com\/?s={search_term_string}"},"query-input":"required name=search_term_string"}],"inLanguage":"es"},{"@type":"Organization","@id":"https:\/\/rgdeportes.com\/#organization","name":"RG Deportes","url":"https:\/\/rgdeportes.com\/","logo":{"@type":"ImageObject","inLanguage":"es","@id":"https:\/\/rgdeportes.com\/#\/schema\/logo\/image\/","url":"https:\/\/rgdeportes.com\/wp-content\/uploads\/2020\/09\/Logo.png","contentUrl":"https:\/\/rgdeportes.com\/wp-content\/uploads\/2020\/09\/Logo.png","width":784,"height":552,"caption":"RG Deportes"},"image":{"@id":"https:\/\/rgdeportes.com\/#\/schema\/logo\/image\/"},"sameAs":["https:\/\/www.facebook.com\/RandallGutierrezDeportes\/","https:\/\/www.instagram.com\/randallgutierrezdeportes\/","https:\/\/www.youtube.com\/channel\/UCX4_qbvtnTwoF5t2zNqBDvA"]},{"@type":"Person","@id":"https:\/\/rgdeportes.com\/#\/schema\/person\/91795323fddb335a4fd017bf0e4b1358","name":"Randall Gutierrez","image":{"@type":"ImageObject","inLanguage":"es","@id":"https:\/\/rgdeportes.com\/#\/schema\/person\/image\/","url":"https:\/\/secure.gravatar.com\/avatar\/d0884ea8b9b50bcfad3c0d20049361b5?s=96&d=mm&r=g","contentUrl":"https:\/\/secure.gravatar.com\/avatar\/d0884ea8b9b50bcfad3c0d20049361b5?s=96&d=mm&r=g","caption":"Randall Gutierrez"},"url":"https:\/\/rgdeportes.com\/index.php\/author\/randall\/"}]}},"_links":{"self":[{"href":"https:\/\/rgdeportes.com\/index.php\/wp-json\/wp\/v2\/posts\/9368","targetHints":{"allow":["GET"]}}],"collection":[{"href":"https:\/\/rgdeportes.com\/index.php\/wp-json\/wp\/v2\/posts"}],"about":[{"href":"https:\/\/rgdeportes.com\/index.php\/wp-json\/wp\/v2\/types\/post"}],"author":[{"embeddable":true,"href":"https:\/\/rgdeportes.com\/index.php\/wp-json\/wp\/v2\/users\/2"}],"replies":[{"embeddable":true,"href":"https:\/\/rgdeportes.com\/index.php\/wp-json\/wp\/v2\/comments?post=9368"}],"version-history":[{"count":1,"href":"https:\/\/rgdeportes.com\/index.php\/wp-json\/wp\/v2\/posts\/9368\/revisions"}],"predecessor-version":[{"id":9369,"href":"https:\/\/rgdeportes.com\/index.php\/wp-json\/wp\/v2\/posts\/9368\/revisions\/9369"}],"wp:featuredmedia":[{"embeddable":true,"href":"https:\/\/rgdeportes.com\/index.php\/wp-json\/wp\/v2\/media\/1200"}],"wp:attachment":[{"href":"https:\/\/rgdeportes.com\/index.php\/wp-json\/wp\/v2\/media?parent=9368"}],"wp:term":[{"taxonomy":"category","embeddable":true,"href":"https:\/\/rgdeportes.com\/index.php\/wp-json\/wp\/v2\/categories?post=9368"},{"taxonomy":"post_tag","embeddable":true,"href":"https:\/\/rgdeportes.com\/index.php\/wp-json\/wp\/v2\/tags?post=9368"}],"curies":[{"name":"wp","href":"https:\/\/api.w.org\/{rel}","templated":true}]}}