{"id":9336,"date":"2025-02-18T18:20:18","date_gmt":"2025-02-18T18:20:18","guid":{"rendered":"https:\/\/rgdeportes.com\/?p=9336"},"modified":"2025-02-18T18:20:19","modified_gmt":"2025-02-18T18:20:19","slug":"desafio-al-extremo-en-la-prueba-de-aguas-abiertas-y-acuatlon-video","status":"publish","type":"post","link":"https:\/\/rgdeportes.com\/index.php\/2025\/02\/18\/desafio-al-extremo-en-la-prueba-de-aguas-abiertas-y-acuatlon-video\/","title":{"rendered":"Desaf\u00edo al extremo en la prueba de Aguas Abiertas y Acuatl\u00f3n (Video)"},"content":{"rendered":"\n<figure class=\"wp-block-image size-large\"><img loading=\"lazy\" decoding=\"async\" width=\"1024\" height=\"682\" src=\"https:\/\/rgdeportes.com\/wp-content\/uploads\/2025\/02\/WhatsApp-Image-2025-02-16-at-13.07.13-2-1024x682.jpeg\" alt=\"\" class=\"wp-image-9337\" srcset=\"https:\/\/rgdeportes.com\/wp-content\/uploads\/2025\/02\/WhatsApp-Image-2025-02-16-at-13.07.13-2-1024x682.jpeg 1024w, https:\/\/rgdeportes.com\/wp-content\/uploads\/2025\/02\/WhatsApp-Image-2025-02-16-at-13.07.13-2-300x200.jpeg 300w, https:\/\/rgdeportes.com\/wp-content\/uploads\/2025\/02\/WhatsApp-Image-2025-02-16-at-13.07.13-2-768x512.jpeg 768w, https:\/\/rgdeportes.com\/wp-content\/uploads\/2025\/02\/WhatsApp-Image-2025-02-16-at-13.07.13-2-1536x1024.jpeg 1536w, https:\/\/rgdeportes.com\/wp-content\/uploads\/2025\/02\/WhatsApp-Image-2025-02-16-at-13.07.13-2-2048x1365.jpeg 2048w\" sizes=\"auto, (max-width: 1024px) 100vw, 1024px\" \/><\/figure>\n\n\n\n<p>Los amantes de la nataci\u00f3n tuvieron un desafi\u00f3 bastante complejo en lo que fue \u00abEl Escape de la Isla Chora\u00bb en lo que se refiere a las Aguas Abiertas, misma prueba se realiz\u00f3 el pasado fin de semana desde la zona de Samara provincia de Guanacaste donde los nadadores compitieron en dos modalidades de los 3000 mil y 1500 metros.<\/p>\n\n\n\n<p>La categor\u00eda masculina de la prueba de los 3000 metros la gan\u00f3 George G\u00f3mez Montoya con un tiempo de 01:07:16, mientras que la femenina fue para Diane Gallas con 01:02:02. En los 1500 los ganadores fueron Horacio Maldonado marcando 00:22:50 e Isabella Hern\u00e1ndez Mondrag\u00f3n con 00:25:24, en masculino y femenino respectivamente.<\/p>\n\n\n\n<p>El Acuatl\u00f3n se disput\u00f3 el domingo con un clima fresco, bastante favorecedor para los competidores. En esta disciplina el ganador de la distancia larga, que comprendi\u00f3 1 kil\u00f3metro nadando y 6 kil\u00f3metros corriendo, en masculino fue Emanuel Gonz\u00e1lez Murillo con un tiempo de 00:50:45 y en femenino Hannia Quir\u00f3s Quir\u00f3s marc\u00f3 01:00:20 . Mientras que, en la distancia 500 metros nadando y 3 kil\u00f3metros corriendo el ganador fue Esteban Gonz\u00e1lez Fern\u00e1ndez con 00:24:16 en masculino y Carolina Gutierrez en femenino con 00:41:46.<\/p>\n\n\n\n<figure class=\"wp-block-image size-large\"><img loading=\"lazy\" decoding=\"async\" width=\"1024\" height=\"682\" src=\"https:\/\/rgdeportes.com\/wp-content\/uploads\/2025\/02\/WhatsApp-Image-2025-02-16-at-13.07.14-4-1024x682.jpeg\" alt=\"\" class=\"wp-image-9338\" srcset=\"https:\/\/rgdeportes.com\/wp-content\/uploads\/2025\/02\/WhatsApp-Image-2025-02-16-at-13.07.14-4-1024x682.jpeg 1024w, https:\/\/rgdeportes.com\/wp-content\/uploads\/2025\/02\/WhatsApp-Image-2025-02-16-at-13.07.14-4-300x200.jpeg 300w, https:\/\/rgdeportes.com\/wp-content\/uploads\/2025\/02\/WhatsApp-Image-2025-02-16-at-13.07.14-4-768x512.jpeg 768w, https:\/\/rgdeportes.com\/wp-content\/uploads\/2025\/02\/WhatsApp-Image-2025-02-16-at-13.07.14-4-1536x1024.jpeg 1536w, https:\/\/rgdeportes.com\/wp-content\/uploads\/2025\/02\/WhatsApp-Image-2025-02-16-at-13.07.14-4-2048x1365.jpeg 2048w\" sizes=\"auto, (max-width: 1024px) 100vw, 1024px\" \/><\/figure>\n\n\n\n<p>Como es tradicional en los eventos de MultiReto, el domingo se disput\u00f3 la carrera infantil gratuita, que es parte de las acciones de promoci\u00f3n de la salud y el ejercicio que esta empresa impulsa desde tempranas edades, como parte de su responsabilidad social.<\/p>\n\n\n\n<p><strong>RESULTADOS ESCAPE DE LA ISLA CHORA<\/strong><\/p>\n\n\n\n<p><strong>AGUAS ABIERTAS (3k)<\/strong><\/p>\n\n\n\n<p><strong>Masculino<\/strong><\/p>\n\n\n\n<p>1-George G\u00f3mez Montoya (01:07:16)<\/p>\n\n\n\n<p>2-Brayan Leal Quir\u00f3s (01:08:30)<\/p>\n\n\n\n<p>3-Felipe de San Rom\u00e1n Campos (01:08:50)<\/p>\n\n\n\n<p><strong>Femenino<\/strong><\/p>\n\n\n\n<p>1-Diane Gallas (01:02:02)<\/p>\n\n\n\n<p>2-Abril Chac\u00f3n Araya (01:05:19)<\/p>\n\n\n\n<p>3- Marilyn Fonseca Quesada (01:13:50)<\/p>\n\n\n\n<p><strong>AGUAS ABIERTAS (1.5k)<\/strong><\/p>\n\n\n\n<p><strong>Masculino<\/strong><\/p>\n\n\n\n<p>1-Horacio Maldonado (00:22:50)<\/p>\n\n\n\n<p>2-Patrick Fangman Mu\u00f1oz (00:25:18)<\/p>\n\n\n\n<p>3-Donald Mendoza Gonz\u00e1lez (00:25:21)<\/p>\n\n\n\n<p><strong>Femenino<\/strong><\/p>\n\n\n\n<p>1-Isabella Hern\u00e1ndez Mondrag\u00f3n (00:25:24)<\/p>\n\n\n\n<p>2-Rocio Loveless Vanegas (00:25:37)<\/p>\n\n\n\n<p>3-Elena Alvarado Chac\u00f3n (00:26:26)<\/p>\n\n\n\n<p><strong>ACUATL\u00d3N (Largo)<\/strong><\/p>\n\n\n\n<p><strong>Masculino<\/strong><\/p>\n\n\n\n<p>1-Emanuel Gonz\u00e1lez Murillo (00:50:45)<\/p>\n\n\n\n<p>2-Santiago Neira Montero (00:52:01)<\/p>\n\n\n\n<p>3-C\u00e9sar Daniel Artavia Herrera (00:52:57)<\/p>\n\n\n\n<p><strong>Femenino<\/strong><\/p>\n\n\n\n<p>1-Hannia Quir\u00f3s Quir\u00f3s (01:00:20)<\/p>\n\n\n\n<p>2-Micxin Fallas Bonilla (01:01:56)<\/p>\n\n\n\n<p>3-Ana Deilyn Picado Leiton (01:02:34)<\/p>\n\n\n\n<p><strong>ACUATL\u00d3N (Corto)<\/strong><\/p>\n\n\n\n<p><strong>Masculino<\/strong><\/p>\n\n\n\n<p>1-Esteban Gonz\u00e1lez Fern\u00e1ndez (00:24:16)<\/p>\n\n\n\n<p>2-Ernesto Acosta Obando (00:26:21)<\/p>\n\n\n\n<p><strong>Femenino<\/strong><\/p>\n\n\n\n<p>1-Carolina Gutierrez (00:41:46)<\/p>\n\n\n\n<p>(Fotos y Video cortes\u00eda MJ Comunicaci\u00f3n)<\/p>\n\n\n\n<figure class=\"wp-block-embed is-type-video is-provider-youtube wp-block-embed-youtube wp-embed-aspect-16-9 wp-has-aspect-ratio\"><div class=\"wp-block-embed__wrapper\">\n<iframe loading=\"lazy\" title=\"Nataci\u00f3n Aguas Abiertas\" width=\"1110\" height=\"624\" src=\"https:\/\/www.youtube.com\/embed\/pGNBcWvkXWY?feature=oembed\" frameborder=\"0\" allow=\"accelerometer; autoplay; clipboard-write; encrypted-media; gyroscope; picture-in-picture; web-share\" referrerpolicy=\"strict-origin-when-cross-origin\" allowfullscreen><\/iframe>\n<\/div><\/figure>\n","protected":false},"excerpt":{"rendered":"<p>Los amantes de la nataci\u00f3n tuvieron un desafi\u00f3 bastante complejo en lo que fue \u00abEl Escape de la Isla Chora\u00bb en lo que se refiere a las Aguas Abiertas, misma&hellip; <\/p>\n","protected":false},"author":2,"featured_media":9337,"comment_status":"closed","ping_status":"closed","sticky":false,"template":"","format":"standard","meta":{"om_disable_all_campaigns":false,"_monsterinsights_skip_tracking":false,"_monsterinsights_sitenote_active":false,"_monsterinsights_sitenote_note":"","_monsterinsights_sitenote_category":0,"footnotes":""},"categories":[523],"tags":[2948,2947],"class_list":["post-9336","post","type-post","status-publish","format-standard","has-post-thumbnail","hentry","category-dac","tag-acuatloncostarica","tag-aguasabiertas2025"],"aioseo_notices":[],"yoast_head":"<!-- This site is optimized with the Yoast SEO plugin v21.2 - https:\/\/yoast.com\/wordpress\/plugins\/seo\/ -->\n<title>Desaf\u00edo al extremo en la prueba de Aguas Abiertas y Acuatl\u00f3n (Video) - RG Deportes\u200e<\/title>\n<meta name=\"robots\" content=\"index, follow, max-snippet:-1, max-image-preview:large, max-video-preview:-1\" \/>\n<link rel=\"canonical\" href=\"https:\/\/rgdeportes.com\/index.php\/2025\/02\/18\/desafio-al-extremo-en-la-prueba-de-aguas-abiertas-y-acuatlon-video\/\" \/>\n<meta property=\"og:locale\" content=\"es_ES\" \/>\n<meta property=\"og:type\" content=\"article\" \/>\n<meta property=\"og:title\" content=\"Desaf\u00edo al extremo en la prueba de Aguas Abiertas y Acuatl\u00f3n (Video) - RG Deportes\u200e\" \/>\n<meta property=\"og:description\" content=\"Los amantes de la nataci\u00f3n tuvieron un desafi\u00f3 bastante complejo en lo que fue \u00abEl Escape de la Isla Chora\u00bb en lo que se refiere a las Aguas Abiertas, misma&hellip;\" \/>\n<meta property=\"og:url\" content=\"https:\/\/rgdeportes.com\/index.php\/2025\/02\/18\/desafio-al-extremo-en-la-prueba-de-aguas-abiertas-y-acuatlon-video\/\" \/>\n<meta property=\"og:site_name\" content=\"RG Deportes\u200e\" \/>\n<meta property=\"article:publisher\" content=\"https:\/\/www.facebook.com\/RandallGutierrezDeportes\/\" \/>\n<meta property=\"article:published_time\" content=\"2025-02-18T18:20:18+00:00\" \/>\n<meta property=\"article:modified_time\" content=\"2025-02-18T18:20:19+00:00\" \/>\n<meta property=\"og:image\" content=\"http:\/\/rgdeportes.com\/wp-content\/uploads\/2025\/02\/WhatsApp-Image-2025-02-16-at-13.07.13-2-scaled.jpeg\" \/>\n\t<meta property=\"og:image:width\" content=\"2560\" \/>\n\t<meta property=\"og:image:height\" content=\"1706\" \/>\n\t<meta property=\"og:image:type\" content=\"image\/jpeg\" \/>\n<meta name=\"author\" content=\"Randall Gutierrez\" \/>\n<meta name=\"twitter:card\" content=\"summary_large_image\" \/>\n<meta name=\"twitter:label1\" content=\"Escrito por\" \/>\n\t<meta name=\"twitter:data1\" content=\"Randall Gutierrez\" \/>\n\t<meta name=\"twitter:label2\" content=\"Tiempo de lectura\" \/>\n\t<meta name=\"twitter:data2\" content=\"3 minutos\" \/>\n<script type=\"application\/ld+json\" class=\"yoast-schema-graph\">{\"@context\":\"https:\/\/schema.org\",\"@graph\":[{\"@type\":\"Article\",\"@id\":\"https:\/\/rgdeportes.com\/index.php\/2025\/02\/18\/desafio-al-extremo-en-la-prueba-de-aguas-abiertas-y-acuatlon-video\/#article\",\"isPartOf\":{\"@id\":\"https:\/\/rgdeportes.com\/index.php\/2025\/02\/18\/desafio-al-extremo-en-la-prueba-de-aguas-abiertas-y-acuatlon-video\/\"},\"author\":{\"name\":\"Randall Gutierrez\",\"@id\":\"https:\/\/rgdeportes.com\/#\/schema\/person\/91795323fddb335a4fd017bf0e4b1358\"},\"headline\":\"Desaf\u00edo al extremo en la prueba de Aguas Abiertas y Acuatl\u00f3n (Video)\",\"datePublished\":\"2025-02-18T18:20:18+00:00\",\"dateModified\":\"2025-02-18T18:20:19+00:00\",\"mainEntityOfPage\":{\"@id\":\"https:\/\/rgdeportes.com\/index.php\/2025\/02\/18\/desafio-al-extremo-en-la-prueba-de-aguas-abiertas-y-acuatlon-video\/\"},\"wordCount\":369,\"publisher\":{\"@id\":\"https:\/\/rgdeportes.com\/#organization\"},\"keywords\":[\"#Acuatl\u00f3nCostaRica\",\"#AguasAbiertas2025\"],\"articleSection\":[\"Deporte acu\u00e1tico\"],\"inLanguage\":\"es\"},{\"@type\":\"WebPage\",\"@id\":\"https:\/\/rgdeportes.com\/index.php\/2025\/02\/18\/desafio-al-extremo-en-la-prueba-de-aguas-abiertas-y-acuatlon-video\/\",\"url\":\"https:\/\/rgdeportes.com\/index.php\/2025\/02\/18\/desafio-al-extremo-en-la-prueba-de-aguas-abiertas-y-acuatlon-video\/\",\"name\":\"Desaf\u00edo al extremo en la prueba de Aguas Abiertas y Acuatl\u00f3n (Video) - RG Deportes\u200e\",\"isPartOf\":{\"@id\":\"https:\/\/rgdeportes.com\/#website\"},\"datePublished\":\"2025-02-18T18:20:18+00:00\",\"dateModified\":\"2025-02-18T18:20:19+00:00\",\"breadcrumb\":{\"@id\":\"https:\/\/rgdeportes.com\/index.php\/2025\/02\/18\/desafio-al-extremo-en-la-prueba-de-aguas-abiertas-y-acuatlon-video\/#breadcrumb\"},\"inLanguage\":\"es\",\"potentialAction\":[{\"@type\":\"ReadAction\",\"target\":[\"https:\/\/rgdeportes.com\/index.php\/2025\/02\/18\/desafio-al-extremo-en-la-prueba-de-aguas-abiertas-y-acuatlon-video\/\"]}]},{\"@type\":\"BreadcrumbList\",\"@id\":\"https:\/\/rgdeportes.com\/index.php\/2025\/02\/18\/desafio-al-extremo-en-la-prueba-de-aguas-abiertas-y-acuatlon-video\/#breadcrumb\",\"itemListElement\":[{\"@type\":\"ListItem\",\"position\":1,\"name\":\"Portada\",\"item\":\"https:\/\/rgdeportes.com\/\"},{\"@type\":\"ListItem\",\"position\":2,\"name\":\"Desaf\u00edo al extremo en la prueba de Aguas Abiertas y Acuatl\u00f3n (Video)\"}]},{\"@type\":\"WebSite\",\"@id\":\"https:\/\/rgdeportes.com\/#website\",\"url\":\"https:\/\/rgdeportes.com\/\",\"name\":\"RG Deportes\u200e\",\"description\":\"\",\"publisher\":{\"@id\":\"https:\/\/rgdeportes.com\/#organization\"},\"potentialAction\":[{\"@type\":\"SearchAction\",\"target\":{\"@type\":\"EntryPoint\",\"urlTemplate\":\"https:\/\/rgdeportes.com\/?s={search_term_string}\"},\"query-input\":\"required name=search_term_string\"}],\"inLanguage\":\"es\"},{\"@type\":\"Organization\",\"@id\":\"https:\/\/rgdeportes.com\/#organization\",\"name\":\"RG Deportes\",\"url\":\"https:\/\/rgdeportes.com\/\",\"logo\":{\"@type\":\"ImageObject\",\"inLanguage\":\"es\",\"@id\":\"https:\/\/rgdeportes.com\/#\/schema\/logo\/image\/\",\"url\":\"https:\/\/rgdeportes.com\/wp-content\/uploads\/2020\/09\/Logo.png\",\"contentUrl\":\"https:\/\/rgdeportes.com\/wp-content\/uploads\/2020\/09\/Logo.png\",\"width\":784,\"height\":552,\"caption\":\"RG Deportes\"},\"image\":{\"@id\":\"https:\/\/rgdeportes.com\/#\/schema\/logo\/image\/\"},\"sameAs\":[\"https:\/\/www.facebook.com\/RandallGutierrezDeportes\/\",\"https:\/\/www.instagram.com\/randallgutierrezdeportes\/\",\"https:\/\/www.youtube.com\/channel\/UCX4_qbvtnTwoF5t2zNqBDvA\"]},{\"@type\":\"Person\",\"@id\":\"https:\/\/rgdeportes.com\/#\/schema\/person\/91795323fddb335a4fd017bf0e4b1358\",\"name\":\"Randall Gutierrez\",\"image\":{\"@type\":\"ImageObject\",\"inLanguage\":\"es\",\"@id\":\"https:\/\/rgdeportes.com\/#\/schema\/person\/image\/\",\"url\":\"https:\/\/secure.gravatar.com\/avatar\/d0884ea8b9b50bcfad3c0d20049361b5?s=96&d=mm&r=g\",\"contentUrl\":\"https:\/\/secure.gravatar.com\/avatar\/d0884ea8b9b50bcfad3c0d20049361b5?s=96&d=mm&r=g\",\"caption\":\"Randall Gutierrez\"},\"url\":\"https:\/\/rgdeportes.com\/index.php\/author\/randall\/\"}]}<\/script>\n<!-- \/ Yoast SEO plugin. -->","yoast_head_json":{"title":"Desaf\u00edo al extremo en la prueba de Aguas Abiertas y Acuatl\u00f3n (Video) - RG Deportes\u200e","robots":{"index":"index","follow":"follow","max-snippet":"max-snippet:-1","max-image-preview":"max-image-preview:large","max-video-preview":"max-video-preview:-1"},"canonical":"https:\/\/rgdeportes.com\/index.php\/2025\/02\/18\/desafio-al-extremo-en-la-prueba-de-aguas-abiertas-y-acuatlon-video\/","og_locale":"es_ES","og_type":"article","og_title":"Desaf\u00edo al extremo en la prueba de Aguas Abiertas y Acuatl\u00f3n (Video) - RG Deportes\u200e","og_description":"Los amantes de la nataci\u00f3n tuvieron un desafi\u00f3 bastante complejo en lo que fue \u00abEl Escape de la Isla Chora\u00bb en lo que se refiere a las Aguas Abiertas, misma&hellip;","og_url":"https:\/\/rgdeportes.com\/index.php\/2025\/02\/18\/desafio-al-extremo-en-la-prueba-de-aguas-abiertas-y-acuatlon-video\/","og_site_name":"RG Deportes\u200e","article_publisher":"https:\/\/www.facebook.com\/RandallGutierrezDeportes\/","article_published_time":"2025-02-18T18:20:18+00:00","article_modified_time":"2025-02-18T18:20:19+00:00","og_image":[{"width":2560,"height":1706,"url":"http:\/\/rgdeportes.com\/wp-content\/uploads\/2025\/02\/WhatsApp-Image-2025-02-16-at-13.07.13-2-scaled.jpeg","type":"image\/jpeg"}],"author":"Randall Gutierrez","twitter_card":"summary_large_image","twitter_misc":{"Escrito por":"Randall Gutierrez","Tiempo de lectura":"3 minutos"},"schema":{"@context":"https:\/\/schema.org","@graph":[{"@type":"Article","@id":"https:\/\/rgdeportes.com\/index.php\/2025\/02\/18\/desafio-al-extremo-en-la-prueba-de-aguas-abiertas-y-acuatlon-video\/#article","isPartOf":{"@id":"https:\/\/rgdeportes.com\/index.php\/2025\/02\/18\/desafio-al-extremo-en-la-prueba-de-aguas-abiertas-y-acuatlon-video\/"},"author":{"name":"Randall Gutierrez","@id":"https:\/\/rgdeportes.com\/#\/schema\/person\/91795323fddb335a4fd017bf0e4b1358"},"headline":"Desaf\u00edo al extremo en la prueba de Aguas Abiertas y Acuatl\u00f3n (Video)","datePublished":"2025-02-18T18:20:18+00:00","dateModified":"2025-02-18T18:20:19+00:00","mainEntityOfPage":{"@id":"https:\/\/rgdeportes.com\/index.php\/2025\/02\/18\/desafio-al-extremo-en-la-prueba-de-aguas-abiertas-y-acuatlon-video\/"},"wordCount":369,"publisher":{"@id":"https:\/\/rgdeportes.com\/#organization"},"keywords":["#Acuatl\u00f3nCostaRica","#AguasAbiertas2025"],"articleSection":["Deporte acu\u00e1tico"],"inLanguage":"es"},{"@type":"WebPage","@id":"https:\/\/rgdeportes.com\/index.php\/2025\/02\/18\/desafio-al-extremo-en-la-prueba-de-aguas-abiertas-y-acuatlon-video\/","url":"https:\/\/rgdeportes.com\/index.php\/2025\/02\/18\/desafio-al-extremo-en-la-prueba-de-aguas-abiertas-y-acuatlon-video\/","name":"Desaf\u00edo al extremo en la prueba de Aguas Abiertas y Acuatl\u00f3n (Video) - RG Deportes\u200e","isPartOf":{"@id":"https:\/\/rgdeportes.com\/#website"},"datePublished":"2025-02-18T18:20:18+00:00","dateModified":"2025-02-18T18:20:19+00:00","breadcrumb":{"@id":"https:\/\/rgdeportes.com\/index.php\/2025\/02\/18\/desafio-al-extremo-en-la-prueba-de-aguas-abiertas-y-acuatlon-video\/#breadcrumb"},"inLanguage":"es","potentialAction":[{"@type":"ReadAction","target":["https:\/\/rgdeportes.com\/index.php\/2025\/02\/18\/desafio-al-extremo-en-la-prueba-de-aguas-abiertas-y-acuatlon-video\/"]}]},{"@type":"BreadcrumbList","@id":"https:\/\/rgdeportes.com\/index.php\/2025\/02\/18\/desafio-al-extremo-en-la-prueba-de-aguas-abiertas-y-acuatlon-video\/#breadcrumb","itemListElement":[{"@type":"ListItem","position":1,"name":"Portada","item":"https:\/\/rgdeportes.com\/"},{"@type":"ListItem","position":2,"name":"Desaf\u00edo al extremo en la prueba de Aguas Abiertas y Acuatl\u00f3n (Video)"}]},{"@type":"WebSite","@id":"https:\/\/rgdeportes.com\/#website","url":"https:\/\/rgdeportes.com\/","name":"RG Deportes\u200e","description":"","publisher":{"@id":"https:\/\/rgdeportes.com\/#organization"},"potentialAction":[{"@type":"SearchAction","target":{"@type":"EntryPoint","urlTemplate":"https:\/\/rgdeportes.com\/?s={search_term_string}"},"query-input":"required name=search_term_string"}],"inLanguage":"es"},{"@type":"Organization","@id":"https:\/\/rgdeportes.com\/#organization","name":"RG Deportes","url":"https:\/\/rgdeportes.com\/","logo":{"@type":"ImageObject","inLanguage":"es","@id":"https:\/\/rgdeportes.com\/#\/schema\/logo\/image\/","url":"https:\/\/rgdeportes.com\/wp-content\/uploads\/2020\/09\/Logo.png","contentUrl":"https:\/\/rgdeportes.com\/wp-content\/uploads\/2020\/09\/Logo.png","width":784,"height":552,"caption":"RG Deportes"},"image":{"@id":"https:\/\/rgdeportes.com\/#\/schema\/logo\/image\/"},"sameAs":["https:\/\/www.facebook.com\/RandallGutierrezDeportes\/","https:\/\/www.instagram.com\/randallgutierrezdeportes\/","https:\/\/www.youtube.com\/channel\/UCX4_qbvtnTwoF5t2zNqBDvA"]},{"@type":"Person","@id":"https:\/\/rgdeportes.com\/#\/schema\/person\/91795323fddb335a4fd017bf0e4b1358","name":"Randall Gutierrez","image":{"@type":"ImageObject","inLanguage":"es","@id":"https:\/\/rgdeportes.com\/#\/schema\/person\/image\/","url":"https:\/\/secure.gravatar.com\/avatar\/d0884ea8b9b50bcfad3c0d20049361b5?s=96&d=mm&r=g","contentUrl":"https:\/\/secure.gravatar.com\/avatar\/d0884ea8b9b50bcfad3c0d20049361b5?s=96&d=mm&r=g","caption":"Randall Gutierrez"},"url":"https:\/\/rgdeportes.com\/index.php\/author\/randall\/"}]}},"_links":{"self":[{"href":"https:\/\/rgdeportes.com\/index.php\/wp-json\/wp\/v2\/posts\/9336","targetHints":{"allow":["GET"]}}],"collection":[{"href":"https:\/\/rgdeportes.com\/index.php\/wp-json\/wp\/v2\/posts"}],"about":[{"href":"https:\/\/rgdeportes.com\/index.php\/wp-json\/wp\/v2\/types\/post"}],"author":[{"embeddable":true,"href":"https:\/\/rgdeportes.com\/index.php\/wp-json\/wp\/v2\/users\/2"}],"replies":[{"embeddable":true,"href":"https:\/\/rgdeportes.com\/index.php\/wp-json\/wp\/v2\/comments?post=9336"}],"version-history":[{"count":1,"href":"https:\/\/rgdeportes.com\/index.php\/wp-json\/wp\/v2\/posts\/9336\/revisions"}],"predecessor-version":[{"id":9339,"href":"https:\/\/rgdeportes.com\/index.php\/wp-json\/wp\/v2\/posts\/9336\/revisions\/9339"}],"wp:featuredmedia":[{"embeddable":true,"href":"https:\/\/rgdeportes.com\/index.php\/wp-json\/wp\/v2\/media\/9337"}],"wp:attachment":[{"href":"https:\/\/rgdeportes.com\/index.php\/wp-json\/wp\/v2\/media?parent=9336"}],"wp:term":[{"taxonomy":"category","embeddable":true,"href":"https:\/\/rgdeportes.com\/index.php\/wp-json\/wp\/v2\/categories?post=9336"},{"taxonomy":"post_tag","embeddable":true,"href":"https:\/\/rgdeportes.com\/index.php\/wp-json\/wp\/v2\/tags?post=9336"}],"curies":[{"name":"wp","href":"https:\/\/api.w.org\/{rel}","templated":true}]}}