{"id":9324,"date":"2025-02-14T23:08:47","date_gmt":"2025-02-14T23:08:47","guid":{"rendered":"https:\/\/rgdeportes.com\/?p=9324"},"modified":"2025-02-14T23:09:29","modified_gmt":"2025-02-14T23:09:29","slug":"torneo-internacional-de-karate-llega-a-cartago","status":"publish","type":"post","link":"https:\/\/rgdeportes.com\/index.php\/2025\/02\/14\/torneo-internacional-de-karate-llega-a-cartago\/","title":{"rendered":"Torneo Internacional de Karate llega a Cartago (Video)"},"content":{"rendered":"\n<figure class=\"wp-block-image size-large\"><img loading=\"lazy\" decoding=\"async\" width=\"1024\" height=\"768\" src=\"https:\/\/rgdeportes.com\/wp-content\/uploads\/2025\/02\/IMG_20250214_093451-1024x768.jpg\" alt=\"\" class=\"wp-image-9325\" srcset=\"https:\/\/rgdeportes.com\/wp-content\/uploads\/2025\/02\/IMG_20250214_093451-1024x768.jpg 1024w, https:\/\/rgdeportes.com\/wp-content\/uploads\/2025\/02\/IMG_20250214_093451-300x225.jpg 300w, https:\/\/rgdeportes.com\/wp-content\/uploads\/2025\/02\/IMG_20250214_093451-768x576.jpg 768w, https:\/\/rgdeportes.com\/wp-content\/uploads\/2025\/02\/IMG_20250214_093451-1536x1152.jpg 1536w, https:\/\/rgdeportes.com\/wp-content\/uploads\/2025\/02\/IMG_20250214_093451-2048x1536.jpg 2048w\" sizes=\"auto, (max-width: 1024px) 100vw, 1024px\" \/><\/figure>\n\n\n\n<p><strong>Cartago<\/strong> da la bienvenida al evento de combate el <strong>Wild Nature International Cup 2025<\/strong> en lo que respecta al <strong>karate Kyokushin<\/strong>, mismo est\u00e1 pactado este <strong>s\u00e1bado 15 de febrero desde el Polideportivo de Cartago dando inicio a las 9:00 a.m.<\/strong><\/p>\n\n\n\n<p>Para este torneo se contar\u00e1 con m\u00e1s de 200 competidores internacionales de pa\u00edses como Jap\u00f3n, Canad\u00e1, Uruguay y otros, ofreciendo un espect\u00e1culo de alto nivel con combates bajo los m\u00e1s estrictos est\u00e1ndares internacionales. Adem\u00e1s, el domingo 16 de febrero, los asistentes podr\u00e1n participar en un Seminario T\u00e9cnico que se realizar\u00e1 en el Polideportivo de San Francisco de Dos R\u00edos.<\/p>\n\n\n\n<p>Las entradas ya est\u00e1n a la venta en Special Ticket con diversas opciones de precios seg\u00fan la ubicaci\u00f3n elegida. El enlace de venta es: https:\/\/www.specialticket.net\/event-details\/511<\/p>\n\n\n\n<p><strong>Competir\u00e1n diferentes modalidades<\/strong><\/p>\n\n\n\n<figure class=\"wp-block-image size-large\"><img loading=\"lazy\" decoding=\"async\" width=\"1024\" height=\"768\" src=\"https:\/\/rgdeportes.com\/wp-content\/uploads\/2025\/02\/IMG_20250214_091726-1024x768.jpg\" alt=\"\" class=\"wp-image-9326\" srcset=\"https:\/\/rgdeportes.com\/wp-content\/uploads\/2025\/02\/IMG_20250214_091726-1024x768.jpg 1024w, https:\/\/rgdeportes.com\/wp-content\/uploads\/2025\/02\/IMG_20250214_091726-300x225.jpg 300w, https:\/\/rgdeportes.com\/wp-content\/uploads\/2025\/02\/IMG_20250214_091726-768x576.jpg 768w, https:\/\/rgdeportes.com\/wp-content\/uploads\/2025\/02\/IMG_20250214_091726-1536x1152.jpg 1536w, https:\/\/rgdeportes.com\/wp-content\/uploads\/2025\/02\/IMG_20250214_091726-2048x1536.jpg 2048w\" sizes=\"auto, (max-width: 1024px) 100vw, 1024px\" \/><\/figure>\n\n\n\n<p>Este torneo ofrecer\u00e1 competiciones para ni\u00f1os desde los 6 a\u00f1os, j\u00f3venes, adultos y senior, fomentando el esp\u00edritu de las artes marciales y promoviendo valores como la disciplina, el coraje y el respeto.<\/p>\n\n\n\n<p>Adem\u00e1s, el evento tendr\u00e1 una connotaci\u00f3n especial al conmemorar los 90 a\u00f1os de relaciones diplom\u00e1ticas entre Jap\u00f3n y Costa Rica, con actividades culturales que enriquecer\u00e1n la experiencia del p\u00fablico.<\/p>\n\n\n\n<p>El Costa Rica Wild Nature International Cup es organizado por Kyokushin Kenbukai Costa Rica, la entidad oficial del estilo en el pa\u00eds, con m\u00e1s de 200 miembros activos en distintas localidades como San Jos\u00e9, Heredia, Cartago y Santa Ana.<\/p>\n\n\n\n<p>El karate Kyokushin, fundado en 1953 por el maestro japon\u00e9s Masutatsu Oyama, se distingue por su enfoque en la disciplina, el autocontrol y la efectividad en combate, con torneos caracterizados por su intensidad y alto nivel de exigencia.<\/p>\n\n\n\n<p><strong>Video<\/strong><\/p>\n\n\n\n<figure class=\"wp-block-embed is-type-video is-provider-youtube wp-block-embed-youtube wp-embed-aspect-16-9 wp-has-aspect-ratio\"><div class=\"wp-block-embed__wrapper\">\n<iframe loading=\"lazy\" title=\"Kyokushin Costa Rica. Declaraciones de Silvia Berrios. (Sensei).\" width=\"1110\" height=\"624\" src=\"https:\/\/www.youtube.com\/embed\/_I_jzP6Y2Q8?feature=oembed\" frameborder=\"0\" allow=\"accelerometer; autoplay; clipboard-write; encrypted-media; gyroscope; picture-in-picture; web-share\" referrerpolicy=\"strict-origin-when-cross-origin\" allowfullscreen><\/iframe>\n<\/div><\/figure>\n\n\n\n<p>\u00abInvitamos a todos los amantes de la adrenalina a vivir la intensidad del karate de contacto en este evento sin precedentes. Adem\u00e1s, celebramos con orgullo los 90 a\u00f1os de relaciones entre Costa Rica y Jap\u00f3n, un pa\u00eds que nos ha ense\u00f1ado la importancia de la mejora continua. Agradecemos el apoyo de la Embajada de Jap\u00f3n, su embajador el Sr. Katsuhide Ariyoshi, la Municipalidad de Cartago y su alcalde Don Mario Redondo, as\u00ed como a nuestros patrocinadores\u00bb, destac\u00f3 la Sensei Silvia Berrios, representante de Kyokushin Kenbukai para Centroam\u00e9rica.<\/p>\n\n\n\n<p>S\u00edntesis del evento:<\/p>\n\n\n\n<p>Evento: Torneo internacional de karate Kyokushin Costa Rica Wild Nature International Cup<\/p>\n\n\n\n<p>Fecha: S\u00e1bado 15 de febrero de 2025<\/p>\n\n\n\n<p>Lugar: Polideportivo de Cartago<\/p>\n\n\n\n<p>Hora: 9:00 a.m.<\/p>\n\n\n\n<p>Entradas: A la venta en https:\/\/www.specialticket.net\/event-details\/511<\/p>\n\n\n\n<p>Precios: VIP 1 \u20a115,000, VIP Tatami \u20a120,000, Wild Front \u20a112,000, Grader\u00eda \u20a18,000<\/p>\n\n\n\n<p>M\u00e1s informaci\u00f3n:<\/p>\n\n\n\n<p>Facebook: Kyokushin Kenbukai CR<\/p>\n\n\n\n<p>Instagram: kyokushinkenbukaicostarica<\/p>\n","protected":false},"excerpt":{"rendered":"<p>Cartago da la bienvenida al evento de combate el Wild Nature International Cup 2025 en lo que respecta al karate Kyokushin, mismo est\u00e1 pactado este s\u00e1bado 15 de febrero desde&hellip; <\/p>\n","protected":false},"author":2,"featured_media":9325,"comment_status":"closed","ping_status":"closed","sticky":false,"template":"","format":"standard","meta":{"om_disable_all_campaigns":false,"_monsterinsights_skip_tracking":false,"_monsterinsights_sitenote_active":false,"_monsterinsights_sitenote_note":"","_monsterinsights_sitenote_category":0,"footnotes":""},"categories":[6],"tags":[2946],"class_list":["post-9324","post","type-post","status-publish","format-standard","has-post-thumbnail","hentry","category-cb","tag-torneodekarate2025"],"aioseo_notices":[],"yoast_head":"<!-- This site is optimized with the Yoast SEO plugin v21.2 - https:\/\/yoast.com\/wordpress\/plugins\/seo\/ -->\n<title>Torneo Internacional de Karate llega a Cartago (Video) - RG Deportes\u200e<\/title>\n<meta name=\"robots\" content=\"index, follow, max-snippet:-1, max-image-preview:large, max-video-preview:-1\" \/>\n<link rel=\"canonical\" href=\"https:\/\/rgdeportes.com\/index.php\/2025\/02\/14\/torneo-internacional-de-karate-llega-a-cartago\/\" \/>\n<meta property=\"og:locale\" content=\"es_ES\" \/>\n<meta property=\"og:type\" content=\"article\" \/>\n<meta property=\"og:title\" content=\"Torneo Internacional de Karate llega a Cartago (Video) - RG Deportes\u200e\" \/>\n<meta property=\"og:description\" content=\"Cartago da la bienvenida al evento de combate el Wild Nature International Cup 2025 en lo que respecta al karate Kyokushin, mismo est\u00e1 pactado este s\u00e1bado 15 de febrero desde&hellip;\" \/>\n<meta property=\"og:url\" content=\"https:\/\/rgdeportes.com\/index.php\/2025\/02\/14\/torneo-internacional-de-karate-llega-a-cartago\/\" \/>\n<meta property=\"og:site_name\" content=\"RG Deportes\u200e\" \/>\n<meta property=\"article:publisher\" content=\"https:\/\/www.facebook.com\/RandallGutierrezDeportes\/\" \/>\n<meta property=\"article:published_time\" content=\"2025-02-14T23:08:47+00:00\" \/>\n<meta property=\"article:modified_time\" content=\"2025-02-14T23:09:29+00:00\" \/>\n<meta property=\"og:image\" content=\"http:\/\/rgdeportes.com\/wp-content\/uploads\/2025\/02\/IMG_20250214_093451-scaled.jpg\" \/>\n\t<meta property=\"og:image:width\" content=\"2560\" \/>\n\t<meta property=\"og:image:height\" content=\"1920\" \/>\n\t<meta property=\"og:image:type\" content=\"image\/jpeg\" \/>\n<meta name=\"author\" content=\"Randall Gutierrez\" \/>\n<meta name=\"twitter:card\" content=\"summary_large_image\" \/>\n<meta name=\"twitter:label1\" content=\"Escrito por\" \/>\n\t<meta name=\"twitter:data1\" content=\"Randall Gutierrez\" \/>\n\t<meta name=\"twitter:label2\" content=\"Tiempo de lectura\" \/>\n\t<meta name=\"twitter:data2\" content=\"3 minutos\" \/>\n<script type=\"application\/ld+json\" class=\"yoast-schema-graph\">{\"@context\":\"https:\/\/schema.org\",\"@graph\":[{\"@type\":\"Article\",\"@id\":\"https:\/\/rgdeportes.com\/index.php\/2025\/02\/14\/torneo-internacional-de-karate-llega-a-cartago\/#article\",\"isPartOf\":{\"@id\":\"https:\/\/rgdeportes.com\/index.php\/2025\/02\/14\/torneo-internacional-de-karate-llega-a-cartago\/\"},\"author\":{\"name\":\"Randall Gutierrez\",\"@id\":\"https:\/\/rgdeportes.com\/#\/schema\/person\/91795323fddb335a4fd017bf0e4b1358\"},\"headline\":\"Torneo Internacional de Karate llega a Cartago (Video)\",\"datePublished\":\"2025-02-14T23:08:47+00:00\",\"dateModified\":\"2025-02-14T23:09:29+00:00\",\"mainEntityOfPage\":{\"@id\":\"https:\/\/rgdeportes.com\/index.php\/2025\/02\/14\/torneo-internacional-de-karate-llega-a-cartago\/\"},\"wordCount\":459,\"publisher\":{\"@id\":\"https:\/\/rgdeportes.com\/#organization\"},\"keywords\":[\"#TorneodeKarate2025\"],\"articleSection\":[\"Deportes de combate\"],\"inLanguage\":\"es\"},{\"@type\":\"WebPage\",\"@id\":\"https:\/\/rgdeportes.com\/index.php\/2025\/02\/14\/torneo-internacional-de-karate-llega-a-cartago\/\",\"url\":\"https:\/\/rgdeportes.com\/index.php\/2025\/02\/14\/torneo-internacional-de-karate-llega-a-cartago\/\",\"name\":\"Torneo Internacional de Karate llega a Cartago (Video) - RG Deportes\u200e\",\"isPartOf\":{\"@id\":\"https:\/\/rgdeportes.com\/#website\"},\"datePublished\":\"2025-02-14T23:08:47+00:00\",\"dateModified\":\"2025-02-14T23:09:29+00:00\",\"breadcrumb\":{\"@id\":\"https:\/\/rgdeportes.com\/index.php\/2025\/02\/14\/torneo-internacional-de-karate-llega-a-cartago\/#breadcrumb\"},\"inLanguage\":\"es\",\"potentialAction\":[{\"@type\":\"ReadAction\",\"target\":[\"https:\/\/rgdeportes.com\/index.php\/2025\/02\/14\/torneo-internacional-de-karate-llega-a-cartago\/\"]}]},{\"@type\":\"BreadcrumbList\",\"@id\":\"https:\/\/rgdeportes.com\/index.php\/2025\/02\/14\/torneo-internacional-de-karate-llega-a-cartago\/#breadcrumb\",\"itemListElement\":[{\"@type\":\"ListItem\",\"position\":1,\"name\":\"Portada\",\"item\":\"https:\/\/rgdeportes.com\/\"},{\"@type\":\"ListItem\",\"position\":2,\"name\":\"Torneo Internacional de Karate llega a Cartago (Video)\"}]},{\"@type\":\"WebSite\",\"@id\":\"https:\/\/rgdeportes.com\/#website\",\"url\":\"https:\/\/rgdeportes.com\/\",\"name\":\"RG Deportes\u200e\",\"description\":\"\",\"publisher\":{\"@id\":\"https:\/\/rgdeportes.com\/#organization\"},\"potentialAction\":[{\"@type\":\"SearchAction\",\"target\":{\"@type\":\"EntryPoint\",\"urlTemplate\":\"https:\/\/rgdeportes.com\/?s={search_term_string}\"},\"query-input\":\"required name=search_term_string\"}],\"inLanguage\":\"es\"},{\"@type\":\"Organization\",\"@id\":\"https:\/\/rgdeportes.com\/#organization\",\"name\":\"RG Deportes\",\"url\":\"https:\/\/rgdeportes.com\/\",\"logo\":{\"@type\":\"ImageObject\",\"inLanguage\":\"es\",\"@id\":\"https:\/\/rgdeportes.com\/#\/schema\/logo\/image\/\",\"url\":\"https:\/\/rgdeportes.com\/wp-content\/uploads\/2020\/09\/Logo.png\",\"contentUrl\":\"https:\/\/rgdeportes.com\/wp-content\/uploads\/2020\/09\/Logo.png\",\"width\":784,\"height\":552,\"caption\":\"RG Deportes\"},\"image\":{\"@id\":\"https:\/\/rgdeportes.com\/#\/schema\/logo\/image\/\"},\"sameAs\":[\"https:\/\/www.facebook.com\/RandallGutierrezDeportes\/\",\"https:\/\/www.instagram.com\/randallgutierrezdeportes\/\",\"https:\/\/www.youtube.com\/channel\/UCX4_qbvtnTwoF5t2zNqBDvA\"]},{\"@type\":\"Person\",\"@id\":\"https:\/\/rgdeportes.com\/#\/schema\/person\/91795323fddb335a4fd017bf0e4b1358\",\"name\":\"Randall Gutierrez\",\"image\":{\"@type\":\"ImageObject\",\"inLanguage\":\"es\",\"@id\":\"https:\/\/rgdeportes.com\/#\/schema\/person\/image\/\",\"url\":\"https:\/\/secure.gravatar.com\/avatar\/d0884ea8b9b50bcfad3c0d20049361b5?s=96&d=mm&r=g\",\"contentUrl\":\"https:\/\/secure.gravatar.com\/avatar\/d0884ea8b9b50bcfad3c0d20049361b5?s=96&d=mm&r=g\",\"caption\":\"Randall Gutierrez\"},\"url\":\"https:\/\/rgdeportes.com\/index.php\/author\/randall\/\"}]}<\/script>\n<!-- \/ Yoast SEO plugin. -->","yoast_head_json":{"title":"Torneo Internacional de Karate llega a Cartago (Video) - RG Deportes\u200e","robots":{"index":"index","follow":"follow","max-snippet":"max-snippet:-1","max-image-preview":"max-image-preview:large","max-video-preview":"max-video-preview:-1"},"canonical":"https:\/\/rgdeportes.com\/index.php\/2025\/02\/14\/torneo-internacional-de-karate-llega-a-cartago\/","og_locale":"es_ES","og_type":"article","og_title":"Torneo Internacional de Karate llega a Cartago (Video) - RG Deportes\u200e","og_description":"Cartago da la bienvenida al evento de combate el Wild Nature International Cup 2025 en lo que respecta al karate Kyokushin, mismo est\u00e1 pactado este s\u00e1bado 15 de febrero desde&hellip;","og_url":"https:\/\/rgdeportes.com\/index.php\/2025\/02\/14\/torneo-internacional-de-karate-llega-a-cartago\/","og_site_name":"RG Deportes\u200e","article_publisher":"https:\/\/www.facebook.com\/RandallGutierrezDeportes\/","article_published_time":"2025-02-14T23:08:47+00:00","article_modified_time":"2025-02-14T23:09:29+00:00","og_image":[{"width":2560,"height":1920,"url":"http:\/\/rgdeportes.com\/wp-content\/uploads\/2025\/02\/IMG_20250214_093451-scaled.jpg","type":"image\/jpeg"}],"author":"Randall Gutierrez","twitter_card":"summary_large_image","twitter_misc":{"Escrito por":"Randall Gutierrez","Tiempo de lectura":"3 minutos"},"schema":{"@context":"https:\/\/schema.org","@graph":[{"@type":"Article","@id":"https:\/\/rgdeportes.com\/index.php\/2025\/02\/14\/torneo-internacional-de-karate-llega-a-cartago\/#article","isPartOf":{"@id":"https:\/\/rgdeportes.com\/index.php\/2025\/02\/14\/torneo-internacional-de-karate-llega-a-cartago\/"},"author":{"name":"Randall Gutierrez","@id":"https:\/\/rgdeportes.com\/#\/schema\/person\/91795323fddb335a4fd017bf0e4b1358"},"headline":"Torneo Internacional de Karate llega a Cartago (Video)","datePublished":"2025-02-14T23:08:47+00:00","dateModified":"2025-02-14T23:09:29+00:00","mainEntityOfPage":{"@id":"https:\/\/rgdeportes.com\/index.php\/2025\/02\/14\/torneo-internacional-de-karate-llega-a-cartago\/"},"wordCount":459,"publisher":{"@id":"https:\/\/rgdeportes.com\/#organization"},"keywords":["#TorneodeKarate2025"],"articleSection":["Deportes de combate"],"inLanguage":"es"},{"@type":"WebPage","@id":"https:\/\/rgdeportes.com\/index.php\/2025\/02\/14\/torneo-internacional-de-karate-llega-a-cartago\/","url":"https:\/\/rgdeportes.com\/index.php\/2025\/02\/14\/torneo-internacional-de-karate-llega-a-cartago\/","name":"Torneo Internacional de Karate llega a Cartago (Video) - RG Deportes\u200e","isPartOf":{"@id":"https:\/\/rgdeportes.com\/#website"},"datePublished":"2025-02-14T23:08:47+00:00","dateModified":"2025-02-14T23:09:29+00:00","breadcrumb":{"@id":"https:\/\/rgdeportes.com\/index.php\/2025\/02\/14\/torneo-internacional-de-karate-llega-a-cartago\/#breadcrumb"},"inLanguage":"es","potentialAction":[{"@type":"ReadAction","target":["https:\/\/rgdeportes.com\/index.php\/2025\/02\/14\/torneo-internacional-de-karate-llega-a-cartago\/"]}]},{"@type":"BreadcrumbList","@id":"https:\/\/rgdeportes.com\/index.php\/2025\/02\/14\/torneo-internacional-de-karate-llega-a-cartago\/#breadcrumb","itemListElement":[{"@type":"ListItem","position":1,"name":"Portada","item":"https:\/\/rgdeportes.com\/"},{"@type":"ListItem","position":2,"name":"Torneo Internacional de Karate llega a Cartago (Video)"}]},{"@type":"WebSite","@id":"https:\/\/rgdeportes.com\/#website","url":"https:\/\/rgdeportes.com\/","name":"RG Deportes\u200e","description":"","publisher":{"@id":"https:\/\/rgdeportes.com\/#organization"},"potentialAction":[{"@type":"SearchAction","target":{"@type":"EntryPoint","urlTemplate":"https:\/\/rgdeportes.com\/?s={search_term_string}"},"query-input":"required name=search_term_string"}],"inLanguage":"es"},{"@type":"Organization","@id":"https:\/\/rgdeportes.com\/#organization","name":"RG Deportes","url":"https:\/\/rgdeportes.com\/","logo":{"@type":"ImageObject","inLanguage":"es","@id":"https:\/\/rgdeportes.com\/#\/schema\/logo\/image\/","url":"https:\/\/rgdeportes.com\/wp-content\/uploads\/2020\/09\/Logo.png","contentUrl":"https:\/\/rgdeportes.com\/wp-content\/uploads\/2020\/09\/Logo.png","width":784,"height":552,"caption":"RG Deportes"},"image":{"@id":"https:\/\/rgdeportes.com\/#\/schema\/logo\/image\/"},"sameAs":["https:\/\/www.facebook.com\/RandallGutierrezDeportes\/","https:\/\/www.instagram.com\/randallgutierrezdeportes\/","https:\/\/www.youtube.com\/channel\/UCX4_qbvtnTwoF5t2zNqBDvA"]},{"@type":"Person","@id":"https:\/\/rgdeportes.com\/#\/schema\/person\/91795323fddb335a4fd017bf0e4b1358","name":"Randall Gutierrez","image":{"@type":"ImageObject","inLanguage":"es","@id":"https:\/\/rgdeportes.com\/#\/schema\/person\/image\/","url":"https:\/\/secure.gravatar.com\/avatar\/d0884ea8b9b50bcfad3c0d20049361b5?s=96&d=mm&r=g","contentUrl":"https:\/\/secure.gravatar.com\/avatar\/d0884ea8b9b50bcfad3c0d20049361b5?s=96&d=mm&r=g","caption":"Randall Gutierrez"},"url":"https:\/\/rgdeportes.com\/index.php\/author\/randall\/"}]}},"_links":{"self":[{"href":"https:\/\/rgdeportes.com\/index.php\/wp-json\/wp\/v2\/posts\/9324","targetHints":{"allow":["GET"]}}],"collection":[{"href":"https:\/\/rgdeportes.com\/index.php\/wp-json\/wp\/v2\/posts"}],"about":[{"href":"https:\/\/rgdeportes.com\/index.php\/wp-json\/wp\/v2\/types\/post"}],"author":[{"embeddable":true,"href":"https:\/\/rgdeportes.com\/index.php\/wp-json\/wp\/v2\/users\/2"}],"replies":[{"embeddable":true,"href":"https:\/\/rgdeportes.com\/index.php\/wp-json\/wp\/v2\/comments?post=9324"}],"version-history":[{"count":2,"href":"https:\/\/rgdeportes.com\/index.php\/wp-json\/wp\/v2\/posts\/9324\/revisions"}],"predecessor-version":[{"id":9328,"href":"https:\/\/rgdeportes.com\/index.php\/wp-json\/wp\/v2\/posts\/9324\/revisions\/9328"}],"wp:featuredmedia":[{"embeddable":true,"href":"https:\/\/rgdeportes.com\/index.php\/wp-json\/wp\/v2\/media\/9325"}],"wp:attachment":[{"href":"https:\/\/rgdeportes.com\/index.php\/wp-json\/wp\/v2\/media?parent=9324"}],"wp:term":[{"taxonomy":"category","embeddable":true,"href":"https:\/\/rgdeportes.com\/index.php\/wp-json\/wp\/v2\/categories?post=9324"},{"taxonomy":"post_tag","embeddable":true,"href":"https:\/\/rgdeportes.com\/index.php\/wp-json\/wp\/v2\/tags?post=9324"}],"curies":[{"name":"wp","href":"https:\/\/api.w.org\/{rel}","templated":true}]}}