{"id":9319,"date":"2025-02-11T18:54:32","date_gmt":"2025-02-11T18:54:32","guid":{"rendered":"https:\/\/rgdeportes.com\/?p=9319"},"modified":"2025-02-11T18:54:32","modified_gmt":"2025-02-11T18:54:32","slug":"velocidad-pura-durante-el-torneo-de-pista-y-campo","status":"publish","type":"post","link":"https:\/\/rgdeportes.com\/index.php\/2025\/02\/11\/velocidad-pura-durante-el-torneo-de-pista-y-campo\/","title":{"rendered":"Velocidad pura durante el Torneo de Pista y Campo"},"content":{"rendered":"\n<figure class=\"wp-block-image size-large\"><img loading=\"lazy\" decoding=\"async\" width=\"1024\" height=\"682\" src=\"https:\/\/rgdeportes.com\/wp-content\/uploads\/2025\/02\/IMG-20250211-WA0027-1024x682.jpg\" alt=\"\" class=\"wp-image-9320\" srcset=\"https:\/\/rgdeportes.com\/wp-content\/uploads\/2025\/02\/IMG-20250211-WA0027-1024x682.jpg 1024w, https:\/\/rgdeportes.com\/wp-content\/uploads\/2025\/02\/IMG-20250211-WA0027-300x200.jpg 300w, https:\/\/rgdeportes.com\/wp-content\/uploads\/2025\/02\/IMG-20250211-WA0027-768x512.jpg 768w, https:\/\/rgdeportes.com\/wp-content\/uploads\/2025\/02\/IMG-20250211-WA0027-1536x1023.jpg 1536w, https:\/\/rgdeportes.com\/wp-content\/uploads\/2025\/02\/IMG-20250211-WA0027.jpg 1600w\" sizes=\"auto, (max-width: 1024px) 100vw, 1024px\" \/><\/figure>\n\n\n\n<p>El pasado fin de semana en las instalaciones de la Ciudad Deportiva Heiner Ugalde en Hatillo 2 de San Jos\u00e9, que cont\u00f3 con la participaci\u00f3n de cerca de 500 competidores, la Federaci\u00f3n Costarricense de Atletismo (FECOA) dio la orden de salida a todos los amantes de la pista y las pruebas de campo de atletismo nacional para la temporada 2025.<\/p>\n\n\n\n<p>Todos los participantes que se hicieron presentes llegaron llenos de emoci\u00f3n, fe y esperanza de vivir una temporada que les permita conseguir los mejores resultados para este a\u00f1o que reci\u00e9n inicia y para ello este s\u00e1bado y domingo era clave para sus entrenadores tomaran nota y a partir de esta semana ir afinando detalles de cara a los objetivos trazados por cada uno.<\/p>\n\n\n\n<figure class=\"wp-block-image size-large\"><img loading=\"lazy\" decoding=\"async\" width=\"1024\" height=\"682\" src=\"https:\/\/rgdeportes.com\/wp-content\/uploads\/2025\/02\/IMG-20250211-WA0028-1024x682.jpg\" alt=\"\" class=\"wp-image-9321\" srcset=\"https:\/\/rgdeportes.com\/wp-content\/uploads\/2025\/02\/IMG-20250211-WA0028-1024x682.jpg 1024w, https:\/\/rgdeportes.com\/wp-content\/uploads\/2025\/02\/IMG-20250211-WA0028-300x200.jpg 300w, https:\/\/rgdeportes.com\/wp-content\/uploads\/2025\/02\/IMG-20250211-WA0028-768x512.jpg 768w, https:\/\/rgdeportes.com\/wp-content\/uploads\/2025\/02\/IMG-20250211-WA0028-1536x1023.jpg 1536w, https:\/\/rgdeportes.com\/wp-content\/uploads\/2025\/02\/IMG-20250211-WA0028.jpg 1600w\" sizes=\"auto, (max-width: 1024px) 100vw, 1024px\" \/><\/figure>\n\n\n\n<p>As\u00ed lo confirm\u00f3 el entrenador de San Jos\u00e9 Marvin Ram\u00edrez (hijo)<br>\u201cMuy contentos de iniciar la temporada en un torneo como este tan masivo lleno de j\u00f3venes talentosos y deseosos de conseguir sus primeras marcas la cual es muy importante para ir afinando detalles de cara a las metas establecidas\u201d indic\u00f3 Marvin Ram\u00edrez<\/p>\n\n\n\n<p>El evento en ambos d\u00edas cont\u00f3 con temperaturas muy bajas a mira de la ma\u00f1ana y luego muy altas cercanas a los 30 grados como se hab\u00eda anunciado en nuestra nota previa seg\u00fan el Instituto Meteorol\u00f3gico Nacional con brisa fuerte lo cual si bien es cierto puso a sufrir algunos, pero permiti\u00f3 que el torneo se realizara de forma normal finalizando el domingo alrededor de las 3.30 pm.<\/p>\n\n\n\n<p>Temas a destacar:<\/p>\n\n\n\n<figure class=\"wp-block-image size-large\"><img loading=\"lazy\" decoding=\"async\" width=\"1024\" height=\"682\" src=\"https:\/\/rgdeportes.com\/wp-content\/uploads\/2025\/02\/IMG-20250211-WA0031-1024x682.jpg\" alt=\"\" class=\"wp-image-9322\" srcset=\"https:\/\/rgdeportes.com\/wp-content\/uploads\/2025\/02\/IMG-20250211-WA0031-1024x682.jpg 1024w, https:\/\/rgdeportes.com\/wp-content\/uploads\/2025\/02\/IMG-20250211-WA0031-300x200.jpg 300w, https:\/\/rgdeportes.com\/wp-content\/uploads\/2025\/02\/IMG-20250211-WA0031-768x512.jpg 768w, https:\/\/rgdeportes.com\/wp-content\/uploads\/2025\/02\/IMG-20250211-WA0031-1536x1023.jpg 1536w, https:\/\/rgdeportes.com\/wp-content\/uploads\/2025\/02\/IMG-20250211-WA0031.jpg 1600w\" sizes=\"auto, (max-width: 1024px) 100vw, 1024px\" \/><\/figure>\n\n\n\n<p>La nueva marca impuesta por la atleta de la categor\u00eda U18 y estudiante del Colegio Lincoln vecina del cant\u00f3n de Santa Ana, Emma Pacheco Erak en la prueba de los 3000 metros planos tras conseguir un registro de 10.35.88 que le permiti\u00f3 mejorar su marca personal y que en el mes de septiembre dej\u00f3 atr\u00e1s el r\u00e9cord impuesto por la ahora atleta ol\u00edmpica la marchista Noelia Vargas Mena de 10.44.49.<\/p>\n\n\n\n<p>\u2022 Un segundo r\u00e9cord se dio fue en la prueba de Salto Triple Femenino categor\u00eda U-20 por medio de la atleta Luc\u00eda Rojas Gamboa de Vallazza 12.02 metros.<\/p>\n\n\n\n<p>\u2022 Por otra parte, en marcas t\u00e9cnicas destac\u00f3 en femenino la atleta de la categor\u00eda mayor Abigail Obando Cambronero de la UNA en la prueba de Salto Alto con 1.70 metros y en masculino de la categor\u00eda U-13 el atleta Jefferson Artavia Acu\u00f1a de Grecia en la prueba de los 300 metros planos con 1.00.99.<\/p>\n\n\n\n<p>\u2022 El pr\u00f3ximo evento de la FECOA est\u00e1 pactado para las fechas del 22 y 23 de febrero y el 8 y 9 marzo esto con motivo del Primer y Segundo Torneo Regional o Interregional, ambos pendientes de confirmar por parte de la FECOA.<\/p>\n\n\n\n<p>(Fotos &#8211; Departamento de Comunicaci\u00f3n FECOA). <\/p>\n","protected":false},"excerpt":{"rendered":"<p>El pasado fin de semana en las instalaciones de la Ciudad Deportiva Heiner Ugalde en Hatillo 2 de San Jos\u00e9, que cont\u00f3 con la participaci\u00f3n de cerca de 500 competidores,&hellip; <\/p>\n","protected":false},"author":2,"featured_media":9320,"comment_status":"closed","ping_status":"closed","sticky":false,"template":"","format":"standard","meta":{"om_disable_all_campaigns":false,"_monsterinsights_skip_tracking":false,"_monsterinsights_sitenote_active":false,"_monsterinsights_sitenote_note":"","_monsterinsights_sitenote_category":0,"footnotes":""},"categories":[11],"tags":[2945],"class_list":["post-9319","post","type-post","status-publish","format-standard","has-post-thumbnail","hentry","category-de","tag-torneopistafecoa"],"aioseo_notices":[],"yoast_head":"<!-- This site is optimized with the Yoast SEO plugin v21.2 - https:\/\/yoast.com\/wordpress\/plugins\/seo\/ -->\n<title>Velocidad pura durante el Torneo de Pista y Campo - RG Deportes\u200e<\/title>\n<meta name=\"robots\" content=\"index, follow, max-snippet:-1, max-image-preview:large, max-video-preview:-1\" \/>\n<link rel=\"canonical\" href=\"https:\/\/rgdeportes.com\/index.php\/2025\/02\/11\/velocidad-pura-durante-el-torneo-de-pista-y-campo\/\" \/>\n<meta property=\"og:locale\" content=\"es_ES\" \/>\n<meta property=\"og:type\" content=\"article\" \/>\n<meta property=\"og:title\" content=\"Velocidad pura durante el Torneo de Pista y Campo - RG Deportes\u200e\" \/>\n<meta property=\"og:description\" content=\"El pasado fin de semana en las instalaciones de la Ciudad Deportiva Heiner Ugalde en Hatillo 2 de San Jos\u00e9, que cont\u00f3 con la participaci\u00f3n de cerca de 500 competidores,&hellip;\" \/>\n<meta property=\"og:url\" content=\"https:\/\/rgdeportes.com\/index.php\/2025\/02\/11\/velocidad-pura-durante-el-torneo-de-pista-y-campo\/\" \/>\n<meta property=\"og:site_name\" content=\"RG Deportes\u200e\" \/>\n<meta property=\"article:publisher\" content=\"https:\/\/www.facebook.com\/RandallGutierrezDeportes\/\" \/>\n<meta property=\"article:published_time\" content=\"2025-02-11T18:54:32+00:00\" \/>\n<meta property=\"og:image\" content=\"http:\/\/rgdeportes.com\/wp-content\/uploads\/2025\/02\/IMG-20250211-WA0027.jpg\" \/>\n\t<meta property=\"og:image:width\" content=\"1600\" \/>\n\t<meta property=\"og:image:height\" content=\"1066\" \/>\n\t<meta property=\"og:image:type\" content=\"image\/jpeg\" \/>\n<meta name=\"author\" content=\"Randall Gutierrez\" \/>\n<meta name=\"twitter:card\" content=\"summary_large_image\" \/>\n<meta name=\"twitter:label1\" content=\"Escrito por\" \/>\n\t<meta name=\"twitter:data1\" content=\"Randall Gutierrez\" \/>\n\t<meta name=\"twitter:label2\" content=\"Tiempo de lectura\" \/>\n\t<meta name=\"twitter:data2\" content=\"3 minutos\" \/>\n<script type=\"application\/ld+json\" class=\"yoast-schema-graph\">{\"@context\":\"https:\/\/schema.org\",\"@graph\":[{\"@type\":\"Article\",\"@id\":\"https:\/\/rgdeportes.com\/index.php\/2025\/02\/11\/velocidad-pura-durante-el-torneo-de-pista-y-campo\/#article\",\"isPartOf\":{\"@id\":\"https:\/\/rgdeportes.com\/index.php\/2025\/02\/11\/velocidad-pura-durante-el-torneo-de-pista-y-campo\/\"},\"author\":{\"name\":\"Randall Gutierrez\",\"@id\":\"https:\/\/rgdeportes.com\/#\/schema\/person\/91795323fddb335a4fd017bf0e4b1358\"},\"headline\":\"Velocidad pura durante el Torneo de Pista y Campo\",\"datePublished\":\"2025-02-11T18:54:32+00:00\",\"dateModified\":\"2025-02-11T18:54:32+00:00\",\"mainEntityOfPage\":{\"@id\":\"https:\/\/rgdeportes.com\/index.php\/2025\/02\/11\/velocidad-pura-durante-el-torneo-de-pista-y-campo\/\"},\"wordCount\":468,\"publisher\":{\"@id\":\"https:\/\/rgdeportes.com\/#organization\"},\"keywords\":[\"#torneopistafecoa\"],\"articleSection\":[\"Deporte\"],\"inLanguage\":\"es\"},{\"@type\":\"WebPage\",\"@id\":\"https:\/\/rgdeportes.com\/index.php\/2025\/02\/11\/velocidad-pura-durante-el-torneo-de-pista-y-campo\/\",\"url\":\"https:\/\/rgdeportes.com\/index.php\/2025\/02\/11\/velocidad-pura-durante-el-torneo-de-pista-y-campo\/\",\"name\":\"Velocidad pura durante el Torneo de Pista y Campo - RG Deportes\u200e\",\"isPartOf\":{\"@id\":\"https:\/\/rgdeportes.com\/#website\"},\"datePublished\":\"2025-02-11T18:54:32+00:00\",\"dateModified\":\"2025-02-11T18:54:32+00:00\",\"breadcrumb\":{\"@id\":\"https:\/\/rgdeportes.com\/index.php\/2025\/02\/11\/velocidad-pura-durante-el-torneo-de-pista-y-campo\/#breadcrumb\"},\"inLanguage\":\"es\",\"potentialAction\":[{\"@type\":\"ReadAction\",\"target\":[\"https:\/\/rgdeportes.com\/index.php\/2025\/02\/11\/velocidad-pura-durante-el-torneo-de-pista-y-campo\/\"]}]},{\"@type\":\"BreadcrumbList\",\"@id\":\"https:\/\/rgdeportes.com\/index.php\/2025\/02\/11\/velocidad-pura-durante-el-torneo-de-pista-y-campo\/#breadcrumb\",\"itemListElement\":[{\"@type\":\"ListItem\",\"position\":1,\"name\":\"Portada\",\"item\":\"https:\/\/rgdeportes.com\/\"},{\"@type\":\"ListItem\",\"position\":2,\"name\":\"Velocidad pura durante el Torneo de Pista y Campo\"}]},{\"@type\":\"WebSite\",\"@id\":\"https:\/\/rgdeportes.com\/#website\",\"url\":\"https:\/\/rgdeportes.com\/\",\"name\":\"RG Deportes\u200e\",\"description\":\"\",\"publisher\":{\"@id\":\"https:\/\/rgdeportes.com\/#organization\"},\"potentialAction\":[{\"@type\":\"SearchAction\",\"target\":{\"@type\":\"EntryPoint\",\"urlTemplate\":\"https:\/\/rgdeportes.com\/?s={search_term_string}\"},\"query-input\":\"required name=search_term_string\"}],\"inLanguage\":\"es\"},{\"@type\":\"Organization\",\"@id\":\"https:\/\/rgdeportes.com\/#organization\",\"name\":\"RG Deportes\",\"url\":\"https:\/\/rgdeportes.com\/\",\"logo\":{\"@type\":\"ImageObject\",\"inLanguage\":\"es\",\"@id\":\"https:\/\/rgdeportes.com\/#\/schema\/logo\/image\/\",\"url\":\"https:\/\/rgdeportes.com\/wp-content\/uploads\/2020\/09\/Logo.png\",\"contentUrl\":\"https:\/\/rgdeportes.com\/wp-content\/uploads\/2020\/09\/Logo.png\",\"width\":784,\"height\":552,\"caption\":\"RG Deportes\"},\"image\":{\"@id\":\"https:\/\/rgdeportes.com\/#\/schema\/logo\/image\/\"},\"sameAs\":[\"https:\/\/www.facebook.com\/RandallGutierrezDeportes\/\",\"https:\/\/www.instagram.com\/randallgutierrezdeportes\/\",\"https:\/\/www.youtube.com\/channel\/UCX4_qbvtnTwoF5t2zNqBDvA\"]},{\"@type\":\"Person\",\"@id\":\"https:\/\/rgdeportes.com\/#\/schema\/person\/91795323fddb335a4fd017bf0e4b1358\",\"name\":\"Randall Gutierrez\",\"image\":{\"@type\":\"ImageObject\",\"inLanguage\":\"es\",\"@id\":\"https:\/\/rgdeportes.com\/#\/schema\/person\/image\/\",\"url\":\"https:\/\/secure.gravatar.com\/avatar\/d0884ea8b9b50bcfad3c0d20049361b5?s=96&d=mm&r=g\",\"contentUrl\":\"https:\/\/secure.gravatar.com\/avatar\/d0884ea8b9b50bcfad3c0d20049361b5?s=96&d=mm&r=g\",\"caption\":\"Randall Gutierrez\"},\"url\":\"https:\/\/rgdeportes.com\/index.php\/author\/randall\/\"}]}<\/script>\n<!-- \/ Yoast SEO plugin. -->","yoast_head_json":{"title":"Velocidad pura durante el Torneo de Pista y Campo - RG Deportes\u200e","robots":{"index":"index","follow":"follow","max-snippet":"max-snippet:-1","max-image-preview":"max-image-preview:large","max-video-preview":"max-video-preview:-1"},"canonical":"https:\/\/rgdeportes.com\/index.php\/2025\/02\/11\/velocidad-pura-durante-el-torneo-de-pista-y-campo\/","og_locale":"es_ES","og_type":"article","og_title":"Velocidad pura durante el Torneo de Pista y Campo - RG Deportes\u200e","og_description":"El pasado fin de semana en las instalaciones de la Ciudad Deportiva Heiner Ugalde en Hatillo 2 de San Jos\u00e9, que cont\u00f3 con la participaci\u00f3n de cerca de 500 competidores,&hellip;","og_url":"https:\/\/rgdeportes.com\/index.php\/2025\/02\/11\/velocidad-pura-durante-el-torneo-de-pista-y-campo\/","og_site_name":"RG Deportes\u200e","article_publisher":"https:\/\/www.facebook.com\/RandallGutierrezDeportes\/","article_published_time":"2025-02-11T18:54:32+00:00","og_image":[{"width":1600,"height":1066,"url":"http:\/\/rgdeportes.com\/wp-content\/uploads\/2025\/02\/IMG-20250211-WA0027.jpg","type":"image\/jpeg"}],"author":"Randall Gutierrez","twitter_card":"summary_large_image","twitter_misc":{"Escrito por":"Randall Gutierrez","Tiempo de lectura":"3 minutos"},"schema":{"@context":"https:\/\/schema.org","@graph":[{"@type":"Article","@id":"https:\/\/rgdeportes.com\/index.php\/2025\/02\/11\/velocidad-pura-durante-el-torneo-de-pista-y-campo\/#article","isPartOf":{"@id":"https:\/\/rgdeportes.com\/index.php\/2025\/02\/11\/velocidad-pura-durante-el-torneo-de-pista-y-campo\/"},"author":{"name":"Randall Gutierrez","@id":"https:\/\/rgdeportes.com\/#\/schema\/person\/91795323fddb335a4fd017bf0e4b1358"},"headline":"Velocidad pura durante el Torneo de Pista y Campo","datePublished":"2025-02-11T18:54:32+00:00","dateModified":"2025-02-11T18:54:32+00:00","mainEntityOfPage":{"@id":"https:\/\/rgdeportes.com\/index.php\/2025\/02\/11\/velocidad-pura-durante-el-torneo-de-pista-y-campo\/"},"wordCount":468,"publisher":{"@id":"https:\/\/rgdeportes.com\/#organization"},"keywords":["#torneopistafecoa"],"articleSection":["Deporte"],"inLanguage":"es"},{"@type":"WebPage","@id":"https:\/\/rgdeportes.com\/index.php\/2025\/02\/11\/velocidad-pura-durante-el-torneo-de-pista-y-campo\/","url":"https:\/\/rgdeportes.com\/index.php\/2025\/02\/11\/velocidad-pura-durante-el-torneo-de-pista-y-campo\/","name":"Velocidad pura durante el Torneo de Pista y Campo - RG Deportes\u200e","isPartOf":{"@id":"https:\/\/rgdeportes.com\/#website"},"datePublished":"2025-02-11T18:54:32+00:00","dateModified":"2025-02-11T18:54:32+00:00","breadcrumb":{"@id":"https:\/\/rgdeportes.com\/index.php\/2025\/02\/11\/velocidad-pura-durante-el-torneo-de-pista-y-campo\/#breadcrumb"},"inLanguage":"es","potentialAction":[{"@type":"ReadAction","target":["https:\/\/rgdeportes.com\/index.php\/2025\/02\/11\/velocidad-pura-durante-el-torneo-de-pista-y-campo\/"]}]},{"@type":"BreadcrumbList","@id":"https:\/\/rgdeportes.com\/index.php\/2025\/02\/11\/velocidad-pura-durante-el-torneo-de-pista-y-campo\/#breadcrumb","itemListElement":[{"@type":"ListItem","position":1,"name":"Portada","item":"https:\/\/rgdeportes.com\/"},{"@type":"ListItem","position":2,"name":"Velocidad pura durante el Torneo de Pista y Campo"}]},{"@type":"WebSite","@id":"https:\/\/rgdeportes.com\/#website","url":"https:\/\/rgdeportes.com\/","name":"RG Deportes\u200e","description":"","publisher":{"@id":"https:\/\/rgdeportes.com\/#organization"},"potentialAction":[{"@type":"SearchAction","target":{"@type":"EntryPoint","urlTemplate":"https:\/\/rgdeportes.com\/?s={search_term_string}"},"query-input":"required name=search_term_string"}],"inLanguage":"es"},{"@type":"Organization","@id":"https:\/\/rgdeportes.com\/#organization","name":"RG Deportes","url":"https:\/\/rgdeportes.com\/","logo":{"@type":"ImageObject","inLanguage":"es","@id":"https:\/\/rgdeportes.com\/#\/schema\/logo\/image\/","url":"https:\/\/rgdeportes.com\/wp-content\/uploads\/2020\/09\/Logo.png","contentUrl":"https:\/\/rgdeportes.com\/wp-content\/uploads\/2020\/09\/Logo.png","width":784,"height":552,"caption":"RG Deportes"},"image":{"@id":"https:\/\/rgdeportes.com\/#\/schema\/logo\/image\/"},"sameAs":["https:\/\/www.facebook.com\/RandallGutierrezDeportes\/","https:\/\/www.instagram.com\/randallgutierrezdeportes\/","https:\/\/www.youtube.com\/channel\/UCX4_qbvtnTwoF5t2zNqBDvA"]},{"@type":"Person","@id":"https:\/\/rgdeportes.com\/#\/schema\/person\/91795323fddb335a4fd017bf0e4b1358","name":"Randall Gutierrez","image":{"@type":"ImageObject","inLanguage":"es","@id":"https:\/\/rgdeportes.com\/#\/schema\/person\/image\/","url":"https:\/\/secure.gravatar.com\/avatar\/d0884ea8b9b50bcfad3c0d20049361b5?s=96&d=mm&r=g","contentUrl":"https:\/\/secure.gravatar.com\/avatar\/d0884ea8b9b50bcfad3c0d20049361b5?s=96&d=mm&r=g","caption":"Randall Gutierrez"},"url":"https:\/\/rgdeportes.com\/index.php\/author\/randall\/"}]}},"_links":{"self":[{"href":"https:\/\/rgdeportes.com\/index.php\/wp-json\/wp\/v2\/posts\/9319","targetHints":{"allow":["GET"]}}],"collection":[{"href":"https:\/\/rgdeportes.com\/index.php\/wp-json\/wp\/v2\/posts"}],"about":[{"href":"https:\/\/rgdeportes.com\/index.php\/wp-json\/wp\/v2\/types\/post"}],"author":[{"embeddable":true,"href":"https:\/\/rgdeportes.com\/index.php\/wp-json\/wp\/v2\/users\/2"}],"replies":[{"embeddable":true,"href":"https:\/\/rgdeportes.com\/index.php\/wp-json\/wp\/v2\/comments?post=9319"}],"version-history":[{"count":1,"href":"https:\/\/rgdeportes.com\/index.php\/wp-json\/wp\/v2\/posts\/9319\/revisions"}],"predecessor-version":[{"id":9323,"href":"https:\/\/rgdeportes.com\/index.php\/wp-json\/wp\/v2\/posts\/9319\/revisions\/9323"}],"wp:featuredmedia":[{"embeddable":true,"href":"https:\/\/rgdeportes.com\/index.php\/wp-json\/wp\/v2\/media\/9320"}],"wp:attachment":[{"href":"https:\/\/rgdeportes.com\/index.php\/wp-json\/wp\/v2\/media?parent=9319"}],"wp:term":[{"taxonomy":"category","embeddable":true,"href":"https:\/\/rgdeportes.com\/index.php\/wp-json\/wp\/v2\/categories?post=9319"},{"taxonomy":"post_tag","embeddable":true,"href":"https:\/\/rgdeportes.com\/index.php\/wp-json\/wp\/v2\/tags?post=9319"}],"curies":[{"name":"wp","href":"https:\/\/api.w.org\/{rel}","templated":true}]}}