{"id":9148,"date":"2024-11-28T21:47:59","date_gmt":"2024-11-28T21:47:59","guid":{"rendered":"https:\/\/rgdeportes.com\/?p=9148"},"modified":"2024-11-28T21:48:00","modified_gmt":"2024-11-28T21:48:00","slug":"voleibol-regresa-con-mucha-accion-a-nivel-centroamericano","status":"publish","type":"post","link":"https:\/\/rgdeportes.com\/index.php\/2024\/11\/28\/voleibol-regresa-con-mucha-accion-a-nivel-centroamericano\/","title":{"rendered":"V\u00f3leibol regresa con mucha acci\u00f3n a nivel Centroamericano"},"content":{"rendered":"\n<figure class=\"wp-block-image size-large\"><img loading=\"lazy\" decoding=\"async\" width=\"1024\" height=\"682\" src=\"https:\/\/rgdeportes.com\/wp-content\/uploads\/2024\/11\/IMG-20241128-WA0093-1024x682.jpg\" alt=\"\" class=\"wp-image-9149\" srcset=\"https:\/\/rgdeportes.com\/wp-content\/uploads\/2024\/11\/IMG-20241128-WA0093-1024x682.jpg 1024w, https:\/\/rgdeportes.com\/wp-content\/uploads\/2024\/11\/IMG-20241128-WA0093-300x200.jpg 300w, https:\/\/rgdeportes.com\/wp-content\/uploads\/2024\/11\/IMG-20241128-WA0093-768x512.jpg 768w, https:\/\/rgdeportes.com\/wp-content\/uploads\/2024\/11\/IMG-20241128-WA0093-1536x1023.jpg 1536w, https:\/\/rgdeportes.com\/wp-content\/uploads\/2024\/11\/IMG-20241128-WA0093.jpg 1600w\" sizes=\"auto, (max-width: 1024px) 100vw, 1024px\" \/><\/figure>\n\n\n\n<p>Costa Rica ser\u00e1 nuevamente la sede de los Campeonatos Centroamericanos Sub 17 y Sub 19 de Voleibol de Playa de Afecavol, a disputarse en las canchas de arena del Parque Metropolitano La Sabana este s\u00e1bado 30 de noviembre y el domingo 1 de diciembre.<\/p>\n\n\n\n<p>Nuestro pa\u00eds ha sido la sede de todas las ediciones de los campeonatos centroamericanos de voleibol de playa Sub 17 y Sub 19. <\/p>\n\n\n\n<p>La primera ocasi\u00f3n fue en 2018 cuando se disput\u00f3 el primer Centroamericano Sub 19, en Puntarenas y la segunda el a\u00f1o pasado, cuando se llevaron a cabo la primera edici\u00f3n Sub 17 y la segunda edici\u00f3n Sub 19, ambos simult\u00e1neamente en La Sabana.<\/p>\n\n\n\n<p>En el 2023, Costa Rica domin\u00f3 la categor\u00eda Sub 19, coron\u00e1ndose campeones Juli\u00e1n Araya y Yulius Brown en varones y Valentina Molina junto a Aliza Aguilar en femenino. Las medallas de plata y bronce en la rama masculina fueron para Roberto Recinos \/ Jos\u00e9 Daniel Guevara de Guatemala y V\u00edctor Ara\u00faz \/ Adamit del Cid Moreno de Panam\u00e1, en tanto que la plata femenina correspondi\u00f3 a Maritza Z\u00fa\u00f1iga \/ Danna Aguilar de Guatemala y el bronce a Yuliana Ch\u00e1vez \/ Kadderly Rosales de Nicaragua.<\/p>\n\n\n\n<p>Las duplas de Ella Resau y Yulimar Alvarado de Nicaragua y Stanley Grant y Cristian Oporta de Costa Rica se coronaron campeones de la primera edici\u00f3n del Campeonato Centroamericano Sub 17. <\/p>\n\n\n\n<p>El segundo lugar masculino fue para Juan Carlos Men\u00e9ndez y Daniel Sosa de Guatemala y el tercero para Yustin Gantes y Einar Rodr\u00edguez de Panam\u00e1. En mujeres, Devora Medina y Daniela Vigil de El Salvador y las costarricenses Sury Jim\u00e9nez y Mariana Fallas quedaron en segundo y tercer lugar respectivamente.<\/p>\n\n\n\n<p><br>Para este a\u00f1o, Costa Rica incluir\u00e1 en sus selecciones nacionales a cuatro ganadores de medalla de oro del 2023. Cristian Oporta defender\u00e1 la corona sub 17, ahora al lado de Gabriel Elizondo, y lo mismo ocurrir\u00e1 con Valentina Molina, en Sub 19, quien har\u00e1 dupla con Sof\u00eda Vega. Mientras tanto, en la categor\u00eda Sub 19 masculina estar\u00e1 el vigente campe\u00f3n, Juli\u00e1n Araya, junto con Stanley Grant, monarca el a\u00f1o anterior en Sub 17.<br>Las duplas costarricenses las completan Amanda Villegas y Luciana Soto en Sub 17.<\/p>\n\n\n\n<figure class=\"wp-block-image size-large is-resized\"><img loading=\"lazy\" decoding=\"async\" width=\"1024\" height=\"575\" src=\"https:\/\/rgdeportes.com\/wp-content\/uploads\/2024\/11\/IMG-20241128-WA0091-1024x575.jpg\" alt=\"\" class=\"wp-image-9150\" style=\"aspect-ratio:1.7808695652173914;width:352px;height:auto\" srcset=\"https:\/\/rgdeportes.com\/wp-content\/uploads\/2024\/11\/IMG-20241128-WA0091-1024x575.jpg 1024w, https:\/\/rgdeportes.com\/wp-content\/uploads\/2024\/11\/IMG-20241128-WA0091-300x169.jpg 300w, https:\/\/rgdeportes.com\/wp-content\/uploads\/2024\/11\/IMG-20241128-WA0091-768x432.jpg 768w, https:\/\/rgdeportes.com\/wp-content\/uploads\/2024\/11\/IMG-20241128-WA0091-1536x863.jpg 1536w, https:\/\/rgdeportes.com\/wp-content\/uploads\/2024\/11\/IMG-20241128-WA0091.jpg 1600w\" sizes=\"auto, (max-width: 1024px) 100vw, 1024px\" \/><\/figure>\n\n\n\n<p>El II Campeonato Centroamericano Sub 17 y el III Campeonato Centroamericano Sub 19 contar\u00e1n con la participaci\u00f3n de equipos de El Salvador, Guatemala, Honduras, Nicaragua y Costa Rica.<\/p>\n\n\n\n<p>En Sub 17 masculino, Costa Rica jugar\u00e1 el s\u00e1bado contra Guatemala a las 11.30 a.m., y el domingo frente a Nicaragua (9 a.m.), El Salvador (12.15 p.m.) y Honduras (3.15 p.m.) mientras que en femenino las ticas enfrentar\u00e1n el s\u00e1bado a Guatemala (10.15 a.m.) y Honduras (1.30 p.m.) y el domingo a Nicaragua (9 a.m.) y El Salvador (1.15 p.m.).<\/p>\n\n\n\n<p>En Sub 19, simult\u00e1neamente varones y damas jugar\u00e1n el s\u00e1bado contra Guatemala a las 11.30 a.m. y el domingo ante Nicaragua (9 a.m.), Honduras (12.15 p.m.) y El Salvador (3.15 p.m.).<br>En la categor\u00eda Sub 17 est\u00e1n registrados nueve equipos, con El Salvador participando \u00fanicamente en la rama masculina mientras que para la Sub 19 se cuenta con 10 equipos, una dupla por g\u00e9nero de cada pa\u00eds.<\/p>\n\n\n\n<p>Las delegaciones tienen programada su llegada a San Jos\u00e9 este jueves 28; la reuni\u00f3n preliminar, junto al reconocimiento de cancha y la cl\u00ednica pr\u00e1ctica de arbitraje tendr\u00e1n lugar el viernes 30, y la competencia se desarrollar\u00e1 el s\u00e1bado 30 y domingo 1.<br>Los campeonatos son organizados por la Asociaci\u00f3n de Federaciones Centroamericanas de Voleibol (Afecavol) y la Federaci\u00f3n Costarricense de Voleibol-FECOVOL).<\/p>\n","protected":false},"excerpt":{"rendered":"<p>Costa Rica ser\u00e1 nuevamente la sede de los Campeonatos Centroamericanos Sub 17 y Sub 19 de Voleibol de Playa de Afecavol, a disputarse en las canchas de arena del Parque&hellip; <\/p>\n","protected":false},"author":2,"featured_media":9149,"comment_status":"closed","ping_status":"closed","sticky":false,"template":"","format":"standard","meta":{"om_disable_all_campaigns":false,"_monsterinsights_skip_tracking":false,"_monsterinsights_sitenote_active":false,"_monsterinsights_sitenote_note":"","_monsterinsights_sitenote_category":0,"footnotes":""},"categories":[13],"tags":[2884,111],"class_list":["post-9148","post","type-post","status-publish","format-standard","has-post-thumbnail","hentry","category-od","tag-costaricavoleibol","tag-voleibolcr-2"],"aioseo_notices":[],"yoast_head":"<!-- This site is optimized with the Yoast SEO plugin v21.2 - https:\/\/yoast.com\/wordpress\/plugins\/seo\/ -->\n<title>V\u00f3leibol regresa con mucha acci\u00f3n a nivel Centroamericano - RG Deportes\u200e<\/title>\n<meta name=\"robots\" content=\"index, follow, max-snippet:-1, max-image-preview:large, max-video-preview:-1\" \/>\n<link rel=\"canonical\" href=\"https:\/\/rgdeportes.com\/index.php\/2024\/11\/28\/voleibol-regresa-con-mucha-accion-a-nivel-centroamericano\/\" \/>\n<meta property=\"og:locale\" content=\"es_ES\" \/>\n<meta property=\"og:type\" content=\"article\" \/>\n<meta property=\"og:title\" content=\"V\u00f3leibol regresa con mucha acci\u00f3n a nivel Centroamericano - RG Deportes\u200e\" \/>\n<meta property=\"og:description\" content=\"Costa Rica ser\u00e1 nuevamente la sede de los Campeonatos Centroamericanos Sub 17 y Sub 19 de Voleibol de Playa de Afecavol, a disputarse en las canchas de arena del Parque&hellip;\" \/>\n<meta property=\"og:url\" content=\"https:\/\/rgdeportes.com\/index.php\/2024\/11\/28\/voleibol-regresa-con-mucha-accion-a-nivel-centroamericano\/\" \/>\n<meta property=\"og:site_name\" content=\"RG Deportes\u200e\" \/>\n<meta property=\"article:publisher\" content=\"https:\/\/www.facebook.com\/RandallGutierrezDeportes\/\" \/>\n<meta property=\"article:published_time\" content=\"2024-11-28T21:47:59+00:00\" \/>\n<meta property=\"article:modified_time\" content=\"2024-11-28T21:48:00+00:00\" \/>\n<meta property=\"og:image\" content=\"http:\/\/rgdeportes.com\/wp-content\/uploads\/2024\/11\/IMG-20241128-WA0093.jpg\" \/>\n\t<meta property=\"og:image:width\" content=\"1600\" \/>\n\t<meta property=\"og:image:height\" content=\"1066\" \/>\n\t<meta property=\"og:image:type\" content=\"image\/jpeg\" \/>\n<meta name=\"author\" content=\"Randall Gutierrez\" \/>\n<meta name=\"twitter:card\" content=\"summary_large_image\" \/>\n<meta name=\"twitter:label1\" content=\"Escrito por\" \/>\n\t<meta name=\"twitter:data1\" content=\"Randall Gutierrez\" \/>\n\t<meta name=\"twitter:label2\" content=\"Tiempo de lectura\" \/>\n\t<meta name=\"twitter:data2\" content=\"4 minutos\" \/>\n<script type=\"application\/ld+json\" class=\"yoast-schema-graph\">{\"@context\":\"https:\/\/schema.org\",\"@graph\":[{\"@type\":\"Article\",\"@id\":\"https:\/\/rgdeportes.com\/index.php\/2024\/11\/28\/voleibol-regresa-con-mucha-accion-a-nivel-centroamericano\/#article\",\"isPartOf\":{\"@id\":\"https:\/\/rgdeportes.com\/index.php\/2024\/11\/28\/voleibol-regresa-con-mucha-accion-a-nivel-centroamericano\/\"},\"author\":{\"name\":\"Randall Gutierrez\",\"@id\":\"https:\/\/rgdeportes.com\/#\/schema\/person\/91795323fddb335a4fd017bf0e4b1358\"},\"headline\":\"V\u00f3leibol regresa con mucha acci\u00f3n a nivel Centroamericano\",\"datePublished\":\"2024-11-28T21:47:59+00:00\",\"dateModified\":\"2024-11-28T21:48:00+00:00\",\"mainEntityOfPage\":{\"@id\":\"https:\/\/rgdeportes.com\/index.php\/2024\/11\/28\/voleibol-regresa-con-mucha-accion-a-nivel-centroamericano\/\"},\"wordCount\":596,\"publisher\":{\"@id\":\"https:\/\/rgdeportes.com\/#organization\"},\"keywords\":[\"#costaricavoleibol\",\"#VoleibolCR\"],\"articleSection\":[\"Otros deportes\"],\"inLanguage\":\"es\"},{\"@type\":\"WebPage\",\"@id\":\"https:\/\/rgdeportes.com\/index.php\/2024\/11\/28\/voleibol-regresa-con-mucha-accion-a-nivel-centroamericano\/\",\"url\":\"https:\/\/rgdeportes.com\/index.php\/2024\/11\/28\/voleibol-regresa-con-mucha-accion-a-nivel-centroamericano\/\",\"name\":\"V\u00f3leibol regresa con mucha acci\u00f3n a nivel Centroamericano - RG Deportes\u200e\",\"isPartOf\":{\"@id\":\"https:\/\/rgdeportes.com\/#website\"},\"datePublished\":\"2024-11-28T21:47:59+00:00\",\"dateModified\":\"2024-11-28T21:48:00+00:00\",\"breadcrumb\":{\"@id\":\"https:\/\/rgdeportes.com\/index.php\/2024\/11\/28\/voleibol-regresa-con-mucha-accion-a-nivel-centroamericano\/#breadcrumb\"},\"inLanguage\":\"es\",\"potentialAction\":[{\"@type\":\"ReadAction\",\"target\":[\"https:\/\/rgdeportes.com\/index.php\/2024\/11\/28\/voleibol-regresa-con-mucha-accion-a-nivel-centroamericano\/\"]}]},{\"@type\":\"BreadcrumbList\",\"@id\":\"https:\/\/rgdeportes.com\/index.php\/2024\/11\/28\/voleibol-regresa-con-mucha-accion-a-nivel-centroamericano\/#breadcrumb\",\"itemListElement\":[{\"@type\":\"ListItem\",\"position\":1,\"name\":\"Portada\",\"item\":\"https:\/\/rgdeportes.com\/\"},{\"@type\":\"ListItem\",\"position\":2,\"name\":\"V\u00f3leibol regresa con mucha acci\u00f3n a nivel Centroamericano\"}]},{\"@type\":\"WebSite\",\"@id\":\"https:\/\/rgdeportes.com\/#website\",\"url\":\"https:\/\/rgdeportes.com\/\",\"name\":\"RG Deportes\u200e\",\"description\":\"\",\"publisher\":{\"@id\":\"https:\/\/rgdeportes.com\/#organization\"},\"potentialAction\":[{\"@type\":\"SearchAction\",\"target\":{\"@type\":\"EntryPoint\",\"urlTemplate\":\"https:\/\/rgdeportes.com\/?s={search_term_string}\"},\"query-input\":\"required name=search_term_string\"}],\"inLanguage\":\"es\"},{\"@type\":\"Organization\",\"@id\":\"https:\/\/rgdeportes.com\/#organization\",\"name\":\"RG Deportes\",\"url\":\"https:\/\/rgdeportes.com\/\",\"logo\":{\"@type\":\"ImageObject\",\"inLanguage\":\"es\",\"@id\":\"https:\/\/rgdeportes.com\/#\/schema\/logo\/image\/\",\"url\":\"https:\/\/rgdeportes.com\/wp-content\/uploads\/2020\/09\/Logo.png\",\"contentUrl\":\"https:\/\/rgdeportes.com\/wp-content\/uploads\/2020\/09\/Logo.png\",\"width\":784,\"height\":552,\"caption\":\"RG Deportes\"},\"image\":{\"@id\":\"https:\/\/rgdeportes.com\/#\/schema\/logo\/image\/\"},\"sameAs\":[\"https:\/\/www.facebook.com\/RandallGutierrezDeportes\/\",\"https:\/\/www.instagram.com\/randallgutierrezdeportes\/\",\"https:\/\/www.youtube.com\/channel\/UCX4_qbvtnTwoF5t2zNqBDvA\"]},{\"@type\":\"Person\",\"@id\":\"https:\/\/rgdeportes.com\/#\/schema\/person\/91795323fddb335a4fd017bf0e4b1358\",\"name\":\"Randall Gutierrez\",\"image\":{\"@type\":\"ImageObject\",\"inLanguage\":\"es\",\"@id\":\"https:\/\/rgdeportes.com\/#\/schema\/person\/image\/\",\"url\":\"https:\/\/secure.gravatar.com\/avatar\/d0884ea8b9b50bcfad3c0d20049361b5?s=96&d=mm&r=g\",\"contentUrl\":\"https:\/\/secure.gravatar.com\/avatar\/d0884ea8b9b50bcfad3c0d20049361b5?s=96&d=mm&r=g\",\"caption\":\"Randall Gutierrez\"},\"url\":\"https:\/\/rgdeportes.com\/index.php\/author\/randall\/\"}]}<\/script>\n<!-- \/ Yoast SEO plugin. -->","yoast_head_json":{"title":"V\u00f3leibol regresa con mucha acci\u00f3n a nivel Centroamericano - RG Deportes\u200e","robots":{"index":"index","follow":"follow","max-snippet":"max-snippet:-1","max-image-preview":"max-image-preview:large","max-video-preview":"max-video-preview:-1"},"canonical":"https:\/\/rgdeportes.com\/index.php\/2024\/11\/28\/voleibol-regresa-con-mucha-accion-a-nivel-centroamericano\/","og_locale":"es_ES","og_type":"article","og_title":"V\u00f3leibol regresa con mucha acci\u00f3n a nivel Centroamericano - RG Deportes\u200e","og_description":"Costa Rica ser\u00e1 nuevamente la sede de los Campeonatos Centroamericanos Sub 17 y Sub 19 de Voleibol de Playa de Afecavol, a disputarse en las canchas de arena del Parque&hellip;","og_url":"https:\/\/rgdeportes.com\/index.php\/2024\/11\/28\/voleibol-regresa-con-mucha-accion-a-nivel-centroamericano\/","og_site_name":"RG Deportes\u200e","article_publisher":"https:\/\/www.facebook.com\/RandallGutierrezDeportes\/","article_published_time":"2024-11-28T21:47:59+00:00","article_modified_time":"2024-11-28T21:48:00+00:00","og_image":[{"width":1600,"height":1066,"url":"http:\/\/rgdeportes.com\/wp-content\/uploads\/2024\/11\/IMG-20241128-WA0093.jpg","type":"image\/jpeg"}],"author":"Randall Gutierrez","twitter_card":"summary_large_image","twitter_misc":{"Escrito por":"Randall Gutierrez","Tiempo de lectura":"4 minutos"},"schema":{"@context":"https:\/\/schema.org","@graph":[{"@type":"Article","@id":"https:\/\/rgdeportes.com\/index.php\/2024\/11\/28\/voleibol-regresa-con-mucha-accion-a-nivel-centroamericano\/#article","isPartOf":{"@id":"https:\/\/rgdeportes.com\/index.php\/2024\/11\/28\/voleibol-regresa-con-mucha-accion-a-nivel-centroamericano\/"},"author":{"name":"Randall Gutierrez","@id":"https:\/\/rgdeportes.com\/#\/schema\/person\/91795323fddb335a4fd017bf0e4b1358"},"headline":"V\u00f3leibol regresa con mucha acci\u00f3n a nivel Centroamericano","datePublished":"2024-11-28T21:47:59+00:00","dateModified":"2024-11-28T21:48:00+00:00","mainEntityOfPage":{"@id":"https:\/\/rgdeportes.com\/index.php\/2024\/11\/28\/voleibol-regresa-con-mucha-accion-a-nivel-centroamericano\/"},"wordCount":596,"publisher":{"@id":"https:\/\/rgdeportes.com\/#organization"},"keywords":["#costaricavoleibol","#VoleibolCR"],"articleSection":["Otros deportes"],"inLanguage":"es"},{"@type":"WebPage","@id":"https:\/\/rgdeportes.com\/index.php\/2024\/11\/28\/voleibol-regresa-con-mucha-accion-a-nivel-centroamericano\/","url":"https:\/\/rgdeportes.com\/index.php\/2024\/11\/28\/voleibol-regresa-con-mucha-accion-a-nivel-centroamericano\/","name":"V\u00f3leibol regresa con mucha acci\u00f3n a nivel Centroamericano - RG Deportes\u200e","isPartOf":{"@id":"https:\/\/rgdeportes.com\/#website"},"datePublished":"2024-11-28T21:47:59+00:00","dateModified":"2024-11-28T21:48:00+00:00","breadcrumb":{"@id":"https:\/\/rgdeportes.com\/index.php\/2024\/11\/28\/voleibol-regresa-con-mucha-accion-a-nivel-centroamericano\/#breadcrumb"},"inLanguage":"es","potentialAction":[{"@type":"ReadAction","target":["https:\/\/rgdeportes.com\/index.php\/2024\/11\/28\/voleibol-regresa-con-mucha-accion-a-nivel-centroamericano\/"]}]},{"@type":"BreadcrumbList","@id":"https:\/\/rgdeportes.com\/index.php\/2024\/11\/28\/voleibol-regresa-con-mucha-accion-a-nivel-centroamericano\/#breadcrumb","itemListElement":[{"@type":"ListItem","position":1,"name":"Portada","item":"https:\/\/rgdeportes.com\/"},{"@type":"ListItem","position":2,"name":"V\u00f3leibol regresa con mucha acci\u00f3n a nivel Centroamericano"}]},{"@type":"WebSite","@id":"https:\/\/rgdeportes.com\/#website","url":"https:\/\/rgdeportes.com\/","name":"RG Deportes\u200e","description":"","publisher":{"@id":"https:\/\/rgdeportes.com\/#organization"},"potentialAction":[{"@type":"SearchAction","target":{"@type":"EntryPoint","urlTemplate":"https:\/\/rgdeportes.com\/?s={search_term_string}"},"query-input":"required name=search_term_string"}],"inLanguage":"es"},{"@type":"Organization","@id":"https:\/\/rgdeportes.com\/#organization","name":"RG Deportes","url":"https:\/\/rgdeportes.com\/","logo":{"@type":"ImageObject","inLanguage":"es","@id":"https:\/\/rgdeportes.com\/#\/schema\/logo\/image\/","url":"https:\/\/rgdeportes.com\/wp-content\/uploads\/2020\/09\/Logo.png","contentUrl":"https:\/\/rgdeportes.com\/wp-content\/uploads\/2020\/09\/Logo.png","width":784,"height":552,"caption":"RG Deportes"},"image":{"@id":"https:\/\/rgdeportes.com\/#\/schema\/logo\/image\/"},"sameAs":["https:\/\/www.facebook.com\/RandallGutierrezDeportes\/","https:\/\/www.instagram.com\/randallgutierrezdeportes\/","https:\/\/www.youtube.com\/channel\/UCX4_qbvtnTwoF5t2zNqBDvA"]},{"@type":"Person","@id":"https:\/\/rgdeportes.com\/#\/schema\/person\/91795323fddb335a4fd017bf0e4b1358","name":"Randall Gutierrez","image":{"@type":"ImageObject","inLanguage":"es","@id":"https:\/\/rgdeportes.com\/#\/schema\/person\/image\/","url":"https:\/\/secure.gravatar.com\/avatar\/d0884ea8b9b50bcfad3c0d20049361b5?s=96&d=mm&r=g","contentUrl":"https:\/\/secure.gravatar.com\/avatar\/d0884ea8b9b50bcfad3c0d20049361b5?s=96&d=mm&r=g","caption":"Randall Gutierrez"},"url":"https:\/\/rgdeportes.com\/index.php\/author\/randall\/"}]}},"_links":{"self":[{"href":"https:\/\/rgdeportes.com\/index.php\/wp-json\/wp\/v2\/posts\/9148","targetHints":{"allow":["GET"]}}],"collection":[{"href":"https:\/\/rgdeportes.com\/index.php\/wp-json\/wp\/v2\/posts"}],"about":[{"href":"https:\/\/rgdeportes.com\/index.php\/wp-json\/wp\/v2\/types\/post"}],"author":[{"embeddable":true,"href":"https:\/\/rgdeportes.com\/index.php\/wp-json\/wp\/v2\/users\/2"}],"replies":[{"embeddable":true,"href":"https:\/\/rgdeportes.com\/index.php\/wp-json\/wp\/v2\/comments?post=9148"}],"version-history":[{"count":1,"href":"https:\/\/rgdeportes.com\/index.php\/wp-json\/wp\/v2\/posts\/9148\/revisions"}],"predecessor-version":[{"id":9151,"href":"https:\/\/rgdeportes.com\/index.php\/wp-json\/wp\/v2\/posts\/9148\/revisions\/9151"}],"wp:featuredmedia":[{"embeddable":true,"href":"https:\/\/rgdeportes.com\/index.php\/wp-json\/wp\/v2\/media\/9149"}],"wp:attachment":[{"href":"https:\/\/rgdeportes.com\/index.php\/wp-json\/wp\/v2\/media?parent=9148"}],"wp:term":[{"taxonomy":"category","embeddable":true,"href":"https:\/\/rgdeportes.com\/index.php\/wp-json\/wp\/v2\/categories?post=9148"},{"taxonomy":"post_tag","embeddable":true,"href":"https:\/\/rgdeportes.com\/index.php\/wp-json\/wp\/v2\/tags?post=9148"}],"curies":[{"name":"wp","href":"https:\/\/api.w.org\/{rel}","templated":true}]}}