{"id":9067,"date":"2024-10-31T21:24:33","date_gmt":"2024-10-31T21:24:33","guid":{"rendered":"https:\/\/rgdeportes.com\/?p=9067"},"modified":"2024-10-31T21:24:33","modified_gmt":"2024-10-31T21:24:33","slug":"paolo-montoya-y-adriana-rojas-conquistaron-la-serie-cr-mtb-2024","status":"publish","type":"post","link":"https:\/\/rgdeportes.com\/index.php\/2024\/10\/31\/paolo-montoya-y-adriana-rojas-conquistaron-la-serie-cr-mtb-2024\/","title":{"rendered":"Paolo Montoya y Adriana Rojas conquistaron la Serie CR MTB 2024"},"content":{"rendered":"\n<figure class=\"wp-block-image size-large is-resized\"><img loading=\"lazy\" decoding=\"async\" width=\"1024\" height=\"683\" src=\"https:\/\/rgdeportes.com\/wp-content\/uploads\/2024\/10\/bici-1-1024x683.jpeg\" alt=\"\" class=\"wp-image-9068\" style=\"aspect-ratio:1.499267935578331;width:840px;height:auto\" srcset=\"https:\/\/rgdeportes.com\/wp-content\/uploads\/2024\/10\/bici-1-1024x683.jpeg 1024w, https:\/\/rgdeportes.com\/wp-content\/uploads\/2024\/10\/bici-1-300x200.jpeg 300w, https:\/\/rgdeportes.com\/wp-content\/uploads\/2024\/10\/bici-1-768x512.jpeg 768w, https:\/\/rgdeportes.com\/wp-content\/uploads\/2024\/10\/bici-1-1536x1024.jpeg 1536w, https:\/\/rgdeportes.com\/wp-content\/uploads\/2024\/10\/bici-1-2048x1365.jpeg 2048w\" sizes=\"auto, (max-width: 1024px) 100vw, 1024px\" \/><\/figure>\n\n\n\n<p>Los pedalistas <strong>Paolo Montoya<\/strong> y <strong>Adriana Rojas<\/strong> logran sellar su victoria en la <strong>primera edici\u00f3n de la Serie CR MTB<\/strong> en lo que respecta a s\u00e9ptima fecha de la \u201c<strong>Copa Ambacar<\/strong>\u201d del circuito Cross Country de cinco kil\u00f3metros de distancia que tuvo como escenario el <strong>Estadio Nacional y el Parque Metropolitano La Sabana<\/strong>, misma se realiz\u00f3 el pasado s\u00e1bado.<\/p>\n\n\n\n<p>Los heats de competencia iniciaron a las 7 de la ma\u00f1ana y cerraron a eso de las 3 de la tarde con un gran espect\u00e1culo en la categor\u00eda Open masculina que deb\u00eda dar seis vueltas al circuito, el hondure\u00f1o, Luis L\u00f3pez (LL-MMR) regreso a las carreras tras superar una lesi\u00f3n en su espalda con victoria en solitario y un crono de 57:12, seguido por el colombiano Diyer Rinc\u00f3n (V\u00cdVELO CYCLING CLUB) con 57:36. El duelo por el tercer lugar se dio entre Paolo Montoya y Josu\u00e9 Alp\u00edzar, pues el que culminar\u00e1 en una mejor posici\u00f3n se convertir\u00eda en el primer monarca de la Serie, al final, con 57:48 y una diferencia de dos segundos, Montoya se coronar\u00eda campe\u00f3n.<\/p>\n\n\n\n<p>\u201c<em>Esta es una copa que naci\u00f3 este a\u00f1o y la verdad que muy bonita, muy bien organizada, con lugares y recorridos diferentes y ese fue el ingrediente principal porque uno como corredor siempre anda buscando lugares diferentes y recorridos que se presten para diferentes tipos de corredores<\/em>\u201d, manifest\u00f3 <strong>Montoya<\/strong>, que sum\u00f3 514 puntos en la general, seguido por Jos\u00e9 Alp\u00edzar del Innovabikes con 483 y Jos\u00e9 Alexis Reyes del MMR- SportivStore con 532.<\/p>\n\n\n\n<p>En la Open femenina, la ganadora del d\u00eda fue una vez m\u00e1s <strong>Adriana Rojas<\/strong> con <strong>58: 26 en cinco vueltas<\/strong>, que un total de 600 puntos en la general se proclam\u00f3 campeona desde la sexta anterior. Este s\u00e1bado la segunda posici\u00f3n fue la dedicada del d\u00eda por su labor en el ciclismo femenino, Katherine Herrera con 1:02:48. La tercera posici\u00f3n fue para Yuliana Hern\u00e1ndez del Sapphire Kafitt Cycling Team con 01:02:48. Hern\u00e1ndez adem\u00e1s es segunda en la general del certamen con 498 puntos y Katherine Herrera tercera con 413.<\/p>\n\n\n\n<p>\u201c<em>La Serie MTB tiene carreras muy bonitas, muy exigentes, con la particularidad de que hemos tenido todo tipo de recorrido, tanto Cross Country como Marat\u00f3n. Adem\u00e1s, es muy bonito cuando giramos por todo el pa\u00eds y promovemos el ciclismo<\/em>\u201d, coment\u00f3 Rojas.<\/p>\n\n\n\n<p>(Foto \u2013 MJ Comunicaci\u00f3n).<\/p>\n","protected":false},"excerpt":{"rendered":"<p>Los pedalistas Paolo Montoya y Adriana Rojas logran sellar su victoria en la primera edici\u00f3n de la Serie CR MTB en lo que respecta a s\u00e9ptima fecha de la \u201cCopa&hellip; <\/p>\n","protected":false},"author":2,"featured_media":9068,"comment_status":"closed","ping_status":"closed","sticky":false,"template":"","format":"standard","meta":{"om_disable_all_campaigns":false,"_monsterinsights_skip_tracking":false,"_monsterinsights_sitenote_active":false,"_monsterinsights_sitenote_note":"","_monsterinsights_sitenote_category":0,"footnotes":""},"categories":[9],"tags":[2353],"class_list":["post-9067","post","type-post","status-publish","format-standard","has-post-thumbnail","hentry","category-na","tag-seriecrmtb"],"aioseo_notices":[],"yoast_head":"<!-- This site is optimized with the Yoast SEO plugin v21.2 - https:\/\/yoast.com\/wordpress\/plugins\/seo\/ -->\n<title>Paolo Montoya y Adriana Rojas conquistaron la Serie CR MTB 2024 - RG Deportes\u200e<\/title>\n<meta name=\"robots\" content=\"index, follow, max-snippet:-1, max-image-preview:large, max-video-preview:-1\" \/>\n<link rel=\"canonical\" href=\"https:\/\/rgdeportes.com\/index.php\/2024\/10\/31\/paolo-montoya-y-adriana-rojas-conquistaron-la-serie-cr-mtb-2024\/\" \/>\n<meta property=\"og:locale\" content=\"es_ES\" \/>\n<meta property=\"og:type\" content=\"article\" \/>\n<meta property=\"og:title\" content=\"Paolo Montoya y Adriana Rojas conquistaron la Serie CR MTB 2024 - RG Deportes\u200e\" \/>\n<meta property=\"og:description\" content=\"Los pedalistas Paolo Montoya y Adriana Rojas logran sellar su victoria en la primera edici\u00f3n de la Serie CR MTB en lo que respecta a s\u00e9ptima fecha de la \u201cCopa&hellip;\" \/>\n<meta property=\"og:url\" content=\"https:\/\/rgdeportes.com\/index.php\/2024\/10\/31\/paolo-montoya-y-adriana-rojas-conquistaron-la-serie-cr-mtb-2024\/\" \/>\n<meta property=\"og:site_name\" content=\"RG Deportes\u200e\" \/>\n<meta property=\"article:publisher\" content=\"https:\/\/www.facebook.com\/RandallGutierrezDeportes\/\" \/>\n<meta property=\"article:published_time\" content=\"2024-10-31T21:24:33+00:00\" \/>\n<meta property=\"og:image\" content=\"http:\/\/rgdeportes.com\/wp-content\/uploads\/2024\/10\/bici-1-scaled.jpeg\" \/>\n\t<meta property=\"og:image:width\" content=\"2560\" \/>\n\t<meta property=\"og:image:height\" content=\"1707\" \/>\n\t<meta property=\"og:image:type\" content=\"image\/jpeg\" \/>\n<meta name=\"author\" content=\"Randall Gutierrez\" \/>\n<meta name=\"twitter:card\" content=\"summary_large_image\" \/>\n<meta name=\"twitter:label1\" content=\"Escrito por\" \/>\n\t<meta name=\"twitter:data1\" content=\"Randall Gutierrez\" \/>\n\t<meta name=\"twitter:label2\" content=\"Tiempo de lectura\" \/>\n\t<meta name=\"twitter:data2\" content=\"2 minutos\" \/>\n<script type=\"application\/ld+json\" class=\"yoast-schema-graph\">{\"@context\":\"https:\/\/schema.org\",\"@graph\":[{\"@type\":\"Article\",\"@id\":\"https:\/\/rgdeportes.com\/index.php\/2024\/10\/31\/paolo-montoya-y-adriana-rojas-conquistaron-la-serie-cr-mtb-2024\/#article\",\"isPartOf\":{\"@id\":\"https:\/\/rgdeportes.com\/index.php\/2024\/10\/31\/paolo-montoya-y-adriana-rojas-conquistaron-la-serie-cr-mtb-2024\/\"},\"author\":{\"name\":\"Randall Gutierrez\",\"@id\":\"https:\/\/rgdeportes.com\/#\/schema\/person\/91795323fddb335a4fd017bf0e4b1358\"},\"headline\":\"Paolo Montoya y Adriana Rojas conquistaron la Serie CR MTB 2024\",\"datePublished\":\"2024-10-31T21:24:33+00:00\",\"dateModified\":\"2024-10-31T21:24:33+00:00\",\"mainEntityOfPage\":{\"@id\":\"https:\/\/rgdeportes.com\/index.php\/2024\/10\/31\/paolo-montoya-y-adriana-rojas-conquistaron-la-serie-cr-mtb-2024\/\"},\"wordCount\":411,\"publisher\":{\"@id\":\"https:\/\/rgdeportes.com\/#organization\"},\"keywords\":[\"#seriecrmtb\"],\"articleSection\":[\"Nacionales\"],\"inLanguage\":\"es\"},{\"@type\":\"WebPage\",\"@id\":\"https:\/\/rgdeportes.com\/index.php\/2024\/10\/31\/paolo-montoya-y-adriana-rojas-conquistaron-la-serie-cr-mtb-2024\/\",\"url\":\"https:\/\/rgdeportes.com\/index.php\/2024\/10\/31\/paolo-montoya-y-adriana-rojas-conquistaron-la-serie-cr-mtb-2024\/\",\"name\":\"Paolo Montoya y Adriana Rojas conquistaron la Serie CR MTB 2024 - RG Deportes\u200e\",\"isPartOf\":{\"@id\":\"https:\/\/rgdeportes.com\/#website\"},\"datePublished\":\"2024-10-31T21:24:33+00:00\",\"dateModified\":\"2024-10-31T21:24:33+00:00\",\"breadcrumb\":{\"@id\":\"https:\/\/rgdeportes.com\/index.php\/2024\/10\/31\/paolo-montoya-y-adriana-rojas-conquistaron-la-serie-cr-mtb-2024\/#breadcrumb\"},\"inLanguage\":\"es\",\"potentialAction\":[{\"@type\":\"ReadAction\",\"target\":[\"https:\/\/rgdeportes.com\/index.php\/2024\/10\/31\/paolo-montoya-y-adriana-rojas-conquistaron-la-serie-cr-mtb-2024\/\"]}]},{\"@type\":\"BreadcrumbList\",\"@id\":\"https:\/\/rgdeportes.com\/index.php\/2024\/10\/31\/paolo-montoya-y-adriana-rojas-conquistaron-la-serie-cr-mtb-2024\/#breadcrumb\",\"itemListElement\":[{\"@type\":\"ListItem\",\"position\":1,\"name\":\"Portada\",\"item\":\"https:\/\/rgdeportes.com\/\"},{\"@type\":\"ListItem\",\"position\":2,\"name\":\"Paolo Montoya y Adriana Rojas conquistaron la Serie CR MTB 2024\"}]},{\"@type\":\"WebSite\",\"@id\":\"https:\/\/rgdeportes.com\/#website\",\"url\":\"https:\/\/rgdeportes.com\/\",\"name\":\"RG Deportes\u200e\",\"description\":\"\",\"publisher\":{\"@id\":\"https:\/\/rgdeportes.com\/#organization\"},\"potentialAction\":[{\"@type\":\"SearchAction\",\"target\":{\"@type\":\"EntryPoint\",\"urlTemplate\":\"https:\/\/rgdeportes.com\/?s={search_term_string}\"},\"query-input\":\"required name=search_term_string\"}],\"inLanguage\":\"es\"},{\"@type\":\"Organization\",\"@id\":\"https:\/\/rgdeportes.com\/#organization\",\"name\":\"RG Deportes\",\"url\":\"https:\/\/rgdeportes.com\/\",\"logo\":{\"@type\":\"ImageObject\",\"inLanguage\":\"es\",\"@id\":\"https:\/\/rgdeportes.com\/#\/schema\/logo\/image\/\",\"url\":\"https:\/\/rgdeportes.com\/wp-content\/uploads\/2020\/09\/Logo.png\",\"contentUrl\":\"https:\/\/rgdeportes.com\/wp-content\/uploads\/2020\/09\/Logo.png\",\"width\":784,\"height\":552,\"caption\":\"RG Deportes\"},\"image\":{\"@id\":\"https:\/\/rgdeportes.com\/#\/schema\/logo\/image\/\"},\"sameAs\":[\"https:\/\/www.facebook.com\/RandallGutierrezDeportes\/\",\"https:\/\/www.instagram.com\/randallgutierrezdeportes\/\",\"https:\/\/www.youtube.com\/channel\/UCX4_qbvtnTwoF5t2zNqBDvA\"]},{\"@type\":\"Person\",\"@id\":\"https:\/\/rgdeportes.com\/#\/schema\/person\/91795323fddb335a4fd017bf0e4b1358\",\"name\":\"Randall Gutierrez\",\"image\":{\"@type\":\"ImageObject\",\"inLanguage\":\"es\",\"@id\":\"https:\/\/rgdeportes.com\/#\/schema\/person\/image\/\",\"url\":\"https:\/\/secure.gravatar.com\/avatar\/d0884ea8b9b50bcfad3c0d20049361b5?s=96&d=mm&r=g\",\"contentUrl\":\"https:\/\/secure.gravatar.com\/avatar\/d0884ea8b9b50bcfad3c0d20049361b5?s=96&d=mm&r=g\",\"caption\":\"Randall Gutierrez\"},\"url\":\"https:\/\/rgdeportes.com\/index.php\/author\/randall\/\"}]}<\/script>\n<!-- \/ Yoast SEO plugin. -->","yoast_head_json":{"title":"Paolo Montoya y Adriana Rojas conquistaron la Serie CR MTB 2024 - RG Deportes\u200e","robots":{"index":"index","follow":"follow","max-snippet":"max-snippet:-1","max-image-preview":"max-image-preview:large","max-video-preview":"max-video-preview:-1"},"canonical":"https:\/\/rgdeportes.com\/index.php\/2024\/10\/31\/paolo-montoya-y-adriana-rojas-conquistaron-la-serie-cr-mtb-2024\/","og_locale":"es_ES","og_type":"article","og_title":"Paolo Montoya y Adriana Rojas conquistaron la Serie CR MTB 2024 - RG Deportes\u200e","og_description":"Los pedalistas Paolo Montoya y Adriana Rojas logran sellar su victoria en la primera edici\u00f3n de la Serie CR MTB en lo que respecta a s\u00e9ptima fecha de la \u201cCopa&hellip;","og_url":"https:\/\/rgdeportes.com\/index.php\/2024\/10\/31\/paolo-montoya-y-adriana-rojas-conquistaron-la-serie-cr-mtb-2024\/","og_site_name":"RG Deportes\u200e","article_publisher":"https:\/\/www.facebook.com\/RandallGutierrezDeportes\/","article_published_time":"2024-10-31T21:24:33+00:00","og_image":[{"width":2560,"height":1707,"url":"http:\/\/rgdeportes.com\/wp-content\/uploads\/2024\/10\/bici-1-scaled.jpeg","type":"image\/jpeg"}],"author":"Randall Gutierrez","twitter_card":"summary_large_image","twitter_misc":{"Escrito por":"Randall Gutierrez","Tiempo de lectura":"2 minutos"},"schema":{"@context":"https:\/\/schema.org","@graph":[{"@type":"Article","@id":"https:\/\/rgdeportes.com\/index.php\/2024\/10\/31\/paolo-montoya-y-adriana-rojas-conquistaron-la-serie-cr-mtb-2024\/#article","isPartOf":{"@id":"https:\/\/rgdeportes.com\/index.php\/2024\/10\/31\/paolo-montoya-y-adriana-rojas-conquistaron-la-serie-cr-mtb-2024\/"},"author":{"name":"Randall Gutierrez","@id":"https:\/\/rgdeportes.com\/#\/schema\/person\/91795323fddb335a4fd017bf0e4b1358"},"headline":"Paolo Montoya y Adriana Rojas conquistaron la Serie CR MTB 2024","datePublished":"2024-10-31T21:24:33+00:00","dateModified":"2024-10-31T21:24:33+00:00","mainEntityOfPage":{"@id":"https:\/\/rgdeportes.com\/index.php\/2024\/10\/31\/paolo-montoya-y-adriana-rojas-conquistaron-la-serie-cr-mtb-2024\/"},"wordCount":411,"publisher":{"@id":"https:\/\/rgdeportes.com\/#organization"},"keywords":["#seriecrmtb"],"articleSection":["Nacionales"],"inLanguage":"es"},{"@type":"WebPage","@id":"https:\/\/rgdeportes.com\/index.php\/2024\/10\/31\/paolo-montoya-y-adriana-rojas-conquistaron-la-serie-cr-mtb-2024\/","url":"https:\/\/rgdeportes.com\/index.php\/2024\/10\/31\/paolo-montoya-y-adriana-rojas-conquistaron-la-serie-cr-mtb-2024\/","name":"Paolo Montoya y Adriana Rojas conquistaron la Serie CR MTB 2024 - RG Deportes\u200e","isPartOf":{"@id":"https:\/\/rgdeportes.com\/#website"},"datePublished":"2024-10-31T21:24:33+00:00","dateModified":"2024-10-31T21:24:33+00:00","breadcrumb":{"@id":"https:\/\/rgdeportes.com\/index.php\/2024\/10\/31\/paolo-montoya-y-adriana-rojas-conquistaron-la-serie-cr-mtb-2024\/#breadcrumb"},"inLanguage":"es","potentialAction":[{"@type":"ReadAction","target":["https:\/\/rgdeportes.com\/index.php\/2024\/10\/31\/paolo-montoya-y-adriana-rojas-conquistaron-la-serie-cr-mtb-2024\/"]}]},{"@type":"BreadcrumbList","@id":"https:\/\/rgdeportes.com\/index.php\/2024\/10\/31\/paolo-montoya-y-adriana-rojas-conquistaron-la-serie-cr-mtb-2024\/#breadcrumb","itemListElement":[{"@type":"ListItem","position":1,"name":"Portada","item":"https:\/\/rgdeportes.com\/"},{"@type":"ListItem","position":2,"name":"Paolo Montoya y Adriana Rojas conquistaron la Serie CR MTB 2024"}]},{"@type":"WebSite","@id":"https:\/\/rgdeportes.com\/#website","url":"https:\/\/rgdeportes.com\/","name":"RG Deportes\u200e","description":"","publisher":{"@id":"https:\/\/rgdeportes.com\/#organization"},"potentialAction":[{"@type":"SearchAction","target":{"@type":"EntryPoint","urlTemplate":"https:\/\/rgdeportes.com\/?s={search_term_string}"},"query-input":"required name=search_term_string"}],"inLanguage":"es"},{"@type":"Organization","@id":"https:\/\/rgdeportes.com\/#organization","name":"RG Deportes","url":"https:\/\/rgdeportes.com\/","logo":{"@type":"ImageObject","inLanguage":"es","@id":"https:\/\/rgdeportes.com\/#\/schema\/logo\/image\/","url":"https:\/\/rgdeportes.com\/wp-content\/uploads\/2020\/09\/Logo.png","contentUrl":"https:\/\/rgdeportes.com\/wp-content\/uploads\/2020\/09\/Logo.png","width":784,"height":552,"caption":"RG Deportes"},"image":{"@id":"https:\/\/rgdeportes.com\/#\/schema\/logo\/image\/"},"sameAs":["https:\/\/www.facebook.com\/RandallGutierrezDeportes\/","https:\/\/www.instagram.com\/randallgutierrezdeportes\/","https:\/\/www.youtube.com\/channel\/UCX4_qbvtnTwoF5t2zNqBDvA"]},{"@type":"Person","@id":"https:\/\/rgdeportes.com\/#\/schema\/person\/91795323fddb335a4fd017bf0e4b1358","name":"Randall Gutierrez","image":{"@type":"ImageObject","inLanguage":"es","@id":"https:\/\/rgdeportes.com\/#\/schema\/person\/image\/","url":"https:\/\/secure.gravatar.com\/avatar\/d0884ea8b9b50bcfad3c0d20049361b5?s=96&d=mm&r=g","contentUrl":"https:\/\/secure.gravatar.com\/avatar\/d0884ea8b9b50bcfad3c0d20049361b5?s=96&d=mm&r=g","caption":"Randall Gutierrez"},"url":"https:\/\/rgdeportes.com\/index.php\/author\/randall\/"}]}},"_links":{"self":[{"href":"https:\/\/rgdeportes.com\/index.php\/wp-json\/wp\/v2\/posts\/9067","targetHints":{"allow":["GET"]}}],"collection":[{"href":"https:\/\/rgdeportes.com\/index.php\/wp-json\/wp\/v2\/posts"}],"about":[{"href":"https:\/\/rgdeportes.com\/index.php\/wp-json\/wp\/v2\/types\/post"}],"author":[{"embeddable":true,"href":"https:\/\/rgdeportes.com\/index.php\/wp-json\/wp\/v2\/users\/2"}],"replies":[{"embeddable":true,"href":"https:\/\/rgdeportes.com\/index.php\/wp-json\/wp\/v2\/comments?post=9067"}],"version-history":[{"count":1,"href":"https:\/\/rgdeportes.com\/index.php\/wp-json\/wp\/v2\/posts\/9067\/revisions"}],"predecessor-version":[{"id":9069,"href":"https:\/\/rgdeportes.com\/index.php\/wp-json\/wp\/v2\/posts\/9067\/revisions\/9069"}],"wp:featuredmedia":[{"embeddable":true,"href":"https:\/\/rgdeportes.com\/index.php\/wp-json\/wp\/v2\/media\/9068"}],"wp:attachment":[{"href":"https:\/\/rgdeportes.com\/index.php\/wp-json\/wp\/v2\/media?parent=9067"}],"wp:term":[{"taxonomy":"category","embeddable":true,"href":"https:\/\/rgdeportes.com\/index.php\/wp-json\/wp\/v2\/categories?post=9067"},{"taxonomy":"post_tag","embeddable":true,"href":"https:\/\/rgdeportes.com\/index.php\/wp-json\/wp\/v2\/tags?post=9067"}],"curies":[{"name":"wp","href":"https:\/\/api.w.org\/{rel}","templated":true}]}}