{"id":9000,"date":"2024-10-16T21:21:35","date_gmt":"2024-10-16T21:21:35","guid":{"rendered":"https:\/\/rgdeportes.com\/?p=9000"},"modified":"2024-10-16T21:22:45","modified_gmt":"2024-10-16T21:22:45","slug":"judo-de-costa-rica-afina-detalles-con-miras-al-open-internacional","status":"publish","type":"post","link":"https:\/\/rgdeportes.com\/index.php\/2024\/10\/16\/judo-de-costa-rica-afina-detalles-con-miras-al-open-internacional\/","title":{"rendered":"JUDO de Costa Rica afina detalles con miras al Open Internacional"},"content":{"rendered":"\n<figure class=\"wp-block-image size-large\"><img loading=\"lazy\" decoding=\"async\" width=\"1024\" height=\"768\" src=\"https:\/\/rgdeportes.com\/wp-content\/uploads\/2024\/10\/JUDO-1-1024x768.jpg\" alt=\"\" class=\"wp-image-9001\" srcset=\"https:\/\/rgdeportes.com\/wp-content\/uploads\/2024\/10\/JUDO-1-1024x768.jpg 1024w, https:\/\/rgdeportes.com\/wp-content\/uploads\/2024\/10\/JUDO-1-300x225.jpg 300w, https:\/\/rgdeportes.com\/wp-content\/uploads\/2024\/10\/JUDO-1-768x576.jpg 768w, https:\/\/rgdeportes.com\/wp-content\/uploads\/2024\/10\/JUDO-1.jpg 1280w\" sizes=\"auto, (max-width: 1024px) 100vw, 1024px\" \/><\/figure>\n\n\n\n<p>La disciplina del <strong>JUDO<\/strong> es noticia, esto tras darse a conocer que la <strong>Selecci\u00f3n Nacional de Costa Rica<\/strong> entra en competici\u00f3n en lo que ser\u00e1 el <strong>Open Centro Norte de JUDO y la Copa Internacional de Cadetes y Junior<\/strong>, el cual se llevar\u00e1 a cabo en <strong>Panam\u00e1 con fecha pactada entre el 18 y 20 de octubre<\/strong>. Cabe resaltar que este certamen reunir\u00e1 lo mejor de los judocas de la regi\u00f3n.<\/p>\n\n\n\n<p>A continuaci\u00f3n, se detallan los nombres de los judocas costarricenses.<\/p>\n\n\n\n<p><strong>Competidores masculinos:<\/strong><\/p>\n\n\n\n<p>Brayton Navarro (-60kg) &nbsp;&nbsp;&nbsp;&nbsp;&nbsp;&nbsp;&nbsp;&nbsp;Alejandro Mora (-73kg) &nbsp;&nbsp;&nbsp;&nbsp;&nbsp;&nbsp;&nbsp;&nbsp;Mat\u00edas Estrada (-90kg)<\/p>\n\n\n\n<p>Gabriel Zamora (-55kg) &nbsp;&nbsp;&nbsp;&nbsp;&nbsp;&nbsp;&nbsp;&nbsp;&nbsp;&nbsp;Brandon Salas (-73kg) &nbsp;&nbsp;&nbsp;&nbsp;&nbsp;&nbsp;&nbsp;&nbsp;&nbsp;&nbsp;&nbsp;Michael Sierra (+100kg)<\/p>\n\n\n\n<p>David Dom\u00ednguez (-66kg) &nbsp;&nbsp;&nbsp;&nbsp;&nbsp;&nbsp;Gerson Lagos (-81kg) &nbsp;&nbsp;&nbsp;&nbsp;&nbsp;&nbsp;&nbsp;&nbsp;&nbsp;&nbsp;&nbsp;&nbsp;&nbsp;Jos\u00e9 G\u00f3mez (+100kg)<\/p>\n\n\n\n<p>Josu\u00e9 T\u00e9llez (-66kg) \u00a0\u00a0\u00a0\u00a0\u00a0\u00a0\u00a0\u00a0\u00a0\u00a0\u00a0\u00a0\u00a0\u00a0\u00a0\u00a0Esteban Solera (-81kg)<\/p>\n\n\n\n<p><\/p>\n\n\n\n<p><strong>Competidoras femeninas:<\/strong><\/p>\n\n\n\n<p>Ashly Chinchilla (-48kg)&nbsp;&nbsp;&nbsp; &nbsp;&nbsp;&nbsp;&nbsp;&nbsp;&nbsp;&nbsp;&nbsp;Jimena Arce (-57kg)&nbsp; &nbsp;&nbsp;&nbsp;&nbsp;&nbsp;&nbsp;&nbsp;&nbsp;&nbsp;&nbsp;&nbsp;&nbsp;&nbsp;&nbsp;&nbsp;Jimena Herrera (-70kg)<\/p>\n\n\n\n<p>Mariangel Ram\u00edrez (-52kg)&nbsp;&nbsp;&nbsp;&nbsp;&nbsp; Yuliana Berrocal (-57kg)<\/p>\n\n\n\n<p>Jimena Morales (-52kg)\u00a0\u00a0\u00a0\u00a0\u00a0\u00a0\u00a0\u00a0\u00a0\u00a0\u00a0 Natalia Villalobos (-63kg)<\/p>\n\n\n\n<p><\/p>\n\n\n\n<p><strong>Categor\u00eda Cadetes Masculino:<\/strong><\/p>\n\n\n\n<p>Cristian Mar\u00edn (-55kg)\u00a0\u00a0\u00a0\u00a0\u00a0\u00a0\u00a0\u00a0\u00a0\u00a0\u00a0\u00a0\u00a0\u00a0\u00a0\u00a0\u00a0 Alberto Montes (-81kg)\u00a0\u00a0\u00a0\u00a0\u00a0\u00a0\u00a0\u00a0 Mat\u00edas Estrada (-90kg)<\/p>\n\n\n\n<p><\/p>\n\n\n\n<p><strong>Categor\u00eda Cadetes Femenino:<\/strong><\/p>\n\n\n\n<p>Jimena Salas (-44kg)\u00a0\u00a0\u00a0\u00a0\u00a0\u00a0\u00a0\u00a0\u00a0\u00a0\u00a0\u00a0\u00a0\u00a0\u00a0\u00a0\u00a0\u00a0\u00a0 Jimena Morales (-52kg)\u00a0\u00a0\u00a0\u00a0\u00a0\u00a0\u00a0\u00a0\u00a0\u00a0 Jimena Arce (-57kg)<\/p>\n\n\n\n<p><\/p>\n\n\n\n<p><strong>Categor\u00eda Junior Masculino:<\/strong><\/p>\n\n\n\n<p>Gabriel Zamora (-55kg)&nbsp;&nbsp;&nbsp;&nbsp;&nbsp;&nbsp;&nbsp;&nbsp;&nbsp;&nbsp;&nbsp;&nbsp;&nbsp;&nbsp;&nbsp; Yohel Guzm\u00e1n (-73kg)&nbsp;&nbsp;&nbsp;&nbsp;&nbsp;&nbsp;&nbsp;&nbsp;&nbsp;&nbsp;&nbsp; Gerson Lagos (-81kg)<\/p>\n\n\n\n<p>Cristian Mar\u00edn (-55kg)&nbsp;&nbsp;&nbsp;&nbsp;&nbsp;&nbsp;&nbsp;&nbsp;&nbsp;&nbsp;&nbsp;&nbsp;&nbsp;&nbsp;&nbsp; Brandon Salas (-73kg)&nbsp;&nbsp;&nbsp;&nbsp;&nbsp;&nbsp;&nbsp;&nbsp;&nbsp;&nbsp;&nbsp;&nbsp;&nbsp;&nbsp; Mat\u00edas Estrada (-90kg)<\/p>\n\n\n\n<p>Bryan Chavarr\u00eda (-60kg)\u00a0\u00a0\u00a0\u00a0\u00a0\u00a0\u00a0\u00a0\u00a0\u00a0\u00a0\u00a0 Alberto Montes (-81kg)\u00a0<\/p>\n\n\n\n<p><\/p>\n\n\n\n<p><strong>Categor\u00eda Junior Femenino:<\/strong><\/p>\n\n\n\n<p>Jimena Salas (-44kg)&nbsp;&nbsp;&nbsp;&nbsp;&nbsp;&nbsp;&nbsp;&nbsp;&nbsp;&nbsp;&nbsp;&nbsp;&nbsp;&nbsp;&nbsp;&nbsp;&nbsp; Jimena Morales (-52kg)&nbsp;&nbsp;&nbsp;&nbsp;&nbsp;&nbsp;&nbsp;&nbsp;&nbsp;&nbsp;&nbsp;&nbsp;&nbsp; Jimena Arce (-57kg)<\/p>\n\n\n\n<p>Ashly Chinchilla (-48kg)\u00a0\u00a0\u00a0\u00a0\u00a0\u00a0\u00a0\u00a0\u00a0\u00a0\u00a0 Yuliana Berrocal (-57kg)<\/p>\n\n\n\n<p><\/p>\n\n\n\n<p>La delegaci\u00f3n estar\u00e1 bajo la direcci\u00f3n de los <strong>entrenadores Ronny G\u00f3mez y Jos\u00e9 Sabor\u00edo, con Laura V\u00e1squez como delegada del equipo<\/strong>.<\/p>\n\n\n\n<p>(Foto \u2013 Federaci\u00f3n Costarricense de JUDO).<\/p>\n","protected":false},"excerpt":{"rendered":"<p>La disciplina del JUDO es noticia, esto tras darse a conocer que la Selecci\u00f3n Nacional de Costa Rica entra en competici\u00f3n en lo que ser\u00e1 el Open Centro Norte de&hellip; <\/p>\n","protected":false},"author":2,"featured_media":9001,"comment_status":"closed","ping_status":"closed","sticky":false,"template":"","format":"standard","meta":{"om_disable_all_campaigns":false,"_monsterinsights_skip_tracking":false,"_monsterinsights_sitenote_active":false,"_monsterinsights_sitenote_note":"","_monsterinsights_sitenote_category":0,"footnotes":""},"categories":[6],"tags":[2846,413,2845],"class_list":["post-9000","post","type-post","status-publish","format-standard","has-post-thumbnail","hentry","category-cb","tag-costaricajudoopen","tag-judocostarica","tag-judoopen2024"],"aioseo_notices":[],"yoast_head":"<!-- This site is optimized with the Yoast SEO plugin v21.2 - https:\/\/yoast.com\/wordpress\/plugins\/seo\/ -->\n<title>JUDO de Costa Rica afina detalles con miras al Open Internacional - RG Deportes\u200e<\/title>\n<meta name=\"robots\" content=\"index, follow, max-snippet:-1, max-image-preview:large, max-video-preview:-1\" \/>\n<link rel=\"canonical\" href=\"https:\/\/rgdeportes.com\/index.php\/2024\/10\/16\/judo-de-costa-rica-afina-detalles-con-miras-al-open-internacional\/\" \/>\n<meta property=\"og:locale\" content=\"es_ES\" \/>\n<meta property=\"og:type\" content=\"article\" \/>\n<meta property=\"og:title\" content=\"JUDO de Costa Rica afina detalles con miras al Open Internacional - RG Deportes\u200e\" \/>\n<meta property=\"og:description\" content=\"La disciplina del JUDO es noticia, esto tras darse a conocer que la Selecci\u00f3n Nacional de Costa Rica entra en competici\u00f3n en lo que ser\u00e1 el Open Centro Norte de&hellip;\" \/>\n<meta property=\"og:url\" content=\"https:\/\/rgdeportes.com\/index.php\/2024\/10\/16\/judo-de-costa-rica-afina-detalles-con-miras-al-open-internacional\/\" \/>\n<meta property=\"og:site_name\" content=\"RG Deportes\u200e\" \/>\n<meta property=\"article:publisher\" content=\"https:\/\/www.facebook.com\/RandallGutierrezDeportes\/\" \/>\n<meta property=\"article:published_time\" content=\"2024-10-16T21:21:35+00:00\" \/>\n<meta property=\"article:modified_time\" content=\"2024-10-16T21:22:45+00:00\" \/>\n<meta property=\"og:image\" content=\"http:\/\/rgdeportes.com\/wp-content\/uploads\/2024\/10\/JUDO-1.jpg\" \/>\n\t<meta property=\"og:image:width\" content=\"1280\" \/>\n\t<meta property=\"og:image:height\" content=\"960\" \/>\n\t<meta property=\"og:image:type\" content=\"image\/jpeg\" \/>\n<meta name=\"author\" content=\"Randall Gutierrez\" \/>\n<meta name=\"twitter:card\" content=\"summary_large_image\" \/>\n<meta name=\"twitter:label1\" content=\"Escrito por\" \/>\n\t<meta name=\"twitter:data1\" content=\"Randall Gutierrez\" \/>\n\t<meta name=\"twitter:label2\" content=\"Tiempo de lectura\" \/>\n\t<meta name=\"twitter:data2\" content=\"2 minutos\" \/>\n<script type=\"application\/ld+json\" class=\"yoast-schema-graph\">{\"@context\":\"https:\/\/schema.org\",\"@graph\":[{\"@type\":\"Article\",\"@id\":\"https:\/\/rgdeportes.com\/index.php\/2024\/10\/16\/judo-de-costa-rica-afina-detalles-con-miras-al-open-internacional\/#article\",\"isPartOf\":{\"@id\":\"https:\/\/rgdeportes.com\/index.php\/2024\/10\/16\/judo-de-costa-rica-afina-detalles-con-miras-al-open-internacional\/\"},\"author\":{\"name\":\"Randall Gutierrez\",\"@id\":\"https:\/\/rgdeportes.com\/#\/schema\/person\/91795323fddb335a4fd017bf0e4b1358\"},\"headline\":\"JUDO de Costa Rica afina detalles con miras al Open Internacional\",\"datePublished\":\"2024-10-16T21:21:35+00:00\",\"dateModified\":\"2024-10-16T21:22:45+00:00\",\"mainEntityOfPage\":{\"@id\":\"https:\/\/rgdeportes.com\/index.php\/2024\/10\/16\/judo-de-costa-rica-afina-detalles-con-miras-al-open-internacional\/\"},\"wordCount\":476,\"publisher\":{\"@id\":\"https:\/\/rgdeportes.com\/#organization\"},\"keywords\":[\"#costaricajudoopen\",\"#JudoCostaRica\",\"#judoopen2024\"],\"articleSection\":[\"Deportes de combate\"],\"inLanguage\":\"es\"},{\"@type\":\"WebPage\",\"@id\":\"https:\/\/rgdeportes.com\/index.php\/2024\/10\/16\/judo-de-costa-rica-afina-detalles-con-miras-al-open-internacional\/\",\"url\":\"https:\/\/rgdeportes.com\/index.php\/2024\/10\/16\/judo-de-costa-rica-afina-detalles-con-miras-al-open-internacional\/\",\"name\":\"JUDO de Costa Rica afina detalles con miras al Open Internacional - RG Deportes\u200e\",\"isPartOf\":{\"@id\":\"https:\/\/rgdeportes.com\/#website\"},\"datePublished\":\"2024-10-16T21:21:35+00:00\",\"dateModified\":\"2024-10-16T21:22:45+00:00\",\"breadcrumb\":{\"@id\":\"https:\/\/rgdeportes.com\/index.php\/2024\/10\/16\/judo-de-costa-rica-afina-detalles-con-miras-al-open-internacional\/#breadcrumb\"},\"inLanguage\":\"es\",\"potentialAction\":[{\"@type\":\"ReadAction\",\"target\":[\"https:\/\/rgdeportes.com\/index.php\/2024\/10\/16\/judo-de-costa-rica-afina-detalles-con-miras-al-open-internacional\/\"]}]},{\"@type\":\"BreadcrumbList\",\"@id\":\"https:\/\/rgdeportes.com\/index.php\/2024\/10\/16\/judo-de-costa-rica-afina-detalles-con-miras-al-open-internacional\/#breadcrumb\",\"itemListElement\":[{\"@type\":\"ListItem\",\"position\":1,\"name\":\"Portada\",\"item\":\"https:\/\/rgdeportes.com\/\"},{\"@type\":\"ListItem\",\"position\":2,\"name\":\"JUDO de Costa Rica afina detalles con miras al Open Internacional\"}]},{\"@type\":\"WebSite\",\"@id\":\"https:\/\/rgdeportes.com\/#website\",\"url\":\"https:\/\/rgdeportes.com\/\",\"name\":\"RG Deportes\u200e\",\"description\":\"\",\"publisher\":{\"@id\":\"https:\/\/rgdeportes.com\/#organization\"},\"potentialAction\":[{\"@type\":\"SearchAction\",\"target\":{\"@type\":\"EntryPoint\",\"urlTemplate\":\"https:\/\/rgdeportes.com\/?s={search_term_string}\"},\"query-input\":\"required name=search_term_string\"}],\"inLanguage\":\"es\"},{\"@type\":\"Organization\",\"@id\":\"https:\/\/rgdeportes.com\/#organization\",\"name\":\"RG Deportes\",\"url\":\"https:\/\/rgdeportes.com\/\",\"logo\":{\"@type\":\"ImageObject\",\"inLanguage\":\"es\",\"@id\":\"https:\/\/rgdeportes.com\/#\/schema\/logo\/image\/\",\"url\":\"https:\/\/rgdeportes.com\/wp-content\/uploads\/2020\/09\/Logo.png\",\"contentUrl\":\"https:\/\/rgdeportes.com\/wp-content\/uploads\/2020\/09\/Logo.png\",\"width\":784,\"height\":552,\"caption\":\"RG Deportes\"},\"image\":{\"@id\":\"https:\/\/rgdeportes.com\/#\/schema\/logo\/image\/\"},\"sameAs\":[\"https:\/\/www.facebook.com\/RandallGutierrezDeportes\/\",\"https:\/\/www.instagram.com\/randallgutierrezdeportes\/\",\"https:\/\/www.youtube.com\/channel\/UCX4_qbvtnTwoF5t2zNqBDvA\"]},{\"@type\":\"Person\",\"@id\":\"https:\/\/rgdeportes.com\/#\/schema\/person\/91795323fddb335a4fd017bf0e4b1358\",\"name\":\"Randall Gutierrez\",\"image\":{\"@type\":\"ImageObject\",\"inLanguage\":\"es\",\"@id\":\"https:\/\/rgdeportes.com\/#\/schema\/person\/image\/\",\"url\":\"https:\/\/secure.gravatar.com\/avatar\/d0884ea8b9b50bcfad3c0d20049361b5?s=96&d=mm&r=g\",\"contentUrl\":\"https:\/\/secure.gravatar.com\/avatar\/d0884ea8b9b50bcfad3c0d20049361b5?s=96&d=mm&r=g\",\"caption\":\"Randall Gutierrez\"},\"url\":\"https:\/\/rgdeportes.com\/index.php\/author\/randall\/\"}]}<\/script>\n<!-- \/ Yoast SEO plugin. -->","yoast_head_json":{"title":"JUDO de Costa Rica afina detalles con miras al Open Internacional - RG Deportes\u200e","robots":{"index":"index","follow":"follow","max-snippet":"max-snippet:-1","max-image-preview":"max-image-preview:large","max-video-preview":"max-video-preview:-1"},"canonical":"https:\/\/rgdeportes.com\/index.php\/2024\/10\/16\/judo-de-costa-rica-afina-detalles-con-miras-al-open-internacional\/","og_locale":"es_ES","og_type":"article","og_title":"JUDO de Costa Rica afina detalles con miras al Open Internacional - RG Deportes\u200e","og_description":"La disciplina del JUDO es noticia, esto tras darse a conocer que la Selecci\u00f3n Nacional de Costa Rica entra en competici\u00f3n en lo que ser\u00e1 el Open Centro Norte de&hellip;","og_url":"https:\/\/rgdeportes.com\/index.php\/2024\/10\/16\/judo-de-costa-rica-afina-detalles-con-miras-al-open-internacional\/","og_site_name":"RG Deportes\u200e","article_publisher":"https:\/\/www.facebook.com\/RandallGutierrezDeportes\/","article_published_time":"2024-10-16T21:21:35+00:00","article_modified_time":"2024-10-16T21:22:45+00:00","og_image":[{"width":1280,"height":960,"url":"http:\/\/rgdeportes.com\/wp-content\/uploads\/2024\/10\/JUDO-1.jpg","type":"image\/jpeg"}],"author":"Randall Gutierrez","twitter_card":"summary_large_image","twitter_misc":{"Escrito por":"Randall Gutierrez","Tiempo de lectura":"2 minutos"},"schema":{"@context":"https:\/\/schema.org","@graph":[{"@type":"Article","@id":"https:\/\/rgdeportes.com\/index.php\/2024\/10\/16\/judo-de-costa-rica-afina-detalles-con-miras-al-open-internacional\/#article","isPartOf":{"@id":"https:\/\/rgdeportes.com\/index.php\/2024\/10\/16\/judo-de-costa-rica-afina-detalles-con-miras-al-open-internacional\/"},"author":{"name":"Randall Gutierrez","@id":"https:\/\/rgdeportes.com\/#\/schema\/person\/91795323fddb335a4fd017bf0e4b1358"},"headline":"JUDO de Costa Rica afina detalles con miras al Open Internacional","datePublished":"2024-10-16T21:21:35+00:00","dateModified":"2024-10-16T21:22:45+00:00","mainEntityOfPage":{"@id":"https:\/\/rgdeportes.com\/index.php\/2024\/10\/16\/judo-de-costa-rica-afina-detalles-con-miras-al-open-internacional\/"},"wordCount":476,"publisher":{"@id":"https:\/\/rgdeportes.com\/#organization"},"keywords":["#costaricajudoopen","#JudoCostaRica","#judoopen2024"],"articleSection":["Deportes de combate"],"inLanguage":"es"},{"@type":"WebPage","@id":"https:\/\/rgdeportes.com\/index.php\/2024\/10\/16\/judo-de-costa-rica-afina-detalles-con-miras-al-open-internacional\/","url":"https:\/\/rgdeportes.com\/index.php\/2024\/10\/16\/judo-de-costa-rica-afina-detalles-con-miras-al-open-internacional\/","name":"JUDO de Costa Rica afina detalles con miras al Open Internacional - RG Deportes\u200e","isPartOf":{"@id":"https:\/\/rgdeportes.com\/#website"},"datePublished":"2024-10-16T21:21:35+00:00","dateModified":"2024-10-16T21:22:45+00:00","breadcrumb":{"@id":"https:\/\/rgdeportes.com\/index.php\/2024\/10\/16\/judo-de-costa-rica-afina-detalles-con-miras-al-open-internacional\/#breadcrumb"},"inLanguage":"es","potentialAction":[{"@type":"ReadAction","target":["https:\/\/rgdeportes.com\/index.php\/2024\/10\/16\/judo-de-costa-rica-afina-detalles-con-miras-al-open-internacional\/"]}]},{"@type":"BreadcrumbList","@id":"https:\/\/rgdeportes.com\/index.php\/2024\/10\/16\/judo-de-costa-rica-afina-detalles-con-miras-al-open-internacional\/#breadcrumb","itemListElement":[{"@type":"ListItem","position":1,"name":"Portada","item":"https:\/\/rgdeportes.com\/"},{"@type":"ListItem","position":2,"name":"JUDO de Costa Rica afina detalles con miras al Open Internacional"}]},{"@type":"WebSite","@id":"https:\/\/rgdeportes.com\/#website","url":"https:\/\/rgdeportes.com\/","name":"RG Deportes\u200e","description":"","publisher":{"@id":"https:\/\/rgdeportes.com\/#organization"},"potentialAction":[{"@type":"SearchAction","target":{"@type":"EntryPoint","urlTemplate":"https:\/\/rgdeportes.com\/?s={search_term_string}"},"query-input":"required name=search_term_string"}],"inLanguage":"es"},{"@type":"Organization","@id":"https:\/\/rgdeportes.com\/#organization","name":"RG Deportes","url":"https:\/\/rgdeportes.com\/","logo":{"@type":"ImageObject","inLanguage":"es","@id":"https:\/\/rgdeportes.com\/#\/schema\/logo\/image\/","url":"https:\/\/rgdeportes.com\/wp-content\/uploads\/2020\/09\/Logo.png","contentUrl":"https:\/\/rgdeportes.com\/wp-content\/uploads\/2020\/09\/Logo.png","width":784,"height":552,"caption":"RG Deportes"},"image":{"@id":"https:\/\/rgdeportes.com\/#\/schema\/logo\/image\/"},"sameAs":["https:\/\/www.facebook.com\/RandallGutierrezDeportes\/","https:\/\/www.instagram.com\/randallgutierrezdeportes\/","https:\/\/www.youtube.com\/channel\/UCX4_qbvtnTwoF5t2zNqBDvA"]},{"@type":"Person","@id":"https:\/\/rgdeportes.com\/#\/schema\/person\/91795323fddb335a4fd017bf0e4b1358","name":"Randall Gutierrez","image":{"@type":"ImageObject","inLanguage":"es","@id":"https:\/\/rgdeportes.com\/#\/schema\/person\/image\/","url":"https:\/\/secure.gravatar.com\/avatar\/d0884ea8b9b50bcfad3c0d20049361b5?s=96&d=mm&r=g","contentUrl":"https:\/\/secure.gravatar.com\/avatar\/d0884ea8b9b50bcfad3c0d20049361b5?s=96&d=mm&r=g","caption":"Randall Gutierrez"},"url":"https:\/\/rgdeportes.com\/index.php\/author\/randall\/"}]}},"_links":{"self":[{"href":"https:\/\/rgdeportes.com\/index.php\/wp-json\/wp\/v2\/posts\/9000","targetHints":{"allow":["GET"]}}],"collection":[{"href":"https:\/\/rgdeportes.com\/index.php\/wp-json\/wp\/v2\/posts"}],"about":[{"href":"https:\/\/rgdeportes.com\/index.php\/wp-json\/wp\/v2\/types\/post"}],"author":[{"embeddable":true,"href":"https:\/\/rgdeportes.com\/index.php\/wp-json\/wp\/v2\/users\/2"}],"replies":[{"embeddable":true,"href":"https:\/\/rgdeportes.com\/index.php\/wp-json\/wp\/v2\/comments?post=9000"}],"version-history":[{"count":2,"href":"https:\/\/rgdeportes.com\/index.php\/wp-json\/wp\/v2\/posts\/9000\/revisions"}],"predecessor-version":[{"id":9003,"href":"https:\/\/rgdeportes.com\/index.php\/wp-json\/wp\/v2\/posts\/9000\/revisions\/9003"}],"wp:featuredmedia":[{"embeddable":true,"href":"https:\/\/rgdeportes.com\/index.php\/wp-json\/wp\/v2\/media\/9001"}],"wp:attachment":[{"href":"https:\/\/rgdeportes.com\/index.php\/wp-json\/wp\/v2\/media?parent=9000"}],"wp:term":[{"taxonomy":"category","embeddable":true,"href":"https:\/\/rgdeportes.com\/index.php\/wp-json\/wp\/v2\/categories?post=9000"},{"taxonomy":"post_tag","embeddable":true,"href":"https:\/\/rgdeportes.com\/index.php\/wp-json\/wp\/v2\/tags?post=9000"}],"curies":[{"name":"wp","href":"https:\/\/api.w.org\/{rel}","templated":true}]}}