{"id":8875,"date":"2024-09-23T19:41:05","date_gmt":"2024-09-23T19:41:05","guid":{"rendered":"https:\/\/rgdeportes.com\/?p=8875"},"modified":"2024-09-23T19:41:06","modified_gmt":"2024-09-23T19:41:06","slug":"costa-rica-competira-por-lograr-el-pase-al-mundial-de-rugby-en-australia","status":"publish","type":"post","link":"https:\/\/rgdeportes.com\/index.php\/2024\/09\/23\/costa-rica-competira-por-lograr-el-pase-al-mundial-de-rugby-en-australia\/","title":{"rendered":"Costa Rica competir\u00e1 por lograr el pase al Mundial de Rugby en Australia"},"content":{"rendered":"\n<figure class=\"wp-block-image size-large\"><img loading=\"lazy\" decoding=\"async\" width=\"1024\" height=\"656\" src=\"https:\/\/rgdeportes.com\/wp-content\/uploads\/2024\/09\/SELE-RUGBY-27-1024x656.jpg\" alt=\"\" class=\"wp-image-8876\" srcset=\"https:\/\/rgdeportes.com\/wp-content\/uploads\/2024\/09\/SELE-RUGBY-27-1024x656.jpg 1024w, https:\/\/rgdeportes.com\/wp-content\/uploads\/2024\/09\/SELE-RUGBY-27-300x192.jpg 300w, https:\/\/rgdeportes.com\/wp-content\/uploads\/2024\/09\/SELE-RUGBY-27-768x492.jpg 768w, https:\/\/rgdeportes.com\/wp-content\/uploads\/2024\/09\/SELE-RUGBY-27.jpg 1280w\" sizes=\"auto, (max-width: 1024px) 100vw, 1024px\" \/><\/figure>\n\n\n\n<p><strong>La Selecci\u00f3n de Rugby de Costa Rica Masculino XV<\/strong> (15) entra en la historia de esta disciplina esto tras darse a conocer que este lunes viaj\u00f3 en horas de la ma\u00f1ana con destino a <strong>Medell\u00edn, Colombia<\/strong> donde competir\u00e1 en territorio suramericano para buscar en este <strong>Clasificatorio el boleto al Mundial de Rugby a celebrase en Australia en el a\u00f1o 2027<\/strong>.<\/p>\n\n\n\n<p>Este Clasificatorio se estar\u00e1 llevando acabo del <strong>25 al 29 de septiembre en el Estadio Cincuentenario de Antioqu\u00eda Medell\u00edn, Colombia <\/strong>de 10:00 de la ma\u00f1ana a 3:00 de la tarde hora local (<strong>9:00 a.m. a 2:00 p.m. hora de Costa Rica<\/strong>).<\/p>\n\n\n\n<p>La <strong>Selecci\u00f3n de Rugby de Costa Rica<\/strong> <strong>se enfrenta a su similar de Colombia este mi\u00e9rcoles 25 de septiembre a las 2:00 p.m. hora de Costa Rica <\/strong>donde buscar\u00e1 por todos los medios de ir por esta primera victoria.<\/p>\n\n\n\n<p>Es importante resaltar que <strong>Costa Rica es el \u00fanico representante de Centroam\u00e9rica<\/strong> en competir en este evento clasificatorio mundialista.<\/p>\n\n\n\n<p>Por su parte en el otro duelo, Venezuela se enfrentar\u00e1 a Per\u00fa, esta \u00faltima selecci\u00f3n, Costa Rica la hab\u00eda derrotado durante este a\u00f1o a finales del mes de julio en el Estadio Nacional de La Sabana por juego amistoso internacional.<\/p>\n\n\n\n<p>La etapa inicial a la <strong>RWC <\/strong>est\u00e1 dividida, de acuerdo al ranking mundial, en dos grupos de selecciones. Brasil, Chile y Paraguay hacen parte de uno, mientras que Per\u00fa, Venezuela, Costa Rica y Colombia conforman el otro grupo.<\/p>\n\n\n\n<p>El clasificatorio tendr\u00e1 esta tem\u00e1tica en el grupo que est\u00e1 situada la <strong>Selecci\u00f3n Nacional<\/strong>, el perdedor 1 se enfrentar\u00e1 al perdedor 2. Este partido est\u00e1 pactado para el domingo 29 de septiembre a las 10:00 a.m. (<strong>9:00 a.m. hora de Costa Rica<\/strong>).<\/p>\n\n\n\n<p>Y el ganador 1 lo har\u00e1 ante el ganador 2, este juego tendr\u00e1 su agenda tambi\u00e9n para el domingo 29 de septiembre, pero con horario a las 3 de la tarde (<strong>2:00 p.m. hora de Costa Rica<\/strong>).<\/p>\n\n\n\n<p>De esta forma iniciar\u00e1 el camino hacia <strong>Australia 2027<\/strong>, un <strong>Mundial<\/strong> que tuvo una renovaci\u00f3n en el formato. Por ejemplo, el certamen tendr\u00e1 24 equipos, los octavos de final, a los que clasificar\u00e1n los primeros dos lugares de cada grupo y los cuatro mejores terceros.<\/p>\n\n\n\n<p>A continuaci\u00f3n, as\u00ed queda formada la Selecci\u00f3n Nacional de Rugby XV de Costa Rica:<\/p>\n\n\n\n<figure class=\"wp-block-image size-large\"><img loading=\"lazy\" decoding=\"async\" width=\"1024\" height=\"768\" src=\"https:\/\/rgdeportes.com\/wp-content\/uploads\/2024\/09\/SELE-RUBGY-CRC-1024x768.jpg\" alt=\"\" class=\"wp-image-8877\" srcset=\"https:\/\/rgdeportes.com\/wp-content\/uploads\/2024\/09\/SELE-RUBGY-CRC-1024x768.jpg 1024w, https:\/\/rgdeportes.com\/wp-content\/uploads\/2024\/09\/SELE-RUBGY-CRC-300x225.jpg 300w, https:\/\/rgdeportes.com\/wp-content\/uploads\/2024\/09\/SELE-RUBGY-CRC-768x576.jpg 768w, https:\/\/rgdeportes.com\/wp-content\/uploads\/2024\/09\/SELE-RUBGY-CRC-1536x1152.jpg 1536w, https:\/\/rgdeportes.com\/wp-content\/uploads\/2024\/09\/SELE-RUBGY-CRC.jpg 1600w\" sizes=\"auto, (max-width: 1024px) 100vw, 1024px\" \/><\/figure>\n\n\n\n<p><strong>Santiago Aguilar<\/strong> (Universitarios Rugby Clu), <strong>Rafael Atmetlla<\/strong> (Cadejos Rugby Ckub), <strong>Jos\u00e9 Cambronero <\/strong>(Wak Rugby Club), <strong>Marlon Cerdas<\/strong> (Coronado Rugby Club), <strong>Jozuel Chavarr\u00eda<\/strong> (Cadejos Rugby Club), <strong>\u00d3scar de Le\u00f3n<\/strong> (Caribe Rugby Club), <strong>Andr\u00e9s Delgado<\/strong> (Universitarios Rugby Club), <strong>Marlon Estrada<\/strong> (Puntarenas Rugby Club), <strong>Antony Fonseca<\/strong> (Caribe Rugby Club), <strong>Marco Hern\u00e1ndez<\/strong> (Cartago Rugby Club), <strong>Jayson Jackson<\/strong> (Wak Rugby Club), <strong>Francisco Jim\u00e9nez<\/strong> (Wak Rugby Club), <strong>M\u00e1ximo Madriz<\/strong> (Wak Rugby Club), <strong>Diego Masis<\/strong> (Caribe Rugby Club), <strong>Eugenio Masis<\/strong> (Wak Rugby Club), <strong>Keylor Mora<\/strong> (Universitarios Rugby Club), <strong>Rafel Mora<\/strong> (Universitarios Rugby Club), <strong>Alonso Ram\u00edrez<\/strong> (Cartago Rugby Club), <strong>Rafael Rodr\u00edguez<\/strong> (White Wolf Rugby Club), <strong>Mattew Schmith<\/strong> (Bend Rughriders RC), <strong>Joseph Sibaja<\/strong> (Wak Rugby Club), <strong>Juan Sibaja<\/strong> (Wak Rugby Club), <strong>Carlo Trejos<\/strong> (Universitarios Rugby Club), <strong>Rene Valenzuela<\/strong> (Universitarios Rugby Club) y <strong>Meyer Z\u00fa\u00f1iga<\/strong> (Cartago Rugby Club).<\/p>\n\n\n\n<p><strong>Cuerpo T\u00e9cnico<\/strong>: <strong>Miguel \u00c1ngel Castillo Coll<\/strong> (Director T\u00e9cnico), <strong>Gustavo Wilson<\/strong> (Director de Selecciones), <strong>Ram\u00f3n Eduardo Cole De Temple<\/strong> (Jefe de la Delegaci\u00f3n), <strong>David Z\u00fa\u00f1iga Rodr\u00edguez<\/strong> (M\u00e9dico), <strong>Liseth Berm\u00fadez Fallas<\/strong> (Preparadora F\u00edsica), <strong>Horacio Carlos Costaguta<\/strong> (Manager) y <strong>Teresita Mart\u00ednez Mata<\/strong> (Fisioterapeuta).<\/p>\n\n\n\n<p>(Fotos &#8211; Federaci\u00f3n de Rugby de Costa Rica).<\/p>\n","protected":false},"excerpt":{"rendered":"<p>La Selecci\u00f3n de Rugby de Costa Rica Masculino XV (15) entra en la historia de esta disciplina esto tras darse a conocer que este lunes viaj\u00f3 en horas de la&hellip; <\/p>\n","protected":false},"author":2,"featured_media":8876,"comment_status":"closed","ping_status":"closed","sticky":false,"template":"","format":"standard","meta":{"om_disable_all_campaigns":false,"_monsterinsights_skip_tracking":false,"_monsterinsights_sitenote_active":false,"_monsterinsights_sitenote_note":"","_monsterinsights_sitenote_category":0,"footnotes":""},"categories":[10],"tags":[2800,2799,68],"class_list":["post-8875","post","type-post","status-publish","format-standard","has-post-thumbnail","hentry","category-in","tag-premundialrugbycolombia","tag-rugby15costarica","tag-rugbycostarica"],"aioseo_notices":[],"yoast_head":"<!-- This site is optimized with the Yoast SEO plugin v21.2 - https:\/\/yoast.com\/wordpress\/plugins\/seo\/ -->\n<title>Costa Rica competir\u00e1 por lograr el pase al Mundial de Rugby en Australia - RG Deportes\u200e<\/title>\n<meta name=\"robots\" content=\"index, follow, max-snippet:-1, max-image-preview:large, max-video-preview:-1\" \/>\n<link rel=\"canonical\" href=\"https:\/\/rgdeportes.com\/index.php\/2024\/09\/23\/costa-rica-competira-por-lograr-el-pase-al-mundial-de-rugby-en-australia\/\" \/>\n<meta property=\"og:locale\" content=\"es_ES\" \/>\n<meta property=\"og:type\" content=\"article\" \/>\n<meta property=\"og:title\" content=\"Costa Rica competir\u00e1 por lograr el pase al Mundial de Rugby en Australia - RG Deportes\u200e\" \/>\n<meta property=\"og:description\" content=\"La Selecci\u00f3n de Rugby de Costa Rica Masculino XV (15) entra en la historia de esta disciplina esto tras darse a conocer que este lunes viaj\u00f3 en horas de la&hellip;\" \/>\n<meta property=\"og:url\" content=\"https:\/\/rgdeportes.com\/index.php\/2024\/09\/23\/costa-rica-competira-por-lograr-el-pase-al-mundial-de-rugby-en-australia\/\" \/>\n<meta property=\"og:site_name\" content=\"RG Deportes\u200e\" \/>\n<meta property=\"article:publisher\" content=\"https:\/\/www.facebook.com\/RandallGutierrezDeportes\/\" \/>\n<meta property=\"article:published_time\" content=\"2024-09-23T19:41:05+00:00\" \/>\n<meta property=\"article:modified_time\" content=\"2024-09-23T19:41:06+00:00\" \/>\n<meta property=\"og:image\" content=\"http:\/\/rgdeportes.com\/wp-content\/uploads\/2024\/09\/SELE-RUGBY-27.jpg\" \/>\n\t<meta property=\"og:image:width\" content=\"1280\" \/>\n\t<meta property=\"og:image:height\" content=\"820\" \/>\n\t<meta property=\"og:image:type\" content=\"image\/jpeg\" \/>\n<meta name=\"author\" content=\"Randall Gutierrez\" \/>\n<meta name=\"twitter:card\" content=\"summary_large_image\" \/>\n<meta name=\"twitter:label1\" content=\"Escrito por\" \/>\n\t<meta name=\"twitter:data1\" content=\"Randall Gutierrez\" \/>\n\t<meta name=\"twitter:label2\" content=\"Tiempo de lectura\" \/>\n\t<meta name=\"twitter:data2\" content=\"3 minutos\" \/>\n<script type=\"application\/ld+json\" class=\"yoast-schema-graph\">{\"@context\":\"https:\/\/schema.org\",\"@graph\":[{\"@type\":\"Article\",\"@id\":\"https:\/\/rgdeportes.com\/index.php\/2024\/09\/23\/costa-rica-competira-por-lograr-el-pase-al-mundial-de-rugby-en-australia\/#article\",\"isPartOf\":{\"@id\":\"https:\/\/rgdeportes.com\/index.php\/2024\/09\/23\/costa-rica-competira-por-lograr-el-pase-al-mundial-de-rugby-en-australia\/\"},\"author\":{\"name\":\"Randall Gutierrez\",\"@id\":\"https:\/\/rgdeportes.com\/#\/schema\/person\/91795323fddb335a4fd017bf0e4b1358\"},\"headline\":\"Costa Rica competir\u00e1 por lograr el pase al Mundial de Rugby en Australia\",\"datePublished\":\"2024-09-23T19:41:05+00:00\",\"dateModified\":\"2024-09-23T19:41:06+00:00\",\"mainEntityOfPage\":{\"@id\":\"https:\/\/rgdeportes.com\/index.php\/2024\/09\/23\/costa-rica-competira-por-lograr-el-pase-al-mundial-de-rugby-en-australia\/\"},\"wordCount\":588,\"publisher\":{\"@id\":\"https:\/\/rgdeportes.com\/#organization\"},\"keywords\":[\"#premundialrugbycolombia\",\"#rugby15costarica\",\"#RugbyCostaRica\"],\"articleSection\":[\"Internacionales\"],\"inLanguage\":\"es\"},{\"@type\":\"WebPage\",\"@id\":\"https:\/\/rgdeportes.com\/index.php\/2024\/09\/23\/costa-rica-competira-por-lograr-el-pase-al-mundial-de-rugby-en-australia\/\",\"url\":\"https:\/\/rgdeportes.com\/index.php\/2024\/09\/23\/costa-rica-competira-por-lograr-el-pase-al-mundial-de-rugby-en-australia\/\",\"name\":\"Costa Rica competir\u00e1 por lograr el pase al Mundial de Rugby en Australia - RG Deportes\u200e\",\"isPartOf\":{\"@id\":\"https:\/\/rgdeportes.com\/#website\"},\"datePublished\":\"2024-09-23T19:41:05+00:00\",\"dateModified\":\"2024-09-23T19:41:06+00:00\",\"breadcrumb\":{\"@id\":\"https:\/\/rgdeportes.com\/index.php\/2024\/09\/23\/costa-rica-competira-por-lograr-el-pase-al-mundial-de-rugby-en-australia\/#breadcrumb\"},\"inLanguage\":\"es\",\"potentialAction\":[{\"@type\":\"ReadAction\",\"target\":[\"https:\/\/rgdeportes.com\/index.php\/2024\/09\/23\/costa-rica-competira-por-lograr-el-pase-al-mundial-de-rugby-en-australia\/\"]}]},{\"@type\":\"BreadcrumbList\",\"@id\":\"https:\/\/rgdeportes.com\/index.php\/2024\/09\/23\/costa-rica-competira-por-lograr-el-pase-al-mundial-de-rugby-en-australia\/#breadcrumb\",\"itemListElement\":[{\"@type\":\"ListItem\",\"position\":1,\"name\":\"Portada\",\"item\":\"https:\/\/rgdeportes.com\/\"},{\"@type\":\"ListItem\",\"position\":2,\"name\":\"Costa Rica competir\u00e1 por lograr el pase al Mundial de Rugby en Australia\"}]},{\"@type\":\"WebSite\",\"@id\":\"https:\/\/rgdeportes.com\/#website\",\"url\":\"https:\/\/rgdeportes.com\/\",\"name\":\"RG Deportes\u200e\",\"description\":\"\",\"publisher\":{\"@id\":\"https:\/\/rgdeportes.com\/#organization\"},\"potentialAction\":[{\"@type\":\"SearchAction\",\"target\":{\"@type\":\"EntryPoint\",\"urlTemplate\":\"https:\/\/rgdeportes.com\/?s={search_term_string}\"},\"query-input\":\"required name=search_term_string\"}],\"inLanguage\":\"es\"},{\"@type\":\"Organization\",\"@id\":\"https:\/\/rgdeportes.com\/#organization\",\"name\":\"RG Deportes\",\"url\":\"https:\/\/rgdeportes.com\/\",\"logo\":{\"@type\":\"ImageObject\",\"inLanguage\":\"es\",\"@id\":\"https:\/\/rgdeportes.com\/#\/schema\/logo\/image\/\",\"url\":\"https:\/\/rgdeportes.com\/wp-content\/uploads\/2020\/09\/Logo.png\",\"contentUrl\":\"https:\/\/rgdeportes.com\/wp-content\/uploads\/2020\/09\/Logo.png\",\"width\":784,\"height\":552,\"caption\":\"RG Deportes\"},\"image\":{\"@id\":\"https:\/\/rgdeportes.com\/#\/schema\/logo\/image\/\"},\"sameAs\":[\"https:\/\/www.facebook.com\/RandallGutierrezDeportes\/\",\"https:\/\/www.instagram.com\/randallgutierrezdeportes\/\",\"https:\/\/www.youtube.com\/channel\/UCX4_qbvtnTwoF5t2zNqBDvA\"]},{\"@type\":\"Person\",\"@id\":\"https:\/\/rgdeportes.com\/#\/schema\/person\/91795323fddb335a4fd017bf0e4b1358\",\"name\":\"Randall Gutierrez\",\"image\":{\"@type\":\"ImageObject\",\"inLanguage\":\"es\",\"@id\":\"https:\/\/rgdeportes.com\/#\/schema\/person\/image\/\",\"url\":\"https:\/\/secure.gravatar.com\/avatar\/d0884ea8b9b50bcfad3c0d20049361b5?s=96&d=mm&r=g\",\"contentUrl\":\"https:\/\/secure.gravatar.com\/avatar\/d0884ea8b9b50bcfad3c0d20049361b5?s=96&d=mm&r=g\",\"caption\":\"Randall Gutierrez\"},\"url\":\"https:\/\/rgdeportes.com\/index.php\/author\/randall\/\"}]}<\/script>\n<!-- \/ Yoast SEO plugin. -->","yoast_head_json":{"title":"Costa Rica competir\u00e1 por lograr el pase al Mundial de Rugby en Australia - RG Deportes\u200e","robots":{"index":"index","follow":"follow","max-snippet":"max-snippet:-1","max-image-preview":"max-image-preview:large","max-video-preview":"max-video-preview:-1"},"canonical":"https:\/\/rgdeportes.com\/index.php\/2024\/09\/23\/costa-rica-competira-por-lograr-el-pase-al-mundial-de-rugby-en-australia\/","og_locale":"es_ES","og_type":"article","og_title":"Costa Rica competir\u00e1 por lograr el pase al Mundial de Rugby en Australia - RG Deportes\u200e","og_description":"La Selecci\u00f3n de Rugby de Costa Rica Masculino XV (15) entra en la historia de esta disciplina esto tras darse a conocer que este lunes viaj\u00f3 en horas de la&hellip;","og_url":"https:\/\/rgdeportes.com\/index.php\/2024\/09\/23\/costa-rica-competira-por-lograr-el-pase-al-mundial-de-rugby-en-australia\/","og_site_name":"RG Deportes\u200e","article_publisher":"https:\/\/www.facebook.com\/RandallGutierrezDeportes\/","article_published_time":"2024-09-23T19:41:05+00:00","article_modified_time":"2024-09-23T19:41:06+00:00","og_image":[{"width":1280,"height":820,"url":"http:\/\/rgdeportes.com\/wp-content\/uploads\/2024\/09\/SELE-RUGBY-27.jpg","type":"image\/jpeg"}],"author":"Randall Gutierrez","twitter_card":"summary_large_image","twitter_misc":{"Escrito por":"Randall Gutierrez","Tiempo de lectura":"3 minutos"},"schema":{"@context":"https:\/\/schema.org","@graph":[{"@type":"Article","@id":"https:\/\/rgdeportes.com\/index.php\/2024\/09\/23\/costa-rica-competira-por-lograr-el-pase-al-mundial-de-rugby-en-australia\/#article","isPartOf":{"@id":"https:\/\/rgdeportes.com\/index.php\/2024\/09\/23\/costa-rica-competira-por-lograr-el-pase-al-mundial-de-rugby-en-australia\/"},"author":{"name":"Randall Gutierrez","@id":"https:\/\/rgdeportes.com\/#\/schema\/person\/91795323fddb335a4fd017bf0e4b1358"},"headline":"Costa Rica competir\u00e1 por lograr el pase al Mundial de Rugby en Australia","datePublished":"2024-09-23T19:41:05+00:00","dateModified":"2024-09-23T19:41:06+00:00","mainEntityOfPage":{"@id":"https:\/\/rgdeportes.com\/index.php\/2024\/09\/23\/costa-rica-competira-por-lograr-el-pase-al-mundial-de-rugby-en-australia\/"},"wordCount":588,"publisher":{"@id":"https:\/\/rgdeportes.com\/#organization"},"keywords":["#premundialrugbycolombia","#rugby15costarica","#RugbyCostaRica"],"articleSection":["Internacionales"],"inLanguage":"es"},{"@type":"WebPage","@id":"https:\/\/rgdeportes.com\/index.php\/2024\/09\/23\/costa-rica-competira-por-lograr-el-pase-al-mundial-de-rugby-en-australia\/","url":"https:\/\/rgdeportes.com\/index.php\/2024\/09\/23\/costa-rica-competira-por-lograr-el-pase-al-mundial-de-rugby-en-australia\/","name":"Costa Rica competir\u00e1 por lograr el pase al Mundial de Rugby en Australia - RG Deportes\u200e","isPartOf":{"@id":"https:\/\/rgdeportes.com\/#website"},"datePublished":"2024-09-23T19:41:05+00:00","dateModified":"2024-09-23T19:41:06+00:00","breadcrumb":{"@id":"https:\/\/rgdeportes.com\/index.php\/2024\/09\/23\/costa-rica-competira-por-lograr-el-pase-al-mundial-de-rugby-en-australia\/#breadcrumb"},"inLanguage":"es","potentialAction":[{"@type":"ReadAction","target":["https:\/\/rgdeportes.com\/index.php\/2024\/09\/23\/costa-rica-competira-por-lograr-el-pase-al-mundial-de-rugby-en-australia\/"]}]},{"@type":"BreadcrumbList","@id":"https:\/\/rgdeportes.com\/index.php\/2024\/09\/23\/costa-rica-competira-por-lograr-el-pase-al-mundial-de-rugby-en-australia\/#breadcrumb","itemListElement":[{"@type":"ListItem","position":1,"name":"Portada","item":"https:\/\/rgdeportes.com\/"},{"@type":"ListItem","position":2,"name":"Costa Rica competir\u00e1 por lograr el pase al Mundial de Rugby en Australia"}]},{"@type":"WebSite","@id":"https:\/\/rgdeportes.com\/#website","url":"https:\/\/rgdeportes.com\/","name":"RG Deportes\u200e","description":"","publisher":{"@id":"https:\/\/rgdeportes.com\/#organization"},"potentialAction":[{"@type":"SearchAction","target":{"@type":"EntryPoint","urlTemplate":"https:\/\/rgdeportes.com\/?s={search_term_string}"},"query-input":"required name=search_term_string"}],"inLanguage":"es"},{"@type":"Organization","@id":"https:\/\/rgdeportes.com\/#organization","name":"RG Deportes","url":"https:\/\/rgdeportes.com\/","logo":{"@type":"ImageObject","inLanguage":"es","@id":"https:\/\/rgdeportes.com\/#\/schema\/logo\/image\/","url":"https:\/\/rgdeportes.com\/wp-content\/uploads\/2020\/09\/Logo.png","contentUrl":"https:\/\/rgdeportes.com\/wp-content\/uploads\/2020\/09\/Logo.png","width":784,"height":552,"caption":"RG Deportes"},"image":{"@id":"https:\/\/rgdeportes.com\/#\/schema\/logo\/image\/"},"sameAs":["https:\/\/www.facebook.com\/RandallGutierrezDeportes\/","https:\/\/www.instagram.com\/randallgutierrezdeportes\/","https:\/\/www.youtube.com\/channel\/UCX4_qbvtnTwoF5t2zNqBDvA"]},{"@type":"Person","@id":"https:\/\/rgdeportes.com\/#\/schema\/person\/91795323fddb335a4fd017bf0e4b1358","name":"Randall Gutierrez","image":{"@type":"ImageObject","inLanguage":"es","@id":"https:\/\/rgdeportes.com\/#\/schema\/person\/image\/","url":"https:\/\/secure.gravatar.com\/avatar\/d0884ea8b9b50bcfad3c0d20049361b5?s=96&d=mm&r=g","contentUrl":"https:\/\/secure.gravatar.com\/avatar\/d0884ea8b9b50bcfad3c0d20049361b5?s=96&d=mm&r=g","caption":"Randall Gutierrez"},"url":"https:\/\/rgdeportes.com\/index.php\/author\/randall\/"}]}},"_links":{"self":[{"href":"https:\/\/rgdeportes.com\/index.php\/wp-json\/wp\/v2\/posts\/8875","targetHints":{"allow":["GET"]}}],"collection":[{"href":"https:\/\/rgdeportes.com\/index.php\/wp-json\/wp\/v2\/posts"}],"about":[{"href":"https:\/\/rgdeportes.com\/index.php\/wp-json\/wp\/v2\/types\/post"}],"author":[{"embeddable":true,"href":"https:\/\/rgdeportes.com\/index.php\/wp-json\/wp\/v2\/users\/2"}],"replies":[{"embeddable":true,"href":"https:\/\/rgdeportes.com\/index.php\/wp-json\/wp\/v2\/comments?post=8875"}],"version-history":[{"count":1,"href":"https:\/\/rgdeportes.com\/index.php\/wp-json\/wp\/v2\/posts\/8875\/revisions"}],"predecessor-version":[{"id":8878,"href":"https:\/\/rgdeportes.com\/index.php\/wp-json\/wp\/v2\/posts\/8875\/revisions\/8878"}],"wp:featuredmedia":[{"embeddable":true,"href":"https:\/\/rgdeportes.com\/index.php\/wp-json\/wp\/v2\/media\/8876"}],"wp:attachment":[{"href":"https:\/\/rgdeportes.com\/index.php\/wp-json\/wp\/v2\/media?parent=8875"}],"wp:term":[{"taxonomy":"category","embeddable":true,"href":"https:\/\/rgdeportes.com\/index.php\/wp-json\/wp\/v2\/categories?post=8875"},{"taxonomy":"post_tag","embeddable":true,"href":"https:\/\/rgdeportes.com\/index.php\/wp-json\/wp\/v2\/tags?post=8875"}],"curies":[{"name":"wp","href":"https:\/\/api.w.org\/{rel}","templated":true}]}}