{"id":8570,"date":"2024-07-12T22:40:46","date_gmt":"2024-07-12T22:40:46","guid":{"rendered":"https:\/\/rgdeportes.com\/?p=8570"},"modified":"2024-07-12T22:40:47","modified_gmt":"2024-07-12T22:40:47","slug":"honda-talon-team-listos-con-todo-su-arsenal-en-el-rally-de-costa-rica-video","status":"publish","type":"post","link":"https:\/\/rgdeportes.com\/index.php\/2024\/07\/12\/honda-talon-team-listos-con-todo-su-arsenal-en-el-rally-de-costa-rica-video\/","title":{"rendered":"Honda Talon Team listos con todo su arsenal en el Rally de Costa Rica (Video)"},"content":{"rendered":"\n<figure class=\"wp-block-image size-large\"><img loading=\"lazy\" decoding=\"async\" width=\"1024\" height=\"683\" src=\"https:\/\/rgdeportes.com\/wp-content\/uploads\/2024\/07\/csh-rh-19-1024x683.jpg\" alt=\"\" class=\"wp-image-8571\" srcset=\"https:\/\/rgdeportes.com\/wp-content\/uploads\/2024\/07\/csh-rh-19-1024x683.jpg 1024w, https:\/\/rgdeportes.com\/wp-content\/uploads\/2024\/07\/csh-rh-19-300x200.jpg 300w, https:\/\/rgdeportes.com\/wp-content\/uploads\/2024\/07\/csh-rh-19-768x512.jpg 768w, https:\/\/rgdeportes.com\/wp-content\/uploads\/2024\/07\/csh-rh-19-1536x1024.jpg 1536w, https:\/\/rgdeportes.com\/wp-content\/uploads\/2024\/07\/csh-rh-19-2048x1365.jpg 2048w\" sizes=\"auto, (max-width: 1024px) 100vw, 1024px\" \/><\/figure>\n\n\n\n<p>En una actividad muy bien organizada, este mi\u00e9rcoles 10 de julio se llev\u00f3 a cabo la presentaci\u00f3n oficial del equipo <strong>Honda<\/strong> <strong>Talon Team <\/strong>mismo que est\u00e1 muy de lleno en el <strong>Campeonato Nacional de Rally<\/strong>, <strong>Temporada 2024. <\/strong><\/p>\n\n\n\n<p>El evento se realiz\u00f3 desde el <strong>Hotel AC <\/strong>en <strong>Bel\u00e9n provincia de Heredia,<\/strong> cerca de las 2 de la tarde, donde se cont\u00f3 con la presencia del equipo de <strong>Honda Talon Team,<\/strong> como tambi\u00e9n medios de comunicaci\u00f3n que dieron cobertura total durante la presentaci\u00f3n. <\/p>\n\n\n\n<figure class=\"wp-block-image size-large\"><img loading=\"lazy\" decoding=\"async\" width=\"1024\" height=\"576\" src=\"https:\/\/rgdeportes.com\/wp-content\/uploads\/2024\/07\/WhatsApp-Image-2024-07-10-at-13.31.22-2-1024x576.jpeg\" alt=\"\" class=\"wp-image-8572\" srcset=\"https:\/\/rgdeportes.com\/wp-content\/uploads\/2024\/07\/WhatsApp-Image-2024-07-10-at-13.31.22-2-1024x576.jpeg 1024w, https:\/\/rgdeportes.com\/wp-content\/uploads\/2024\/07\/WhatsApp-Image-2024-07-10-at-13.31.22-2-300x169.jpeg 300w, https:\/\/rgdeportes.com\/wp-content\/uploads\/2024\/07\/WhatsApp-Image-2024-07-10-at-13.31.22-2-768x432.jpeg 768w, https:\/\/rgdeportes.com\/wp-content\/uploads\/2024\/07\/WhatsApp-Image-2024-07-10-at-13.31.22-2.jpeg 1280w\" sizes=\"auto, (max-width: 1024px) 100vw, 1024px\" \/><\/figure>\n\n\n\n<p>El equipo se encuentra integrado por <strong>Leandro Sainz como piloto y Carlos Coto <\/strong>como copiloto y participan en la <strong>categor\u00eda Side by Side <\/strong>y donde han obtenido excelentes resultados. <\/p>\n\n\n\n<p>El mas reciente fue en la tercera cita del certamen, el Rally Jac\u00f3 Walk donde destacaron con los mejores tiempos de la competencia en cada uno de los nueve tramos cronometrados disputados y en la clasificaci\u00f3n absoluta, donde registraron un crono de 50:47:19.<\/p>\n\n\n\n<p>Para obtener estos resultados Sainz y Coto participan en un veh\u00edculo Honda Talon 1000R, con motor bicilindrico paralelo UniCam, cilindrada de 999cc. Este adem\u00e1s cuenta con enfriamiento l\u00edquido y sistema de alimentaci\u00f3n de inyecci\u00f3n programada ( PGM-FI), transmisi\u00f3n autom\u00e1tica de doble embrague (DTC) con 6 velocidades y reversa y que tiene dos modos de manejo 2WD y i-4WD.<\/p>\n\n\n\n<p>Ambos competidores destacaron la experiencia a bordo de este veh\u00edculo y la experiencia que han vivido en el rallismo nacional.<\/p>\n\n\n\n<p><strong>Leandro Saiz: \u00abEsperamos seguir con buenos resultados\u00bb.<\/strong><\/p>\n\n\n\n<figure class=\"wp-block-image size-large\"><img loading=\"lazy\" decoding=\"async\" width=\"1024\" height=\"576\" src=\"https:\/\/rgdeportes.com\/wp-content\/uploads\/2024\/07\/WhatsApp-Image-2024-07-10-at-13.31.22-3-1024x576.jpeg\" alt=\"\" class=\"wp-image-8573\" srcset=\"https:\/\/rgdeportes.com\/wp-content\/uploads\/2024\/07\/WhatsApp-Image-2024-07-10-at-13.31.22-3-1024x576.jpeg 1024w, https:\/\/rgdeportes.com\/wp-content\/uploads\/2024\/07\/WhatsApp-Image-2024-07-10-at-13.31.22-3-300x169.jpeg 300w, https:\/\/rgdeportes.com\/wp-content\/uploads\/2024\/07\/WhatsApp-Image-2024-07-10-at-13.31.22-3-768x432.jpeg 768w, https:\/\/rgdeportes.com\/wp-content\/uploads\/2024\/07\/WhatsApp-Image-2024-07-10-at-13.31.22-3.jpeg 1280w\" sizes=\"auto, (max-width: 1024px) 100vw, 1024px\" \/><\/figure>\n\n\n\n<p>\u201cEstamos muy contentos de nuestra participaci\u00f3n hasta el momento, llevamos tres fechas y faltan dos, esperamos seguir con estos buenos resultados. Gracias por todo el apoyo al grupo de Honda y los encargados de poner a punto nuestro veh\u00edculo, esperamos la nueva fecha para nuevamente ponernos a prueba\u201d dijo Leandro Sainz.<\/p>\n\n\n\n<p>\u201cMuy agradecido con esta gran oportunidad de competir junto a Leandro que tiene gran experiencia, yo he tenido tambi\u00e9n oportunidad de formarme y aportar al equipo\u201d agreg\u00f3 Coto.<\/p>\n\n\n\n<p>El Honda Talon es un veh\u00edculo de dos asientos muy vers\u00e1til y con alto rendimiento en el todo terreno, apto para disfrutar de las actividades al aire libre.<\/p>\n\n\n\n<p>\u201cNos llena de orgullo apoyar el deporte con este equipo conformado por Leandro y Carlos y todo el personal de apoyo para poner a punto el veh\u00edculo, es un compromiso que tenemos como marca brindar ese apoyo y celebrar estos logros que han obtenido en el Campeonato Nacional de Rally\u201d coment\u00f3 Gilbert Porras, &nbsp;Gerente General de Honda Sava.<\/p>\n\n\n\n<p><strong>Sainz<\/strong><em> y <\/em><strong>Coto <\/strong>enfrentar\u00e1n su pr\u00f3xima prueba en <strong>cuarta fecha del Campeonato Nacional de Rally<\/strong> ha realizarse el <strong>24 de agosto<\/strong> en la <strong>Hacienda El Viejo Wetlands en Filadelfia, Guanacaste.<\/strong><\/p>\n\n\n\n<p><strong>Video <\/strong><\/p>\n\n\n\n<figure class=\"wp-block-embed is-type-video is-provider-youtube wp-block-embed-youtube wp-embed-aspect-16-9 wp-has-aspect-ratio\"><div class=\"wp-block-embed__wrapper\">\n<iframe loading=\"lazy\" title=\"Honda Talon Team de Costa Rica.\" width=\"1110\" height=\"624\" src=\"https:\/\/www.youtube.com\/embed\/2rjUaS66pm4?feature=oembed\" frameborder=\"0\" allow=\"accelerometer; autoplay; clipboard-write; encrypted-media; gyroscope; picture-in-picture; web-share\" referrerpolicy=\"strict-origin-when-cross-origin\" allowfullscreen><\/iframe>\n<\/div><\/figure>\n\n\n\n<p>Video cortes\u00eda &#8211; MJ Comunicaci\u00f3n.<\/p>\n\n\n\n<p>Fotos &#8211; MJ Comunicaci\u00f3n \/ Puro Motor. <\/p>\n","protected":false},"excerpt":{"rendered":"<p>En una actividad muy bien organizada, este mi\u00e9rcoles 10 de julio se llev\u00f3 a cabo la presentaci\u00f3n oficial del equipo Honda Talon Team mismo que est\u00e1 muy de lleno en&hellip; <\/p>\n","protected":false},"author":2,"featured_media":8571,"comment_status":"closed","ping_status":"closed","sticky":false,"template":"","format":"standard","meta":{"om_disable_all_campaigns":false,"_monsterinsights_skip_tracking":false,"_monsterinsights_sitenote_active":false,"_monsterinsights_sitenote_note":"","_monsterinsights_sitenote_category":0,"footnotes":""},"categories":[524],"tags":[2715,2717,2716],"class_list":["post-8570","post","type-post","status-publish","format-standard","has-post-thumbnail","hentry","category-ddm","tag-hondatalonteam","tag-motoresrallycostarica","tag-rallynacional"],"aioseo_notices":[],"yoast_head":"<!-- This site is optimized with the Yoast SEO plugin v21.2 - https:\/\/yoast.com\/wordpress\/plugins\/seo\/ -->\n<title>Honda Talon Team listos con todo su arsenal en el Rally de Costa Rica (Video) - RG Deportes\u200e<\/title>\n<meta name=\"robots\" content=\"index, follow, max-snippet:-1, max-image-preview:large, max-video-preview:-1\" \/>\n<link rel=\"canonical\" href=\"https:\/\/rgdeportes.com\/index.php\/2024\/07\/12\/honda-talon-team-listos-con-todo-su-arsenal-en-el-rally-de-costa-rica-video\/\" \/>\n<meta property=\"og:locale\" content=\"es_ES\" \/>\n<meta property=\"og:type\" content=\"article\" \/>\n<meta property=\"og:title\" content=\"Honda Talon Team listos con todo su arsenal en el Rally de Costa Rica (Video) - RG Deportes\u200e\" \/>\n<meta property=\"og:description\" content=\"En una actividad muy bien organizada, este mi\u00e9rcoles 10 de julio se llev\u00f3 a cabo la presentaci\u00f3n oficial del equipo Honda Talon Team mismo que est\u00e1 muy de lleno en&hellip;\" \/>\n<meta property=\"og:url\" content=\"https:\/\/rgdeportes.com\/index.php\/2024\/07\/12\/honda-talon-team-listos-con-todo-su-arsenal-en-el-rally-de-costa-rica-video\/\" \/>\n<meta property=\"og:site_name\" content=\"RG Deportes\u200e\" \/>\n<meta property=\"article:publisher\" content=\"https:\/\/www.facebook.com\/RandallGutierrezDeportes\/\" \/>\n<meta property=\"article:published_time\" content=\"2024-07-12T22:40:46+00:00\" \/>\n<meta property=\"article:modified_time\" content=\"2024-07-12T22:40:47+00:00\" \/>\n<meta property=\"og:image\" content=\"http:\/\/rgdeportes.com\/wp-content\/uploads\/2024\/07\/csh-rh-19-scaled.jpg\" \/>\n\t<meta property=\"og:image:width\" content=\"2560\" \/>\n\t<meta property=\"og:image:height\" content=\"1707\" \/>\n\t<meta property=\"og:image:type\" content=\"image\/jpeg\" \/>\n<meta name=\"author\" content=\"Randall Gutierrez\" \/>\n<meta name=\"twitter:card\" content=\"summary_large_image\" \/>\n<meta name=\"twitter:label1\" content=\"Escrito por\" \/>\n\t<meta name=\"twitter:data1\" content=\"Randall Gutierrez\" \/>\n\t<meta name=\"twitter:label2\" content=\"Tiempo de lectura\" \/>\n\t<meta name=\"twitter:data2\" content=\"3 minutos\" \/>\n<script type=\"application\/ld+json\" class=\"yoast-schema-graph\">{\"@context\":\"https:\/\/schema.org\",\"@graph\":[{\"@type\":\"Article\",\"@id\":\"https:\/\/rgdeportes.com\/index.php\/2024\/07\/12\/honda-talon-team-listos-con-todo-su-arsenal-en-el-rally-de-costa-rica-video\/#article\",\"isPartOf\":{\"@id\":\"https:\/\/rgdeportes.com\/index.php\/2024\/07\/12\/honda-talon-team-listos-con-todo-su-arsenal-en-el-rally-de-costa-rica-video\/\"},\"author\":{\"name\":\"Randall Gutierrez\",\"@id\":\"https:\/\/rgdeportes.com\/#\/schema\/person\/91795323fddb335a4fd017bf0e4b1358\"},\"headline\":\"Honda Talon Team listos con todo su arsenal en el Rally de Costa Rica (Video)\",\"datePublished\":\"2024-07-12T22:40:46+00:00\",\"dateModified\":\"2024-07-12T22:40:47+00:00\",\"mainEntityOfPage\":{\"@id\":\"https:\/\/rgdeportes.com\/index.php\/2024\/07\/12\/honda-talon-team-listos-con-todo-su-arsenal-en-el-rally-de-costa-rica-video\/\"},\"wordCount\":493,\"publisher\":{\"@id\":\"https:\/\/rgdeportes.com\/#organization\"},\"keywords\":[\"#hondatalonteam\",\"#motoresrallycostarica\",\"#rallynacional\"],\"articleSection\":[\"Deportes de motor\"],\"inLanguage\":\"es\"},{\"@type\":\"WebPage\",\"@id\":\"https:\/\/rgdeportes.com\/index.php\/2024\/07\/12\/honda-talon-team-listos-con-todo-su-arsenal-en-el-rally-de-costa-rica-video\/\",\"url\":\"https:\/\/rgdeportes.com\/index.php\/2024\/07\/12\/honda-talon-team-listos-con-todo-su-arsenal-en-el-rally-de-costa-rica-video\/\",\"name\":\"Honda Talon Team listos con todo su arsenal en el Rally de Costa Rica (Video) - RG Deportes\u200e\",\"isPartOf\":{\"@id\":\"https:\/\/rgdeportes.com\/#website\"},\"datePublished\":\"2024-07-12T22:40:46+00:00\",\"dateModified\":\"2024-07-12T22:40:47+00:00\",\"breadcrumb\":{\"@id\":\"https:\/\/rgdeportes.com\/index.php\/2024\/07\/12\/honda-talon-team-listos-con-todo-su-arsenal-en-el-rally-de-costa-rica-video\/#breadcrumb\"},\"inLanguage\":\"es\",\"potentialAction\":[{\"@type\":\"ReadAction\",\"target\":[\"https:\/\/rgdeportes.com\/index.php\/2024\/07\/12\/honda-talon-team-listos-con-todo-su-arsenal-en-el-rally-de-costa-rica-video\/\"]}]},{\"@type\":\"BreadcrumbList\",\"@id\":\"https:\/\/rgdeportes.com\/index.php\/2024\/07\/12\/honda-talon-team-listos-con-todo-su-arsenal-en-el-rally-de-costa-rica-video\/#breadcrumb\",\"itemListElement\":[{\"@type\":\"ListItem\",\"position\":1,\"name\":\"Portada\",\"item\":\"https:\/\/rgdeportes.com\/\"},{\"@type\":\"ListItem\",\"position\":2,\"name\":\"Honda Talon Team listos con todo su arsenal en el Rally de Costa Rica (Video)\"}]},{\"@type\":\"WebSite\",\"@id\":\"https:\/\/rgdeportes.com\/#website\",\"url\":\"https:\/\/rgdeportes.com\/\",\"name\":\"RG Deportes\u200e\",\"description\":\"\",\"publisher\":{\"@id\":\"https:\/\/rgdeportes.com\/#organization\"},\"potentialAction\":[{\"@type\":\"SearchAction\",\"target\":{\"@type\":\"EntryPoint\",\"urlTemplate\":\"https:\/\/rgdeportes.com\/?s={search_term_string}\"},\"query-input\":\"required name=search_term_string\"}],\"inLanguage\":\"es\"},{\"@type\":\"Organization\",\"@id\":\"https:\/\/rgdeportes.com\/#organization\",\"name\":\"RG Deportes\",\"url\":\"https:\/\/rgdeportes.com\/\",\"logo\":{\"@type\":\"ImageObject\",\"inLanguage\":\"es\",\"@id\":\"https:\/\/rgdeportes.com\/#\/schema\/logo\/image\/\",\"url\":\"https:\/\/rgdeportes.com\/wp-content\/uploads\/2020\/09\/Logo.png\",\"contentUrl\":\"https:\/\/rgdeportes.com\/wp-content\/uploads\/2020\/09\/Logo.png\",\"width\":784,\"height\":552,\"caption\":\"RG Deportes\"},\"image\":{\"@id\":\"https:\/\/rgdeportes.com\/#\/schema\/logo\/image\/\"},\"sameAs\":[\"https:\/\/www.facebook.com\/RandallGutierrezDeportes\/\",\"https:\/\/www.instagram.com\/randallgutierrezdeportes\/\",\"https:\/\/www.youtube.com\/channel\/UCX4_qbvtnTwoF5t2zNqBDvA\"]},{\"@type\":\"Person\",\"@id\":\"https:\/\/rgdeportes.com\/#\/schema\/person\/91795323fddb335a4fd017bf0e4b1358\",\"name\":\"Randall Gutierrez\",\"image\":{\"@type\":\"ImageObject\",\"inLanguage\":\"es\",\"@id\":\"https:\/\/rgdeportes.com\/#\/schema\/person\/image\/\",\"url\":\"https:\/\/secure.gravatar.com\/avatar\/d0884ea8b9b50bcfad3c0d20049361b5?s=96&d=mm&r=g\",\"contentUrl\":\"https:\/\/secure.gravatar.com\/avatar\/d0884ea8b9b50bcfad3c0d20049361b5?s=96&d=mm&r=g\",\"caption\":\"Randall Gutierrez\"},\"url\":\"https:\/\/rgdeportes.com\/index.php\/author\/randall\/\"}]}<\/script>\n<!-- \/ Yoast SEO plugin. -->","yoast_head_json":{"title":"Honda Talon Team listos con todo su arsenal en el Rally de Costa Rica (Video) - RG Deportes\u200e","robots":{"index":"index","follow":"follow","max-snippet":"max-snippet:-1","max-image-preview":"max-image-preview:large","max-video-preview":"max-video-preview:-1"},"canonical":"https:\/\/rgdeportes.com\/index.php\/2024\/07\/12\/honda-talon-team-listos-con-todo-su-arsenal-en-el-rally-de-costa-rica-video\/","og_locale":"es_ES","og_type":"article","og_title":"Honda Talon Team listos con todo su arsenal en el Rally de Costa Rica (Video) - RG Deportes\u200e","og_description":"En una actividad muy bien organizada, este mi\u00e9rcoles 10 de julio se llev\u00f3 a cabo la presentaci\u00f3n oficial del equipo Honda Talon Team mismo que est\u00e1 muy de lleno en&hellip;","og_url":"https:\/\/rgdeportes.com\/index.php\/2024\/07\/12\/honda-talon-team-listos-con-todo-su-arsenal-en-el-rally-de-costa-rica-video\/","og_site_name":"RG Deportes\u200e","article_publisher":"https:\/\/www.facebook.com\/RandallGutierrezDeportes\/","article_published_time":"2024-07-12T22:40:46+00:00","article_modified_time":"2024-07-12T22:40:47+00:00","og_image":[{"width":2560,"height":1707,"url":"http:\/\/rgdeportes.com\/wp-content\/uploads\/2024\/07\/csh-rh-19-scaled.jpg","type":"image\/jpeg"}],"author":"Randall Gutierrez","twitter_card":"summary_large_image","twitter_misc":{"Escrito por":"Randall Gutierrez","Tiempo de lectura":"3 minutos"},"schema":{"@context":"https:\/\/schema.org","@graph":[{"@type":"Article","@id":"https:\/\/rgdeportes.com\/index.php\/2024\/07\/12\/honda-talon-team-listos-con-todo-su-arsenal-en-el-rally-de-costa-rica-video\/#article","isPartOf":{"@id":"https:\/\/rgdeportes.com\/index.php\/2024\/07\/12\/honda-talon-team-listos-con-todo-su-arsenal-en-el-rally-de-costa-rica-video\/"},"author":{"name":"Randall Gutierrez","@id":"https:\/\/rgdeportes.com\/#\/schema\/person\/91795323fddb335a4fd017bf0e4b1358"},"headline":"Honda Talon Team listos con todo su arsenal en el Rally de Costa Rica (Video)","datePublished":"2024-07-12T22:40:46+00:00","dateModified":"2024-07-12T22:40:47+00:00","mainEntityOfPage":{"@id":"https:\/\/rgdeportes.com\/index.php\/2024\/07\/12\/honda-talon-team-listos-con-todo-su-arsenal-en-el-rally-de-costa-rica-video\/"},"wordCount":493,"publisher":{"@id":"https:\/\/rgdeportes.com\/#organization"},"keywords":["#hondatalonteam","#motoresrallycostarica","#rallynacional"],"articleSection":["Deportes de motor"],"inLanguage":"es"},{"@type":"WebPage","@id":"https:\/\/rgdeportes.com\/index.php\/2024\/07\/12\/honda-talon-team-listos-con-todo-su-arsenal-en-el-rally-de-costa-rica-video\/","url":"https:\/\/rgdeportes.com\/index.php\/2024\/07\/12\/honda-talon-team-listos-con-todo-su-arsenal-en-el-rally-de-costa-rica-video\/","name":"Honda Talon Team listos con todo su arsenal en el Rally de Costa Rica (Video) - RG Deportes\u200e","isPartOf":{"@id":"https:\/\/rgdeportes.com\/#website"},"datePublished":"2024-07-12T22:40:46+00:00","dateModified":"2024-07-12T22:40:47+00:00","breadcrumb":{"@id":"https:\/\/rgdeportes.com\/index.php\/2024\/07\/12\/honda-talon-team-listos-con-todo-su-arsenal-en-el-rally-de-costa-rica-video\/#breadcrumb"},"inLanguage":"es","potentialAction":[{"@type":"ReadAction","target":["https:\/\/rgdeportes.com\/index.php\/2024\/07\/12\/honda-talon-team-listos-con-todo-su-arsenal-en-el-rally-de-costa-rica-video\/"]}]},{"@type":"BreadcrumbList","@id":"https:\/\/rgdeportes.com\/index.php\/2024\/07\/12\/honda-talon-team-listos-con-todo-su-arsenal-en-el-rally-de-costa-rica-video\/#breadcrumb","itemListElement":[{"@type":"ListItem","position":1,"name":"Portada","item":"https:\/\/rgdeportes.com\/"},{"@type":"ListItem","position":2,"name":"Honda Talon Team listos con todo su arsenal en el Rally de Costa Rica (Video)"}]},{"@type":"WebSite","@id":"https:\/\/rgdeportes.com\/#website","url":"https:\/\/rgdeportes.com\/","name":"RG Deportes\u200e","description":"","publisher":{"@id":"https:\/\/rgdeportes.com\/#organization"},"potentialAction":[{"@type":"SearchAction","target":{"@type":"EntryPoint","urlTemplate":"https:\/\/rgdeportes.com\/?s={search_term_string}"},"query-input":"required name=search_term_string"}],"inLanguage":"es"},{"@type":"Organization","@id":"https:\/\/rgdeportes.com\/#organization","name":"RG Deportes","url":"https:\/\/rgdeportes.com\/","logo":{"@type":"ImageObject","inLanguage":"es","@id":"https:\/\/rgdeportes.com\/#\/schema\/logo\/image\/","url":"https:\/\/rgdeportes.com\/wp-content\/uploads\/2020\/09\/Logo.png","contentUrl":"https:\/\/rgdeportes.com\/wp-content\/uploads\/2020\/09\/Logo.png","width":784,"height":552,"caption":"RG Deportes"},"image":{"@id":"https:\/\/rgdeportes.com\/#\/schema\/logo\/image\/"},"sameAs":["https:\/\/www.facebook.com\/RandallGutierrezDeportes\/","https:\/\/www.instagram.com\/randallgutierrezdeportes\/","https:\/\/www.youtube.com\/channel\/UCX4_qbvtnTwoF5t2zNqBDvA"]},{"@type":"Person","@id":"https:\/\/rgdeportes.com\/#\/schema\/person\/91795323fddb335a4fd017bf0e4b1358","name":"Randall Gutierrez","image":{"@type":"ImageObject","inLanguage":"es","@id":"https:\/\/rgdeportes.com\/#\/schema\/person\/image\/","url":"https:\/\/secure.gravatar.com\/avatar\/d0884ea8b9b50bcfad3c0d20049361b5?s=96&d=mm&r=g","contentUrl":"https:\/\/secure.gravatar.com\/avatar\/d0884ea8b9b50bcfad3c0d20049361b5?s=96&d=mm&r=g","caption":"Randall Gutierrez"},"url":"https:\/\/rgdeportes.com\/index.php\/author\/randall\/"}]}},"_links":{"self":[{"href":"https:\/\/rgdeportes.com\/index.php\/wp-json\/wp\/v2\/posts\/8570","targetHints":{"allow":["GET"]}}],"collection":[{"href":"https:\/\/rgdeportes.com\/index.php\/wp-json\/wp\/v2\/posts"}],"about":[{"href":"https:\/\/rgdeportes.com\/index.php\/wp-json\/wp\/v2\/types\/post"}],"author":[{"embeddable":true,"href":"https:\/\/rgdeportes.com\/index.php\/wp-json\/wp\/v2\/users\/2"}],"replies":[{"embeddable":true,"href":"https:\/\/rgdeportes.com\/index.php\/wp-json\/wp\/v2\/comments?post=8570"}],"version-history":[{"count":1,"href":"https:\/\/rgdeportes.com\/index.php\/wp-json\/wp\/v2\/posts\/8570\/revisions"}],"predecessor-version":[{"id":8574,"href":"https:\/\/rgdeportes.com\/index.php\/wp-json\/wp\/v2\/posts\/8570\/revisions\/8574"}],"wp:featuredmedia":[{"embeddable":true,"href":"https:\/\/rgdeportes.com\/index.php\/wp-json\/wp\/v2\/media\/8571"}],"wp:attachment":[{"href":"https:\/\/rgdeportes.com\/index.php\/wp-json\/wp\/v2\/media?parent=8570"}],"wp:term":[{"taxonomy":"category","embeddable":true,"href":"https:\/\/rgdeportes.com\/index.php\/wp-json\/wp\/v2\/categories?post=8570"},{"taxonomy":"post_tag","embeddable":true,"href":"https:\/\/rgdeportes.com\/index.php\/wp-json\/wp\/v2\/tags?post=8570"}],"curies":[{"name":"wp","href":"https:\/\/api.w.org\/{rel}","templated":true}]}}