{"id":8470,"date":"2024-06-19T22:46:51","date_gmt":"2024-06-19T22:46:51","guid":{"rendered":"https:\/\/rgdeportes.com\/?p=8470"},"modified":"2024-06-19T23:36:53","modified_gmt":"2024-06-19T23:36:53","slug":"santa-ana-epicentro-del-desafio-4x4","status":"publish","type":"post","link":"https:\/\/rgdeportes.com\/index.php\/2024\/06\/19\/santa-ana-epicentro-del-desafio-4x4\/","title":{"rendered":"Santa Ana epicentro del \u00abDesaf\u00edo 4X4 Al L\u00edmite\u00bb"},"content":{"rendered":"\n<figure class=\"wp-block-image size-large\"><img loading=\"lazy\" decoding=\"async\" width=\"1024\" height=\"684\" src=\"https:\/\/rgdeportes.com\/wp-content\/uploads\/2024\/06\/Autocross-1-1024x684.jpg\" alt=\"\" class=\"wp-image-8471\" srcset=\"https:\/\/rgdeportes.com\/wp-content\/uploads\/2024\/06\/Autocross-1-1024x684.jpg 1024w, https:\/\/rgdeportes.com\/wp-content\/uploads\/2024\/06\/Autocross-1-300x200.jpg 300w, https:\/\/rgdeportes.com\/wp-content\/uploads\/2024\/06\/Autocross-1-768x513.jpg 768w, https:\/\/rgdeportes.com\/wp-content\/uploads\/2024\/06\/Autocross-1-1536x1025.jpg 1536w, https:\/\/rgdeportes.com\/wp-content\/uploads\/2024\/06\/Autocross-1-2048x1367.jpg 2048w\" sizes=\"auto, (max-width: 1024px) 100vw, 1024px\" \/><\/figure>\n\n\n\n<p>Los denominados \u00abTodo terreno\u00bb, se vuelven a ver las caras para vencer los obst\u00e1culos en lo que ser\u00e1 la \u00ab<em><strong>Segunda Fecha del Campeonato Nacional Desaf\u00edo 4&#215;4 A L\u00edmite<\/strong><\/em>\u00ab, donde las emociones no se quedaran atr\u00e1s para un evento sin precedentes el <strong><em>pr\u00f3ximo domingo 7 de julio a partir de las 9 de la ma\u00f1ana<\/em><\/strong> desde la pista Al L\u00edmite en <em><strong>Valle Escondido en Santa Ana,<\/strong><\/em> esto para dar continuidad a la Temporada 2024.<\/p>\n\n\n\n<p>Es importante resaltar, que la primera fecha se llevo a cabo en San Carlos, los veh\u00edculos llegar\u00e1n mucho m\u00e1s preparados para buscar el t\u00edtulo y ser reconocidos como los mejores 4&#215;4 del pa\u00eds.&nbsp; Muchos ser\u00e1n los duelos y disputas en cada una de las tres categor\u00edas en competencia.<\/p>\n\n\n\n<p>Los precios de las entradas van desde los 12 mil colones en localidad general y se pueden comprar por medio de <a href=\"http:\/\/passline.com\">passline.com<\/a>. Adem\u00e1s las personas que gusten pueden comprar al ingresar a la pista el mismo d\u00eda del evento.<\/p>\n\n\n\n<p>La primera fecha del Campeonato Nacional Desaf\u00edo 4&#215;4 Al L\u00edmite fue ganada por Keilor Castro y Jeremy Castro en El Barraco en la categor\u00eda C (4 cilindros), Gustavo Canales y Marvin Soto en La Bestia en la categor\u00eda B (6 cilindros) y Jairo Cordero y Cesar Rodr\u00edguez&nbsp; en Merlin en la A (8 cilindros).<\/p>\n\n\n\n<figure class=\"wp-block-image size-large\"><img loading=\"lazy\" decoding=\"async\" width=\"1024\" height=\"683\" src=\"https:\/\/rgdeportes.com\/wp-content\/uploads\/2024\/06\/Autocross-2-1024x683.jpg\" alt=\"\" class=\"wp-image-8472\" srcset=\"https:\/\/rgdeportes.com\/wp-content\/uploads\/2024\/06\/Autocross-2-1024x683.jpg 1024w, https:\/\/rgdeportes.com\/wp-content\/uploads\/2024\/06\/Autocross-2-300x200.jpg 300w, https:\/\/rgdeportes.com\/wp-content\/uploads\/2024\/06\/Autocross-2-768x512.jpg 768w, https:\/\/rgdeportes.com\/wp-content\/uploads\/2024\/06\/Autocross-2-1536x1024.jpg 1536w, https:\/\/rgdeportes.com\/wp-content\/uploads\/2024\/06\/Autocross-2-2048x1366.jpg 2048w\" sizes=\"auto, (max-width: 1024px) 100vw, 1024px\" \/><\/figure>\n\n\n\n<p>La pista Al L\u00edmite contar\u00e1 con las pruebas tradicionales, como las zonas de torsi\u00f3n, el r\u00edo, las piedras, el Chirrip\u00f3, las tucas, las gradas, el cr\u00e1ter y el codo, en las cuales se exige al piloto y al veh\u00edculo de manera extrema, como si estuvieran en condiciones de monta\u00f1a.<\/p>\n\n\n\n<p><strong><em>\u201cEl Campeonato Nacional Desafio 4&#215;4 Al L\u00edmite es el evento rey del 4&#215;4 en nuestro pa\u00eds, nos hemos dado a la tarea de llevar todos los obst\u00e1culos de monta\u00f1a a un trazado altamente exigente, donde los equipos se enfrentan a pruebas extremas que deben superar para ser ganadores. La pista Al L\u00edmite cuenta con un terreno muy favorable tanto para la competencia como para el disfrute del p\u00fablico, as\u00ed que esta es una fecha que ning\u00fan seguidor del todo terreno debe perderse\u201d <\/em><\/strong>coment\u00f3 Manrique Mata, Gerente de Family Fun &#8211; RPMTV.<\/p>\n\n\n\n<p>Este evento es producido por Family Fun &#8211; RPMTV y Al L\u00edmite 4&#215;4 y es avalado por la Federaci\u00f3n Costarricense de Automovilismo y Motores (FECOM).<\/p>\n\n\n\n<p>(Fotos &#8211; Cortes\u00eda <strong>MJ Comunicaci\u00f3n<\/strong>).<\/p>\n","protected":false},"excerpt":{"rendered":"<p>Los denominados \u00abTodo terreno\u00bb, se vuelven a ver las caras para vencer los obst\u00e1culos en lo que ser\u00e1 la \u00abSegunda Fecha del Campeonato Nacional Desaf\u00edo 4&#215;4 A L\u00edmite\u00ab, donde las&hellip; <\/p>\n","protected":false},"author":2,"featured_media":8471,"comment_status":"closed","ping_status":"closed","sticky":false,"template":"","format":"standard","meta":{"om_disable_all_campaigns":false,"_monsterinsights_skip_tracking":false,"_monsterinsights_sitenote_active":false,"_monsterinsights_sitenote_note":"","_monsterinsights_sitenote_category":0,"footnotes":""},"categories":[524],"tags":[2674,2671,2673,2672],"class_list":["post-8470","post","type-post","status-publish","format-standard","has-post-thumbnail","hentry","category-ddm","tag-4x4costarica","tag-desafio4x4santaana-2","tag-desafiotodoterreno","tag-santaanamotores"],"aioseo_notices":[],"yoast_head":"<!-- This site is optimized with the Yoast SEO plugin v21.2 - https:\/\/yoast.com\/wordpress\/plugins\/seo\/ -->\n<title>Santa Ana epicentro del &quot;Desaf\u00edo 4X4 Al L\u00edmite&quot; - RG Deportes\u200e<\/title>\n<meta name=\"robots\" content=\"index, follow, max-snippet:-1, max-image-preview:large, max-video-preview:-1\" \/>\n<link rel=\"canonical\" href=\"https:\/\/rgdeportes.com\/index.php\/2024\/06\/19\/santa-ana-epicentro-del-desafio-4x4\/\" \/>\n<meta property=\"og:locale\" content=\"es_ES\" \/>\n<meta property=\"og:type\" content=\"article\" \/>\n<meta property=\"og:title\" content=\"Santa Ana epicentro del &quot;Desaf\u00edo 4X4 Al L\u00edmite&quot; - RG Deportes\u200e\" \/>\n<meta property=\"og:description\" content=\"Los denominados \u00abTodo terreno\u00bb, se vuelven a ver las caras para vencer los obst\u00e1culos en lo que ser\u00e1 la \u00abSegunda Fecha del Campeonato Nacional Desaf\u00edo 4&#215;4 A L\u00edmite\u00ab, donde las&hellip;\" \/>\n<meta property=\"og:url\" content=\"https:\/\/rgdeportes.com\/index.php\/2024\/06\/19\/santa-ana-epicentro-del-desafio-4x4\/\" \/>\n<meta property=\"og:site_name\" content=\"RG Deportes\u200e\" \/>\n<meta property=\"article:publisher\" content=\"https:\/\/www.facebook.com\/RandallGutierrezDeportes\/\" \/>\n<meta property=\"article:published_time\" content=\"2024-06-19T22:46:51+00:00\" \/>\n<meta property=\"article:modified_time\" content=\"2024-06-19T23:36:53+00:00\" \/>\n<meta property=\"og:image\" content=\"http:\/\/rgdeportes.com\/wp-content\/uploads\/2024\/06\/Autocross-1-1024x684.jpg\" \/>\n\t<meta property=\"og:image:width\" content=\"1024\" \/>\n\t<meta property=\"og:image:height\" content=\"684\" \/>\n\t<meta property=\"og:image:type\" content=\"image\/jpeg\" \/>\n<meta name=\"author\" content=\"Randall Gutierrez\" \/>\n<meta name=\"twitter:card\" content=\"summary_large_image\" \/>\n<meta name=\"twitter:label1\" content=\"Escrito por\" \/>\n\t<meta name=\"twitter:data1\" content=\"Randall Gutierrez\" \/>\n\t<meta name=\"twitter:label2\" content=\"Tiempo de lectura\" \/>\n\t<meta name=\"twitter:data2\" content=\"3 minutos\" \/>\n<script type=\"application\/ld+json\" class=\"yoast-schema-graph\">{\"@context\":\"https:\/\/schema.org\",\"@graph\":[{\"@type\":\"Article\",\"@id\":\"https:\/\/rgdeportes.com\/index.php\/2024\/06\/19\/santa-ana-epicentro-del-desafio-4x4\/#article\",\"isPartOf\":{\"@id\":\"https:\/\/rgdeportes.com\/index.php\/2024\/06\/19\/santa-ana-epicentro-del-desafio-4x4\/\"},\"author\":{\"name\":\"Randall Gutierrez\",\"@id\":\"https:\/\/rgdeportes.com\/#\/schema\/person\/91795323fddb335a4fd017bf0e4b1358\"},\"headline\":\"Santa Ana epicentro del \u00abDesaf\u00edo 4X4 Al L\u00edmite\u00bb\",\"datePublished\":\"2024-06-19T22:46:51+00:00\",\"dateModified\":\"2024-06-19T23:36:53+00:00\",\"mainEntityOfPage\":{\"@id\":\"https:\/\/rgdeportes.com\/index.php\/2024\/06\/19\/santa-ana-epicentro-del-desafio-4x4\/\"},\"wordCount\":428,\"publisher\":{\"@id\":\"https:\/\/rgdeportes.com\/#organization\"},\"keywords\":[\"#4x4costarica\",\"#desaf\u00edo4x4santaana\",\"#desafiotodoterreno\",\"#santaanamotores\"],\"articleSection\":[\"Deportes de motor\"],\"inLanguage\":\"es\"},{\"@type\":\"WebPage\",\"@id\":\"https:\/\/rgdeportes.com\/index.php\/2024\/06\/19\/santa-ana-epicentro-del-desafio-4x4\/\",\"url\":\"https:\/\/rgdeportes.com\/index.php\/2024\/06\/19\/santa-ana-epicentro-del-desafio-4x4\/\",\"name\":\"Santa Ana epicentro del \\\"Desaf\u00edo 4X4 Al L\u00edmite\\\" - RG Deportes\u200e\",\"isPartOf\":{\"@id\":\"https:\/\/rgdeportes.com\/#website\"},\"datePublished\":\"2024-06-19T22:46:51+00:00\",\"dateModified\":\"2024-06-19T23:36:53+00:00\",\"breadcrumb\":{\"@id\":\"https:\/\/rgdeportes.com\/index.php\/2024\/06\/19\/santa-ana-epicentro-del-desafio-4x4\/#breadcrumb\"},\"inLanguage\":\"es\",\"potentialAction\":[{\"@type\":\"ReadAction\",\"target\":[\"https:\/\/rgdeportes.com\/index.php\/2024\/06\/19\/santa-ana-epicentro-del-desafio-4x4\/\"]}]},{\"@type\":\"BreadcrumbList\",\"@id\":\"https:\/\/rgdeportes.com\/index.php\/2024\/06\/19\/santa-ana-epicentro-del-desafio-4x4\/#breadcrumb\",\"itemListElement\":[{\"@type\":\"ListItem\",\"position\":1,\"name\":\"Portada\",\"item\":\"https:\/\/rgdeportes.com\/\"},{\"@type\":\"ListItem\",\"position\":2,\"name\":\"Santa Ana epicentro del \u00abDesaf\u00edo 4X4 Al L\u00edmite\u00bb\"}]},{\"@type\":\"WebSite\",\"@id\":\"https:\/\/rgdeportes.com\/#website\",\"url\":\"https:\/\/rgdeportes.com\/\",\"name\":\"RG Deportes\u200e\",\"description\":\"\",\"publisher\":{\"@id\":\"https:\/\/rgdeportes.com\/#organization\"},\"potentialAction\":[{\"@type\":\"SearchAction\",\"target\":{\"@type\":\"EntryPoint\",\"urlTemplate\":\"https:\/\/rgdeportes.com\/?s={search_term_string}\"},\"query-input\":\"required name=search_term_string\"}],\"inLanguage\":\"es\"},{\"@type\":\"Organization\",\"@id\":\"https:\/\/rgdeportes.com\/#organization\",\"name\":\"RG Deportes\",\"url\":\"https:\/\/rgdeportes.com\/\",\"logo\":{\"@type\":\"ImageObject\",\"inLanguage\":\"es\",\"@id\":\"https:\/\/rgdeportes.com\/#\/schema\/logo\/image\/\",\"url\":\"https:\/\/rgdeportes.com\/wp-content\/uploads\/2020\/09\/Logo.png\",\"contentUrl\":\"https:\/\/rgdeportes.com\/wp-content\/uploads\/2020\/09\/Logo.png\",\"width\":784,\"height\":552,\"caption\":\"RG Deportes\"},\"image\":{\"@id\":\"https:\/\/rgdeportes.com\/#\/schema\/logo\/image\/\"},\"sameAs\":[\"https:\/\/www.facebook.com\/RandallGutierrezDeportes\/\",\"https:\/\/www.instagram.com\/randallgutierrezdeportes\/\",\"https:\/\/www.youtube.com\/channel\/UCX4_qbvtnTwoF5t2zNqBDvA\"]},{\"@type\":\"Person\",\"@id\":\"https:\/\/rgdeportes.com\/#\/schema\/person\/91795323fddb335a4fd017bf0e4b1358\",\"name\":\"Randall Gutierrez\",\"image\":{\"@type\":\"ImageObject\",\"inLanguage\":\"es\",\"@id\":\"https:\/\/rgdeportes.com\/#\/schema\/person\/image\/\",\"url\":\"https:\/\/secure.gravatar.com\/avatar\/d0884ea8b9b50bcfad3c0d20049361b5?s=96&d=mm&r=g\",\"contentUrl\":\"https:\/\/secure.gravatar.com\/avatar\/d0884ea8b9b50bcfad3c0d20049361b5?s=96&d=mm&r=g\",\"caption\":\"Randall Gutierrez\"},\"url\":\"https:\/\/rgdeportes.com\/index.php\/author\/randall\/\"}]}<\/script>\n<!-- \/ Yoast SEO plugin. -->","yoast_head_json":{"title":"Santa Ana epicentro del \"Desaf\u00edo 4X4 Al L\u00edmite\" - RG Deportes\u200e","robots":{"index":"index","follow":"follow","max-snippet":"max-snippet:-1","max-image-preview":"max-image-preview:large","max-video-preview":"max-video-preview:-1"},"canonical":"https:\/\/rgdeportes.com\/index.php\/2024\/06\/19\/santa-ana-epicentro-del-desafio-4x4\/","og_locale":"es_ES","og_type":"article","og_title":"Santa Ana epicentro del \"Desaf\u00edo 4X4 Al L\u00edmite\" - RG Deportes\u200e","og_description":"Los denominados \u00abTodo terreno\u00bb, se vuelven a ver las caras para vencer los obst\u00e1culos en lo que ser\u00e1 la \u00abSegunda Fecha del Campeonato Nacional Desaf\u00edo 4&#215;4 A L\u00edmite\u00ab, donde las&hellip;","og_url":"https:\/\/rgdeportes.com\/index.php\/2024\/06\/19\/santa-ana-epicentro-del-desafio-4x4\/","og_site_name":"RG Deportes\u200e","article_publisher":"https:\/\/www.facebook.com\/RandallGutierrezDeportes\/","article_published_time":"2024-06-19T22:46:51+00:00","article_modified_time":"2024-06-19T23:36:53+00:00","og_image":[{"width":1024,"height":684,"url":"http:\/\/rgdeportes.com\/wp-content\/uploads\/2024\/06\/Autocross-1-1024x684.jpg","type":"image\/jpeg"}],"author":"Randall Gutierrez","twitter_card":"summary_large_image","twitter_misc":{"Escrito por":"Randall Gutierrez","Tiempo de lectura":"3 minutos"},"schema":{"@context":"https:\/\/schema.org","@graph":[{"@type":"Article","@id":"https:\/\/rgdeportes.com\/index.php\/2024\/06\/19\/santa-ana-epicentro-del-desafio-4x4\/#article","isPartOf":{"@id":"https:\/\/rgdeportes.com\/index.php\/2024\/06\/19\/santa-ana-epicentro-del-desafio-4x4\/"},"author":{"name":"Randall Gutierrez","@id":"https:\/\/rgdeportes.com\/#\/schema\/person\/91795323fddb335a4fd017bf0e4b1358"},"headline":"Santa Ana epicentro del \u00abDesaf\u00edo 4X4 Al L\u00edmite\u00bb","datePublished":"2024-06-19T22:46:51+00:00","dateModified":"2024-06-19T23:36:53+00:00","mainEntityOfPage":{"@id":"https:\/\/rgdeportes.com\/index.php\/2024\/06\/19\/santa-ana-epicentro-del-desafio-4x4\/"},"wordCount":428,"publisher":{"@id":"https:\/\/rgdeportes.com\/#organization"},"keywords":["#4x4costarica","#desaf\u00edo4x4santaana","#desafiotodoterreno","#santaanamotores"],"articleSection":["Deportes de motor"],"inLanguage":"es"},{"@type":"WebPage","@id":"https:\/\/rgdeportes.com\/index.php\/2024\/06\/19\/santa-ana-epicentro-del-desafio-4x4\/","url":"https:\/\/rgdeportes.com\/index.php\/2024\/06\/19\/santa-ana-epicentro-del-desafio-4x4\/","name":"Santa Ana epicentro del \"Desaf\u00edo 4X4 Al L\u00edmite\" - RG Deportes\u200e","isPartOf":{"@id":"https:\/\/rgdeportes.com\/#website"},"datePublished":"2024-06-19T22:46:51+00:00","dateModified":"2024-06-19T23:36:53+00:00","breadcrumb":{"@id":"https:\/\/rgdeportes.com\/index.php\/2024\/06\/19\/santa-ana-epicentro-del-desafio-4x4\/#breadcrumb"},"inLanguage":"es","potentialAction":[{"@type":"ReadAction","target":["https:\/\/rgdeportes.com\/index.php\/2024\/06\/19\/santa-ana-epicentro-del-desafio-4x4\/"]}]},{"@type":"BreadcrumbList","@id":"https:\/\/rgdeportes.com\/index.php\/2024\/06\/19\/santa-ana-epicentro-del-desafio-4x4\/#breadcrumb","itemListElement":[{"@type":"ListItem","position":1,"name":"Portada","item":"https:\/\/rgdeportes.com\/"},{"@type":"ListItem","position":2,"name":"Santa Ana epicentro del \u00abDesaf\u00edo 4X4 Al L\u00edmite\u00bb"}]},{"@type":"WebSite","@id":"https:\/\/rgdeportes.com\/#website","url":"https:\/\/rgdeportes.com\/","name":"RG Deportes\u200e","description":"","publisher":{"@id":"https:\/\/rgdeportes.com\/#organization"},"potentialAction":[{"@type":"SearchAction","target":{"@type":"EntryPoint","urlTemplate":"https:\/\/rgdeportes.com\/?s={search_term_string}"},"query-input":"required name=search_term_string"}],"inLanguage":"es"},{"@type":"Organization","@id":"https:\/\/rgdeportes.com\/#organization","name":"RG Deportes","url":"https:\/\/rgdeportes.com\/","logo":{"@type":"ImageObject","inLanguage":"es","@id":"https:\/\/rgdeportes.com\/#\/schema\/logo\/image\/","url":"https:\/\/rgdeportes.com\/wp-content\/uploads\/2020\/09\/Logo.png","contentUrl":"https:\/\/rgdeportes.com\/wp-content\/uploads\/2020\/09\/Logo.png","width":784,"height":552,"caption":"RG Deportes"},"image":{"@id":"https:\/\/rgdeportes.com\/#\/schema\/logo\/image\/"},"sameAs":["https:\/\/www.facebook.com\/RandallGutierrezDeportes\/","https:\/\/www.instagram.com\/randallgutierrezdeportes\/","https:\/\/www.youtube.com\/channel\/UCX4_qbvtnTwoF5t2zNqBDvA"]},{"@type":"Person","@id":"https:\/\/rgdeportes.com\/#\/schema\/person\/91795323fddb335a4fd017bf0e4b1358","name":"Randall Gutierrez","image":{"@type":"ImageObject","inLanguage":"es","@id":"https:\/\/rgdeportes.com\/#\/schema\/person\/image\/","url":"https:\/\/secure.gravatar.com\/avatar\/d0884ea8b9b50bcfad3c0d20049361b5?s=96&d=mm&r=g","contentUrl":"https:\/\/secure.gravatar.com\/avatar\/d0884ea8b9b50bcfad3c0d20049361b5?s=96&d=mm&r=g","caption":"Randall Gutierrez"},"url":"https:\/\/rgdeportes.com\/index.php\/author\/randall\/"}]}},"_links":{"self":[{"href":"https:\/\/rgdeportes.com\/index.php\/wp-json\/wp\/v2\/posts\/8470","targetHints":{"allow":["GET"]}}],"collection":[{"href":"https:\/\/rgdeportes.com\/index.php\/wp-json\/wp\/v2\/posts"}],"about":[{"href":"https:\/\/rgdeportes.com\/index.php\/wp-json\/wp\/v2\/types\/post"}],"author":[{"embeddable":true,"href":"https:\/\/rgdeportes.com\/index.php\/wp-json\/wp\/v2\/users\/2"}],"replies":[{"embeddable":true,"href":"https:\/\/rgdeportes.com\/index.php\/wp-json\/wp\/v2\/comments?post=8470"}],"version-history":[{"count":4,"href":"https:\/\/rgdeportes.com\/index.php\/wp-json\/wp\/v2\/posts\/8470\/revisions"}],"predecessor-version":[{"id":8481,"href":"https:\/\/rgdeportes.com\/index.php\/wp-json\/wp\/v2\/posts\/8470\/revisions\/8481"}],"wp:featuredmedia":[{"embeddable":true,"href":"https:\/\/rgdeportes.com\/index.php\/wp-json\/wp\/v2\/media\/8471"}],"wp:attachment":[{"href":"https:\/\/rgdeportes.com\/index.php\/wp-json\/wp\/v2\/media?parent=8470"}],"wp:term":[{"taxonomy":"category","embeddable":true,"href":"https:\/\/rgdeportes.com\/index.php\/wp-json\/wp\/v2\/categories?post=8470"},{"taxonomy":"post_tag","embeddable":true,"href":"https:\/\/rgdeportes.com\/index.php\/wp-json\/wp\/v2\/tags?post=8470"}],"curies":[{"name":"wp","href":"https:\/\/api.w.org\/{rel}","templated":true}]}}