{"id":8438,"date":"2024-06-09T17:18:25","date_gmt":"2024-06-09T17:18:25","guid":{"rendered":"https:\/\/rgdeportes.com\/?p=8438"},"modified":"2024-06-09T17:18:26","modified_gmt":"2024-06-09T17:18:26","slug":"costa-rica-se-laurea-en-el-medallero-de-la-lucha-olimpica","status":"publish","type":"post","link":"https:\/\/rgdeportes.com\/index.php\/2024\/06\/09\/costa-rica-se-laurea-en-el-medallero-de-la-lucha-olimpica\/","title":{"rendered":"Costa Rica se laurea en el medallero de la Lucha Ol\u00edmpica"},"content":{"rendered":"\n<figure class=\"wp-block-image size-large\"><img loading=\"lazy\" decoding=\"async\" width=\"1024\" height=\"768\" src=\"https:\/\/rgdeportes.com\/wp-content\/uploads\/2024\/06\/IMG-20240609-WA0020-1024x768.jpg\" alt=\"\" class=\"wp-image-8439\" srcset=\"https:\/\/rgdeportes.com\/wp-content\/uploads\/2024\/06\/IMG-20240609-WA0020-1024x768.jpg 1024w, https:\/\/rgdeportes.com\/wp-content\/uploads\/2024\/06\/IMG-20240609-WA0020-300x225.jpg 300w, https:\/\/rgdeportes.com\/wp-content\/uploads\/2024\/06\/IMG-20240609-WA0020-768x576.jpg 768w, https:\/\/rgdeportes.com\/wp-content\/uploads\/2024\/06\/IMG-20240609-WA0020-1536x1152.jpg 1536w, https:\/\/rgdeportes.com\/wp-content\/uploads\/2024\/06\/IMG-20240609-WA0020-2048x1536.jpg 2048w\" sizes=\"auto, (max-width: 1024px) 100vw, 1024px\" \/><\/figure>\n\n\n\n<p><strong>Guatemala &#8211; <\/strong>La <strong>Selecci\u00f3n Nacional de Costa Rica en la Lucha Ol\u00edmpica <\/strong>se adjudic\u00f3 este fin de semana un total de <strong>once medallas <\/strong>durante su competencia en la <strong>Copa Internacional Pat Shaw <\/strong>misma se realiz\u00f3 en <strong>Ciudad de Guatemala. <\/strong><\/p>\n\n\n\n<p><strong>Costa Rica <\/strong>cont\u00f3 con una delegaci\u00f3n de <strong>15 atletas <\/strong>que participaron en la presente Copa Internacional. <\/p>\n\n\n\n<p>As\u00ed quedaron distribuidos los n\u00fameros en el medallero, con un saldo de <strong>3 medallas de oro, 5 de plata y 3 bronces.<\/strong><\/p>\n\n\n\n<p>La Copa Pat Shaw es un evento oficial de United World Wrestling en el que compitieron m\u00e1s de 25 pa\u00edses, entre ellos: <strong>Estados Unidos, M\u00e9xico, Chile, Israel, Jamaica, Paraguay, Per\u00fa, Ecuador, Bolivia, Honduras, Nicaragua y El Salvador.<\/strong><\/p>\n\n\n\n<p>Previo a la competencia la delegaci\u00f3n de Costa Rica fue parte del campamento de una semana organizado por la United World Wrestling, en el Centro de Alto Rendimiento de Am\u00e9rica (CARDA) en Guatemala, este Campamento busca apoyar el desarrollo de la lucha de Am\u00e9rica como a como a los atletas Nacionales y darles herramientas a trav\u00e9s de t\u00e9cnicas que les permitan un mejor nivel en competencia de la Copa Pat Shaw 2024.<\/p>\n\n\n\n<p>Oro<br>Tristan Forsman M\u00e9ndez 65 kilos U17.<br>Peter Hammer Cude, Senior 57 Kilos libre.<br>Jose Daniel Mart\u00ednez M\u00e9ndez 74 kilos U20<\/p>\n\n\n\n<p>Plata<br>Josafat Padilla Guzm\u00e1n Greco Senior 60 Kilos<br>Jordan Sanchez Obando, Greco Senior 72 Kilos.<br>Alejandro Villalobos, U17 libre 65 Kilos.<br>Deivy Arias Villareal U20 74 kilos<br>Marco Calder\u00f3n segura Greco Senior 57 Kilos.<\/p>\n\n\n\n<p>Bronce<br>Marlon Torres Ch\u00e1vez Libre Senior 65 Kilos.<br>Thomas Calder\u00f3n Rom\u00e1n U15 44 kilos.<br>Peter Hammer Cude, Senior libre 60 Kilos.<\/p>\n\n\n\n<p>Tambi\u00e9n participaron de la capacitaci\u00f3n de entrenadores Daniel D\u00edaz M\u00e9ndez de Acosta , Sebasti\u00e1n Solis Arias de San Carlos, Josafat Padilla Guzm\u00e1n de P\u00e9rez Zeled\u00f3n y Jordan S\u00e1nchez Obando de San Ram\u00f3n. Adem\u00e1s de nuestro \u00c1rbitro internacional Christopher C\u00e9spedes.<\/p>\n\n\n\n<p>(Foto &#8211; Andrey Chavarria Morales). <\/p>\n","protected":false},"excerpt":{"rendered":"<p>Guatemala &#8211; La Selecci\u00f3n Nacional de Costa Rica en la Lucha Ol\u00edmpica se adjudic\u00f3 este fin de semana un total de once medallas durante su competencia en la Copa Internacional&hellip; <\/p>\n","protected":false},"author":2,"featured_media":8439,"comment_status":"closed","ping_status":"closed","sticky":false,"template":"","format":"standard","meta":{"om_disable_all_campaigns":false,"_monsterinsights_skip_tracking":false,"_monsterinsights_sitenote_active":false,"_monsterinsights_sitenote_note":"","_monsterinsights_sitenote_category":0,"footnotes":""},"categories":[10],"tags":[2662,1420],"class_list":["post-8438","post","type-post","status-publish","format-standard","has-post-thumbnail","hentry","category-in","tag-copainternacionalluchaolimpica","tag-luchaolimpicacostarica"],"aioseo_notices":[],"yoast_head":"<!-- This site is optimized with the Yoast SEO plugin v21.2 - https:\/\/yoast.com\/wordpress\/plugins\/seo\/ -->\n<title>Costa Rica se laurea en el medallero de la Lucha Ol\u00edmpica - RG Deportes\u200e<\/title>\n<meta name=\"robots\" content=\"index, follow, max-snippet:-1, max-image-preview:large, max-video-preview:-1\" \/>\n<link rel=\"canonical\" href=\"https:\/\/rgdeportes.com\/index.php\/2024\/06\/09\/costa-rica-se-laurea-en-el-medallero-de-la-lucha-olimpica\/\" \/>\n<meta property=\"og:locale\" content=\"es_ES\" \/>\n<meta property=\"og:type\" content=\"article\" \/>\n<meta property=\"og:title\" content=\"Costa Rica se laurea en el medallero de la Lucha Ol\u00edmpica - RG Deportes\u200e\" \/>\n<meta property=\"og:description\" content=\"Guatemala &#8211; La Selecci\u00f3n Nacional de Costa Rica en la Lucha Ol\u00edmpica se adjudic\u00f3 este fin de semana un total de once medallas durante su competencia en la Copa Internacional&hellip;\" \/>\n<meta property=\"og:url\" content=\"https:\/\/rgdeportes.com\/index.php\/2024\/06\/09\/costa-rica-se-laurea-en-el-medallero-de-la-lucha-olimpica\/\" \/>\n<meta property=\"og:site_name\" content=\"RG Deportes\u200e\" \/>\n<meta property=\"article:publisher\" content=\"https:\/\/www.facebook.com\/RandallGutierrezDeportes\/\" \/>\n<meta property=\"article:published_time\" content=\"2024-06-09T17:18:25+00:00\" \/>\n<meta property=\"article:modified_time\" content=\"2024-06-09T17:18:26+00:00\" \/>\n<meta property=\"og:image\" content=\"http:\/\/rgdeportes.com\/wp-content\/uploads\/2024\/06\/IMG-20240609-WA0020-scaled.jpg\" \/>\n\t<meta property=\"og:image:width\" content=\"2560\" \/>\n\t<meta property=\"og:image:height\" content=\"1920\" \/>\n\t<meta property=\"og:image:type\" content=\"image\/jpeg\" \/>\n<meta name=\"author\" content=\"Randall Gutierrez\" \/>\n<meta name=\"twitter:card\" content=\"summary_large_image\" \/>\n<meta name=\"twitter:label1\" content=\"Escrito por\" \/>\n\t<meta name=\"twitter:data1\" content=\"Randall Gutierrez\" \/>\n\t<meta name=\"twitter:label2\" content=\"Tiempo de lectura\" \/>\n\t<meta name=\"twitter:data2\" content=\"2 minutos\" \/>\n<script type=\"application\/ld+json\" class=\"yoast-schema-graph\">{\"@context\":\"https:\/\/schema.org\",\"@graph\":[{\"@type\":\"Article\",\"@id\":\"https:\/\/rgdeportes.com\/index.php\/2024\/06\/09\/costa-rica-se-laurea-en-el-medallero-de-la-lucha-olimpica\/#article\",\"isPartOf\":{\"@id\":\"https:\/\/rgdeportes.com\/index.php\/2024\/06\/09\/costa-rica-se-laurea-en-el-medallero-de-la-lucha-olimpica\/\"},\"author\":{\"name\":\"Randall Gutierrez\",\"@id\":\"https:\/\/rgdeportes.com\/#\/schema\/person\/91795323fddb335a4fd017bf0e4b1358\"},\"headline\":\"Costa Rica se laurea en el medallero de la Lucha Ol\u00edmpica\",\"datePublished\":\"2024-06-09T17:18:25+00:00\",\"dateModified\":\"2024-06-09T17:18:26+00:00\",\"mainEntityOfPage\":{\"@id\":\"https:\/\/rgdeportes.com\/index.php\/2024\/06\/09\/costa-rica-se-laurea-en-el-medallero-de-la-lucha-olimpica\/\"},\"wordCount\":327,\"publisher\":{\"@id\":\"https:\/\/rgdeportes.com\/#organization\"},\"keywords\":[\"#copainternacionalluchaol\u00edmpica\",\"#LuchaOl\u00edmpicaCostaRica\"],\"articleSection\":[\"Internacionales\"],\"inLanguage\":\"es\"},{\"@type\":\"WebPage\",\"@id\":\"https:\/\/rgdeportes.com\/index.php\/2024\/06\/09\/costa-rica-se-laurea-en-el-medallero-de-la-lucha-olimpica\/\",\"url\":\"https:\/\/rgdeportes.com\/index.php\/2024\/06\/09\/costa-rica-se-laurea-en-el-medallero-de-la-lucha-olimpica\/\",\"name\":\"Costa Rica se laurea en el medallero de la Lucha Ol\u00edmpica - RG Deportes\u200e\",\"isPartOf\":{\"@id\":\"https:\/\/rgdeportes.com\/#website\"},\"datePublished\":\"2024-06-09T17:18:25+00:00\",\"dateModified\":\"2024-06-09T17:18:26+00:00\",\"breadcrumb\":{\"@id\":\"https:\/\/rgdeportes.com\/index.php\/2024\/06\/09\/costa-rica-se-laurea-en-el-medallero-de-la-lucha-olimpica\/#breadcrumb\"},\"inLanguage\":\"es\",\"potentialAction\":[{\"@type\":\"ReadAction\",\"target\":[\"https:\/\/rgdeportes.com\/index.php\/2024\/06\/09\/costa-rica-se-laurea-en-el-medallero-de-la-lucha-olimpica\/\"]}]},{\"@type\":\"BreadcrumbList\",\"@id\":\"https:\/\/rgdeportes.com\/index.php\/2024\/06\/09\/costa-rica-se-laurea-en-el-medallero-de-la-lucha-olimpica\/#breadcrumb\",\"itemListElement\":[{\"@type\":\"ListItem\",\"position\":1,\"name\":\"Portada\",\"item\":\"https:\/\/rgdeportes.com\/\"},{\"@type\":\"ListItem\",\"position\":2,\"name\":\"Costa Rica se laurea en el medallero de la Lucha Ol\u00edmpica\"}]},{\"@type\":\"WebSite\",\"@id\":\"https:\/\/rgdeportes.com\/#website\",\"url\":\"https:\/\/rgdeportes.com\/\",\"name\":\"RG Deportes\u200e\",\"description\":\"\",\"publisher\":{\"@id\":\"https:\/\/rgdeportes.com\/#organization\"},\"potentialAction\":[{\"@type\":\"SearchAction\",\"target\":{\"@type\":\"EntryPoint\",\"urlTemplate\":\"https:\/\/rgdeportes.com\/?s={search_term_string}\"},\"query-input\":\"required name=search_term_string\"}],\"inLanguage\":\"es\"},{\"@type\":\"Organization\",\"@id\":\"https:\/\/rgdeportes.com\/#organization\",\"name\":\"RG Deportes\",\"url\":\"https:\/\/rgdeportes.com\/\",\"logo\":{\"@type\":\"ImageObject\",\"inLanguage\":\"es\",\"@id\":\"https:\/\/rgdeportes.com\/#\/schema\/logo\/image\/\",\"url\":\"https:\/\/rgdeportes.com\/wp-content\/uploads\/2020\/09\/Logo.png\",\"contentUrl\":\"https:\/\/rgdeportes.com\/wp-content\/uploads\/2020\/09\/Logo.png\",\"width\":784,\"height\":552,\"caption\":\"RG Deportes\"},\"image\":{\"@id\":\"https:\/\/rgdeportes.com\/#\/schema\/logo\/image\/\"},\"sameAs\":[\"https:\/\/www.facebook.com\/RandallGutierrezDeportes\/\",\"https:\/\/www.instagram.com\/randallgutierrezdeportes\/\",\"https:\/\/www.youtube.com\/channel\/UCX4_qbvtnTwoF5t2zNqBDvA\"]},{\"@type\":\"Person\",\"@id\":\"https:\/\/rgdeportes.com\/#\/schema\/person\/91795323fddb335a4fd017bf0e4b1358\",\"name\":\"Randall Gutierrez\",\"image\":{\"@type\":\"ImageObject\",\"inLanguage\":\"es\",\"@id\":\"https:\/\/rgdeportes.com\/#\/schema\/person\/image\/\",\"url\":\"https:\/\/secure.gravatar.com\/avatar\/d0884ea8b9b50bcfad3c0d20049361b5?s=96&d=mm&r=g\",\"contentUrl\":\"https:\/\/secure.gravatar.com\/avatar\/d0884ea8b9b50bcfad3c0d20049361b5?s=96&d=mm&r=g\",\"caption\":\"Randall Gutierrez\"},\"url\":\"https:\/\/rgdeportes.com\/index.php\/author\/randall\/\"}]}<\/script>\n<!-- \/ Yoast SEO plugin. -->","yoast_head_json":{"title":"Costa Rica se laurea en el medallero de la Lucha Ol\u00edmpica - RG Deportes\u200e","robots":{"index":"index","follow":"follow","max-snippet":"max-snippet:-1","max-image-preview":"max-image-preview:large","max-video-preview":"max-video-preview:-1"},"canonical":"https:\/\/rgdeportes.com\/index.php\/2024\/06\/09\/costa-rica-se-laurea-en-el-medallero-de-la-lucha-olimpica\/","og_locale":"es_ES","og_type":"article","og_title":"Costa Rica se laurea en el medallero de la Lucha Ol\u00edmpica - RG Deportes\u200e","og_description":"Guatemala &#8211; La Selecci\u00f3n Nacional de Costa Rica en la Lucha Ol\u00edmpica se adjudic\u00f3 este fin de semana un total de once medallas durante su competencia en la Copa Internacional&hellip;","og_url":"https:\/\/rgdeportes.com\/index.php\/2024\/06\/09\/costa-rica-se-laurea-en-el-medallero-de-la-lucha-olimpica\/","og_site_name":"RG Deportes\u200e","article_publisher":"https:\/\/www.facebook.com\/RandallGutierrezDeportes\/","article_published_time":"2024-06-09T17:18:25+00:00","article_modified_time":"2024-06-09T17:18:26+00:00","og_image":[{"width":2560,"height":1920,"url":"http:\/\/rgdeportes.com\/wp-content\/uploads\/2024\/06\/IMG-20240609-WA0020-scaled.jpg","type":"image\/jpeg"}],"author":"Randall Gutierrez","twitter_card":"summary_large_image","twitter_misc":{"Escrito por":"Randall Gutierrez","Tiempo de lectura":"2 minutos"},"schema":{"@context":"https:\/\/schema.org","@graph":[{"@type":"Article","@id":"https:\/\/rgdeportes.com\/index.php\/2024\/06\/09\/costa-rica-se-laurea-en-el-medallero-de-la-lucha-olimpica\/#article","isPartOf":{"@id":"https:\/\/rgdeportes.com\/index.php\/2024\/06\/09\/costa-rica-se-laurea-en-el-medallero-de-la-lucha-olimpica\/"},"author":{"name":"Randall Gutierrez","@id":"https:\/\/rgdeportes.com\/#\/schema\/person\/91795323fddb335a4fd017bf0e4b1358"},"headline":"Costa Rica se laurea en el medallero de la Lucha Ol\u00edmpica","datePublished":"2024-06-09T17:18:25+00:00","dateModified":"2024-06-09T17:18:26+00:00","mainEntityOfPage":{"@id":"https:\/\/rgdeportes.com\/index.php\/2024\/06\/09\/costa-rica-se-laurea-en-el-medallero-de-la-lucha-olimpica\/"},"wordCount":327,"publisher":{"@id":"https:\/\/rgdeportes.com\/#organization"},"keywords":["#copainternacionalluchaol\u00edmpica","#LuchaOl\u00edmpicaCostaRica"],"articleSection":["Internacionales"],"inLanguage":"es"},{"@type":"WebPage","@id":"https:\/\/rgdeportes.com\/index.php\/2024\/06\/09\/costa-rica-se-laurea-en-el-medallero-de-la-lucha-olimpica\/","url":"https:\/\/rgdeportes.com\/index.php\/2024\/06\/09\/costa-rica-se-laurea-en-el-medallero-de-la-lucha-olimpica\/","name":"Costa Rica se laurea en el medallero de la Lucha Ol\u00edmpica - RG Deportes\u200e","isPartOf":{"@id":"https:\/\/rgdeportes.com\/#website"},"datePublished":"2024-06-09T17:18:25+00:00","dateModified":"2024-06-09T17:18:26+00:00","breadcrumb":{"@id":"https:\/\/rgdeportes.com\/index.php\/2024\/06\/09\/costa-rica-se-laurea-en-el-medallero-de-la-lucha-olimpica\/#breadcrumb"},"inLanguage":"es","potentialAction":[{"@type":"ReadAction","target":["https:\/\/rgdeportes.com\/index.php\/2024\/06\/09\/costa-rica-se-laurea-en-el-medallero-de-la-lucha-olimpica\/"]}]},{"@type":"BreadcrumbList","@id":"https:\/\/rgdeportes.com\/index.php\/2024\/06\/09\/costa-rica-se-laurea-en-el-medallero-de-la-lucha-olimpica\/#breadcrumb","itemListElement":[{"@type":"ListItem","position":1,"name":"Portada","item":"https:\/\/rgdeportes.com\/"},{"@type":"ListItem","position":2,"name":"Costa Rica se laurea en el medallero de la Lucha Ol\u00edmpica"}]},{"@type":"WebSite","@id":"https:\/\/rgdeportes.com\/#website","url":"https:\/\/rgdeportes.com\/","name":"RG Deportes\u200e","description":"","publisher":{"@id":"https:\/\/rgdeportes.com\/#organization"},"potentialAction":[{"@type":"SearchAction","target":{"@type":"EntryPoint","urlTemplate":"https:\/\/rgdeportes.com\/?s={search_term_string}"},"query-input":"required name=search_term_string"}],"inLanguage":"es"},{"@type":"Organization","@id":"https:\/\/rgdeportes.com\/#organization","name":"RG Deportes","url":"https:\/\/rgdeportes.com\/","logo":{"@type":"ImageObject","inLanguage":"es","@id":"https:\/\/rgdeportes.com\/#\/schema\/logo\/image\/","url":"https:\/\/rgdeportes.com\/wp-content\/uploads\/2020\/09\/Logo.png","contentUrl":"https:\/\/rgdeportes.com\/wp-content\/uploads\/2020\/09\/Logo.png","width":784,"height":552,"caption":"RG Deportes"},"image":{"@id":"https:\/\/rgdeportes.com\/#\/schema\/logo\/image\/"},"sameAs":["https:\/\/www.facebook.com\/RandallGutierrezDeportes\/","https:\/\/www.instagram.com\/randallgutierrezdeportes\/","https:\/\/www.youtube.com\/channel\/UCX4_qbvtnTwoF5t2zNqBDvA"]},{"@type":"Person","@id":"https:\/\/rgdeportes.com\/#\/schema\/person\/91795323fddb335a4fd017bf0e4b1358","name":"Randall Gutierrez","image":{"@type":"ImageObject","inLanguage":"es","@id":"https:\/\/rgdeportes.com\/#\/schema\/person\/image\/","url":"https:\/\/secure.gravatar.com\/avatar\/d0884ea8b9b50bcfad3c0d20049361b5?s=96&d=mm&r=g","contentUrl":"https:\/\/secure.gravatar.com\/avatar\/d0884ea8b9b50bcfad3c0d20049361b5?s=96&d=mm&r=g","caption":"Randall Gutierrez"},"url":"https:\/\/rgdeportes.com\/index.php\/author\/randall\/"}]}},"_links":{"self":[{"href":"https:\/\/rgdeportes.com\/index.php\/wp-json\/wp\/v2\/posts\/8438","targetHints":{"allow":["GET"]}}],"collection":[{"href":"https:\/\/rgdeportes.com\/index.php\/wp-json\/wp\/v2\/posts"}],"about":[{"href":"https:\/\/rgdeportes.com\/index.php\/wp-json\/wp\/v2\/types\/post"}],"author":[{"embeddable":true,"href":"https:\/\/rgdeportes.com\/index.php\/wp-json\/wp\/v2\/users\/2"}],"replies":[{"embeddable":true,"href":"https:\/\/rgdeportes.com\/index.php\/wp-json\/wp\/v2\/comments?post=8438"}],"version-history":[{"count":1,"href":"https:\/\/rgdeportes.com\/index.php\/wp-json\/wp\/v2\/posts\/8438\/revisions"}],"predecessor-version":[{"id":8440,"href":"https:\/\/rgdeportes.com\/index.php\/wp-json\/wp\/v2\/posts\/8438\/revisions\/8440"}],"wp:featuredmedia":[{"embeddable":true,"href":"https:\/\/rgdeportes.com\/index.php\/wp-json\/wp\/v2\/media\/8439"}],"wp:attachment":[{"href":"https:\/\/rgdeportes.com\/index.php\/wp-json\/wp\/v2\/media?parent=8438"}],"wp:term":[{"taxonomy":"category","embeddable":true,"href":"https:\/\/rgdeportes.com\/index.php\/wp-json\/wp\/v2\/categories?post=8438"},{"taxonomy":"post_tag","embeddable":true,"href":"https:\/\/rgdeportes.com\/index.php\/wp-json\/wp\/v2\/tags?post=8438"}],"curies":[{"name":"wp","href":"https:\/\/api.w.org\/{rel}","templated":true}]}}