{"id":8432,"date":"2024-06-07T07:13:57","date_gmt":"2024-06-07T07:13:57","guid":{"rendered":"https:\/\/rgdeportes.com\/?p=8432"},"modified":"2024-06-07T07:13:57","modified_gmt":"2024-06-07T07:13:57","slug":"contundencia-la-sele-golea-en-el-arranque-de-la-eliminatoria-mundialista","status":"publish","type":"post","link":"https:\/\/rgdeportes.com\/index.php\/2024\/06\/07\/contundencia-la-sele-golea-en-el-arranque-de-la-eliminatoria-mundialista\/","title":{"rendered":"\u00a1Contundencia! La Sele golea en el arranque de la Eliminatoria Mundialista"},"content":{"rendered":"\n<figure class=\"wp-block-image size-large is-resized\"><img loading=\"lazy\" decoding=\"async\" width=\"1024\" height=\"682\" src=\"https:\/\/rgdeportes.com\/wp-content\/uploads\/2024\/06\/IMG-20240606-WA0188-1024x682.jpg\" alt=\"\" class=\"wp-image-8433\" style=\"aspect-ratio:1.501466275659824;width:344px;height:auto\" srcset=\"https:\/\/rgdeportes.com\/wp-content\/uploads\/2024\/06\/IMG-20240606-WA0188-1024x682.jpg 1024w, https:\/\/rgdeportes.com\/wp-content\/uploads\/2024\/06\/IMG-20240606-WA0188-300x200.jpg 300w, https:\/\/rgdeportes.com\/wp-content\/uploads\/2024\/06\/IMG-20240606-WA0188-768x512.jpg 768w, https:\/\/rgdeportes.com\/wp-content\/uploads\/2024\/06\/IMG-20240606-WA0188.jpg 1280w\" sizes=\"auto, (max-width: 1024px) 100vw, 1024px\" \/><\/figure>\n\n\n\n<p><strong>San Jos\u00e9 &#8211; La Selecci\u00f3n Mayor de Costa Rica <\/strong>inici\u00f3 su camino a la <strong>Copa del Mundo 2026 <\/strong>con victoria de <strong>4 &#8211; 0<\/strong> ante su similar de <strong>San Crist\u00f3bal y Nieves,<\/strong> el juego se realiz\u00f3 la noche de este <strong>jueves <\/strong>en el <strong>Estadio Nacional de La Sabana a las 8:30 p.m.<\/strong><\/p>\n\n\n\n<p>Las anotaciones llegaron por parte de <strong>Orlando<\/strong> <strong>Galo <\/strong>con doblete, tras abrir el marcador, esto en el <strong>minuto 39&#8243; <\/strong>de la primera mitad y luego al <strong>49&#8243; <\/strong>del complemento, cerraron los n\u00fameros <strong>Josimar Alc\u00f3cer al 82&#8243; y Andy Rojas en el 84&#8243;.<\/strong><\/p>\n\n\n\n<p><strong>Dif\u00edcil primer tiempo <\/strong><\/p>\n\n\n\n<figure class=\"wp-block-image size-large\"><img loading=\"lazy\" decoding=\"async\" width=\"690\" height=\"1024\" src=\"https:\/\/rgdeportes.com\/wp-content\/uploads\/2024\/06\/IMG-20240606-WA0198-690x1024.jpg\" alt=\"\" class=\"wp-image-8434\" srcset=\"https:\/\/rgdeportes.com\/wp-content\/uploads\/2024\/06\/IMG-20240606-WA0198-690x1024.jpg 690w, https:\/\/rgdeportes.com\/wp-content\/uploads\/2024\/06\/IMG-20240606-WA0198-202x300.jpg 202w, https:\/\/rgdeportes.com\/wp-content\/uploads\/2024\/06\/IMG-20240606-WA0198-768x1140.jpg 768w, https:\/\/rgdeportes.com\/wp-content\/uploads\/2024\/06\/IMG-20240606-WA0198.jpg 785w\" sizes=\"auto, (max-width: 690px) 100vw, 690px\" \/><\/figure>\n\n\n\n<p>Durante los primeros quince minutos, el seleccionado sancristobale\u00f1o jug\u00f3 de manera reservada y con mucha marca f\u00e9rrea, principalmente por las bandas.<\/p>\n\n\n\n<p>Por su parte, el portero visitante Julani Archibald intentaba pausar m\u00e1s de lo normal el juego, con p\u00e9rdida de tiempo durante cada saque de puerta, aspecto que desesperaba m\u00e1s a la afici\u00f3n tica como a los jugadores locales.<\/p>\n\n\n\n<p>Aun as\u00ed, el seleccionado de <strong>San Crist\u00f3bal y Nieves<\/strong>, fue quien avis\u00f3 primero al marco de la nacional, esto cuando el volante derecho Omari Sterling dribl\u00f3 de gran forma al capit\u00e1n Francisco Calvo dej\u00e1ndolo en el camino, para rematar con gran potencia, pero el portero tico Patrick Sequeira ahog\u00f3 el grito de gol para salvar los intereses patrios.<\/p>\n\n\n\n<p>Ya con ese aviso, los nacionales se enfocaron m\u00e1s en la posesi\u00f3n del bal\u00f3n en la media cancha para meter presi\u00f3n a la zona baja visitante.<\/p>\n\n\n\n<p><strong>Sele adelanto l\u00edneas y peg\u00f3 primero <\/strong><\/p>\n\n\n\n<figure class=\"wp-block-image size-large\"><img loading=\"lazy\" decoding=\"async\" width=\"1024\" height=\"683\" src=\"https:\/\/rgdeportes.com\/wp-content\/uploads\/2024\/06\/IMG_6829-1024x683.jpg\" alt=\"\" class=\"wp-image-8435\" srcset=\"https:\/\/rgdeportes.com\/wp-content\/uploads\/2024\/06\/IMG_6829-1024x683.jpg 1024w, https:\/\/rgdeportes.com\/wp-content\/uploads\/2024\/06\/IMG_6829-300x200.jpg 300w, https:\/\/rgdeportes.com\/wp-content\/uploads\/2024\/06\/IMG_6829-768x512.jpg 768w, https:\/\/rgdeportes.com\/wp-content\/uploads\/2024\/06\/IMG_6829-1536x1024.jpg 1536w, https:\/\/rgdeportes.com\/wp-content\/uploads\/2024\/06\/IMG_6829-2048x1365.jpg 2048w\" sizes=\"auto, (max-width: 1024px) 100vw, 1024px\" \/><\/figure>\n\n\n\n<p>El resultado cumpli\u00f3 su objetivo, la Sele mostr\u00f3 m\u00e1s constancia y peligro, este se complemento al minuto cuarenta, cuando por un centro por el sector derecho de Jefferson Brenes, conecta de cabeza Orlando Galo para enviar el esf\u00e9rico al fondo y que la afici\u00f3n gritara en festejo.<\/p>\n\n\n\n<p>Una vez iniciado la segunda parte, la tricolor encim\u00f3 de una do\u00f1e una vez a San Crist\u00f3bal y Nieves, pracque luego, cuatro minutos de arranque nuevamente, Orlando Galo anota su segundo gol personal para el 2 &#8211; 0 en favor de Costa Rica.<\/p>\n\n\n\n<p>El seleccionado visitante, vieron como poco a poco su plan se les ven\u00eda abajo tanto el la parte defensiva como ofensiva.<\/p>\n\n\n\n<p>Por su parte, Costa Rica ya elaboraba mejores jugadas por los costados, desde luego el marcador daba m\u00e1s confianza en las filas ticas.<\/p>\n\n\n\n<p><strong>Victoria que vuelve a dar confianza <\/strong><\/p>\n\n\n\n<figure class=\"wp-block-image size-large\"><img loading=\"lazy\" decoding=\"async\" width=\"1024\" height=\"683\" src=\"https:\/\/rgdeportes.com\/wp-content\/uploads\/2024\/06\/IMG_6833-1024x683.jpg\" alt=\"\" class=\"wp-image-8436\" srcset=\"https:\/\/rgdeportes.com\/wp-content\/uploads\/2024\/06\/IMG_6833-1024x683.jpg 1024w, https:\/\/rgdeportes.com\/wp-content\/uploads\/2024\/06\/IMG_6833-300x200.jpg 300w, https:\/\/rgdeportes.com\/wp-content\/uploads\/2024\/06\/IMG_6833-768x512.jpg 768w, https:\/\/rgdeportes.com\/wp-content\/uploads\/2024\/06\/IMG_6833-1536x1024.jpg 1536w, https:\/\/rgdeportes.com\/wp-content\/uploads\/2024\/06\/IMG_6833-2048x1365.jpg 2048w\" sizes=\"auto, (max-width: 1024px) 100vw, 1024px\" \/><\/figure>\n\n\n\n<p>Llegan los cambios obligados en la visita, una vez con el 2 &#8211; 0 en contra, el timonel de San Crist\u00f3bal y Nieves el azteca don Francisco Molina, observa las fallas de su equipo e intenta fortalecer las zonas m\u00e1s vulnerables, pero el da\u00f1o ya estaba hecho.<\/p>\n\n\n\n<p>El acoso tricolor fue constante, eran m\u00e1s llegadas a gol, remates en horizontal y todo presagiaba m\u00e1s goles para Costa Rica.<\/p>\n\n\n\n<p><strong>La<\/strong> <strong>Sele <\/strong>no cambi\u00f3 su estilo, se fue para aumentar m\u00e1s los n\u00fameros, un ejemplo de ello, fueron los cambios ofensivos con Brandon Aguilera y Warren Madrigal para aumentar los numeros y sellar su primera victoria en casa.<\/p>\n\n\n\n<p>Luego sobre los diez minutos finales Costa Rica aprovech\u00f3 los espacios de la defensa y errores del portero, esto dio al \u00abtraste\u00bb para que Alc\u00f3ser y Rojas pusieran la cereza en el pastel y darle as\u00ed los primeros tres puntos de oro a la Sele en este arranque de Eliminatoria Mundialista.<\/p>\n","protected":false},"excerpt":{"rendered":"<p>San Jos\u00e9 &#8211; La Selecci\u00f3n Mayor de Costa Rica inici\u00f3 su camino a la Copa del Mundo 2026 con victoria de 4 &#8211; 0 ante su similar de San Crist\u00f3bal&hellip; <\/p>\n","protected":false},"author":2,"featured_media":8433,"comment_status":"closed","ping_status":"closed","sticky":false,"template":"","format":"standard","meta":{"om_disable_all_campaigns":false,"_monsterinsights_skip_tracking":false,"_monsterinsights_sitenote_active":false,"_monsterinsights_sitenote_note":"","_monsterinsights_sitenote_category":0,"footnotes":""},"categories":[5],"tags":[2357,2661,1612,2358,1896],"class_list":["post-8432","post","type-post","status-publish","format-standard","has-post-thumbnail","hentry","category-ft","tag-copadelmundo2026","tag-eliminatoriamundialistaconcacaf","tag-lasele","tag-mundial2026","tag-selecostarica"],"aioseo_notices":[],"yoast_head":"<!-- This site is optimized with the Yoast SEO plugin v21.2 - https:\/\/yoast.com\/wordpress\/plugins\/seo\/ -->\n<title>\u00a1Contundencia! La Sele golea en el arranque de la Eliminatoria Mundialista - RG Deportes\u200e<\/title>\n<meta name=\"robots\" content=\"index, follow, max-snippet:-1, max-image-preview:large, max-video-preview:-1\" \/>\n<link rel=\"canonical\" href=\"https:\/\/rgdeportes.com\/index.php\/2024\/06\/07\/contundencia-la-sele-golea-en-el-arranque-de-la-eliminatoria-mundialista\/\" \/>\n<meta property=\"og:locale\" content=\"es_ES\" \/>\n<meta property=\"og:type\" content=\"article\" \/>\n<meta property=\"og:title\" content=\"\u00a1Contundencia! La Sele golea en el arranque de la Eliminatoria Mundialista - RG Deportes\u200e\" \/>\n<meta property=\"og:description\" content=\"San Jos\u00e9 &#8211; La Selecci\u00f3n Mayor de Costa Rica inici\u00f3 su camino a la Copa del Mundo 2026 con victoria de 4 &#8211; 0 ante su similar de San Crist\u00f3bal&hellip;\" \/>\n<meta property=\"og:url\" content=\"https:\/\/rgdeportes.com\/index.php\/2024\/06\/07\/contundencia-la-sele-golea-en-el-arranque-de-la-eliminatoria-mundialista\/\" \/>\n<meta property=\"og:site_name\" content=\"RG Deportes\u200e\" \/>\n<meta property=\"article:publisher\" content=\"https:\/\/www.facebook.com\/RandallGutierrezDeportes\/\" \/>\n<meta property=\"article:published_time\" content=\"2024-06-07T07:13:57+00:00\" \/>\n<meta property=\"og:image\" content=\"http:\/\/rgdeportes.com\/wp-content\/uploads\/2024\/06\/IMG-20240606-WA0188.jpg\" \/>\n\t<meta property=\"og:image:width\" content=\"1280\" \/>\n\t<meta property=\"og:image:height\" content=\"853\" \/>\n\t<meta property=\"og:image:type\" content=\"image\/jpeg\" \/>\n<meta name=\"author\" content=\"Randall Gutierrez\" \/>\n<meta name=\"twitter:card\" content=\"summary_large_image\" \/>\n<meta name=\"twitter:label1\" content=\"Escrito por\" \/>\n\t<meta name=\"twitter:data1\" content=\"Randall Gutierrez\" \/>\n\t<meta name=\"twitter:label2\" content=\"Tiempo de lectura\" \/>\n\t<meta name=\"twitter:data2\" content=\"4 minutos\" \/>\n<script type=\"application\/ld+json\" class=\"yoast-schema-graph\">{\"@context\":\"https:\/\/schema.org\",\"@graph\":[{\"@type\":\"Article\",\"@id\":\"https:\/\/rgdeportes.com\/index.php\/2024\/06\/07\/contundencia-la-sele-golea-en-el-arranque-de-la-eliminatoria-mundialista\/#article\",\"isPartOf\":{\"@id\":\"https:\/\/rgdeportes.com\/index.php\/2024\/06\/07\/contundencia-la-sele-golea-en-el-arranque-de-la-eliminatoria-mundialista\/\"},\"author\":{\"name\":\"Randall Gutierrez\",\"@id\":\"https:\/\/rgdeportes.com\/#\/schema\/person\/91795323fddb335a4fd017bf0e4b1358\"},\"headline\":\"\u00a1Contundencia! La Sele golea en el arranque de la Eliminatoria Mundialista\",\"datePublished\":\"2024-06-07T07:13:57+00:00\",\"dateModified\":\"2024-06-07T07:13:57+00:00\",\"mainEntityOfPage\":{\"@id\":\"https:\/\/rgdeportes.com\/index.php\/2024\/06\/07\/contundencia-la-sele-golea-en-el-arranque-de-la-eliminatoria-mundialista\/\"},\"wordCount\":577,\"publisher\":{\"@id\":\"https:\/\/rgdeportes.com\/#organization\"},\"keywords\":[\"#CopadelMundo2026\",\"#eliminatoriamundialistaconcacaf\",\"#LaSele\",\"#Mundial2026\",\"#SeleCostaRica\"],\"articleSection\":[\"F\u00fatbol\"],\"inLanguage\":\"es\"},{\"@type\":\"WebPage\",\"@id\":\"https:\/\/rgdeportes.com\/index.php\/2024\/06\/07\/contundencia-la-sele-golea-en-el-arranque-de-la-eliminatoria-mundialista\/\",\"url\":\"https:\/\/rgdeportes.com\/index.php\/2024\/06\/07\/contundencia-la-sele-golea-en-el-arranque-de-la-eliminatoria-mundialista\/\",\"name\":\"\u00a1Contundencia! La Sele golea en el arranque de la Eliminatoria Mundialista - RG Deportes\u200e\",\"isPartOf\":{\"@id\":\"https:\/\/rgdeportes.com\/#website\"},\"datePublished\":\"2024-06-07T07:13:57+00:00\",\"dateModified\":\"2024-06-07T07:13:57+00:00\",\"breadcrumb\":{\"@id\":\"https:\/\/rgdeportes.com\/index.php\/2024\/06\/07\/contundencia-la-sele-golea-en-el-arranque-de-la-eliminatoria-mundialista\/#breadcrumb\"},\"inLanguage\":\"es\",\"potentialAction\":[{\"@type\":\"ReadAction\",\"target\":[\"https:\/\/rgdeportes.com\/index.php\/2024\/06\/07\/contundencia-la-sele-golea-en-el-arranque-de-la-eliminatoria-mundialista\/\"]}]},{\"@type\":\"BreadcrumbList\",\"@id\":\"https:\/\/rgdeportes.com\/index.php\/2024\/06\/07\/contundencia-la-sele-golea-en-el-arranque-de-la-eliminatoria-mundialista\/#breadcrumb\",\"itemListElement\":[{\"@type\":\"ListItem\",\"position\":1,\"name\":\"Portada\",\"item\":\"https:\/\/rgdeportes.com\/\"},{\"@type\":\"ListItem\",\"position\":2,\"name\":\"\u00a1Contundencia! La Sele golea en el arranque de la Eliminatoria Mundialista\"}]},{\"@type\":\"WebSite\",\"@id\":\"https:\/\/rgdeportes.com\/#website\",\"url\":\"https:\/\/rgdeportes.com\/\",\"name\":\"RG Deportes\u200e\",\"description\":\"\",\"publisher\":{\"@id\":\"https:\/\/rgdeportes.com\/#organization\"},\"potentialAction\":[{\"@type\":\"SearchAction\",\"target\":{\"@type\":\"EntryPoint\",\"urlTemplate\":\"https:\/\/rgdeportes.com\/?s={search_term_string}\"},\"query-input\":\"required name=search_term_string\"}],\"inLanguage\":\"es\"},{\"@type\":\"Organization\",\"@id\":\"https:\/\/rgdeportes.com\/#organization\",\"name\":\"RG Deportes\",\"url\":\"https:\/\/rgdeportes.com\/\",\"logo\":{\"@type\":\"ImageObject\",\"inLanguage\":\"es\",\"@id\":\"https:\/\/rgdeportes.com\/#\/schema\/logo\/image\/\",\"url\":\"https:\/\/rgdeportes.com\/wp-content\/uploads\/2020\/09\/Logo.png\",\"contentUrl\":\"https:\/\/rgdeportes.com\/wp-content\/uploads\/2020\/09\/Logo.png\",\"width\":784,\"height\":552,\"caption\":\"RG Deportes\"},\"image\":{\"@id\":\"https:\/\/rgdeportes.com\/#\/schema\/logo\/image\/\"},\"sameAs\":[\"https:\/\/www.facebook.com\/RandallGutierrezDeportes\/\",\"https:\/\/www.instagram.com\/randallgutierrezdeportes\/\",\"https:\/\/www.youtube.com\/channel\/UCX4_qbvtnTwoF5t2zNqBDvA\"]},{\"@type\":\"Person\",\"@id\":\"https:\/\/rgdeportes.com\/#\/schema\/person\/91795323fddb335a4fd017bf0e4b1358\",\"name\":\"Randall Gutierrez\",\"image\":{\"@type\":\"ImageObject\",\"inLanguage\":\"es\",\"@id\":\"https:\/\/rgdeportes.com\/#\/schema\/person\/image\/\",\"url\":\"https:\/\/secure.gravatar.com\/avatar\/d0884ea8b9b50bcfad3c0d20049361b5?s=96&d=mm&r=g\",\"contentUrl\":\"https:\/\/secure.gravatar.com\/avatar\/d0884ea8b9b50bcfad3c0d20049361b5?s=96&d=mm&r=g\",\"caption\":\"Randall Gutierrez\"},\"url\":\"https:\/\/rgdeportes.com\/index.php\/author\/randall\/\"}]}<\/script>\n<!-- \/ Yoast SEO plugin. -->","yoast_head_json":{"title":"\u00a1Contundencia! La Sele golea en el arranque de la Eliminatoria Mundialista - RG Deportes\u200e","robots":{"index":"index","follow":"follow","max-snippet":"max-snippet:-1","max-image-preview":"max-image-preview:large","max-video-preview":"max-video-preview:-1"},"canonical":"https:\/\/rgdeportes.com\/index.php\/2024\/06\/07\/contundencia-la-sele-golea-en-el-arranque-de-la-eliminatoria-mundialista\/","og_locale":"es_ES","og_type":"article","og_title":"\u00a1Contundencia! La Sele golea en el arranque de la Eliminatoria Mundialista - RG Deportes\u200e","og_description":"San Jos\u00e9 &#8211; La Selecci\u00f3n Mayor de Costa Rica inici\u00f3 su camino a la Copa del Mundo 2026 con victoria de 4 &#8211; 0 ante su similar de San Crist\u00f3bal&hellip;","og_url":"https:\/\/rgdeportes.com\/index.php\/2024\/06\/07\/contundencia-la-sele-golea-en-el-arranque-de-la-eliminatoria-mundialista\/","og_site_name":"RG Deportes\u200e","article_publisher":"https:\/\/www.facebook.com\/RandallGutierrezDeportes\/","article_published_time":"2024-06-07T07:13:57+00:00","og_image":[{"width":1280,"height":853,"url":"http:\/\/rgdeportes.com\/wp-content\/uploads\/2024\/06\/IMG-20240606-WA0188.jpg","type":"image\/jpeg"}],"author":"Randall Gutierrez","twitter_card":"summary_large_image","twitter_misc":{"Escrito por":"Randall Gutierrez","Tiempo de lectura":"4 minutos"},"schema":{"@context":"https:\/\/schema.org","@graph":[{"@type":"Article","@id":"https:\/\/rgdeportes.com\/index.php\/2024\/06\/07\/contundencia-la-sele-golea-en-el-arranque-de-la-eliminatoria-mundialista\/#article","isPartOf":{"@id":"https:\/\/rgdeportes.com\/index.php\/2024\/06\/07\/contundencia-la-sele-golea-en-el-arranque-de-la-eliminatoria-mundialista\/"},"author":{"name":"Randall Gutierrez","@id":"https:\/\/rgdeportes.com\/#\/schema\/person\/91795323fddb335a4fd017bf0e4b1358"},"headline":"\u00a1Contundencia! La Sele golea en el arranque de la Eliminatoria Mundialista","datePublished":"2024-06-07T07:13:57+00:00","dateModified":"2024-06-07T07:13:57+00:00","mainEntityOfPage":{"@id":"https:\/\/rgdeportes.com\/index.php\/2024\/06\/07\/contundencia-la-sele-golea-en-el-arranque-de-la-eliminatoria-mundialista\/"},"wordCount":577,"publisher":{"@id":"https:\/\/rgdeportes.com\/#organization"},"keywords":["#CopadelMundo2026","#eliminatoriamundialistaconcacaf","#LaSele","#Mundial2026","#SeleCostaRica"],"articleSection":["F\u00fatbol"],"inLanguage":"es"},{"@type":"WebPage","@id":"https:\/\/rgdeportes.com\/index.php\/2024\/06\/07\/contundencia-la-sele-golea-en-el-arranque-de-la-eliminatoria-mundialista\/","url":"https:\/\/rgdeportes.com\/index.php\/2024\/06\/07\/contundencia-la-sele-golea-en-el-arranque-de-la-eliminatoria-mundialista\/","name":"\u00a1Contundencia! La Sele golea en el arranque de la Eliminatoria Mundialista - RG Deportes\u200e","isPartOf":{"@id":"https:\/\/rgdeportes.com\/#website"},"datePublished":"2024-06-07T07:13:57+00:00","dateModified":"2024-06-07T07:13:57+00:00","breadcrumb":{"@id":"https:\/\/rgdeportes.com\/index.php\/2024\/06\/07\/contundencia-la-sele-golea-en-el-arranque-de-la-eliminatoria-mundialista\/#breadcrumb"},"inLanguage":"es","potentialAction":[{"@type":"ReadAction","target":["https:\/\/rgdeportes.com\/index.php\/2024\/06\/07\/contundencia-la-sele-golea-en-el-arranque-de-la-eliminatoria-mundialista\/"]}]},{"@type":"BreadcrumbList","@id":"https:\/\/rgdeportes.com\/index.php\/2024\/06\/07\/contundencia-la-sele-golea-en-el-arranque-de-la-eliminatoria-mundialista\/#breadcrumb","itemListElement":[{"@type":"ListItem","position":1,"name":"Portada","item":"https:\/\/rgdeportes.com\/"},{"@type":"ListItem","position":2,"name":"\u00a1Contundencia! La Sele golea en el arranque de la Eliminatoria Mundialista"}]},{"@type":"WebSite","@id":"https:\/\/rgdeportes.com\/#website","url":"https:\/\/rgdeportes.com\/","name":"RG Deportes\u200e","description":"","publisher":{"@id":"https:\/\/rgdeportes.com\/#organization"},"potentialAction":[{"@type":"SearchAction","target":{"@type":"EntryPoint","urlTemplate":"https:\/\/rgdeportes.com\/?s={search_term_string}"},"query-input":"required name=search_term_string"}],"inLanguage":"es"},{"@type":"Organization","@id":"https:\/\/rgdeportes.com\/#organization","name":"RG Deportes","url":"https:\/\/rgdeportes.com\/","logo":{"@type":"ImageObject","inLanguage":"es","@id":"https:\/\/rgdeportes.com\/#\/schema\/logo\/image\/","url":"https:\/\/rgdeportes.com\/wp-content\/uploads\/2020\/09\/Logo.png","contentUrl":"https:\/\/rgdeportes.com\/wp-content\/uploads\/2020\/09\/Logo.png","width":784,"height":552,"caption":"RG Deportes"},"image":{"@id":"https:\/\/rgdeportes.com\/#\/schema\/logo\/image\/"},"sameAs":["https:\/\/www.facebook.com\/RandallGutierrezDeportes\/","https:\/\/www.instagram.com\/randallgutierrezdeportes\/","https:\/\/www.youtube.com\/channel\/UCX4_qbvtnTwoF5t2zNqBDvA"]},{"@type":"Person","@id":"https:\/\/rgdeportes.com\/#\/schema\/person\/91795323fddb335a4fd017bf0e4b1358","name":"Randall Gutierrez","image":{"@type":"ImageObject","inLanguage":"es","@id":"https:\/\/rgdeportes.com\/#\/schema\/person\/image\/","url":"https:\/\/secure.gravatar.com\/avatar\/d0884ea8b9b50bcfad3c0d20049361b5?s=96&d=mm&r=g","contentUrl":"https:\/\/secure.gravatar.com\/avatar\/d0884ea8b9b50bcfad3c0d20049361b5?s=96&d=mm&r=g","caption":"Randall Gutierrez"},"url":"https:\/\/rgdeportes.com\/index.php\/author\/randall\/"}]}},"_links":{"self":[{"href":"https:\/\/rgdeportes.com\/index.php\/wp-json\/wp\/v2\/posts\/8432","targetHints":{"allow":["GET"]}}],"collection":[{"href":"https:\/\/rgdeportes.com\/index.php\/wp-json\/wp\/v2\/posts"}],"about":[{"href":"https:\/\/rgdeportes.com\/index.php\/wp-json\/wp\/v2\/types\/post"}],"author":[{"embeddable":true,"href":"https:\/\/rgdeportes.com\/index.php\/wp-json\/wp\/v2\/users\/2"}],"replies":[{"embeddable":true,"href":"https:\/\/rgdeportes.com\/index.php\/wp-json\/wp\/v2\/comments?post=8432"}],"version-history":[{"count":1,"href":"https:\/\/rgdeportes.com\/index.php\/wp-json\/wp\/v2\/posts\/8432\/revisions"}],"predecessor-version":[{"id":8437,"href":"https:\/\/rgdeportes.com\/index.php\/wp-json\/wp\/v2\/posts\/8432\/revisions\/8437"}],"wp:featuredmedia":[{"embeddable":true,"href":"https:\/\/rgdeportes.com\/index.php\/wp-json\/wp\/v2\/media\/8433"}],"wp:attachment":[{"href":"https:\/\/rgdeportes.com\/index.php\/wp-json\/wp\/v2\/media?parent=8432"}],"wp:term":[{"taxonomy":"category","embeddable":true,"href":"https:\/\/rgdeportes.com\/index.php\/wp-json\/wp\/v2\/categories?post=8432"},{"taxonomy":"post_tag","embeddable":true,"href":"https:\/\/rgdeportes.com\/index.php\/wp-json\/wp\/v2\/tags?post=8432"}],"curies":[{"name":"wp","href":"https:\/\/api.w.org\/{rel}","templated":true}]}}