{"id":8179,"date":"2024-04-17T18:09:21","date_gmt":"2024-04-17T18:09:21","guid":{"rendered":"https:\/\/rgdeportes.com\/?p=8179"},"modified":"2024-04-17T18:09:22","modified_gmt":"2024-04-17T18:09:22","slug":"tenis-de-costa-rica-dio-inicio-con-el-campeonato-itf-masters-2024-video","status":"publish","type":"post","link":"https:\/\/rgdeportes.com\/index.php\/2024\/04\/17\/tenis-de-costa-rica-dio-inicio-con-el-campeonato-itf-masters-2024-video\/","title":{"rendered":"Tenis de Costa Rica dio inicio con el Campeonato ITF Masters 2024 (Video)"},"content":{"rendered":"\n<figure class=\"wp-block-image size-large\"><img loading=\"lazy\" decoding=\"async\" width=\"1024\" height=\"768\" src=\"https:\/\/rgdeportes.com\/wp-content\/uploads\/2024\/04\/ITF-1-1024x768.jpg\" alt=\"\" class=\"wp-image-8180\" srcset=\"https:\/\/rgdeportes.com\/wp-content\/uploads\/2024\/04\/ITF-1-1024x768.jpg 1024w, https:\/\/rgdeportes.com\/wp-content\/uploads\/2024\/04\/ITF-1-300x225.jpg 300w, https:\/\/rgdeportes.com\/wp-content\/uploads\/2024\/04\/ITF-1-768x576.jpg 768w, https:\/\/rgdeportes.com\/wp-content\/uploads\/2024\/04\/ITF-1-1536x1152.jpg 1536w, https:\/\/rgdeportes.com\/wp-content\/uploads\/2024\/04\/ITF-1.jpg 1600w\" sizes=\"auto, (max-width: 1024px) 100vw, 1024px\" \/><\/figure>\n\n\n\n<p>As\u00ed lo dio a conocer don <strong><em>Rodolfo Rojas Castro<\/em><\/strong> <strong><em>uno de los organizadores junto a su hermano Rolando Rojas Castro actuales socios de RTA Tennis Academy<\/em><\/strong> donde ambos han venido trabajando meses atr\u00e1s para poder realizar un torneo de gran magnitud en el \u00e1mbito del tenis junto al aporte de marcas patrocinadoras como tambi\u00e9n la colaboraci\u00f3n del <strong>Costa Rica Tennis Club <\/strong>sede principal del Campeonato.<\/p>\n\n\n\n<p>Es importante resaltar, que este <strong>Masters Tour ITF 2024<\/strong> cuenta con la participaci\u00f3n de aproximadamente 182 tenistas de diferentes pa\u00edses, por mencionar algunos de ellos <strong><em>Nicaragua, M\u00e9xico, Estados Unidos, Canad\u00e1, Trinidad y Tobago, Per\u00fa, Chile, Gran Breta\u00f1a, Bolivia, Francia, Argentina, Alemania, Ir\u00e1n, Panam\u00e1, Croacia y Costa Rica.<\/em><\/strong><\/p>\n\n\n\n<figure class=\"wp-block-image size-large\"><img loading=\"lazy\" decoding=\"async\" width=\"1024\" height=\"768\" src=\"https:\/\/rgdeportes.com\/wp-content\/uploads\/2024\/04\/ITF-2-1024x768.jpg\" alt=\"\" class=\"wp-image-8181\" srcset=\"https:\/\/rgdeportes.com\/wp-content\/uploads\/2024\/04\/ITF-2-1024x768.jpg 1024w, https:\/\/rgdeportes.com\/wp-content\/uploads\/2024\/04\/ITF-2-300x225.jpg 300w, https:\/\/rgdeportes.com\/wp-content\/uploads\/2024\/04\/ITF-2-768x576.jpg 768w, https:\/\/rgdeportes.com\/wp-content\/uploads\/2024\/04\/ITF-2-1536x1152.jpg 1536w, https:\/\/rgdeportes.com\/wp-content\/uploads\/2024\/04\/ITF-2.jpg 1600w\" sizes=\"auto, (max-width: 1024px) 100vw, 1024px\" \/><\/figure>\n\n\n\n<p>Las categor\u00edas que entran en competici\u00f3n estan de la siguiente manera, (Masculino y Femenino en la modalidad sencillos y dobles. Adem\u00e1s, las Categor\u00edas <strong>30 <\/strong><strong>+. &nbsp;<\/strong><\/p>\n\n\n\n<p>Este ITF Master 2024 arranc\u00f3 de manera oficial este martes 16 de abril y seguir\u00e1 con partidos en diferentes modalidades durante el mi\u00e9rcoles, jueves, viernes, s\u00e1bado y domingo culminara con las finales.<\/p>\n\n\n\n<p>Por su parte, don <strong>Rodolfo Rojas Castro<\/strong> uno de los organizadores del <strong>ITF Masters<\/strong> coment\u00f3, que una de las principales expectativas fue aumentar el n\u00famero de tenistas participantes de distintas nacionalidades donde resalt\u00f3 que tambi\u00e9n increment\u00f3 la categor\u00eda femenina dejando en claro el nivel y lo importante que es este Campeonato ITF donde para esta temporada les sumar\u00e1 dos cientos puntos, es decir cien puntos m\u00e1s con respecto al a\u00f1o pasado.<\/p>\n\n\n\n<figure class=\"wp-block-image size-large\"><img loading=\"lazy\" decoding=\"async\" width=\"768\" height=\"1024\" src=\"https:\/\/rgdeportes.com\/wp-content\/uploads\/2024\/04\/ITF-3-768x1024.jpg\" alt=\"\" class=\"wp-image-8182\" srcset=\"https:\/\/rgdeportes.com\/wp-content\/uploads\/2024\/04\/ITF-3-768x1024.jpg 768w, https:\/\/rgdeportes.com\/wp-content\/uploads\/2024\/04\/ITF-3-225x300.jpg 225w, https:\/\/rgdeportes.com\/wp-content\/uploads\/2024\/04\/ITF-3-1152x1536.jpg 1152w, https:\/\/rgdeportes.com\/wp-content\/uploads\/2024\/04\/ITF-3.jpg 1200w\" sizes=\"auto, (max-width: 768px) 100vw, 768px\" \/><\/figure>\n\n\n\n<p>\u201c<em>Este ITF creci\u00f3 mucho tanto en la cantidad de tenistas, as\u00ed como tambi\u00e9n en los espectadores que se dieron cita a esta primera fecha en las instalaciones del Costa Rica Tennis Club, como tambi\u00e9n en el \u00e1mbito de la cobertura donde se ha podido expandir un poco m\u00e1s con respecto al a\u00f1o pasado<\/em>\u201d, destac\u00f3, don <strong>Rodolfo Rojas Castro<\/strong>.<\/p>\n\n\n\n<p>\u201c<em>Para contar con un Torneo de dos cientos puntos, va mucho con la valoraci\u00f3n de los jugadores donde se tom\u00f3 como par\u00e1metro el certamen anterior por el nivel tan profesional, punto importante la valoraci\u00f3n del R\u00e9feri donde el mismo lo recomend\u00f3 a la ITF y desde luego la parte de la infraestructura donde cumple con once canchas de buen nivel<\/em>\u201d, coment\u00f3, don <strong>Rodolfo Rojas<\/strong> Castro.<\/p>\n\n\n\n<p><strong>VIDEO<\/strong><\/p>\n\n\n\n<figure class=\"wp-block-embed is-type-video is-provider-youtube wp-block-embed-youtube wp-embed-aspect-16-9 wp-has-aspect-ratio\"><div class=\"wp-block-embed__wrapper\">\n<iframe loading=\"lazy\" title=\"ITF COSTA RICA 2024\" width=\"1110\" height=\"624\" src=\"https:\/\/www.youtube.com\/embed\/8pfP3eli41g?feature=oembed\" frameborder=\"0\" allow=\"accelerometer; autoplay; clipboard-write; encrypted-media; gyroscope; picture-in-picture; web-share\" referrerpolicy=\"strict-origin-when-cross-origin\" allowfullscreen><\/iframe>\n<\/div><\/figure>\n","protected":false},"excerpt":{"rendered":"<p>As\u00ed lo dio a conocer don Rodolfo Rojas Castro uno de los organizadores junto a su hermano Rolando Rojas Castro actuales socios de RTA Tennis Academy donde ambos han venido&hellip; <\/p>\n","protected":false},"author":2,"featured_media":8180,"comment_status":"closed","ping_status":"closed","sticky":false,"template":"","format":"standard","meta":{"om_disable_all_campaigns":false,"_monsterinsights_skip_tracking":false,"_monsterinsights_sitenote_active":false,"_monsterinsights_sitenote_note":"","_monsterinsights_sitenote_category":0,"footnotes":""},"categories":[13],"tags":[2561,2564,2562,2563],"class_list":["post-8179","post","type-post","status-publish","format-standard","has-post-thumbnail","hentry","category-od","tag-itfmasterstenniscostarica","tag-rta","tag-tenniscostarica","tag-tennisitf2024"],"aioseo_notices":[],"yoast_head":"<!-- This site is optimized with the Yoast SEO plugin v21.2 - https:\/\/yoast.com\/wordpress\/plugins\/seo\/ -->\n<title>Tenis de Costa Rica dio inicio con el Campeonato ITF Masters 2024 (Video) - RG Deportes\u200e<\/title>\n<meta name=\"robots\" content=\"index, follow, max-snippet:-1, max-image-preview:large, max-video-preview:-1\" \/>\n<link rel=\"canonical\" href=\"https:\/\/rgdeportes.com\/index.php\/2024\/04\/17\/tenis-de-costa-rica-dio-inicio-con-el-campeonato-itf-masters-2024-video\/\" \/>\n<meta property=\"og:locale\" content=\"es_ES\" \/>\n<meta property=\"og:type\" content=\"article\" \/>\n<meta property=\"og:title\" content=\"Tenis de Costa Rica dio inicio con el Campeonato ITF Masters 2024 (Video) - RG Deportes\u200e\" \/>\n<meta property=\"og:description\" content=\"As\u00ed lo dio a conocer don Rodolfo Rojas Castro uno de los organizadores junto a su hermano Rolando Rojas Castro actuales socios de RTA Tennis Academy donde ambos han venido&hellip;\" \/>\n<meta property=\"og:url\" content=\"https:\/\/rgdeportes.com\/index.php\/2024\/04\/17\/tenis-de-costa-rica-dio-inicio-con-el-campeonato-itf-masters-2024-video\/\" \/>\n<meta property=\"og:site_name\" content=\"RG Deportes\u200e\" \/>\n<meta property=\"article:publisher\" content=\"https:\/\/www.facebook.com\/RandallGutierrezDeportes\/\" \/>\n<meta property=\"article:published_time\" content=\"2024-04-17T18:09:21+00:00\" \/>\n<meta property=\"article:modified_time\" content=\"2024-04-17T18:09:22+00:00\" \/>\n<meta property=\"og:image\" content=\"http:\/\/rgdeportes.com\/wp-content\/uploads\/2024\/04\/ITF-1.jpg\" \/>\n\t<meta property=\"og:image:width\" content=\"1600\" \/>\n\t<meta property=\"og:image:height\" content=\"1200\" \/>\n\t<meta property=\"og:image:type\" content=\"image\/jpeg\" \/>\n<meta name=\"author\" content=\"Randall Gutierrez\" \/>\n<meta name=\"twitter:card\" content=\"summary_large_image\" \/>\n<meta name=\"twitter:label1\" content=\"Escrito por\" \/>\n\t<meta name=\"twitter:data1\" content=\"Randall Gutierrez\" \/>\n\t<meta name=\"twitter:label2\" content=\"Tiempo de lectura\" \/>\n\t<meta name=\"twitter:data2\" content=\"3 minutos\" \/>\n<script type=\"application\/ld+json\" class=\"yoast-schema-graph\">{\"@context\":\"https:\/\/schema.org\",\"@graph\":[{\"@type\":\"Article\",\"@id\":\"https:\/\/rgdeportes.com\/index.php\/2024\/04\/17\/tenis-de-costa-rica-dio-inicio-con-el-campeonato-itf-masters-2024-video\/#article\",\"isPartOf\":{\"@id\":\"https:\/\/rgdeportes.com\/index.php\/2024\/04\/17\/tenis-de-costa-rica-dio-inicio-con-el-campeonato-itf-masters-2024-video\/\"},\"author\":{\"name\":\"Randall Gutierrez\",\"@id\":\"https:\/\/rgdeportes.com\/#\/schema\/person\/91795323fddb335a4fd017bf0e4b1358\"},\"headline\":\"Tenis de Costa Rica dio inicio con el Campeonato ITF Masters 2024 (Video)\",\"datePublished\":\"2024-04-17T18:09:21+00:00\",\"dateModified\":\"2024-04-17T18:09:22+00:00\",\"mainEntityOfPage\":{\"@id\":\"https:\/\/rgdeportes.com\/index.php\/2024\/04\/17\/tenis-de-costa-rica-dio-inicio-con-el-campeonato-itf-masters-2024-video\/\"},\"wordCount\":407,\"publisher\":{\"@id\":\"https:\/\/rgdeportes.com\/#organization\"},\"keywords\":[\"#ITFMastersTennisCostarIca\",\"#RTA\",\"#TennisCostaRica\",\"#TennisITF2024\"],\"articleSection\":[\"Otros deportes\"],\"inLanguage\":\"es\"},{\"@type\":\"WebPage\",\"@id\":\"https:\/\/rgdeportes.com\/index.php\/2024\/04\/17\/tenis-de-costa-rica-dio-inicio-con-el-campeonato-itf-masters-2024-video\/\",\"url\":\"https:\/\/rgdeportes.com\/index.php\/2024\/04\/17\/tenis-de-costa-rica-dio-inicio-con-el-campeonato-itf-masters-2024-video\/\",\"name\":\"Tenis de Costa Rica dio inicio con el Campeonato ITF Masters 2024 (Video) - RG Deportes\u200e\",\"isPartOf\":{\"@id\":\"https:\/\/rgdeportes.com\/#website\"},\"datePublished\":\"2024-04-17T18:09:21+00:00\",\"dateModified\":\"2024-04-17T18:09:22+00:00\",\"breadcrumb\":{\"@id\":\"https:\/\/rgdeportes.com\/index.php\/2024\/04\/17\/tenis-de-costa-rica-dio-inicio-con-el-campeonato-itf-masters-2024-video\/#breadcrumb\"},\"inLanguage\":\"es\",\"potentialAction\":[{\"@type\":\"ReadAction\",\"target\":[\"https:\/\/rgdeportes.com\/index.php\/2024\/04\/17\/tenis-de-costa-rica-dio-inicio-con-el-campeonato-itf-masters-2024-video\/\"]}]},{\"@type\":\"BreadcrumbList\",\"@id\":\"https:\/\/rgdeportes.com\/index.php\/2024\/04\/17\/tenis-de-costa-rica-dio-inicio-con-el-campeonato-itf-masters-2024-video\/#breadcrumb\",\"itemListElement\":[{\"@type\":\"ListItem\",\"position\":1,\"name\":\"Portada\",\"item\":\"https:\/\/rgdeportes.com\/\"},{\"@type\":\"ListItem\",\"position\":2,\"name\":\"Tenis de Costa Rica dio inicio con el Campeonato ITF Masters 2024 (Video)\"}]},{\"@type\":\"WebSite\",\"@id\":\"https:\/\/rgdeportes.com\/#website\",\"url\":\"https:\/\/rgdeportes.com\/\",\"name\":\"RG Deportes\u200e\",\"description\":\"\",\"publisher\":{\"@id\":\"https:\/\/rgdeportes.com\/#organization\"},\"potentialAction\":[{\"@type\":\"SearchAction\",\"target\":{\"@type\":\"EntryPoint\",\"urlTemplate\":\"https:\/\/rgdeportes.com\/?s={search_term_string}\"},\"query-input\":\"required name=search_term_string\"}],\"inLanguage\":\"es\"},{\"@type\":\"Organization\",\"@id\":\"https:\/\/rgdeportes.com\/#organization\",\"name\":\"RG Deportes\",\"url\":\"https:\/\/rgdeportes.com\/\",\"logo\":{\"@type\":\"ImageObject\",\"inLanguage\":\"es\",\"@id\":\"https:\/\/rgdeportes.com\/#\/schema\/logo\/image\/\",\"url\":\"https:\/\/rgdeportes.com\/wp-content\/uploads\/2020\/09\/Logo.png\",\"contentUrl\":\"https:\/\/rgdeportes.com\/wp-content\/uploads\/2020\/09\/Logo.png\",\"width\":784,\"height\":552,\"caption\":\"RG Deportes\"},\"image\":{\"@id\":\"https:\/\/rgdeportes.com\/#\/schema\/logo\/image\/\"},\"sameAs\":[\"https:\/\/www.facebook.com\/RandallGutierrezDeportes\/\",\"https:\/\/www.instagram.com\/randallgutierrezdeportes\/\",\"https:\/\/www.youtube.com\/channel\/UCX4_qbvtnTwoF5t2zNqBDvA\"]},{\"@type\":\"Person\",\"@id\":\"https:\/\/rgdeportes.com\/#\/schema\/person\/91795323fddb335a4fd017bf0e4b1358\",\"name\":\"Randall Gutierrez\",\"image\":{\"@type\":\"ImageObject\",\"inLanguage\":\"es\",\"@id\":\"https:\/\/rgdeportes.com\/#\/schema\/person\/image\/\",\"url\":\"https:\/\/secure.gravatar.com\/avatar\/d0884ea8b9b50bcfad3c0d20049361b5?s=96&d=mm&r=g\",\"contentUrl\":\"https:\/\/secure.gravatar.com\/avatar\/d0884ea8b9b50bcfad3c0d20049361b5?s=96&d=mm&r=g\",\"caption\":\"Randall Gutierrez\"},\"url\":\"https:\/\/rgdeportes.com\/index.php\/author\/randall\/\"}]}<\/script>\n<!-- \/ Yoast SEO plugin. -->","yoast_head_json":{"title":"Tenis de Costa Rica dio inicio con el Campeonato ITF Masters 2024 (Video) - RG Deportes\u200e","robots":{"index":"index","follow":"follow","max-snippet":"max-snippet:-1","max-image-preview":"max-image-preview:large","max-video-preview":"max-video-preview:-1"},"canonical":"https:\/\/rgdeportes.com\/index.php\/2024\/04\/17\/tenis-de-costa-rica-dio-inicio-con-el-campeonato-itf-masters-2024-video\/","og_locale":"es_ES","og_type":"article","og_title":"Tenis de Costa Rica dio inicio con el Campeonato ITF Masters 2024 (Video) - RG Deportes\u200e","og_description":"As\u00ed lo dio a conocer don Rodolfo Rojas Castro uno de los organizadores junto a su hermano Rolando Rojas Castro actuales socios de RTA Tennis Academy donde ambos han venido&hellip;","og_url":"https:\/\/rgdeportes.com\/index.php\/2024\/04\/17\/tenis-de-costa-rica-dio-inicio-con-el-campeonato-itf-masters-2024-video\/","og_site_name":"RG Deportes\u200e","article_publisher":"https:\/\/www.facebook.com\/RandallGutierrezDeportes\/","article_published_time":"2024-04-17T18:09:21+00:00","article_modified_time":"2024-04-17T18:09:22+00:00","og_image":[{"width":1600,"height":1200,"url":"http:\/\/rgdeportes.com\/wp-content\/uploads\/2024\/04\/ITF-1.jpg","type":"image\/jpeg"}],"author":"Randall Gutierrez","twitter_card":"summary_large_image","twitter_misc":{"Escrito por":"Randall Gutierrez","Tiempo de lectura":"3 minutos"},"schema":{"@context":"https:\/\/schema.org","@graph":[{"@type":"Article","@id":"https:\/\/rgdeportes.com\/index.php\/2024\/04\/17\/tenis-de-costa-rica-dio-inicio-con-el-campeonato-itf-masters-2024-video\/#article","isPartOf":{"@id":"https:\/\/rgdeportes.com\/index.php\/2024\/04\/17\/tenis-de-costa-rica-dio-inicio-con-el-campeonato-itf-masters-2024-video\/"},"author":{"name":"Randall Gutierrez","@id":"https:\/\/rgdeportes.com\/#\/schema\/person\/91795323fddb335a4fd017bf0e4b1358"},"headline":"Tenis de Costa Rica dio inicio con el Campeonato ITF Masters 2024 (Video)","datePublished":"2024-04-17T18:09:21+00:00","dateModified":"2024-04-17T18:09:22+00:00","mainEntityOfPage":{"@id":"https:\/\/rgdeportes.com\/index.php\/2024\/04\/17\/tenis-de-costa-rica-dio-inicio-con-el-campeonato-itf-masters-2024-video\/"},"wordCount":407,"publisher":{"@id":"https:\/\/rgdeportes.com\/#organization"},"keywords":["#ITFMastersTennisCostarIca","#RTA","#TennisCostaRica","#TennisITF2024"],"articleSection":["Otros deportes"],"inLanguage":"es"},{"@type":"WebPage","@id":"https:\/\/rgdeportes.com\/index.php\/2024\/04\/17\/tenis-de-costa-rica-dio-inicio-con-el-campeonato-itf-masters-2024-video\/","url":"https:\/\/rgdeportes.com\/index.php\/2024\/04\/17\/tenis-de-costa-rica-dio-inicio-con-el-campeonato-itf-masters-2024-video\/","name":"Tenis de Costa Rica dio inicio con el Campeonato ITF Masters 2024 (Video) - RG Deportes\u200e","isPartOf":{"@id":"https:\/\/rgdeportes.com\/#website"},"datePublished":"2024-04-17T18:09:21+00:00","dateModified":"2024-04-17T18:09:22+00:00","breadcrumb":{"@id":"https:\/\/rgdeportes.com\/index.php\/2024\/04\/17\/tenis-de-costa-rica-dio-inicio-con-el-campeonato-itf-masters-2024-video\/#breadcrumb"},"inLanguage":"es","potentialAction":[{"@type":"ReadAction","target":["https:\/\/rgdeportes.com\/index.php\/2024\/04\/17\/tenis-de-costa-rica-dio-inicio-con-el-campeonato-itf-masters-2024-video\/"]}]},{"@type":"BreadcrumbList","@id":"https:\/\/rgdeportes.com\/index.php\/2024\/04\/17\/tenis-de-costa-rica-dio-inicio-con-el-campeonato-itf-masters-2024-video\/#breadcrumb","itemListElement":[{"@type":"ListItem","position":1,"name":"Portada","item":"https:\/\/rgdeportes.com\/"},{"@type":"ListItem","position":2,"name":"Tenis de Costa Rica dio inicio con el Campeonato ITF Masters 2024 (Video)"}]},{"@type":"WebSite","@id":"https:\/\/rgdeportes.com\/#website","url":"https:\/\/rgdeportes.com\/","name":"RG Deportes\u200e","description":"","publisher":{"@id":"https:\/\/rgdeportes.com\/#organization"},"potentialAction":[{"@type":"SearchAction","target":{"@type":"EntryPoint","urlTemplate":"https:\/\/rgdeportes.com\/?s={search_term_string}"},"query-input":"required name=search_term_string"}],"inLanguage":"es"},{"@type":"Organization","@id":"https:\/\/rgdeportes.com\/#organization","name":"RG Deportes","url":"https:\/\/rgdeportes.com\/","logo":{"@type":"ImageObject","inLanguage":"es","@id":"https:\/\/rgdeportes.com\/#\/schema\/logo\/image\/","url":"https:\/\/rgdeportes.com\/wp-content\/uploads\/2020\/09\/Logo.png","contentUrl":"https:\/\/rgdeportes.com\/wp-content\/uploads\/2020\/09\/Logo.png","width":784,"height":552,"caption":"RG Deportes"},"image":{"@id":"https:\/\/rgdeportes.com\/#\/schema\/logo\/image\/"},"sameAs":["https:\/\/www.facebook.com\/RandallGutierrezDeportes\/","https:\/\/www.instagram.com\/randallgutierrezdeportes\/","https:\/\/www.youtube.com\/channel\/UCX4_qbvtnTwoF5t2zNqBDvA"]},{"@type":"Person","@id":"https:\/\/rgdeportes.com\/#\/schema\/person\/91795323fddb335a4fd017bf0e4b1358","name":"Randall Gutierrez","image":{"@type":"ImageObject","inLanguage":"es","@id":"https:\/\/rgdeportes.com\/#\/schema\/person\/image\/","url":"https:\/\/secure.gravatar.com\/avatar\/d0884ea8b9b50bcfad3c0d20049361b5?s=96&d=mm&r=g","contentUrl":"https:\/\/secure.gravatar.com\/avatar\/d0884ea8b9b50bcfad3c0d20049361b5?s=96&d=mm&r=g","caption":"Randall Gutierrez"},"url":"https:\/\/rgdeportes.com\/index.php\/author\/randall\/"}]}},"_links":{"self":[{"href":"https:\/\/rgdeportes.com\/index.php\/wp-json\/wp\/v2\/posts\/8179","targetHints":{"allow":["GET"]}}],"collection":[{"href":"https:\/\/rgdeportes.com\/index.php\/wp-json\/wp\/v2\/posts"}],"about":[{"href":"https:\/\/rgdeportes.com\/index.php\/wp-json\/wp\/v2\/types\/post"}],"author":[{"embeddable":true,"href":"https:\/\/rgdeportes.com\/index.php\/wp-json\/wp\/v2\/users\/2"}],"replies":[{"embeddable":true,"href":"https:\/\/rgdeportes.com\/index.php\/wp-json\/wp\/v2\/comments?post=8179"}],"version-history":[{"count":1,"href":"https:\/\/rgdeportes.com\/index.php\/wp-json\/wp\/v2\/posts\/8179\/revisions"}],"predecessor-version":[{"id":8183,"href":"https:\/\/rgdeportes.com\/index.php\/wp-json\/wp\/v2\/posts\/8179\/revisions\/8183"}],"wp:featuredmedia":[{"embeddable":true,"href":"https:\/\/rgdeportes.com\/index.php\/wp-json\/wp\/v2\/media\/8180"}],"wp:attachment":[{"href":"https:\/\/rgdeportes.com\/index.php\/wp-json\/wp\/v2\/media?parent=8179"}],"wp:term":[{"taxonomy":"category","embeddable":true,"href":"https:\/\/rgdeportes.com\/index.php\/wp-json\/wp\/v2\/categories?post=8179"},{"taxonomy":"post_tag","embeddable":true,"href":"https:\/\/rgdeportes.com\/index.php\/wp-json\/wp\/v2\/tags?post=8179"}],"curies":[{"name":"wp","href":"https:\/\/api.w.org\/{rel}","templated":true}]}}