{"id":8107,"date":"2024-03-25T20:13:09","date_gmt":"2024-03-25T20:13:09","guid":{"rendered":"https:\/\/rgdeportes.com\/?p=8107"},"modified":"2024-03-25T20:13:10","modified_gmt":"2024-03-25T20:13:10","slug":"esgrima-por-la-clasificacion-a-los-juegos-olimpicos","status":"publish","type":"post","link":"https:\/\/rgdeportes.com\/index.php\/2024\/03\/25\/esgrima-por-la-clasificacion-a-los-juegos-olimpicos\/","title":{"rendered":"Esgrima por la clasificaci\u00f3n a los Juegos Ol\u00edmpicos"},"content":{"rendered":"\n<figure class=\"wp-block-image size-large\"><img loading=\"lazy\" decoding=\"async\" width=\"1024\" height=\"768\" src=\"https:\/\/rgdeportes.com\/wp-content\/uploads\/2024\/03\/IMG_20240316_155937-1024x768.jpg\" alt=\"\" class=\"wp-image-8108\" srcset=\"https:\/\/rgdeportes.com\/wp-content\/uploads\/2024\/03\/IMG_20240316_155937-1024x768.jpg 1024w, https:\/\/rgdeportes.com\/wp-content\/uploads\/2024\/03\/IMG_20240316_155937-300x225.jpg 300w, https:\/\/rgdeportes.com\/wp-content\/uploads\/2024\/03\/IMG_20240316_155937-768x576.jpg 768w, https:\/\/rgdeportes.com\/wp-content\/uploads\/2024\/03\/IMG_20240316_155937-1536x1152.jpg 1536w, https:\/\/rgdeportes.com\/wp-content\/uploads\/2024\/03\/IMG_20240316_155937-2048x1536.jpg 2048w\" sizes=\"auto, (max-width: 1024px) 100vw, 1024px\" \/><\/figure>\n\n\n\n<p>Costa Rica ser\u00e1 la sede del <strong>Torneo Clasificaci\u00f3n Ol\u00edmpica Par\u00eds &#8211; Zona Am\u00e9rica, <\/strong>as\u00ed lo confirm\u00f3 la <strong><em>Federaci\u00f3n Costarricense de Esgrima (FECOES) <\/em><\/strong>tras informar de manera oficial de este  Torneo, el cual se llevar\u00e1 a cabo durante los <strong><em>d\u00edas s\u00e1bado 6 y domingo 7 de abril de 2024 <\/em><\/strong>desde la <strong><em>Sala Nacional de Tenis de Mesa <\/em><\/strong>ubicada en el <strong><em>Parque de la Paz, San Jos\u00e9.<\/em><\/strong><\/p>\n\n\n\n<p>Este evento es de \u00edndole clasificatorio, es decir, donde se clasifican los \u00faltimos cupos tanto por arma y g\u00e9nero a los <strong><em>Juegos Ol\u00edmpicos Par\u00eds 2024 <\/em><\/strong>y en donde Costa Rica tendr\u00e1 su representaci\u00f3n.<\/p>\n\n\n\n<p><strong><em>La Delegaci\u00f3n Nacional est\u00e1 lista<\/em><\/strong><\/p>\n\n\n\n<figure class=\"wp-block-image size-large\"><img loading=\"lazy\" decoding=\"async\" width=\"1024\" height=\"768\" src=\"https:\/\/rgdeportes.com\/wp-content\/uploads\/2024\/03\/IMG_20240316_125148-1024x768.jpg\" alt=\"\" class=\"wp-image-8109\" srcset=\"https:\/\/rgdeportes.com\/wp-content\/uploads\/2024\/03\/IMG_20240316_125148-1024x768.jpg 1024w, https:\/\/rgdeportes.com\/wp-content\/uploads\/2024\/03\/IMG_20240316_125148-300x225.jpg 300w, https:\/\/rgdeportes.com\/wp-content\/uploads\/2024\/03\/IMG_20240316_125148-768x576.jpg 768w, https:\/\/rgdeportes.com\/wp-content\/uploads\/2024\/03\/IMG_20240316_125148-1536x1152.jpg 1536w, https:\/\/rgdeportes.com\/wp-content\/uploads\/2024\/03\/IMG_20240316_125148-2048x1536.jpg 2048w\" sizes=\"auto, (max-width: 1024px) 100vw, 1024px\" \/><\/figure>\n\n\n\n<p>Con respecto a la delegaci\u00f3n nacional esta conformada por los siguientes esgrimistas:<br>Daniel Ojeda (espada masculina), Karina Dyner (espada femenina), Brandon Segovia (florete masculino), Hannah M\u00e9ndez (florete femenino), Jos\u00e9 Ignacio Porras (sable masculino) y Natalia Valerin (sable femenino).<\/p>\n\n\n\n<p>Dentro de los pa\u00edses que estar\u00e1n compitiendo a nivel de la zona Panamericana e incluyendo las Islas destacan Argentina, Chile, Cuba, Ecuador, El Salvador, Guatemala, Nicaragua, Guyana, Hait\u00ed, Islas V\u00edrgenes, Panam\u00e1, Per\u00fa, Puerto Rico, Rep\u00fablica Dominicana, Uruguay, Bolivia y desde luego Costa Rica pa\u00eds sede.<\/p>\n\n\n\n<p><br>Por confirmar, quedan pendientes las delegaciones de Brasil, M\u00e9xico, Colombia, Venezuela, entre otros.<\/p>\n\n\n\n<p>(Fotos &#8211; FECOES). <\/p>\n","protected":false},"excerpt":{"rendered":"<p>Costa Rica ser\u00e1 la sede del Torneo Clasificaci\u00f3n Ol\u00edmpica Par\u00eds &#8211; Zona Am\u00e9rica, as\u00ed lo confirm\u00f3 la Federaci\u00f3n Costarricense de Esgrima (FECOES) tras informar de manera oficial de este Torneo,&hellip; <\/p>\n","protected":false},"author":2,"featured_media":8108,"comment_status":"closed","ping_status":"closed","sticky":false,"template":"","format":"standard","meta":{"om_disable_all_campaigns":false,"_monsterinsights_skip_tracking":false,"_monsterinsights_sitenote_active":false,"_monsterinsights_sitenote_note":"","_monsterinsights_sitenote_category":0,"footnotes":""},"categories":[6],"tags":[2529,42],"class_list":["post-8107","post","type-post","status-publish","format-standard","has-post-thumbnail","hentry","category-cb","tag-clasificatorioesgrimajuegosolimpicos","tag-esgrimacostarica"],"aioseo_notices":[],"yoast_head":"<!-- This site is optimized with the Yoast SEO plugin v21.2 - https:\/\/yoast.com\/wordpress\/plugins\/seo\/ -->\n<title>Esgrima por la clasificaci\u00f3n a los Juegos Ol\u00edmpicos - RG Deportes\u200e<\/title>\n<meta name=\"robots\" content=\"index, follow, max-snippet:-1, max-image-preview:large, max-video-preview:-1\" \/>\n<link rel=\"canonical\" href=\"https:\/\/rgdeportes.com\/index.php\/2024\/03\/25\/esgrima-por-la-clasificacion-a-los-juegos-olimpicos\/\" \/>\n<meta property=\"og:locale\" content=\"es_ES\" \/>\n<meta property=\"og:type\" content=\"article\" \/>\n<meta property=\"og:title\" content=\"Esgrima por la clasificaci\u00f3n a los Juegos Ol\u00edmpicos - RG Deportes\u200e\" \/>\n<meta property=\"og:description\" content=\"Costa Rica ser\u00e1 la sede del Torneo Clasificaci\u00f3n Ol\u00edmpica Par\u00eds &#8211; Zona Am\u00e9rica, as\u00ed lo confirm\u00f3 la Federaci\u00f3n Costarricense de Esgrima (FECOES) tras informar de manera oficial de este Torneo,&hellip;\" \/>\n<meta property=\"og:url\" content=\"https:\/\/rgdeportes.com\/index.php\/2024\/03\/25\/esgrima-por-la-clasificacion-a-los-juegos-olimpicos\/\" \/>\n<meta property=\"og:site_name\" content=\"RG Deportes\u200e\" \/>\n<meta property=\"article:publisher\" content=\"https:\/\/www.facebook.com\/RandallGutierrezDeportes\/\" \/>\n<meta property=\"article:published_time\" content=\"2024-03-25T20:13:09+00:00\" \/>\n<meta property=\"article:modified_time\" content=\"2024-03-25T20:13:10+00:00\" \/>\n<meta property=\"og:image\" content=\"http:\/\/rgdeportes.com\/wp-content\/uploads\/2024\/03\/IMG_20240316_155937-scaled.jpg\" \/>\n\t<meta property=\"og:image:width\" content=\"2560\" \/>\n\t<meta property=\"og:image:height\" content=\"1920\" \/>\n\t<meta property=\"og:image:type\" content=\"image\/jpeg\" \/>\n<meta name=\"author\" content=\"Randall Gutierrez\" \/>\n<meta name=\"twitter:card\" content=\"summary_large_image\" \/>\n<meta name=\"twitter:label1\" content=\"Escrito por\" \/>\n\t<meta name=\"twitter:data1\" content=\"Randall Gutierrez\" \/>\n\t<meta name=\"twitter:label2\" content=\"Tiempo de lectura\" \/>\n\t<meta name=\"twitter:data2\" content=\"2 minutos\" \/>\n<script type=\"application\/ld+json\" class=\"yoast-schema-graph\">{\"@context\":\"https:\/\/schema.org\",\"@graph\":[{\"@type\":\"Article\",\"@id\":\"https:\/\/rgdeportes.com\/index.php\/2024\/03\/25\/esgrima-por-la-clasificacion-a-los-juegos-olimpicos\/#article\",\"isPartOf\":{\"@id\":\"https:\/\/rgdeportes.com\/index.php\/2024\/03\/25\/esgrima-por-la-clasificacion-a-los-juegos-olimpicos\/\"},\"author\":{\"name\":\"Randall Gutierrez\",\"@id\":\"https:\/\/rgdeportes.com\/#\/schema\/person\/91795323fddb335a4fd017bf0e4b1358\"},\"headline\":\"Esgrima por la clasificaci\u00f3n a los Juegos Ol\u00edmpicos\",\"datePublished\":\"2024-03-25T20:13:09+00:00\",\"dateModified\":\"2024-03-25T20:13:10+00:00\",\"mainEntityOfPage\":{\"@id\":\"https:\/\/rgdeportes.com\/index.php\/2024\/03\/25\/esgrima-por-la-clasificacion-a-los-juegos-olimpicos\/\"},\"wordCount\":228,\"publisher\":{\"@id\":\"https:\/\/rgdeportes.com\/#organization\"},\"keywords\":[\"#ClasificatorioEsgrimaJuegosOlimpicos\",\"#EsgrimaCostaRica\"],\"articleSection\":[\"Deportes de combate\"],\"inLanguage\":\"es\"},{\"@type\":\"WebPage\",\"@id\":\"https:\/\/rgdeportes.com\/index.php\/2024\/03\/25\/esgrima-por-la-clasificacion-a-los-juegos-olimpicos\/\",\"url\":\"https:\/\/rgdeportes.com\/index.php\/2024\/03\/25\/esgrima-por-la-clasificacion-a-los-juegos-olimpicos\/\",\"name\":\"Esgrima por la clasificaci\u00f3n a los Juegos Ol\u00edmpicos - RG Deportes\u200e\",\"isPartOf\":{\"@id\":\"https:\/\/rgdeportes.com\/#website\"},\"datePublished\":\"2024-03-25T20:13:09+00:00\",\"dateModified\":\"2024-03-25T20:13:10+00:00\",\"breadcrumb\":{\"@id\":\"https:\/\/rgdeportes.com\/index.php\/2024\/03\/25\/esgrima-por-la-clasificacion-a-los-juegos-olimpicos\/#breadcrumb\"},\"inLanguage\":\"es\",\"potentialAction\":[{\"@type\":\"ReadAction\",\"target\":[\"https:\/\/rgdeportes.com\/index.php\/2024\/03\/25\/esgrima-por-la-clasificacion-a-los-juegos-olimpicos\/\"]}]},{\"@type\":\"BreadcrumbList\",\"@id\":\"https:\/\/rgdeportes.com\/index.php\/2024\/03\/25\/esgrima-por-la-clasificacion-a-los-juegos-olimpicos\/#breadcrumb\",\"itemListElement\":[{\"@type\":\"ListItem\",\"position\":1,\"name\":\"Portada\",\"item\":\"https:\/\/rgdeportes.com\/\"},{\"@type\":\"ListItem\",\"position\":2,\"name\":\"Esgrima por la clasificaci\u00f3n a los Juegos Ol\u00edmpicos\"}]},{\"@type\":\"WebSite\",\"@id\":\"https:\/\/rgdeportes.com\/#website\",\"url\":\"https:\/\/rgdeportes.com\/\",\"name\":\"RG Deportes\u200e\",\"description\":\"\",\"publisher\":{\"@id\":\"https:\/\/rgdeportes.com\/#organization\"},\"potentialAction\":[{\"@type\":\"SearchAction\",\"target\":{\"@type\":\"EntryPoint\",\"urlTemplate\":\"https:\/\/rgdeportes.com\/?s={search_term_string}\"},\"query-input\":\"required name=search_term_string\"}],\"inLanguage\":\"es\"},{\"@type\":\"Organization\",\"@id\":\"https:\/\/rgdeportes.com\/#organization\",\"name\":\"RG Deportes\",\"url\":\"https:\/\/rgdeportes.com\/\",\"logo\":{\"@type\":\"ImageObject\",\"inLanguage\":\"es\",\"@id\":\"https:\/\/rgdeportes.com\/#\/schema\/logo\/image\/\",\"url\":\"https:\/\/rgdeportes.com\/wp-content\/uploads\/2020\/09\/Logo.png\",\"contentUrl\":\"https:\/\/rgdeportes.com\/wp-content\/uploads\/2020\/09\/Logo.png\",\"width\":784,\"height\":552,\"caption\":\"RG Deportes\"},\"image\":{\"@id\":\"https:\/\/rgdeportes.com\/#\/schema\/logo\/image\/\"},\"sameAs\":[\"https:\/\/www.facebook.com\/RandallGutierrezDeportes\/\",\"https:\/\/www.instagram.com\/randallgutierrezdeportes\/\",\"https:\/\/www.youtube.com\/channel\/UCX4_qbvtnTwoF5t2zNqBDvA\"]},{\"@type\":\"Person\",\"@id\":\"https:\/\/rgdeportes.com\/#\/schema\/person\/91795323fddb335a4fd017bf0e4b1358\",\"name\":\"Randall Gutierrez\",\"image\":{\"@type\":\"ImageObject\",\"inLanguage\":\"es\",\"@id\":\"https:\/\/rgdeportes.com\/#\/schema\/person\/image\/\",\"url\":\"https:\/\/secure.gravatar.com\/avatar\/d0884ea8b9b50bcfad3c0d20049361b5?s=96&d=mm&r=g\",\"contentUrl\":\"https:\/\/secure.gravatar.com\/avatar\/d0884ea8b9b50bcfad3c0d20049361b5?s=96&d=mm&r=g\",\"caption\":\"Randall Gutierrez\"},\"url\":\"https:\/\/rgdeportes.com\/index.php\/author\/randall\/\"}]}<\/script>\n<!-- \/ Yoast SEO plugin. -->","yoast_head_json":{"title":"Esgrima por la clasificaci\u00f3n a los Juegos Ol\u00edmpicos - RG Deportes\u200e","robots":{"index":"index","follow":"follow","max-snippet":"max-snippet:-1","max-image-preview":"max-image-preview:large","max-video-preview":"max-video-preview:-1"},"canonical":"https:\/\/rgdeportes.com\/index.php\/2024\/03\/25\/esgrima-por-la-clasificacion-a-los-juegos-olimpicos\/","og_locale":"es_ES","og_type":"article","og_title":"Esgrima por la clasificaci\u00f3n a los Juegos Ol\u00edmpicos - RG Deportes\u200e","og_description":"Costa Rica ser\u00e1 la sede del Torneo Clasificaci\u00f3n Ol\u00edmpica Par\u00eds &#8211; Zona Am\u00e9rica, as\u00ed lo confirm\u00f3 la Federaci\u00f3n Costarricense de Esgrima (FECOES) tras informar de manera oficial de este Torneo,&hellip;","og_url":"https:\/\/rgdeportes.com\/index.php\/2024\/03\/25\/esgrima-por-la-clasificacion-a-los-juegos-olimpicos\/","og_site_name":"RG Deportes\u200e","article_publisher":"https:\/\/www.facebook.com\/RandallGutierrezDeportes\/","article_published_time":"2024-03-25T20:13:09+00:00","article_modified_time":"2024-03-25T20:13:10+00:00","og_image":[{"width":2560,"height":1920,"url":"http:\/\/rgdeportes.com\/wp-content\/uploads\/2024\/03\/IMG_20240316_155937-scaled.jpg","type":"image\/jpeg"}],"author":"Randall Gutierrez","twitter_card":"summary_large_image","twitter_misc":{"Escrito por":"Randall Gutierrez","Tiempo de lectura":"2 minutos"},"schema":{"@context":"https:\/\/schema.org","@graph":[{"@type":"Article","@id":"https:\/\/rgdeportes.com\/index.php\/2024\/03\/25\/esgrima-por-la-clasificacion-a-los-juegos-olimpicos\/#article","isPartOf":{"@id":"https:\/\/rgdeportes.com\/index.php\/2024\/03\/25\/esgrima-por-la-clasificacion-a-los-juegos-olimpicos\/"},"author":{"name":"Randall Gutierrez","@id":"https:\/\/rgdeportes.com\/#\/schema\/person\/91795323fddb335a4fd017bf0e4b1358"},"headline":"Esgrima por la clasificaci\u00f3n a los Juegos Ol\u00edmpicos","datePublished":"2024-03-25T20:13:09+00:00","dateModified":"2024-03-25T20:13:10+00:00","mainEntityOfPage":{"@id":"https:\/\/rgdeportes.com\/index.php\/2024\/03\/25\/esgrima-por-la-clasificacion-a-los-juegos-olimpicos\/"},"wordCount":228,"publisher":{"@id":"https:\/\/rgdeportes.com\/#organization"},"keywords":["#ClasificatorioEsgrimaJuegosOlimpicos","#EsgrimaCostaRica"],"articleSection":["Deportes de combate"],"inLanguage":"es"},{"@type":"WebPage","@id":"https:\/\/rgdeportes.com\/index.php\/2024\/03\/25\/esgrima-por-la-clasificacion-a-los-juegos-olimpicos\/","url":"https:\/\/rgdeportes.com\/index.php\/2024\/03\/25\/esgrima-por-la-clasificacion-a-los-juegos-olimpicos\/","name":"Esgrima por la clasificaci\u00f3n a los Juegos Ol\u00edmpicos - RG Deportes\u200e","isPartOf":{"@id":"https:\/\/rgdeportes.com\/#website"},"datePublished":"2024-03-25T20:13:09+00:00","dateModified":"2024-03-25T20:13:10+00:00","breadcrumb":{"@id":"https:\/\/rgdeportes.com\/index.php\/2024\/03\/25\/esgrima-por-la-clasificacion-a-los-juegos-olimpicos\/#breadcrumb"},"inLanguage":"es","potentialAction":[{"@type":"ReadAction","target":["https:\/\/rgdeportes.com\/index.php\/2024\/03\/25\/esgrima-por-la-clasificacion-a-los-juegos-olimpicos\/"]}]},{"@type":"BreadcrumbList","@id":"https:\/\/rgdeportes.com\/index.php\/2024\/03\/25\/esgrima-por-la-clasificacion-a-los-juegos-olimpicos\/#breadcrumb","itemListElement":[{"@type":"ListItem","position":1,"name":"Portada","item":"https:\/\/rgdeportes.com\/"},{"@type":"ListItem","position":2,"name":"Esgrima por la clasificaci\u00f3n a los Juegos Ol\u00edmpicos"}]},{"@type":"WebSite","@id":"https:\/\/rgdeportes.com\/#website","url":"https:\/\/rgdeportes.com\/","name":"RG Deportes\u200e","description":"","publisher":{"@id":"https:\/\/rgdeportes.com\/#organization"},"potentialAction":[{"@type":"SearchAction","target":{"@type":"EntryPoint","urlTemplate":"https:\/\/rgdeportes.com\/?s={search_term_string}"},"query-input":"required name=search_term_string"}],"inLanguage":"es"},{"@type":"Organization","@id":"https:\/\/rgdeportes.com\/#organization","name":"RG Deportes","url":"https:\/\/rgdeportes.com\/","logo":{"@type":"ImageObject","inLanguage":"es","@id":"https:\/\/rgdeportes.com\/#\/schema\/logo\/image\/","url":"https:\/\/rgdeportes.com\/wp-content\/uploads\/2020\/09\/Logo.png","contentUrl":"https:\/\/rgdeportes.com\/wp-content\/uploads\/2020\/09\/Logo.png","width":784,"height":552,"caption":"RG Deportes"},"image":{"@id":"https:\/\/rgdeportes.com\/#\/schema\/logo\/image\/"},"sameAs":["https:\/\/www.facebook.com\/RandallGutierrezDeportes\/","https:\/\/www.instagram.com\/randallgutierrezdeportes\/","https:\/\/www.youtube.com\/channel\/UCX4_qbvtnTwoF5t2zNqBDvA"]},{"@type":"Person","@id":"https:\/\/rgdeportes.com\/#\/schema\/person\/91795323fddb335a4fd017bf0e4b1358","name":"Randall Gutierrez","image":{"@type":"ImageObject","inLanguage":"es","@id":"https:\/\/rgdeportes.com\/#\/schema\/person\/image\/","url":"https:\/\/secure.gravatar.com\/avatar\/d0884ea8b9b50bcfad3c0d20049361b5?s=96&d=mm&r=g","contentUrl":"https:\/\/secure.gravatar.com\/avatar\/d0884ea8b9b50bcfad3c0d20049361b5?s=96&d=mm&r=g","caption":"Randall Gutierrez"},"url":"https:\/\/rgdeportes.com\/index.php\/author\/randall\/"}]}},"_links":{"self":[{"href":"https:\/\/rgdeportes.com\/index.php\/wp-json\/wp\/v2\/posts\/8107","targetHints":{"allow":["GET"]}}],"collection":[{"href":"https:\/\/rgdeportes.com\/index.php\/wp-json\/wp\/v2\/posts"}],"about":[{"href":"https:\/\/rgdeportes.com\/index.php\/wp-json\/wp\/v2\/types\/post"}],"author":[{"embeddable":true,"href":"https:\/\/rgdeportes.com\/index.php\/wp-json\/wp\/v2\/users\/2"}],"replies":[{"embeddable":true,"href":"https:\/\/rgdeportes.com\/index.php\/wp-json\/wp\/v2\/comments?post=8107"}],"version-history":[{"count":1,"href":"https:\/\/rgdeportes.com\/index.php\/wp-json\/wp\/v2\/posts\/8107\/revisions"}],"predecessor-version":[{"id":8110,"href":"https:\/\/rgdeportes.com\/index.php\/wp-json\/wp\/v2\/posts\/8107\/revisions\/8110"}],"wp:featuredmedia":[{"embeddable":true,"href":"https:\/\/rgdeportes.com\/index.php\/wp-json\/wp\/v2\/media\/8108"}],"wp:attachment":[{"href":"https:\/\/rgdeportes.com\/index.php\/wp-json\/wp\/v2\/media?parent=8107"}],"wp:term":[{"taxonomy":"category","embeddable":true,"href":"https:\/\/rgdeportes.com\/index.php\/wp-json\/wp\/v2\/categories?post=8107"},{"taxonomy":"post_tag","embeddable":true,"href":"https:\/\/rgdeportes.com\/index.php\/wp-json\/wp\/v2\/tags?post=8107"}],"curies":[{"name":"wp","href":"https:\/\/api.w.org\/{rel}","templated":true}]}}