{"id":8101,"date":"2024-03-25T19:40:58","date_gmt":"2024-03-25T19:40:58","guid":{"rendered":"https:\/\/rgdeportes.com\/?p=8101"},"modified":"2024-03-25T19:41:41","modified_gmt":"2024-03-25T19:41:41","slug":"velocidad-pura-en-el-automovilismo-y-el-superbike","status":"publish","type":"post","link":"https:\/\/rgdeportes.com\/index.php\/2024\/03\/25\/velocidad-pura-en-el-automovilismo-y-el-superbike\/","title":{"rendered":"Velocidad pura en el Automovilismo y el Superbike"},"content":{"rendered":"\n<figure class=\"wp-block-image size-large is-resized\"><img loading=\"lazy\" decoding=\"async\" width=\"1024\" height=\"684\" src=\"https:\/\/rgdeportes.com\/wp-content\/uploads\/2024\/03\/StreetToysMedia6-1024x684.jpeg\" alt=\"\" class=\"wp-image-8102\" style=\"aspect-ratio:1.4970760233918128;width:344px;height:auto\" srcset=\"https:\/\/rgdeportes.com\/wp-content\/uploads\/2024\/03\/StreetToysMedia6-1024x684.jpeg 1024w, https:\/\/rgdeportes.com\/wp-content\/uploads\/2024\/03\/StreetToysMedia6-300x200.jpeg 300w, https:\/\/rgdeportes.com\/wp-content\/uploads\/2024\/03\/StreetToysMedia6-768x513.jpeg 768w, https:\/\/rgdeportes.com\/wp-content\/uploads\/2024\/03\/StreetToysMedia6-1536x1027.jpeg 1536w, https:\/\/rgdeportes.com\/wp-content\/uploads\/2024\/03\/StreetToysMedia6.jpeg 1616w\" sizes=\"auto, (max-width: 1024px) 100vw, 1024px\" \/><\/figure>\n\n\n\n<p>Una vez m\u00e1s, los amantes de la velocidad al l\u00edmite y las emociones tuvieron su prueba durante la <strong>\u00ab<em>Primera Fecha del Campeonato de Automovilismo Copa Motorola y la Primera Fecha del Campeonato AMA Superbike Castrol Actevo 2024<\/em><\/strong><em><strong>\u00ab<\/strong><\/em>, la ma\u00f1ana y tarde de este <strong><em>domingo 24 de marzo <\/em><\/strong>desde el circuito starcars.com del <strong><em>Parque Viva, La Gu\u00e1cima, Alajuela. <\/em><\/strong><\/p>\n\n\n\n<p>Durante el evento, la adrenalina fue parte vital de quienes disfrutaron de un d\u00eda completo de actividades de diferentes disciplinas, como las motocicletas, drift, veh\u00edculos ex\u00f3ticos, y actividades como el \u201cRace Parade\u201d y la tradicional exhibici\u00f3n de los veh\u00edculos de competencia en la recta principal, donde las personas pudieron disfrutar de ver los autos de cerca y conocer a los pilotos.<\/p>\n\n\n\n<p>El inicio se dio a las 9:30 de la ma\u00f1ana y con el pasar de las horas los aficionados disfrutaron de competencias de mucha emoci\u00f3n y d\u00f3nde es notable el inter\u00e9s de los pilotos y marcas por tener autos de alta preparaci\u00f3n.<\/p>\n\n\n\n<p>En la categor\u00eda principal, la GT3 el actual campe\u00f3n nacional Emilio Valverde, reforz\u00f3 sus intenciones de querer revalidar el t\u00edtulo esta temporada dando fuerte pelea a sus rivales y resultando ganador de esta primera jornada con un acumulado total extraoficial de 40 puntos.<\/p>\n\n\n\n<p>En la GT2 Marlon Bola\u00f1os tambi\u00e9n inici\u00f3 con pie derecho la temporada al dejarse el primer lugar del podio de la jornada con un total de 38 unidades.<\/p>\n\n\n\n<p>Erick Quir\u00f3s y Nicol\u00e1s Trejos en el veh\u00edculo n\u00famero 2 fueron los mas destacados en la GT3 Spec al cerrar la fecha con 40 unidades, mientras que Steven Segura en el auto 99 se impuso en la ST con la misma cantidad de puntos.<\/p>\n\n\n\n<p>Una de las novedades para este 2024 fue la incorporaci\u00f3n de la rama Open para novatos y en la que participaron cinco veh\u00edculos, y el ganador fue Alonso Villegas.<\/p>\n\n\n\n<p>Tambi\u00e9n en esta fecha destaca la participaci\u00f3n de una dupla femenina, se trat\u00f3 de Alejandra Salas y Maya Carvajal quienes dan sus primeros pasos juntas en el auto 34 de la categor\u00eda ST, para esta fecha cerraron en el puesto n\u00famero 10.<\/p>\n\n\n\n<p>Lo resultados generales extraoficiales fueron:<\/p>\n\n\n\n<p>GT2<br>Marlon Bola\u00f1os (08) 38 puntos<br>Esteban Jim\u00e9nez (18) 34 puntos<br>Carlos Mora (16) 34 puntos<\/p>\n\n\n\n<p>GT3<br>Emilio Valverde (68) 40 puntos<br>Mauricio Hern\u00e1ndez (7) 36 puntos<br>Alan Hern\u00e1ndez (19) 30 puntos<\/p>\n\n\n\n<p>GT3 Spec<br>Erick Quir\u00f3s\/ Nicol\u00e1s Trejos (2) 40 puntos<br>Erick Brenes (18) 36 puntos<br>Luis Jos\u00e9 Mar\u00edn (15) 32 puntos<\/p>\n\n\n\n<p>ST<br>Steven Segura (99) 40 puntos<br>Michel Mondrag\u00f3n (10) 36 puntos<br>Alvaro Golf\u00edn (27) 30 puntos<\/p>\n\n\n\n<p>Open: Alonso Villegas (26) 38 puntos<br>TC 1: Yeison Zamora (22) 38 puntos<br>TC 2: Andr\u00e9s G\u00f3mez (92) 38 puntos<br>TC 3: Gerardo Vargas (44) 38 puntos<br>TC 4: Hans Molina (86) 36 puntos<br>TC 5: Jorge Alberto Flores\/Lawrence Arce (24) 36 puntos<\/p>\n\n\n\n<p><strong><em>Sala domin\u00f3 en las SuperBikes<\/em><\/strong><\/p>\n\n\n\n<figure class=\"wp-block-image size-large\"><img loading=\"lazy\" decoding=\"async\" width=\"1024\" height=\"684\" src=\"https:\/\/rgdeportes.com\/wp-content\/uploads\/2024\/03\/StreetToysMedia1-1024x684.jpeg\" alt=\"\" class=\"wp-image-8103\" srcset=\"https:\/\/rgdeportes.com\/wp-content\/uploads\/2024\/03\/StreetToysMedia1-1024x684.jpeg 1024w, https:\/\/rgdeportes.com\/wp-content\/uploads\/2024\/03\/StreetToysMedia1-300x200.jpeg 300w, https:\/\/rgdeportes.com\/wp-content\/uploads\/2024\/03\/StreetToysMedia1-768x513.jpeg 768w, https:\/\/rgdeportes.com\/wp-content\/uploads\/2024\/03\/StreetToysMedia1.jpeg 1474w\" sizes=\"auto, (max-width: 1024px) 100vw, 1024px\" \/><\/figure>\n\n\n\n<p>El Campeonato AMA Superbike Castrol Actevo, por su parte, tuvo desarrollo con un total de dos heats por categor\u00eda y donde los espectadores pudieron de disfrutar de muy buenos piques y un alto nivel de competencia.<\/p>\n\n\n\n<p>En la rama mayor la 1000 cc el vencedor de la jornada fue el experimentado piloto Iv\u00e1n Sala con la moto 17, en 600 cc venci\u00f3 Ronny Jim\u00e9nez, en 200 cc Juan Carlos Paniagua, en Mujeres Melania Prado, en 300 cc Benedicto Chac\u00f3n y Jorge Calder\u00f3n se dej\u00f3 la fecha en la R3 Cup.<\/p>\n\n\n\n<p>Los resultados extraoficiales son:<\/p>\n\n\n\n<p>Super Sport AMA Women<br>Melania Prado (209) 50 puntos<br>Mar\u00eda Jos\u00e9 Zamora (917) 44 puntos<br>Candy Pascua (97) 40 puntos<\/p>\n\n\n\n<p>Super Sport 200 cc<br>Juan Carlos Paniagua (35) 50 puntos<br>Yohan Arce (233) 44 puntos<br>Santiago Jim\u00e9nez (18) 40 puntos<\/p>\n\n\n\n<p>Super Sport 300 cc<br>Benedicto Chac\u00f3n (182) 50 puntos<br>Luis Montecinos (7) 44 puntos<br>Rafael Fonseca (95) 38 puntos<\/p>\n\n\n\n<p>Super Sport 600 cc<br>Ronny Jim\u00e9nez (08) 50 puntos<br>Leonardo Guill\u00e9n (09) 44 puntos<br>Oscar Chavarr\u00eda (22) 40 puntos<\/p>\n\n\n\n<p>R3 Cup<br>Jorge Calder\u00f3n (03) 50 puntos<br>Melania Prado (209) 48 puntos<br>Gustavo Rojas (311) 44 puntos<\/p>\n\n\n\n<p>Super Bikes 1000 cc<br>Iv\u00e1n Sala (17) 50 puntos<br>Javier Collado (68) 44 puntos<br>Heiner Herrera (76) 40 puntos<\/p>\n\n\n\n<p>AMA Superbike CR es la organizaci\u00f3n detr\u00e1s de la convocatoria de pilotos y cuentan con el aval de la reci\u00e9n establecida Federaci\u00f3n de SuperBikes.<\/p>\n\n\n\n<p>La Copa Motorola fue dedicada al experimentado piloto Javier Quir\u00f3s.<\/p>\n\n\n\n<p>El automovilismo regresar\u00e1 con la Copa Castrol el pr\u00f3ximo 19 de mayo, este evento es organizado por Costa Rica Racing League (CRRL) con el aval de la Federaci\u00f3n Costarricense de Automovilismo y Motores (FECOM).<\/p>\n\n\n\n<p>(Fotos &#8211; MJ Comunicaci\u00f3n). <\/p>\n","protected":false},"excerpt":{"rendered":"<p>Una vez m\u00e1s, los amantes de la velocidad al l\u00edmite y las emociones tuvieron su prueba durante la \u00abPrimera Fecha del Campeonato de Automovilismo Copa Motorola y la Primera Fecha&hellip; <\/p>\n","protected":false},"author":2,"featured_media":8102,"comment_status":"closed","ping_status":"closed","sticky":false,"template":"","format":"standard","meta":{"om_disable_all_campaigns":false,"_monsterinsights_skip_tracking":false,"_monsterinsights_sitenote_active":false,"_monsterinsights_sitenote_note":"","_monsterinsights_sitenote_category":0,"footnotes":""},"categories":[524],"tags":[2527,2528],"class_list":["post-8101","post","type-post","status-publish","format-standard","has-post-thumbnail","hentry","category-ddm","tag-automovilismocostarica2024","tag-superbikescostarica"],"aioseo_notices":[],"yoast_head":"<!-- This site is optimized with the Yoast SEO plugin v21.2 - https:\/\/yoast.com\/wordpress\/plugins\/seo\/ -->\n<title>Velocidad pura en el Automovilismo y el Superbike - RG Deportes\u200e<\/title>\n<meta name=\"robots\" content=\"index, follow, max-snippet:-1, max-image-preview:large, max-video-preview:-1\" \/>\n<link rel=\"canonical\" href=\"https:\/\/rgdeportes.com\/index.php\/2024\/03\/25\/velocidad-pura-en-el-automovilismo-y-el-superbike\/\" \/>\n<meta property=\"og:locale\" content=\"es_ES\" \/>\n<meta property=\"og:type\" content=\"article\" \/>\n<meta property=\"og:title\" content=\"Velocidad pura en el Automovilismo y el Superbike - RG Deportes\u200e\" \/>\n<meta property=\"og:description\" content=\"Una vez m\u00e1s, los amantes de la velocidad al l\u00edmite y las emociones tuvieron su prueba durante la \u00abPrimera Fecha del Campeonato de Automovilismo Copa Motorola y la Primera Fecha&hellip;\" \/>\n<meta property=\"og:url\" content=\"https:\/\/rgdeportes.com\/index.php\/2024\/03\/25\/velocidad-pura-en-el-automovilismo-y-el-superbike\/\" \/>\n<meta property=\"og:site_name\" content=\"RG Deportes\u200e\" \/>\n<meta property=\"article:publisher\" content=\"https:\/\/www.facebook.com\/RandallGutierrezDeportes\/\" \/>\n<meta property=\"article:published_time\" content=\"2024-03-25T19:40:58+00:00\" \/>\n<meta property=\"article:modified_time\" content=\"2024-03-25T19:41:41+00:00\" \/>\n<meta property=\"og:image\" content=\"http:\/\/rgdeportes.com\/wp-content\/uploads\/2024\/03\/StreetToysMedia6.jpeg\" \/>\n\t<meta property=\"og:image:width\" content=\"1616\" \/>\n\t<meta property=\"og:image:height\" content=\"1080\" \/>\n\t<meta property=\"og:image:type\" content=\"image\/jpeg\" \/>\n<meta name=\"author\" content=\"Randall Gutierrez\" \/>\n<meta name=\"twitter:card\" content=\"summary_large_image\" \/>\n<meta name=\"twitter:label1\" content=\"Escrito por\" \/>\n\t<meta name=\"twitter:data1\" content=\"Randall Gutierrez\" \/>\n\t<meta name=\"twitter:label2\" content=\"Tiempo de lectura\" \/>\n\t<meta name=\"twitter:data2\" content=\"4 minutos\" \/>\n<script type=\"application\/ld+json\" class=\"yoast-schema-graph\">{\"@context\":\"https:\/\/schema.org\",\"@graph\":[{\"@type\":\"Article\",\"@id\":\"https:\/\/rgdeportes.com\/index.php\/2024\/03\/25\/velocidad-pura-en-el-automovilismo-y-el-superbike\/#article\",\"isPartOf\":{\"@id\":\"https:\/\/rgdeportes.com\/index.php\/2024\/03\/25\/velocidad-pura-en-el-automovilismo-y-el-superbike\/\"},\"author\":{\"name\":\"Randall Gutierrez\",\"@id\":\"https:\/\/rgdeportes.com\/#\/schema\/person\/91795323fddb335a4fd017bf0e4b1358\"},\"headline\":\"Velocidad pura en el Automovilismo y el Superbike\",\"datePublished\":\"2024-03-25T19:40:58+00:00\",\"dateModified\":\"2024-03-25T19:41:41+00:00\",\"mainEntityOfPage\":{\"@id\":\"https:\/\/rgdeportes.com\/index.php\/2024\/03\/25\/velocidad-pura-en-el-automovilismo-y-el-superbike\/\"},\"wordCount\":687,\"publisher\":{\"@id\":\"https:\/\/rgdeportes.com\/#organization\"},\"keywords\":[\"#AutomovilismoCostaRica2024\",\"#SuperbikesCostaRica\"],\"articleSection\":[\"Deportes de motor\"],\"inLanguage\":\"es\"},{\"@type\":\"WebPage\",\"@id\":\"https:\/\/rgdeportes.com\/index.php\/2024\/03\/25\/velocidad-pura-en-el-automovilismo-y-el-superbike\/\",\"url\":\"https:\/\/rgdeportes.com\/index.php\/2024\/03\/25\/velocidad-pura-en-el-automovilismo-y-el-superbike\/\",\"name\":\"Velocidad pura en el Automovilismo y el Superbike - RG Deportes\u200e\",\"isPartOf\":{\"@id\":\"https:\/\/rgdeportes.com\/#website\"},\"datePublished\":\"2024-03-25T19:40:58+00:00\",\"dateModified\":\"2024-03-25T19:41:41+00:00\",\"breadcrumb\":{\"@id\":\"https:\/\/rgdeportes.com\/index.php\/2024\/03\/25\/velocidad-pura-en-el-automovilismo-y-el-superbike\/#breadcrumb\"},\"inLanguage\":\"es\",\"potentialAction\":[{\"@type\":\"ReadAction\",\"target\":[\"https:\/\/rgdeportes.com\/index.php\/2024\/03\/25\/velocidad-pura-en-el-automovilismo-y-el-superbike\/\"]}]},{\"@type\":\"BreadcrumbList\",\"@id\":\"https:\/\/rgdeportes.com\/index.php\/2024\/03\/25\/velocidad-pura-en-el-automovilismo-y-el-superbike\/#breadcrumb\",\"itemListElement\":[{\"@type\":\"ListItem\",\"position\":1,\"name\":\"Portada\",\"item\":\"https:\/\/rgdeportes.com\/\"},{\"@type\":\"ListItem\",\"position\":2,\"name\":\"Velocidad pura en el Automovilismo y el Superbike\"}]},{\"@type\":\"WebSite\",\"@id\":\"https:\/\/rgdeportes.com\/#website\",\"url\":\"https:\/\/rgdeportes.com\/\",\"name\":\"RG Deportes\u200e\",\"description\":\"\",\"publisher\":{\"@id\":\"https:\/\/rgdeportes.com\/#organization\"},\"potentialAction\":[{\"@type\":\"SearchAction\",\"target\":{\"@type\":\"EntryPoint\",\"urlTemplate\":\"https:\/\/rgdeportes.com\/?s={search_term_string}\"},\"query-input\":\"required name=search_term_string\"}],\"inLanguage\":\"es\"},{\"@type\":\"Organization\",\"@id\":\"https:\/\/rgdeportes.com\/#organization\",\"name\":\"RG Deportes\",\"url\":\"https:\/\/rgdeportes.com\/\",\"logo\":{\"@type\":\"ImageObject\",\"inLanguage\":\"es\",\"@id\":\"https:\/\/rgdeportes.com\/#\/schema\/logo\/image\/\",\"url\":\"https:\/\/rgdeportes.com\/wp-content\/uploads\/2020\/09\/Logo.png\",\"contentUrl\":\"https:\/\/rgdeportes.com\/wp-content\/uploads\/2020\/09\/Logo.png\",\"width\":784,\"height\":552,\"caption\":\"RG Deportes\"},\"image\":{\"@id\":\"https:\/\/rgdeportes.com\/#\/schema\/logo\/image\/\"},\"sameAs\":[\"https:\/\/www.facebook.com\/RandallGutierrezDeportes\/\",\"https:\/\/www.instagram.com\/randallgutierrezdeportes\/\",\"https:\/\/www.youtube.com\/channel\/UCX4_qbvtnTwoF5t2zNqBDvA\"]},{\"@type\":\"Person\",\"@id\":\"https:\/\/rgdeportes.com\/#\/schema\/person\/91795323fddb335a4fd017bf0e4b1358\",\"name\":\"Randall Gutierrez\",\"image\":{\"@type\":\"ImageObject\",\"inLanguage\":\"es\",\"@id\":\"https:\/\/rgdeportes.com\/#\/schema\/person\/image\/\",\"url\":\"https:\/\/secure.gravatar.com\/avatar\/d0884ea8b9b50bcfad3c0d20049361b5?s=96&d=mm&r=g\",\"contentUrl\":\"https:\/\/secure.gravatar.com\/avatar\/d0884ea8b9b50bcfad3c0d20049361b5?s=96&d=mm&r=g\",\"caption\":\"Randall Gutierrez\"},\"url\":\"https:\/\/rgdeportes.com\/index.php\/author\/randall\/\"}]}<\/script>\n<!-- \/ Yoast SEO plugin. -->","yoast_head_json":{"title":"Velocidad pura en el Automovilismo y el Superbike - RG Deportes\u200e","robots":{"index":"index","follow":"follow","max-snippet":"max-snippet:-1","max-image-preview":"max-image-preview:large","max-video-preview":"max-video-preview:-1"},"canonical":"https:\/\/rgdeportes.com\/index.php\/2024\/03\/25\/velocidad-pura-en-el-automovilismo-y-el-superbike\/","og_locale":"es_ES","og_type":"article","og_title":"Velocidad pura en el Automovilismo y el Superbike - RG Deportes\u200e","og_description":"Una vez m\u00e1s, los amantes de la velocidad al l\u00edmite y las emociones tuvieron su prueba durante la \u00abPrimera Fecha del Campeonato de Automovilismo Copa Motorola y la Primera Fecha&hellip;","og_url":"https:\/\/rgdeportes.com\/index.php\/2024\/03\/25\/velocidad-pura-en-el-automovilismo-y-el-superbike\/","og_site_name":"RG Deportes\u200e","article_publisher":"https:\/\/www.facebook.com\/RandallGutierrezDeportes\/","article_published_time":"2024-03-25T19:40:58+00:00","article_modified_time":"2024-03-25T19:41:41+00:00","og_image":[{"width":1616,"height":1080,"url":"http:\/\/rgdeportes.com\/wp-content\/uploads\/2024\/03\/StreetToysMedia6.jpeg","type":"image\/jpeg"}],"author":"Randall Gutierrez","twitter_card":"summary_large_image","twitter_misc":{"Escrito por":"Randall Gutierrez","Tiempo de lectura":"4 minutos"},"schema":{"@context":"https:\/\/schema.org","@graph":[{"@type":"Article","@id":"https:\/\/rgdeportes.com\/index.php\/2024\/03\/25\/velocidad-pura-en-el-automovilismo-y-el-superbike\/#article","isPartOf":{"@id":"https:\/\/rgdeportes.com\/index.php\/2024\/03\/25\/velocidad-pura-en-el-automovilismo-y-el-superbike\/"},"author":{"name":"Randall Gutierrez","@id":"https:\/\/rgdeportes.com\/#\/schema\/person\/91795323fddb335a4fd017bf0e4b1358"},"headline":"Velocidad pura en el Automovilismo y el Superbike","datePublished":"2024-03-25T19:40:58+00:00","dateModified":"2024-03-25T19:41:41+00:00","mainEntityOfPage":{"@id":"https:\/\/rgdeportes.com\/index.php\/2024\/03\/25\/velocidad-pura-en-el-automovilismo-y-el-superbike\/"},"wordCount":687,"publisher":{"@id":"https:\/\/rgdeportes.com\/#organization"},"keywords":["#AutomovilismoCostaRica2024","#SuperbikesCostaRica"],"articleSection":["Deportes de motor"],"inLanguage":"es"},{"@type":"WebPage","@id":"https:\/\/rgdeportes.com\/index.php\/2024\/03\/25\/velocidad-pura-en-el-automovilismo-y-el-superbike\/","url":"https:\/\/rgdeportes.com\/index.php\/2024\/03\/25\/velocidad-pura-en-el-automovilismo-y-el-superbike\/","name":"Velocidad pura en el Automovilismo y el Superbike - RG Deportes\u200e","isPartOf":{"@id":"https:\/\/rgdeportes.com\/#website"},"datePublished":"2024-03-25T19:40:58+00:00","dateModified":"2024-03-25T19:41:41+00:00","breadcrumb":{"@id":"https:\/\/rgdeportes.com\/index.php\/2024\/03\/25\/velocidad-pura-en-el-automovilismo-y-el-superbike\/#breadcrumb"},"inLanguage":"es","potentialAction":[{"@type":"ReadAction","target":["https:\/\/rgdeportes.com\/index.php\/2024\/03\/25\/velocidad-pura-en-el-automovilismo-y-el-superbike\/"]}]},{"@type":"BreadcrumbList","@id":"https:\/\/rgdeportes.com\/index.php\/2024\/03\/25\/velocidad-pura-en-el-automovilismo-y-el-superbike\/#breadcrumb","itemListElement":[{"@type":"ListItem","position":1,"name":"Portada","item":"https:\/\/rgdeportes.com\/"},{"@type":"ListItem","position":2,"name":"Velocidad pura en el Automovilismo y el Superbike"}]},{"@type":"WebSite","@id":"https:\/\/rgdeportes.com\/#website","url":"https:\/\/rgdeportes.com\/","name":"RG Deportes\u200e","description":"","publisher":{"@id":"https:\/\/rgdeportes.com\/#organization"},"potentialAction":[{"@type":"SearchAction","target":{"@type":"EntryPoint","urlTemplate":"https:\/\/rgdeportes.com\/?s={search_term_string}"},"query-input":"required name=search_term_string"}],"inLanguage":"es"},{"@type":"Organization","@id":"https:\/\/rgdeportes.com\/#organization","name":"RG Deportes","url":"https:\/\/rgdeportes.com\/","logo":{"@type":"ImageObject","inLanguage":"es","@id":"https:\/\/rgdeportes.com\/#\/schema\/logo\/image\/","url":"https:\/\/rgdeportes.com\/wp-content\/uploads\/2020\/09\/Logo.png","contentUrl":"https:\/\/rgdeportes.com\/wp-content\/uploads\/2020\/09\/Logo.png","width":784,"height":552,"caption":"RG Deportes"},"image":{"@id":"https:\/\/rgdeportes.com\/#\/schema\/logo\/image\/"},"sameAs":["https:\/\/www.facebook.com\/RandallGutierrezDeportes\/","https:\/\/www.instagram.com\/randallgutierrezdeportes\/","https:\/\/www.youtube.com\/channel\/UCX4_qbvtnTwoF5t2zNqBDvA"]},{"@type":"Person","@id":"https:\/\/rgdeportes.com\/#\/schema\/person\/91795323fddb335a4fd017bf0e4b1358","name":"Randall Gutierrez","image":{"@type":"ImageObject","inLanguage":"es","@id":"https:\/\/rgdeportes.com\/#\/schema\/person\/image\/","url":"https:\/\/secure.gravatar.com\/avatar\/d0884ea8b9b50bcfad3c0d20049361b5?s=96&d=mm&r=g","contentUrl":"https:\/\/secure.gravatar.com\/avatar\/d0884ea8b9b50bcfad3c0d20049361b5?s=96&d=mm&r=g","caption":"Randall Gutierrez"},"url":"https:\/\/rgdeportes.com\/index.php\/author\/randall\/"}]}},"_links":{"self":[{"href":"https:\/\/rgdeportes.com\/index.php\/wp-json\/wp\/v2\/posts\/8101","targetHints":{"allow":["GET"]}}],"collection":[{"href":"https:\/\/rgdeportes.com\/index.php\/wp-json\/wp\/v2\/posts"}],"about":[{"href":"https:\/\/rgdeportes.com\/index.php\/wp-json\/wp\/v2\/types\/post"}],"author":[{"embeddable":true,"href":"https:\/\/rgdeportes.com\/index.php\/wp-json\/wp\/v2\/users\/2"}],"replies":[{"embeddable":true,"href":"https:\/\/rgdeportes.com\/index.php\/wp-json\/wp\/v2\/comments?post=8101"}],"version-history":[{"count":2,"href":"https:\/\/rgdeportes.com\/index.php\/wp-json\/wp\/v2\/posts\/8101\/revisions"}],"predecessor-version":[{"id":8105,"href":"https:\/\/rgdeportes.com\/index.php\/wp-json\/wp\/v2\/posts\/8101\/revisions\/8105"}],"wp:featuredmedia":[{"embeddable":true,"href":"https:\/\/rgdeportes.com\/index.php\/wp-json\/wp\/v2\/media\/8102"}],"wp:attachment":[{"href":"https:\/\/rgdeportes.com\/index.php\/wp-json\/wp\/v2\/media?parent=8101"}],"wp:term":[{"taxonomy":"category","embeddable":true,"href":"https:\/\/rgdeportes.com\/index.php\/wp-json\/wp\/v2\/categories?post=8101"},{"taxonomy":"post_tag","embeddable":true,"href":"https:\/\/rgdeportes.com\/index.php\/wp-json\/wp\/v2\/tags?post=8101"}],"curies":[{"name":"wp","href":"https:\/\/api.w.org\/{rel}","templated":true}]}}