{"id":8024,"date":"2024-03-18T05:45:12","date_gmt":"2024-03-18T05:45:12","guid":{"rendered":"https:\/\/rgdeportes.com\/?p=8024"},"modified":"2024-03-18T05:45:13","modified_gmt":"2024-03-18T05:45:13","slug":"triatleta-tica-destaco-en-la-copa-continental","status":"publish","type":"post","link":"https:\/\/rgdeportes.com\/index.php\/2024\/03\/18\/triatleta-tica-destaco-en-la-copa-continental\/","title":{"rendered":"Triatleta tica destac\u00f3 en la Copa Continental"},"content":{"rendered":"\n<figure class=\"wp-block-image size-large\"><img loading=\"lazy\" decoding=\"async\" width=\"819\" height=\"1024\" src=\"https:\/\/rgdeportes.com\/wp-content\/uploads\/2024\/03\/FB_IMG_1710739808245-819x1024.jpg\" alt=\"\" class=\"wp-image-8025\" srcset=\"https:\/\/rgdeportes.com\/wp-content\/uploads\/2024\/03\/FB_IMG_1710739808245-819x1024.jpg 819w, https:\/\/rgdeportes.com\/wp-content\/uploads\/2024\/03\/FB_IMG_1710739808245-240x300.jpg 240w, https:\/\/rgdeportes.com\/wp-content\/uploads\/2024\/03\/FB_IMG_1710739808245-768x960.jpg 768w, https:\/\/rgdeportes.com\/wp-content\/uploads\/2024\/03\/FB_IMG_1710739808245.jpg 1080w\" sizes=\"auto, (max-width: 819px) 100vw, 819px\" \/><\/figure>\n\n\n\n<p>La triatleta costarricense <strong><em>Raquel Sol\u00eds <\/em><\/strong>compiti\u00f3 este s\u00e1bado en la <strong><em>Copa Continental de La Paz<\/em><\/strong>, misma se llev\u00f3 a cabo en territorio mexicano, esto por la distancia ol\u00edmpica. <\/p>\n\n\n\n<p><strong><em>Raquel<\/em><\/strong>, obtuvo una presentaci\u00f3n bastante destacable, donde se di\u00f3 la fuga junto a dos atletas m\u00e1s durante la primera transici\u00f3n. <\/p>\n\n\n\n<p>Con ello, logr\u00f3 liderar gran parte de la competencia y obteniendo un final en la posici\u00f3n n\u00famero seis con un <em><strong>tiempo de 1:58:11, <\/strong><\/em>as\u00ed suma puntos para el R\u00e1nking. <\/p>\n\n\n\n<p><strong>Fue una buena competencia<\/strong><\/p>\n\n\n\n<figure class=\"wp-block-image size-large\"><img loading=\"lazy\" decoding=\"async\" width=\"819\" height=\"1024\" src=\"https:\/\/rgdeportes.com\/wp-content\/uploads\/2024\/03\/FB_IMG_1710739814290-819x1024.jpg\" alt=\"\" class=\"wp-image-8026\" srcset=\"https:\/\/rgdeportes.com\/wp-content\/uploads\/2024\/03\/FB_IMG_1710739814290-819x1024.jpg 819w, https:\/\/rgdeportes.com\/wp-content\/uploads\/2024\/03\/FB_IMG_1710739814290-240x300.jpg 240w, https:\/\/rgdeportes.com\/wp-content\/uploads\/2024\/03\/FB_IMG_1710739814290-768x960.jpg 768w, https:\/\/rgdeportes.com\/wp-content\/uploads\/2024\/03\/FB_IMG_1710739814290.jpg 1080w\" sizes=\"auto, (max-width: 819px) 100vw, 819px\" \/><\/figure>\n\n\n\n<p>\u00abNad\u00e9 muy bien, al frente, saliendo del agua se hizo un corte, me logr\u00e9 ir con la mexicana Rosa Tapia y una japonesa. Nos fuimos fugadas todo el ciclismo, y aunque atr\u00e1s ven\u00eda el grupo principal, les abrimos bastante, solo que me baj\u00e9 de la bici bastante cansada y terminando la carrera me alcanzaron unas chicas que ven\u00edan corriendo fuerte\u00bb. <\/p>\n\n\n\n<p>\u00abMe alcanz\u00f3 para un sexto, fue un poco frustante porque toda la competencia mantuve el podio, y al final me pasaron tres chicas. En general estuvo bien, arriesgu\u00e9, le di duro en la bici, y creo que fue una buena competencia\u00bb, destac\u00f3 <strong><em>Raquel Sol\u00eds.<\/em><\/strong><\/p>\n\n\n\n<p>(Fotos &#8211; Federaci\u00f3n Unidad de Triatl\u00f3n, Costa Rica). <\/p>\n","protected":false},"excerpt":{"rendered":"<p>La triatleta costarricense Raquel Sol\u00eds compiti\u00f3 este s\u00e1bado en la Copa Continental de La Paz, misma se llev\u00f3 a cabo en territorio mexicano, esto por la distancia ol\u00edmpica. Raquel, obtuvo&hellip; <\/p>\n","protected":false},"author":2,"featured_media":8025,"comment_status":"closed","ping_status":"closed","sticky":false,"template":"","format":"standard","meta":{"om_disable_all_campaigns":false,"_monsterinsights_skip_tracking":false,"_monsterinsights_sitenote_active":false,"_monsterinsights_sitenote_note":"","_monsterinsights_sitenote_category":0,"footnotes":""},"categories":[10],"tags":[2498,2497,383],"class_list":["post-8024","post","type-post","status-publish","format-standard","has-post-thumbnail","hentry","category-in","tag-copaintercontinentaltriatlon","tag-triatletaraquelsolis","tag-triatloncostarica"],"aioseo_notices":[],"yoast_head":"<!-- This site is optimized with the Yoast SEO plugin v21.2 - https:\/\/yoast.com\/wordpress\/plugins\/seo\/ -->\n<title>Triatleta tica destac\u00f3 en la Copa Continental - RG Deportes\u200e<\/title>\n<meta name=\"robots\" content=\"index, follow, max-snippet:-1, max-image-preview:large, max-video-preview:-1\" \/>\n<link rel=\"canonical\" href=\"https:\/\/rgdeportes.com\/index.php\/2024\/03\/18\/triatleta-tica-destaco-en-la-copa-continental\/\" \/>\n<meta property=\"og:locale\" content=\"es_ES\" \/>\n<meta property=\"og:type\" content=\"article\" \/>\n<meta property=\"og:title\" content=\"Triatleta tica destac\u00f3 en la Copa Continental - RG Deportes\u200e\" \/>\n<meta property=\"og:description\" content=\"La triatleta costarricense Raquel Sol\u00eds compiti\u00f3 este s\u00e1bado en la Copa Continental de La Paz, misma se llev\u00f3 a cabo en territorio mexicano, esto por la distancia ol\u00edmpica. Raquel, obtuvo&hellip;\" \/>\n<meta property=\"og:url\" content=\"https:\/\/rgdeportes.com\/index.php\/2024\/03\/18\/triatleta-tica-destaco-en-la-copa-continental\/\" \/>\n<meta property=\"og:site_name\" content=\"RG Deportes\u200e\" \/>\n<meta property=\"article:publisher\" content=\"https:\/\/www.facebook.com\/RandallGutierrezDeportes\/\" \/>\n<meta property=\"article:published_time\" content=\"2024-03-18T05:45:12+00:00\" \/>\n<meta property=\"article:modified_time\" content=\"2024-03-18T05:45:13+00:00\" \/>\n<meta property=\"og:image\" content=\"http:\/\/rgdeportes.com\/wp-content\/uploads\/2024\/03\/FB_IMG_1710739808245.jpg\" \/>\n\t<meta property=\"og:image:width\" content=\"1080\" \/>\n\t<meta property=\"og:image:height\" content=\"1350\" \/>\n\t<meta property=\"og:image:type\" content=\"image\/jpeg\" \/>\n<meta name=\"author\" content=\"Randall Gutierrez\" \/>\n<meta name=\"twitter:card\" content=\"summary_large_image\" \/>\n<meta name=\"twitter:label1\" content=\"Escrito por\" \/>\n\t<meta name=\"twitter:data1\" content=\"Randall Gutierrez\" \/>\n\t<meta name=\"twitter:label2\" content=\"Tiempo de lectura\" \/>\n\t<meta name=\"twitter:data2\" content=\"2 minutos\" \/>\n<script type=\"application\/ld+json\" class=\"yoast-schema-graph\">{\"@context\":\"https:\/\/schema.org\",\"@graph\":[{\"@type\":\"Article\",\"@id\":\"https:\/\/rgdeportes.com\/index.php\/2024\/03\/18\/triatleta-tica-destaco-en-la-copa-continental\/#article\",\"isPartOf\":{\"@id\":\"https:\/\/rgdeportes.com\/index.php\/2024\/03\/18\/triatleta-tica-destaco-en-la-copa-continental\/\"},\"author\":{\"name\":\"Randall Gutierrez\",\"@id\":\"https:\/\/rgdeportes.com\/#\/schema\/person\/91795323fddb335a4fd017bf0e4b1358\"},\"headline\":\"Triatleta tica destac\u00f3 en la Copa Continental\",\"datePublished\":\"2024-03-18T05:45:12+00:00\",\"dateModified\":\"2024-03-18T05:45:13+00:00\",\"mainEntityOfPage\":{\"@id\":\"https:\/\/rgdeportes.com\/index.php\/2024\/03\/18\/triatleta-tica-destaco-en-la-copa-continental\/\"},\"wordCount\":214,\"publisher\":{\"@id\":\"https:\/\/rgdeportes.com\/#organization\"},\"keywords\":[\"#copaintercontinentaltriatl\u00f3n\",\"#triatletaraquelsol\u00eds\",\"#Triatl\u00f3nCostaRica\"],\"articleSection\":[\"Internacionales\"],\"inLanguage\":\"es\"},{\"@type\":\"WebPage\",\"@id\":\"https:\/\/rgdeportes.com\/index.php\/2024\/03\/18\/triatleta-tica-destaco-en-la-copa-continental\/\",\"url\":\"https:\/\/rgdeportes.com\/index.php\/2024\/03\/18\/triatleta-tica-destaco-en-la-copa-continental\/\",\"name\":\"Triatleta tica destac\u00f3 en la Copa Continental - RG Deportes\u200e\",\"isPartOf\":{\"@id\":\"https:\/\/rgdeportes.com\/#website\"},\"datePublished\":\"2024-03-18T05:45:12+00:00\",\"dateModified\":\"2024-03-18T05:45:13+00:00\",\"breadcrumb\":{\"@id\":\"https:\/\/rgdeportes.com\/index.php\/2024\/03\/18\/triatleta-tica-destaco-en-la-copa-continental\/#breadcrumb\"},\"inLanguage\":\"es\",\"potentialAction\":[{\"@type\":\"ReadAction\",\"target\":[\"https:\/\/rgdeportes.com\/index.php\/2024\/03\/18\/triatleta-tica-destaco-en-la-copa-continental\/\"]}]},{\"@type\":\"BreadcrumbList\",\"@id\":\"https:\/\/rgdeportes.com\/index.php\/2024\/03\/18\/triatleta-tica-destaco-en-la-copa-continental\/#breadcrumb\",\"itemListElement\":[{\"@type\":\"ListItem\",\"position\":1,\"name\":\"Portada\",\"item\":\"https:\/\/rgdeportes.com\/\"},{\"@type\":\"ListItem\",\"position\":2,\"name\":\"Triatleta tica destac\u00f3 en la Copa Continental\"}]},{\"@type\":\"WebSite\",\"@id\":\"https:\/\/rgdeportes.com\/#website\",\"url\":\"https:\/\/rgdeportes.com\/\",\"name\":\"RG Deportes\u200e\",\"description\":\"\",\"publisher\":{\"@id\":\"https:\/\/rgdeportes.com\/#organization\"},\"potentialAction\":[{\"@type\":\"SearchAction\",\"target\":{\"@type\":\"EntryPoint\",\"urlTemplate\":\"https:\/\/rgdeportes.com\/?s={search_term_string}\"},\"query-input\":\"required name=search_term_string\"}],\"inLanguage\":\"es\"},{\"@type\":\"Organization\",\"@id\":\"https:\/\/rgdeportes.com\/#organization\",\"name\":\"RG Deportes\",\"url\":\"https:\/\/rgdeportes.com\/\",\"logo\":{\"@type\":\"ImageObject\",\"inLanguage\":\"es\",\"@id\":\"https:\/\/rgdeportes.com\/#\/schema\/logo\/image\/\",\"url\":\"https:\/\/rgdeportes.com\/wp-content\/uploads\/2020\/09\/Logo.png\",\"contentUrl\":\"https:\/\/rgdeportes.com\/wp-content\/uploads\/2020\/09\/Logo.png\",\"width\":784,\"height\":552,\"caption\":\"RG Deportes\"},\"image\":{\"@id\":\"https:\/\/rgdeportes.com\/#\/schema\/logo\/image\/\"},\"sameAs\":[\"https:\/\/www.facebook.com\/RandallGutierrezDeportes\/\",\"https:\/\/www.instagram.com\/randallgutierrezdeportes\/\",\"https:\/\/www.youtube.com\/channel\/UCX4_qbvtnTwoF5t2zNqBDvA\"]},{\"@type\":\"Person\",\"@id\":\"https:\/\/rgdeportes.com\/#\/schema\/person\/91795323fddb335a4fd017bf0e4b1358\",\"name\":\"Randall Gutierrez\",\"image\":{\"@type\":\"ImageObject\",\"inLanguage\":\"es\",\"@id\":\"https:\/\/rgdeportes.com\/#\/schema\/person\/image\/\",\"url\":\"https:\/\/secure.gravatar.com\/avatar\/d0884ea8b9b50bcfad3c0d20049361b5?s=96&d=mm&r=g\",\"contentUrl\":\"https:\/\/secure.gravatar.com\/avatar\/d0884ea8b9b50bcfad3c0d20049361b5?s=96&d=mm&r=g\",\"caption\":\"Randall Gutierrez\"},\"url\":\"https:\/\/rgdeportes.com\/index.php\/author\/randall\/\"}]}<\/script>\n<!-- \/ Yoast SEO plugin. -->","yoast_head_json":{"title":"Triatleta tica destac\u00f3 en la Copa Continental - RG Deportes\u200e","robots":{"index":"index","follow":"follow","max-snippet":"max-snippet:-1","max-image-preview":"max-image-preview:large","max-video-preview":"max-video-preview:-1"},"canonical":"https:\/\/rgdeportes.com\/index.php\/2024\/03\/18\/triatleta-tica-destaco-en-la-copa-continental\/","og_locale":"es_ES","og_type":"article","og_title":"Triatleta tica destac\u00f3 en la Copa Continental - RG Deportes\u200e","og_description":"La triatleta costarricense Raquel Sol\u00eds compiti\u00f3 este s\u00e1bado en la Copa Continental de La Paz, misma se llev\u00f3 a cabo en territorio mexicano, esto por la distancia ol\u00edmpica. Raquel, obtuvo&hellip;","og_url":"https:\/\/rgdeportes.com\/index.php\/2024\/03\/18\/triatleta-tica-destaco-en-la-copa-continental\/","og_site_name":"RG Deportes\u200e","article_publisher":"https:\/\/www.facebook.com\/RandallGutierrezDeportes\/","article_published_time":"2024-03-18T05:45:12+00:00","article_modified_time":"2024-03-18T05:45:13+00:00","og_image":[{"width":1080,"height":1350,"url":"http:\/\/rgdeportes.com\/wp-content\/uploads\/2024\/03\/FB_IMG_1710739808245.jpg","type":"image\/jpeg"}],"author":"Randall Gutierrez","twitter_card":"summary_large_image","twitter_misc":{"Escrito por":"Randall Gutierrez","Tiempo de lectura":"2 minutos"},"schema":{"@context":"https:\/\/schema.org","@graph":[{"@type":"Article","@id":"https:\/\/rgdeportes.com\/index.php\/2024\/03\/18\/triatleta-tica-destaco-en-la-copa-continental\/#article","isPartOf":{"@id":"https:\/\/rgdeportes.com\/index.php\/2024\/03\/18\/triatleta-tica-destaco-en-la-copa-continental\/"},"author":{"name":"Randall Gutierrez","@id":"https:\/\/rgdeportes.com\/#\/schema\/person\/91795323fddb335a4fd017bf0e4b1358"},"headline":"Triatleta tica destac\u00f3 en la Copa Continental","datePublished":"2024-03-18T05:45:12+00:00","dateModified":"2024-03-18T05:45:13+00:00","mainEntityOfPage":{"@id":"https:\/\/rgdeportes.com\/index.php\/2024\/03\/18\/triatleta-tica-destaco-en-la-copa-continental\/"},"wordCount":214,"publisher":{"@id":"https:\/\/rgdeportes.com\/#organization"},"keywords":["#copaintercontinentaltriatl\u00f3n","#triatletaraquelsol\u00eds","#Triatl\u00f3nCostaRica"],"articleSection":["Internacionales"],"inLanguage":"es"},{"@type":"WebPage","@id":"https:\/\/rgdeportes.com\/index.php\/2024\/03\/18\/triatleta-tica-destaco-en-la-copa-continental\/","url":"https:\/\/rgdeportes.com\/index.php\/2024\/03\/18\/triatleta-tica-destaco-en-la-copa-continental\/","name":"Triatleta tica destac\u00f3 en la Copa Continental - RG Deportes\u200e","isPartOf":{"@id":"https:\/\/rgdeportes.com\/#website"},"datePublished":"2024-03-18T05:45:12+00:00","dateModified":"2024-03-18T05:45:13+00:00","breadcrumb":{"@id":"https:\/\/rgdeportes.com\/index.php\/2024\/03\/18\/triatleta-tica-destaco-en-la-copa-continental\/#breadcrumb"},"inLanguage":"es","potentialAction":[{"@type":"ReadAction","target":["https:\/\/rgdeportes.com\/index.php\/2024\/03\/18\/triatleta-tica-destaco-en-la-copa-continental\/"]}]},{"@type":"BreadcrumbList","@id":"https:\/\/rgdeportes.com\/index.php\/2024\/03\/18\/triatleta-tica-destaco-en-la-copa-continental\/#breadcrumb","itemListElement":[{"@type":"ListItem","position":1,"name":"Portada","item":"https:\/\/rgdeportes.com\/"},{"@type":"ListItem","position":2,"name":"Triatleta tica destac\u00f3 en la Copa Continental"}]},{"@type":"WebSite","@id":"https:\/\/rgdeportes.com\/#website","url":"https:\/\/rgdeportes.com\/","name":"RG Deportes\u200e","description":"","publisher":{"@id":"https:\/\/rgdeportes.com\/#organization"},"potentialAction":[{"@type":"SearchAction","target":{"@type":"EntryPoint","urlTemplate":"https:\/\/rgdeportes.com\/?s={search_term_string}"},"query-input":"required name=search_term_string"}],"inLanguage":"es"},{"@type":"Organization","@id":"https:\/\/rgdeportes.com\/#organization","name":"RG Deportes","url":"https:\/\/rgdeportes.com\/","logo":{"@type":"ImageObject","inLanguage":"es","@id":"https:\/\/rgdeportes.com\/#\/schema\/logo\/image\/","url":"https:\/\/rgdeportes.com\/wp-content\/uploads\/2020\/09\/Logo.png","contentUrl":"https:\/\/rgdeportes.com\/wp-content\/uploads\/2020\/09\/Logo.png","width":784,"height":552,"caption":"RG Deportes"},"image":{"@id":"https:\/\/rgdeportes.com\/#\/schema\/logo\/image\/"},"sameAs":["https:\/\/www.facebook.com\/RandallGutierrezDeportes\/","https:\/\/www.instagram.com\/randallgutierrezdeportes\/","https:\/\/www.youtube.com\/channel\/UCX4_qbvtnTwoF5t2zNqBDvA"]},{"@type":"Person","@id":"https:\/\/rgdeportes.com\/#\/schema\/person\/91795323fddb335a4fd017bf0e4b1358","name":"Randall Gutierrez","image":{"@type":"ImageObject","inLanguage":"es","@id":"https:\/\/rgdeportes.com\/#\/schema\/person\/image\/","url":"https:\/\/secure.gravatar.com\/avatar\/d0884ea8b9b50bcfad3c0d20049361b5?s=96&d=mm&r=g","contentUrl":"https:\/\/secure.gravatar.com\/avatar\/d0884ea8b9b50bcfad3c0d20049361b5?s=96&d=mm&r=g","caption":"Randall Gutierrez"},"url":"https:\/\/rgdeportes.com\/index.php\/author\/randall\/"}]}},"_links":{"self":[{"href":"https:\/\/rgdeportes.com\/index.php\/wp-json\/wp\/v2\/posts\/8024","targetHints":{"allow":["GET"]}}],"collection":[{"href":"https:\/\/rgdeportes.com\/index.php\/wp-json\/wp\/v2\/posts"}],"about":[{"href":"https:\/\/rgdeportes.com\/index.php\/wp-json\/wp\/v2\/types\/post"}],"author":[{"embeddable":true,"href":"https:\/\/rgdeportes.com\/index.php\/wp-json\/wp\/v2\/users\/2"}],"replies":[{"embeddable":true,"href":"https:\/\/rgdeportes.com\/index.php\/wp-json\/wp\/v2\/comments?post=8024"}],"version-history":[{"count":1,"href":"https:\/\/rgdeportes.com\/index.php\/wp-json\/wp\/v2\/posts\/8024\/revisions"}],"predecessor-version":[{"id":8027,"href":"https:\/\/rgdeportes.com\/index.php\/wp-json\/wp\/v2\/posts\/8024\/revisions\/8027"}],"wp:featuredmedia":[{"embeddable":true,"href":"https:\/\/rgdeportes.com\/index.php\/wp-json\/wp\/v2\/media\/8025"}],"wp:attachment":[{"href":"https:\/\/rgdeportes.com\/index.php\/wp-json\/wp\/v2\/media?parent=8024"}],"wp:term":[{"taxonomy":"category","embeddable":true,"href":"https:\/\/rgdeportes.com\/index.php\/wp-json\/wp\/v2\/categories?post=8024"},{"taxonomy":"post_tag","embeddable":true,"href":"https:\/\/rgdeportes.com\/index.php\/wp-json\/wp\/v2\/tags?post=8024"}],"curies":[{"name":"wp","href":"https:\/\/api.w.org\/{rel}","templated":true}]}}