{"id":7924,"date":"2024-03-04T22:20:24","date_gmt":"2024-03-04T22:20:24","guid":{"rendered":"https:\/\/rgdeportes.com\/?p=7924"},"modified":"2024-03-04T22:20:25","modified_gmt":"2024-03-04T22:20:25","slug":"costarricense-con-destino-al-tour-mundial-de-skateboarding","status":"publish","type":"post","link":"https:\/\/rgdeportes.com\/index.php\/2024\/03\/04\/costarricense-con-destino-al-tour-mundial-de-skateboarding\/","title":{"rendered":"Costarricense con destino al Tour Mundial de Skateboarding"},"content":{"rendered":"\n<figure class=\"wp-block-image size-large\"><img loading=\"lazy\" decoding=\"async\" width=\"1024\" height=\"768\" src=\"https:\/\/rgdeportes.com\/wp-content\/uploads\/2024\/03\/Skate-1-1024x768.jpeg\" alt=\"\" class=\"wp-image-7925\" srcset=\"https:\/\/rgdeportes.com\/wp-content\/uploads\/2024\/03\/Skate-1-1024x768.jpeg 1024w, https:\/\/rgdeportes.com\/wp-content\/uploads\/2024\/03\/Skate-1-300x225.jpeg 300w, https:\/\/rgdeportes.com\/wp-content\/uploads\/2024\/03\/Skate-1-768x576.jpeg 768w, https:\/\/rgdeportes.com\/wp-content\/uploads\/2024\/03\/Skate-1-1536x1152.jpeg 1536w, https:\/\/rgdeportes.com\/wp-content\/uploads\/2024\/03\/Skate-1-2048x1536.jpeg 2048w\" sizes=\"auto, (max-width: 1024px) 100vw, 1024px\" \/><\/figure>\n\n\n\n<p>As\u00ed lo dio a conocer por parte de un comunicado de la <strong><em>Federaci\u00f3n Costarricense de Patinaje y Deportes Afines (FEDEPAT)<\/em><\/strong>, y con el respaldo de misma, da a conocer que <strong><em>Paul Hagen Esquivel <\/em><\/strong>viaj\u00f3 d\u00edas atr\u00e1s hacia <strong><em>Dub\u00e1i, Emiratos \u00c1rabes Unidos<\/em><\/strong>, donde a partir del <strong><em>6 de marzo <\/em><\/strong>participar\u00e1 en un evento del <strong><em>Tour Mundial de Skateboarding de 2024<\/em><\/strong>, modalidad&nbsp;<em>street,<\/em>&nbsp;organizado por World Skate (federaci\u00f3n internacional de patinaje sobre ruedas) y v\u00e1lido para sumar puntos en el <strong><em>ranking mundial de skateboarding<\/em><\/strong> para los <strong><em>Juegos Ol\u00edmpicos Par\u00eds 2024<\/em><\/strong>.<br>&nbsp;<br>Esta ser\u00e1 la segunda ocasi\u00f3n en que Paul Hagen tomar\u00e1 parte en un evento del Tour Mundial de Skateboarding, pues en septiembre de 2023 particip\u00f3 en otro evento realizado en Lausanne, Suiza, en que sum\u00f3 300 puntos. Adem\u00e1s de Paul, otros dos&nbsp;<em>skaters<\/em>&nbsp;ticos se encuentran en el ranking mundial de skateboarding: Mariano Alfaro y Mariano Villalobos.<br><br>La participaci\u00f3n de Paul Hagen, actual campe\u00f3n centroamericano de skateboarding y quien represent\u00f3 a nuestro pa\u00eds en los Juegos Centroamericanos y del Caribe de Playa Santa Marta 2023, ser\u00e1 posible gracias al apoyo que el Comit\u00e9 Ol\u00edmpico Nacional (CON) le brind\u00f3 a la FEDEPAT y el respaldo de patrocinadores de la empresa privada.<br>&nbsp;<br>Antes de abordar el vuelo hacia Zurich, Suiza, desde donde partir\u00e1 a Dub\u00e1i, Paul&nbsp; Hagen expres\u00f3 que sus expectativas son altas,&nbsp;<em>\u00abganar, pues&nbsp; siempre hay que ir positivos a ganar y, si no se puede, quedar alto\u00bb.<\/em>&nbsp;De igual manera, agradeci\u00f3 al Comit\u00e9 Ol\u00edmpico Nacional y a la FEDEPAT por todo el apoyo que le han brindado.<\/p>\n\n\n\n<p>(Foto \u2013 FEDEPAT).<\/p>\n","protected":false},"excerpt":{"rendered":"<p>As\u00ed lo dio a conocer por parte de un comunicado de la Federaci\u00f3n Costarricense de Patinaje y Deportes Afines (FEDEPAT), y con el respaldo de misma, da a conocer que&hellip; <\/p>\n","protected":false},"author":2,"featured_media":7925,"comment_status":"closed","ping_status":"closed","sticky":false,"template":"","format":"standard","meta":{"om_disable_all_campaigns":false,"_monsterinsights_skip_tracking":false,"_monsterinsights_sitenote_active":false,"_monsterinsights_sitenote_note":"","_monsterinsights_sitenote_category":0,"footnotes":""},"categories":[10],"tags":[2462,2459,2461],"class_list":["post-7924","post","type-post","status-publish","format-standard","has-post-thumbnail","hentry","category-in","tag-paulhagenesquivel","tag-skateboarding2024","tag-tourmundialskateboarding"],"aioseo_notices":[],"yoast_head":"<!-- This site is optimized with the Yoast SEO plugin v21.2 - https:\/\/yoast.com\/wordpress\/plugins\/seo\/ -->\n<title>Costarricense con destino al Tour Mundial de Skateboarding - RG Deportes\u200e<\/title>\n<meta name=\"robots\" content=\"index, follow, max-snippet:-1, max-image-preview:large, max-video-preview:-1\" \/>\n<link rel=\"canonical\" href=\"https:\/\/rgdeportes.com\/index.php\/2024\/03\/04\/costarricense-con-destino-al-tour-mundial-de-skateboarding\/\" \/>\n<meta property=\"og:locale\" content=\"es_ES\" \/>\n<meta property=\"og:type\" content=\"article\" \/>\n<meta property=\"og:title\" content=\"Costarricense con destino al Tour Mundial de Skateboarding - RG Deportes\u200e\" \/>\n<meta property=\"og:description\" content=\"As\u00ed lo dio a conocer por parte de un comunicado de la Federaci\u00f3n Costarricense de Patinaje y Deportes Afines (FEDEPAT), y con el respaldo de misma, da a conocer que&hellip;\" \/>\n<meta property=\"og:url\" content=\"https:\/\/rgdeportes.com\/index.php\/2024\/03\/04\/costarricense-con-destino-al-tour-mundial-de-skateboarding\/\" \/>\n<meta property=\"og:site_name\" content=\"RG Deportes\u200e\" \/>\n<meta property=\"article:publisher\" content=\"https:\/\/www.facebook.com\/RandallGutierrezDeportes\/\" \/>\n<meta property=\"article:published_time\" content=\"2024-03-04T22:20:24+00:00\" \/>\n<meta property=\"article:modified_time\" content=\"2024-03-04T22:20:25+00:00\" \/>\n<meta property=\"og:image\" content=\"http:\/\/rgdeportes.com\/wp-content\/uploads\/2024\/03\/Skate-1-scaled.jpeg\" \/>\n\t<meta property=\"og:image:width\" content=\"2560\" \/>\n\t<meta property=\"og:image:height\" content=\"1920\" \/>\n\t<meta property=\"og:image:type\" content=\"image\/jpeg\" \/>\n<meta name=\"author\" content=\"Randall Gutierrez\" \/>\n<meta name=\"twitter:card\" content=\"summary_large_image\" \/>\n<meta name=\"twitter:label1\" content=\"Escrito por\" \/>\n\t<meta name=\"twitter:data1\" content=\"Randall Gutierrez\" \/>\n\t<meta name=\"twitter:label2\" content=\"Tiempo de lectura\" \/>\n\t<meta name=\"twitter:data2\" content=\"2 minutos\" \/>\n<script type=\"application\/ld+json\" class=\"yoast-schema-graph\">{\"@context\":\"https:\/\/schema.org\",\"@graph\":[{\"@type\":\"Article\",\"@id\":\"https:\/\/rgdeportes.com\/index.php\/2024\/03\/04\/costarricense-con-destino-al-tour-mundial-de-skateboarding\/#article\",\"isPartOf\":{\"@id\":\"https:\/\/rgdeportes.com\/index.php\/2024\/03\/04\/costarricense-con-destino-al-tour-mundial-de-skateboarding\/\"},\"author\":{\"name\":\"Randall Gutierrez\",\"@id\":\"https:\/\/rgdeportes.com\/#\/schema\/person\/91795323fddb335a4fd017bf0e4b1358\"},\"headline\":\"Costarricense con destino al Tour Mundial de Skateboarding\",\"datePublished\":\"2024-03-04T22:20:24+00:00\",\"dateModified\":\"2024-03-04T22:20:25+00:00\",\"mainEntityOfPage\":{\"@id\":\"https:\/\/rgdeportes.com\/index.php\/2024\/03\/04\/costarricense-con-destino-al-tour-mundial-de-skateboarding\/\"},\"wordCount\":285,\"publisher\":{\"@id\":\"https:\/\/rgdeportes.com\/#organization\"},\"keywords\":[\"#PaulHagenEsquivel\",\"#Skateboarding2024\",\"#TourMundialSkateboarding\"],\"articleSection\":[\"Internacionales\"],\"inLanguage\":\"es\"},{\"@type\":\"WebPage\",\"@id\":\"https:\/\/rgdeportes.com\/index.php\/2024\/03\/04\/costarricense-con-destino-al-tour-mundial-de-skateboarding\/\",\"url\":\"https:\/\/rgdeportes.com\/index.php\/2024\/03\/04\/costarricense-con-destino-al-tour-mundial-de-skateboarding\/\",\"name\":\"Costarricense con destino al Tour Mundial de Skateboarding - RG Deportes\u200e\",\"isPartOf\":{\"@id\":\"https:\/\/rgdeportes.com\/#website\"},\"datePublished\":\"2024-03-04T22:20:24+00:00\",\"dateModified\":\"2024-03-04T22:20:25+00:00\",\"breadcrumb\":{\"@id\":\"https:\/\/rgdeportes.com\/index.php\/2024\/03\/04\/costarricense-con-destino-al-tour-mundial-de-skateboarding\/#breadcrumb\"},\"inLanguage\":\"es\",\"potentialAction\":[{\"@type\":\"ReadAction\",\"target\":[\"https:\/\/rgdeportes.com\/index.php\/2024\/03\/04\/costarricense-con-destino-al-tour-mundial-de-skateboarding\/\"]}]},{\"@type\":\"BreadcrumbList\",\"@id\":\"https:\/\/rgdeportes.com\/index.php\/2024\/03\/04\/costarricense-con-destino-al-tour-mundial-de-skateboarding\/#breadcrumb\",\"itemListElement\":[{\"@type\":\"ListItem\",\"position\":1,\"name\":\"Portada\",\"item\":\"https:\/\/rgdeportes.com\/\"},{\"@type\":\"ListItem\",\"position\":2,\"name\":\"Costarricense con destino al Tour Mundial de Skateboarding\"}]},{\"@type\":\"WebSite\",\"@id\":\"https:\/\/rgdeportes.com\/#website\",\"url\":\"https:\/\/rgdeportes.com\/\",\"name\":\"RG Deportes\u200e\",\"description\":\"\",\"publisher\":{\"@id\":\"https:\/\/rgdeportes.com\/#organization\"},\"potentialAction\":[{\"@type\":\"SearchAction\",\"target\":{\"@type\":\"EntryPoint\",\"urlTemplate\":\"https:\/\/rgdeportes.com\/?s={search_term_string}\"},\"query-input\":\"required name=search_term_string\"}],\"inLanguage\":\"es\"},{\"@type\":\"Organization\",\"@id\":\"https:\/\/rgdeportes.com\/#organization\",\"name\":\"RG Deportes\",\"url\":\"https:\/\/rgdeportes.com\/\",\"logo\":{\"@type\":\"ImageObject\",\"inLanguage\":\"es\",\"@id\":\"https:\/\/rgdeportes.com\/#\/schema\/logo\/image\/\",\"url\":\"https:\/\/rgdeportes.com\/wp-content\/uploads\/2020\/09\/Logo.png\",\"contentUrl\":\"https:\/\/rgdeportes.com\/wp-content\/uploads\/2020\/09\/Logo.png\",\"width\":784,\"height\":552,\"caption\":\"RG Deportes\"},\"image\":{\"@id\":\"https:\/\/rgdeportes.com\/#\/schema\/logo\/image\/\"},\"sameAs\":[\"https:\/\/www.facebook.com\/RandallGutierrezDeportes\/\",\"https:\/\/www.instagram.com\/randallgutierrezdeportes\/\",\"https:\/\/www.youtube.com\/channel\/UCX4_qbvtnTwoF5t2zNqBDvA\"]},{\"@type\":\"Person\",\"@id\":\"https:\/\/rgdeportes.com\/#\/schema\/person\/91795323fddb335a4fd017bf0e4b1358\",\"name\":\"Randall Gutierrez\",\"image\":{\"@type\":\"ImageObject\",\"inLanguage\":\"es\",\"@id\":\"https:\/\/rgdeportes.com\/#\/schema\/person\/image\/\",\"url\":\"https:\/\/secure.gravatar.com\/avatar\/d0884ea8b9b50bcfad3c0d20049361b5?s=96&d=mm&r=g\",\"contentUrl\":\"https:\/\/secure.gravatar.com\/avatar\/d0884ea8b9b50bcfad3c0d20049361b5?s=96&d=mm&r=g\",\"caption\":\"Randall Gutierrez\"},\"url\":\"https:\/\/rgdeportes.com\/index.php\/author\/randall\/\"}]}<\/script>\n<!-- \/ Yoast SEO plugin. -->","yoast_head_json":{"title":"Costarricense con destino al Tour Mundial de Skateboarding - RG Deportes\u200e","robots":{"index":"index","follow":"follow","max-snippet":"max-snippet:-1","max-image-preview":"max-image-preview:large","max-video-preview":"max-video-preview:-1"},"canonical":"https:\/\/rgdeportes.com\/index.php\/2024\/03\/04\/costarricense-con-destino-al-tour-mundial-de-skateboarding\/","og_locale":"es_ES","og_type":"article","og_title":"Costarricense con destino al Tour Mundial de Skateboarding - RG Deportes\u200e","og_description":"As\u00ed lo dio a conocer por parte de un comunicado de la Federaci\u00f3n Costarricense de Patinaje y Deportes Afines (FEDEPAT), y con el respaldo de misma, da a conocer que&hellip;","og_url":"https:\/\/rgdeportes.com\/index.php\/2024\/03\/04\/costarricense-con-destino-al-tour-mundial-de-skateboarding\/","og_site_name":"RG Deportes\u200e","article_publisher":"https:\/\/www.facebook.com\/RandallGutierrezDeportes\/","article_published_time":"2024-03-04T22:20:24+00:00","article_modified_time":"2024-03-04T22:20:25+00:00","og_image":[{"width":2560,"height":1920,"url":"http:\/\/rgdeportes.com\/wp-content\/uploads\/2024\/03\/Skate-1-scaled.jpeg","type":"image\/jpeg"}],"author":"Randall Gutierrez","twitter_card":"summary_large_image","twitter_misc":{"Escrito por":"Randall Gutierrez","Tiempo de lectura":"2 minutos"},"schema":{"@context":"https:\/\/schema.org","@graph":[{"@type":"Article","@id":"https:\/\/rgdeportes.com\/index.php\/2024\/03\/04\/costarricense-con-destino-al-tour-mundial-de-skateboarding\/#article","isPartOf":{"@id":"https:\/\/rgdeportes.com\/index.php\/2024\/03\/04\/costarricense-con-destino-al-tour-mundial-de-skateboarding\/"},"author":{"name":"Randall Gutierrez","@id":"https:\/\/rgdeportes.com\/#\/schema\/person\/91795323fddb335a4fd017bf0e4b1358"},"headline":"Costarricense con destino al Tour Mundial de Skateboarding","datePublished":"2024-03-04T22:20:24+00:00","dateModified":"2024-03-04T22:20:25+00:00","mainEntityOfPage":{"@id":"https:\/\/rgdeportes.com\/index.php\/2024\/03\/04\/costarricense-con-destino-al-tour-mundial-de-skateboarding\/"},"wordCount":285,"publisher":{"@id":"https:\/\/rgdeportes.com\/#organization"},"keywords":["#PaulHagenEsquivel","#Skateboarding2024","#TourMundialSkateboarding"],"articleSection":["Internacionales"],"inLanguage":"es"},{"@type":"WebPage","@id":"https:\/\/rgdeportes.com\/index.php\/2024\/03\/04\/costarricense-con-destino-al-tour-mundial-de-skateboarding\/","url":"https:\/\/rgdeportes.com\/index.php\/2024\/03\/04\/costarricense-con-destino-al-tour-mundial-de-skateboarding\/","name":"Costarricense con destino al Tour Mundial de Skateboarding - RG Deportes\u200e","isPartOf":{"@id":"https:\/\/rgdeportes.com\/#website"},"datePublished":"2024-03-04T22:20:24+00:00","dateModified":"2024-03-04T22:20:25+00:00","breadcrumb":{"@id":"https:\/\/rgdeportes.com\/index.php\/2024\/03\/04\/costarricense-con-destino-al-tour-mundial-de-skateboarding\/#breadcrumb"},"inLanguage":"es","potentialAction":[{"@type":"ReadAction","target":["https:\/\/rgdeportes.com\/index.php\/2024\/03\/04\/costarricense-con-destino-al-tour-mundial-de-skateboarding\/"]}]},{"@type":"BreadcrumbList","@id":"https:\/\/rgdeportes.com\/index.php\/2024\/03\/04\/costarricense-con-destino-al-tour-mundial-de-skateboarding\/#breadcrumb","itemListElement":[{"@type":"ListItem","position":1,"name":"Portada","item":"https:\/\/rgdeportes.com\/"},{"@type":"ListItem","position":2,"name":"Costarricense con destino al Tour Mundial de Skateboarding"}]},{"@type":"WebSite","@id":"https:\/\/rgdeportes.com\/#website","url":"https:\/\/rgdeportes.com\/","name":"RG Deportes\u200e","description":"","publisher":{"@id":"https:\/\/rgdeportes.com\/#organization"},"potentialAction":[{"@type":"SearchAction","target":{"@type":"EntryPoint","urlTemplate":"https:\/\/rgdeportes.com\/?s={search_term_string}"},"query-input":"required name=search_term_string"}],"inLanguage":"es"},{"@type":"Organization","@id":"https:\/\/rgdeportes.com\/#organization","name":"RG Deportes","url":"https:\/\/rgdeportes.com\/","logo":{"@type":"ImageObject","inLanguage":"es","@id":"https:\/\/rgdeportes.com\/#\/schema\/logo\/image\/","url":"https:\/\/rgdeportes.com\/wp-content\/uploads\/2020\/09\/Logo.png","contentUrl":"https:\/\/rgdeportes.com\/wp-content\/uploads\/2020\/09\/Logo.png","width":784,"height":552,"caption":"RG Deportes"},"image":{"@id":"https:\/\/rgdeportes.com\/#\/schema\/logo\/image\/"},"sameAs":["https:\/\/www.facebook.com\/RandallGutierrezDeportes\/","https:\/\/www.instagram.com\/randallgutierrezdeportes\/","https:\/\/www.youtube.com\/channel\/UCX4_qbvtnTwoF5t2zNqBDvA"]},{"@type":"Person","@id":"https:\/\/rgdeportes.com\/#\/schema\/person\/91795323fddb335a4fd017bf0e4b1358","name":"Randall Gutierrez","image":{"@type":"ImageObject","inLanguage":"es","@id":"https:\/\/rgdeportes.com\/#\/schema\/person\/image\/","url":"https:\/\/secure.gravatar.com\/avatar\/d0884ea8b9b50bcfad3c0d20049361b5?s=96&d=mm&r=g","contentUrl":"https:\/\/secure.gravatar.com\/avatar\/d0884ea8b9b50bcfad3c0d20049361b5?s=96&d=mm&r=g","caption":"Randall Gutierrez"},"url":"https:\/\/rgdeportes.com\/index.php\/author\/randall\/"}]}},"_links":{"self":[{"href":"https:\/\/rgdeportes.com\/index.php\/wp-json\/wp\/v2\/posts\/7924","targetHints":{"allow":["GET"]}}],"collection":[{"href":"https:\/\/rgdeportes.com\/index.php\/wp-json\/wp\/v2\/posts"}],"about":[{"href":"https:\/\/rgdeportes.com\/index.php\/wp-json\/wp\/v2\/types\/post"}],"author":[{"embeddable":true,"href":"https:\/\/rgdeportes.com\/index.php\/wp-json\/wp\/v2\/users\/2"}],"replies":[{"embeddable":true,"href":"https:\/\/rgdeportes.com\/index.php\/wp-json\/wp\/v2\/comments?post=7924"}],"version-history":[{"count":1,"href":"https:\/\/rgdeportes.com\/index.php\/wp-json\/wp\/v2\/posts\/7924\/revisions"}],"predecessor-version":[{"id":7926,"href":"https:\/\/rgdeportes.com\/index.php\/wp-json\/wp\/v2\/posts\/7924\/revisions\/7926"}],"wp:featuredmedia":[{"embeddable":true,"href":"https:\/\/rgdeportes.com\/index.php\/wp-json\/wp\/v2\/media\/7925"}],"wp:attachment":[{"href":"https:\/\/rgdeportes.com\/index.php\/wp-json\/wp\/v2\/media?parent=7924"}],"wp:term":[{"taxonomy":"category","embeddable":true,"href":"https:\/\/rgdeportes.com\/index.php\/wp-json\/wp\/v2\/categories?post=7924"},{"taxonomy":"post_tag","embeddable":true,"href":"https:\/\/rgdeportes.com\/index.php\/wp-json\/wp\/v2\/tags?post=7924"}],"curies":[{"name":"wp","href":"https:\/\/api.w.org\/{rel}","templated":true}]}}