{"id":7687,"date":"2024-02-06T22:23:06","date_gmt":"2024-02-06T22:23:06","guid":{"rendered":"https:\/\/rgdeportes.com\/?p=7687"},"modified":"2024-02-06T22:23:07","modified_gmt":"2024-02-06T22:23:07","slug":"motociclismo-toma-el-protagonismo-en-san-carlos","status":"publish","type":"post","link":"https:\/\/rgdeportes.com\/index.php\/2024\/02\/06\/motociclismo-toma-el-protagonismo-en-san-carlos\/","title":{"rendered":"Motociclismo toma el protagonismo en San Carlos"},"content":{"rendered":"\n<figure class=\"wp-block-image size-large\"><img loading=\"lazy\" decoding=\"async\" width=\"1024\" height=\"683\" src=\"https:\/\/rgdeportes.com\/wp-content\/uploads\/2024\/02\/MOTOS-1-1024x683.jpg\" alt=\"\" class=\"wp-image-7688\" srcset=\"https:\/\/rgdeportes.com\/wp-content\/uploads\/2024\/02\/MOTOS-1-1024x683.jpg 1024w, https:\/\/rgdeportes.com\/wp-content\/uploads\/2024\/02\/MOTOS-1-300x200.jpg 300w, https:\/\/rgdeportes.com\/wp-content\/uploads\/2024\/02\/MOTOS-1-768x512.jpg 768w, https:\/\/rgdeportes.com\/wp-content\/uploads\/2024\/02\/MOTOS-1.jpg 1280w\" sizes=\"auto, (max-width: 1024px) 100vw, 1024px\" \/><\/figure>\n\n\n\n<p>Los amantes de las motos vuelven a ser protagonistas y lo celebran a lo grande en el <strong><em>30 Aniversario<\/em><\/strong> con la <strong><em>Convenci\u00f3n Internacional de Motociclismo<\/em><\/strong> en su <em><strong>\u00abEdici\u00f3n 2024\u00bb<\/strong><\/em> durante los d\u00edas <em><strong>6 y 7 de abril<\/strong><\/em> desde la <em><strong>C\u00e1mara de Ganaderos en Muelle de San Carlos. <\/strong><\/em><\/p>\n\n\n\n<p>La empresa Family Fun &#8211; RPMTV est\u00e1 a cargo de la organizaci\u00f3n para esta edici\u00f3n en la que se espera la participaci\u00f3n de miles de motociclistas de todo el pa\u00eds, adem\u00e1s del resto de\u00a0 la regi\u00f3n latinoamericana y de los Estados Unidos. La esperada \u201cConve\u201d es el evento m\u00e1s reconocido de Centroam\u00e9rica y que llega ya a su aniversario n\u00famero 30 y para eso tiene un cambio en su formato que pretender darle a quienes asistan una experiencia integral y mas completa.<\/p>\n\n\n\n<p>Bajo el lema \u201cPor la uni\u00f3n del motociclismo\u201d los participantes son motociclistas de todo tipo: agremiados de los clubes mas reconocidos, as\u00ed como \u201criders\u201d independientes en cualquier tipo de motocicleta como: alta cilindrada, tipo pandillera, doble prop\u00f3sito, superbikes, cuadraciclos,&nbsp; baja cilindrada, populares de trabajo, urbanas y hasta el\u00e9ctricas.<\/p>\n\n\n\n<p>Este evento es de car\u00e1cter recreativo y se caracteriza por el desarrollo de distintas actividades en el punto de reuni\u00f3n, adem\u00e1s de brindar&nbsp; y promover mensajes de seguridad en carretera a los presentes.<\/p>\n\n\n\n<p><strong><em>\u201cEs un orgullo para nosotros celebrar la edici\u00f3n n\u00famero 30 de nuestra convenci\u00f3n, es un evento que tiene como fin promover el motociclismo por la regi\u00f3n y estrechar lazos de amistad entre los motociclistas de todo tipo y de cualquier nacionalidad \u201d<\/em><\/strong> expres\u00f3 Julio Salazar, fundador de la CIM.<\/p>\n\n\n\n<p>Para esta edici\u00f3n en la C\u00e1mara de Ganaderos las inscripciones tendr\u00e1n un costo desde los 6 mil colones m\u00e1s acompa\u00f1ante y se pueden comprar en <a href=\"http:\/\/www.laconve.cr\">www.laconve.cr<\/a>. En el mismo sitio hay opciones de paquetes con mayores beneficios.<\/p>\n\n\n\n<p>Esta reuni\u00f3n de motociclistas representa tambi\u00e9n una importante ayuda econ\u00f3mica a la zona que la acoge, ya que los participante consumen servicios como hospedajes y restaurantes y aprovechan para visitar los atractivos tur\u00edsticos de la zona y lugares cercanos.<\/p>\n\n\n\n<p><strong><em>\u201cEs un reto muy importante para nosotros asumir la organizaci\u00f3n de un evento \u00fanico en su tipo en Costa Rica, creemos en la visi\u00f3n de la unir el motociclismo en una edici\u00f3n muy especial, la n\u00famero 30, y queremos hacerla muy diferente para el disfrute de todos los participantes. Ser\u00e1n dos d\u00edas llenos de actividades, y compa\u00f1erismo en un lugar que cuenta con todas las facilidades y en una zona muy hermosa de nuestro pa\u00eds como lo es San Carlos\u201d <\/em><\/strong>explic\u00f3 Manrique Mata de Family Fun &#8211; RPMTV, empresa productora de \u201cLa Conve\u201d.<\/p>\n\n\n\n<p>(Foto &#8211; PUROMOTOR.COM)<\/p>\n","protected":false},"excerpt":{"rendered":"<p>Los amantes de las motos vuelven a ser protagonistas y lo celebran a lo grande en el 30 Aniversario con la Convenci\u00f3n Internacional de Motociclismo en su \u00abEdici\u00f3n 2024\u00bb durante&hellip; <\/p>\n","protected":false},"author":2,"featured_media":7688,"comment_status":"closed","ping_status":"closed","sticky":false,"template":"","format":"standard","meta":{"om_disable_all_campaigns":false,"_monsterinsights_skip_tracking":false,"_monsterinsights_sitenote_active":false,"_monsterinsights_sitenote_note":"","_monsterinsights_sitenote_category":0,"footnotes":""},"categories":[524],"tags":[2374,2373,2375],"class_list":["post-7687","post","type-post","status-publish","format-standard","has-post-thumbnail","hentry","category-ddm","tag-convencionmotociclismosancarlos","tag-motociclismocostarica2024","tag-motociclismosancarlos"],"aioseo_notices":[],"yoast_head":"<!-- This site is optimized with the Yoast SEO plugin v21.2 - https:\/\/yoast.com\/wordpress\/plugins\/seo\/ -->\n<title>Motociclismo toma el protagonismo en San Carlos - RG Deportes\u200e<\/title>\n<meta name=\"robots\" content=\"index, follow, max-snippet:-1, max-image-preview:large, max-video-preview:-1\" \/>\n<link rel=\"canonical\" href=\"https:\/\/rgdeportes.com\/index.php\/2024\/02\/06\/motociclismo-toma-el-protagonismo-en-san-carlos\/\" \/>\n<meta property=\"og:locale\" content=\"es_ES\" \/>\n<meta property=\"og:type\" content=\"article\" \/>\n<meta property=\"og:title\" content=\"Motociclismo toma el protagonismo en San Carlos - RG Deportes\u200e\" \/>\n<meta property=\"og:description\" content=\"Los amantes de las motos vuelven a ser protagonistas y lo celebran a lo grande en el 30 Aniversario con la Convenci\u00f3n Internacional de Motociclismo en su \u00abEdici\u00f3n 2024\u00bb durante&hellip;\" \/>\n<meta property=\"og:url\" content=\"https:\/\/rgdeportes.com\/index.php\/2024\/02\/06\/motociclismo-toma-el-protagonismo-en-san-carlos\/\" \/>\n<meta property=\"og:site_name\" content=\"RG Deportes\u200e\" \/>\n<meta property=\"article:publisher\" content=\"https:\/\/www.facebook.com\/RandallGutierrezDeportes\/\" \/>\n<meta property=\"article:published_time\" content=\"2024-02-06T22:23:06+00:00\" \/>\n<meta property=\"article:modified_time\" content=\"2024-02-06T22:23:07+00:00\" \/>\n<meta property=\"og:image\" content=\"http:\/\/rgdeportes.com\/wp-content\/uploads\/2024\/02\/MOTOS-1.jpg\" \/>\n\t<meta property=\"og:image:width\" content=\"1280\" \/>\n\t<meta property=\"og:image:height\" content=\"854\" \/>\n\t<meta property=\"og:image:type\" content=\"image\/jpeg\" \/>\n<meta name=\"author\" content=\"Randall Gutierrez\" \/>\n<meta name=\"twitter:card\" content=\"summary_large_image\" \/>\n<meta name=\"twitter:label1\" content=\"Escrito por\" \/>\n\t<meta name=\"twitter:data1\" content=\"Randall Gutierrez\" \/>\n\t<meta name=\"twitter:label2\" content=\"Tiempo de lectura\" \/>\n\t<meta name=\"twitter:data2\" content=\"3 minutos\" \/>\n<script type=\"application\/ld+json\" class=\"yoast-schema-graph\">{\"@context\":\"https:\/\/schema.org\",\"@graph\":[{\"@type\":\"Article\",\"@id\":\"https:\/\/rgdeportes.com\/index.php\/2024\/02\/06\/motociclismo-toma-el-protagonismo-en-san-carlos\/#article\",\"isPartOf\":{\"@id\":\"https:\/\/rgdeportes.com\/index.php\/2024\/02\/06\/motociclismo-toma-el-protagonismo-en-san-carlos\/\"},\"author\":{\"name\":\"Randall Gutierrez\",\"@id\":\"https:\/\/rgdeportes.com\/#\/schema\/person\/91795323fddb335a4fd017bf0e4b1358\"},\"headline\":\"Motociclismo toma el protagonismo en San Carlos\",\"datePublished\":\"2024-02-06T22:23:06+00:00\",\"dateModified\":\"2024-02-06T22:23:07+00:00\",\"mainEntityOfPage\":{\"@id\":\"https:\/\/rgdeportes.com\/index.php\/2024\/02\/06\/motociclismo-toma-el-protagonismo-en-san-carlos\/\"},\"wordCount\":474,\"publisher\":{\"@id\":\"https:\/\/rgdeportes.com\/#organization\"},\"keywords\":[\"#convenci\u00f3nmotociclismosancarlos\",\"#motociclismocostarica2024\",\"#motociclismosancarlos\"],\"articleSection\":[\"Deportes de motor\"],\"inLanguage\":\"es\"},{\"@type\":\"WebPage\",\"@id\":\"https:\/\/rgdeportes.com\/index.php\/2024\/02\/06\/motociclismo-toma-el-protagonismo-en-san-carlos\/\",\"url\":\"https:\/\/rgdeportes.com\/index.php\/2024\/02\/06\/motociclismo-toma-el-protagonismo-en-san-carlos\/\",\"name\":\"Motociclismo toma el protagonismo en San Carlos - RG Deportes\u200e\",\"isPartOf\":{\"@id\":\"https:\/\/rgdeportes.com\/#website\"},\"datePublished\":\"2024-02-06T22:23:06+00:00\",\"dateModified\":\"2024-02-06T22:23:07+00:00\",\"breadcrumb\":{\"@id\":\"https:\/\/rgdeportes.com\/index.php\/2024\/02\/06\/motociclismo-toma-el-protagonismo-en-san-carlos\/#breadcrumb\"},\"inLanguage\":\"es\",\"potentialAction\":[{\"@type\":\"ReadAction\",\"target\":[\"https:\/\/rgdeportes.com\/index.php\/2024\/02\/06\/motociclismo-toma-el-protagonismo-en-san-carlos\/\"]}]},{\"@type\":\"BreadcrumbList\",\"@id\":\"https:\/\/rgdeportes.com\/index.php\/2024\/02\/06\/motociclismo-toma-el-protagonismo-en-san-carlos\/#breadcrumb\",\"itemListElement\":[{\"@type\":\"ListItem\",\"position\":1,\"name\":\"Portada\",\"item\":\"https:\/\/rgdeportes.com\/\"},{\"@type\":\"ListItem\",\"position\":2,\"name\":\"Motociclismo toma el protagonismo en San Carlos\"}]},{\"@type\":\"WebSite\",\"@id\":\"https:\/\/rgdeportes.com\/#website\",\"url\":\"https:\/\/rgdeportes.com\/\",\"name\":\"RG Deportes\u200e\",\"description\":\"\",\"publisher\":{\"@id\":\"https:\/\/rgdeportes.com\/#organization\"},\"potentialAction\":[{\"@type\":\"SearchAction\",\"target\":{\"@type\":\"EntryPoint\",\"urlTemplate\":\"https:\/\/rgdeportes.com\/?s={search_term_string}\"},\"query-input\":\"required name=search_term_string\"}],\"inLanguage\":\"es\"},{\"@type\":\"Organization\",\"@id\":\"https:\/\/rgdeportes.com\/#organization\",\"name\":\"RG Deportes\",\"url\":\"https:\/\/rgdeportes.com\/\",\"logo\":{\"@type\":\"ImageObject\",\"inLanguage\":\"es\",\"@id\":\"https:\/\/rgdeportes.com\/#\/schema\/logo\/image\/\",\"url\":\"https:\/\/rgdeportes.com\/wp-content\/uploads\/2020\/09\/Logo.png\",\"contentUrl\":\"https:\/\/rgdeportes.com\/wp-content\/uploads\/2020\/09\/Logo.png\",\"width\":784,\"height\":552,\"caption\":\"RG Deportes\"},\"image\":{\"@id\":\"https:\/\/rgdeportes.com\/#\/schema\/logo\/image\/\"},\"sameAs\":[\"https:\/\/www.facebook.com\/RandallGutierrezDeportes\/\",\"https:\/\/www.instagram.com\/randallgutierrezdeportes\/\",\"https:\/\/www.youtube.com\/channel\/UCX4_qbvtnTwoF5t2zNqBDvA\"]},{\"@type\":\"Person\",\"@id\":\"https:\/\/rgdeportes.com\/#\/schema\/person\/91795323fddb335a4fd017bf0e4b1358\",\"name\":\"Randall Gutierrez\",\"image\":{\"@type\":\"ImageObject\",\"inLanguage\":\"es\",\"@id\":\"https:\/\/rgdeportes.com\/#\/schema\/person\/image\/\",\"url\":\"https:\/\/secure.gravatar.com\/avatar\/d0884ea8b9b50bcfad3c0d20049361b5?s=96&d=mm&r=g\",\"contentUrl\":\"https:\/\/secure.gravatar.com\/avatar\/d0884ea8b9b50bcfad3c0d20049361b5?s=96&d=mm&r=g\",\"caption\":\"Randall Gutierrez\"},\"url\":\"https:\/\/rgdeportes.com\/index.php\/author\/randall\/\"}]}<\/script>\n<!-- \/ Yoast SEO plugin. -->","yoast_head_json":{"title":"Motociclismo toma el protagonismo en San Carlos - RG Deportes\u200e","robots":{"index":"index","follow":"follow","max-snippet":"max-snippet:-1","max-image-preview":"max-image-preview:large","max-video-preview":"max-video-preview:-1"},"canonical":"https:\/\/rgdeportes.com\/index.php\/2024\/02\/06\/motociclismo-toma-el-protagonismo-en-san-carlos\/","og_locale":"es_ES","og_type":"article","og_title":"Motociclismo toma el protagonismo en San Carlos - RG Deportes\u200e","og_description":"Los amantes de las motos vuelven a ser protagonistas y lo celebran a lo grande en el 30 Aniversario con la Convenci\u00f3n Internacional de Motociclismo en su \u00abEdici\u00f3n 2024\u00bb durante&hellip;","og_url":"https:\/\/rgdeportes.com\/index.php\/2024\/02\/06\/motociclismo-toma-el-protagonismo-en-san-carlos\/","og_site_name":"RG Deportes\u200e","article_publisher":"https:\/\/www.facebook.com\/RandallGutierrezDeportes\/","article_published_time":"2024-02-06T22:23:06+00:00","article_modified_time":"2024-02-06T22:23:07+00:00","og_image":[{"width":1280,"height":854,"url":"http:\/\/rgdeportes.com\/wp-content\/uploads\/2024\/02\/MOTOS-1.jpg","type":"image\/jpeg"}],"author":"Randall Gutierrez","twitter_card":"summary_large_image","twitter_misc":{"Escrito por":"Randall Gutierrez","Tiempo de lectura":"3 minutos"},"schema":{"@context":"https:\/\/schema.org","@graph":[{"@type":"Article","@id":"https:\/\/rgdeportes.com\/index.php\/2024\/02\/06\/motociclismo-toma-el-protagonismo-en-san-carlos\/#article","isPartOf":{"@id":"https:\/\/rgdeportes.com\/index.php\/2024\/02\/06\/motociclismo-toma-el-protagonismo-en-san-carlos\/"},"author":{"name":"Randall Gutierrez","@id":"https:\/\/rgdeportes.com\/#\/schema\/person\/91795323fddb335a4fd017bf0e4b1358"},"headline":"Motociclismo toma el protagonismo en San Carlos","datePublished":"2024-02-06T22:23:06+00:00","dateModified":"2024-02-06T22:23:07+00:00","mainEntityOfPage":{"@id":"https:\/\/rgdeportes.com\/index.php\/2024\/02\/06\/motociclismo-toma-el-protagonismo-en-san-carlos\/"},"wordCount":474,"publisher":{"@id":"https:\/\/rgdeportes.com\/#organization"},"keywords":["#convenci\u00f3nmotociclismosancarlos","#motociclismocostarica2024","#motociclismosancarlos"],"articleSection":["Deportes de motor"],"inLanguage":"es"},{"@type":"WebPage","@id":"https:\/\/rgdeportes.com\/index.php\/2024\/02\/06\/motociclismo-toma-el-protagonismo-en-san-carlos\/","url":"https:\/\/rgdeportes.com\/index.php\/2024\/02\/06\/motociclismo-toma-el-protagonismo-en-san-carlos\/","name":"Motociclismo toma el protagonismo en San Carlos - RG Deportes\u200e","isPartOf":{"@id":"https:\/\/rgdeportes.com\/#website"},"datePublished":"2024-02-06T22:23:06+00:00","dateModified":"2024-02-06T22:23:07+00:00","breadcrumb":{"@id":"https:\/\/rgdeportes.com\/index.php\/2024\/02\/06\/motociclismo-toma-el-protagonismo-en-san-carlos\/#breadcrumb"},"inLanguage":"es","potentialAction":[{"@type":"ReadAction","target":["https:\/\/rgdeportes.com\/index.php\/2024\/02\/06\/motociclismo-toma-el-protagonismo-en-san-carlos\/"]}]},{"@type":"BreadcrumbList","@id":"https:\/\/rgdeportes.com\/index.php\/2024\/02\/06\/motociclismo-toma-el-protagonismo-en-san-carlos\/#breadcrumb","itemListElement":[{"@type":"ListItem","position":1,"name":"Portada","item":"https:\/\/rgdeportes.com\/"},{"@type":"ListItem","position":2,"name":"Motociclismo toma el protagonismo en San Carlos"}]},{"@type":"WebSite","@id":"https:\/\/rgdeportes.com\/#website","url":"https:\/\/rgdeportes.com\/","name":"RG Deportes\u200e","description":"","publisher":{"@id":"https:\/\/rgdeportes.com\/#organization"},"potentialAction":[{"@type":"SearchAction","target":{"@type":"EntryPoint","urlTemplate":"https:\/\/rgdeportes.com\/?s={search_term_string}"},"query-input":"required name=search_term_string"}],"inLanguage":"es"},{"@type":"Organization","@id":"https:\/\/rgdeportes.com\/#organization","name":"RG Deportes","url":"https:\/\/rgdeportes.com\/","logo":{"@type":"ImageObject","inLanguage":"es","@id":"https:\/\/rgdeportes.com\/#\/schema\/logo\/image\/","url":"https:\/\/rgdeportes.com\/wp-content\/uploads\/2020\/09\/Logo.png","contentUrl":"https:\/\/rgdeportes.com\/wp-content\/uploads\/2020\/09\/Logo.png","width":784,"height":552,"caption":"RG Deportes"},"image":{"@id":"https:\/\/rgdeportes.com\/#\/schema\/logo\/image\/"},"sameAs":["https:\/\/www.facebook.com\/RandallGutierrezDeportes\/","https:\/\/www.instagram.com\/randallgutierrezdeportes\/","https:\/\/www.youtube.com\/channel\/UCX4_qbvtnTwoF5t2zNqBDvA"]},{"@type":"Person","@id":"https:\/\/rgdeportes.com\/#\/schema\/person\/91795323fddb335a4fd017bf0e4b1358","name":"Randall Gutierrez","image":{"@type":"ImageObject","inLanguage":"es","@id":"https:\/\/rgdeportes.com\/#\/schema\/person\/image\/","url":"https:\/\/secure.gravatar.com\/avatar\/d0884ea8b9b50bcfad3c0d20049361b5?s=96&d=mm&r=g","contentUrl":"https:\/\/secure.gravatar.com\/avatar\/d0884ea8b9b50bcfad3c0d20049361b5?s=96&d=mm&r=g","caption":"Randall Gutierrez"},"url":"https:\/\/rgdeportes.com\/index.php\/author\/randall\/"}]}},"_links":{"self":[{"href":"https:\/\/rgdeportes.com\/index.php\/wp-json\/wp\/v2\/posts\/7687","targetHints":{"allow":["GET"]}}],"collection":[{"href":"https:\/\/rgdeportes.com\/index.php\/wp-json\/wp\/v2\/posts"}],"about":[{"href":"https:\/\/rgdeportes.com\/index.php\/wp-json\/wp\/v2\/types\/post"}],"author":[{"embeddable":true,"href":"https:\/\/rgdeportes.com\/index.php\/wp-json\/wp\/v2\/users\/2"}],"replies":[{"embeddable":true,"href":"https:\/\/rgdeportes.com\/index.php\/wp-json\/wp\/v2\/comments?post=7687"}],"version-history":[{"count":1,"href":"https:\/\/rgdeportes.com\/index.php\/wp-json\/wp\/v2\/posts\/7687\/revisions"}],"predecessor-version":[{"id":7689,"href":"https:\/\/rgdeportes.com\/index.php\/wp-json\/wp\/v2\/posts\/7687\/revisions\/7689"}],"wp:featuredmedia":[{"embeddable":true,"href":"https:\/\/rgdeportes.com\/index.php\/wp-json\/wp\/v2\/media\/7688"}],"wp:attachment":[{"href":"https:\/\/rgdeportes.com\/index.php\/wp-json\/wp\/v2\/media?parent=7687"}],"wp:term":[{"taxonomy":"category","embeddable":true,"href":"https:\/\/rgdeportes.com\/index.php\/wp-json\/wp\/v2\/categories?post=7687"},{"taxonomy":"post_tag","embeddable":true,"href":"https:\/\/rgdeportes.com\/index.php\/wp-json\/wp\/v2\/tags?post=7687"}],"curies":[{"name":"wp","href":"https:\/\/api.w.org\/{rel}","templated":true}]}}