{"id":7674,"date":"2024-02-03T07:28:21","date_gmt":"2024-02-03T07:28:21","guid":{"rendered":"https:\/\/rgdeportes.com\/?p=7674"},"modified":"2024-02-03T07:28:21","modified_gmt":"2024-02-03T07:28:21","slug":"victoria-que-devuelve-la-confianza","status":"publish","type":"post","link":"https:\/\/rgdeportes.com\/index.php\/2024\/02\/03\/victoria-que-devuelve-la-confianza\/","title":{"rendered":"Victoria que devuelve la confianza"},"content":{"rendered":"\n<figure class=\"wp-block-image size-large is-resized\"><img loading=\"lazy\" decoding=\"async\" width=\"1024\" height=\"683\" src=\"https:\/\/rgdeportes.com\/wp-content\/uploads\/2024\/02\/IMG_3457-1024x683.jpg\" alt=\"\" class=\"wp-image-7675\" style=\"aspect-ratio:1.499267935578331;width:344px;height:auto\" srcset=\"https:\/\/rgdeportes.com\/wp-content\/uploads\/2024\/02\/IMG_3457-1024x683.jpg 1024w, https:\/\/rgdeportes.com\/wp-content\/uploads\/2024\/02\/IMG_3457-300x200.jpg 300w, https:\/\/rgdeportes.com\/wp-content\/uploads\/2024\/02\/IMG_3457-768x512.jpg 768w, https:\/\/rgdeportes.com\/wp-content\/uploads\/2024\/02\/IMG_3457.jpg 1416w\" sizes=\"auto, (max-width: 1024px) 100vw, 1024px\" \/><\/figure>\n\n\n\n<p>Este viernes la <strong>Selecci\u00f3n Nacional de Costa Rica, <\/strong>se impuso en juego de car\u00e1cter amistoso ante su similar de <strong>El Salvador <\/strong>con <strong>marcador de 2 &#8211; 0 <\/strong>en el <strong>Estadio Nacional,<\/strong> las anotaciones fueron obra de <strong>Jostin Daly al minuto 20<\/strong>\u00bb y <strong>Aar\u00f3n Su\u00e1rez al 70&#8243; <\/strong>el duelo se llev\u00f3 a cabo a las 8:00 p.m y sirvi\u00f3 de prueba para el juego de repechaje ante Honduras por el boleto a la Copa Am\u00e9rica.<\/p>\n\n\n\n<p>Durante la primera mitad, los nacionales tomaron la iniciativa por los carriles derecho e izquierdo, sacando buenas opciones de anotar.<\/p>\n\n\n\n<p><strong>Jostin Daly inicio el camino a la victoria<\/strong><\/p>\n\n\n\n<figure class=\"wp-block-image size-large\"><img loading=\"lazy\" decoding=\"async\" width=\"1024\" height=\"823\" src=\"https:\/\/rgdeportes.com\/wp-content\/uploads\/2024\/02\/127A0594-1024x823.jpg\" alt=\"\" class=\"wp-image-7676\" srcset=\"https:\/\/rgdeportes.com\/wp-content\/uploads\/2024\/02\/127A0594-1024x823.jpg 1024w, https:\/\/rgdeportes.com\/wp-content\/uploads\/2024\/02\/127A0594-300x241.jpg 300w, https:\/\/rgdeportes.com\/wp-content\/uploads\/2024\/02\/127A0594-768x618.jpg 768w, https:\/\/rgdeportes.com\/wp-content\/uploads\/2024\/02\/127A0594-1536x1235.jpg 1536w, https:\/\/rgdeportes.com\/wp-content\/uploads\/2024\/02\/127A0594.jpg 1659w\" sizes=\"auto, (max-width: 1024px) 100vw, 1024px\" \/><\/figure>\n\n\n\n<p>Sin embargo, todo llegar\u00eda por bal\u00f3n quieto, tomando altura para que Jostin Daly con un remate de cabeza pudiera el primer gol tico.<\/p>\n\n\n\n<p>Por su parte, \u00abla selecta\u00bb, intent\u00f3 pero en ocasiones fueron mucho al choque ante los constantes ataques nacionales.<\/p>\n\n\n\n<p>Ya para la segunda mitad, El Salvador adelant\u00f3 l\u00edneas, pero los cambios de Costa Rica dieron frutos para minimizar esos posibles avances.<\/p>\n\n\n\n<p>Ingresa Joel Campbell y Aar\u00f3n Su\u00e1rez para darle m\u00e1s ox\u00edgeno a la media cancha de la tricolor y con ello, las acciones vuelven a inclinarse para la Sele.<\/p>\n\n\n\n<p>Es en ese momento, llega una jugada bien elaborada y bastante r\u00e1pida donde la tricolor aprovech\u00f3 los espacios que dej\u00f3 al descubierto los salvadore\u00f1os y es cuando Warren Madrigal se va solo con buen espacio y tiempo para definir, sin embargo, el delantero observ\u00f3 al volante Aar\u00f3n Su\u00e1rez quien ten\u00eda mejor panorama y sirve para que el peque\u00f1o talentoso anotar\u00e1 el segundo y definitivo gol para los inter\u00e9s patrios.<\/p>\n\n\n\n<p><strong>Con todo y contra todo por ese boleto <\/strong><\/p>\n\n\n\n<figure class=\"wp-block-image size-large\"><img loading=\"lazy\" decoding=\"async\" width=\"1024\" height=\"684\" src=\"https:\/\/rgdeportes.com\/wp-content\/uploads\/2024\/02\/IMG_3456-1024x684.jpg\" alt=\"\" class=\"wp-image-7677\" srcset=\"https:\/\/rgdeportes.com\/wp-content\/uploads\/2024\/02\/IMG_3456-1024x684.jpg 1024w, https:\/\/rgdeportes.com\/wp-content\/uploads\/2024\/02\/IMG_3456-300x200.jpg 300w, https:\/\/rgdeportes.com\/wp-content\/uploads\/2024\/02\/IMG_3456-768x513.jpg 768w, https:\/\/rgdeportes.com\/wp-content\/uploads\/2024\/02\/IMG_3456-1536x1025.jpg 1536w, https:\/\/rgdeportes.com\/wp-content\/uploads\/2024\/02\/IMG_3456.jpg 1600w\" sizes=\"auto, (max-width: 1024px) 100vw, 1024px\" \/><\/figure>\n\n\n\n<p>Con este marcador, el timonel de Costa Rica el se\u00f1or Gustavo Alfaro, tendr\u00e1 que sacar sus mejores conclusiones para elegir detalladamente a los protagonistas que mejor destacaron esta noche en este juego y con ello armar un equipo de peso pesado para sacar el boleto ante Honduras el pr\u00f3ximo 23 de marzo en territorio estadounidense.<\/p>\n\n\n\n<p>Fotos &#8211; Federaci\u00f3n Costarricense de F\u00fatbol.<\/p>\n","protected":false},"excerpt":{"rendered":"<p>Este viernes la Selecci\u00f3n Nacional de Costa Rica, se impuso en juego de car\u00e1cter amistoso ante su similar de El Salvador con marcador de 2 &#8211; 0 en el Estadio&hellip; <\/p>\n","protected":false},"author":2,"featured_media":7675,"comment_status":"closed","ping_status":"closed","sticky":false,"template":"","format":"standard","meta":{"om_disable_all_campaigns":false,"_monsterinsights_skip_tracking":false,"_monsterinsights_sitenote_active":false,"_monsterinsights_sitenote_note":"","_monsterinsights_sitenote_category":0,"footnotes":""},"categories":[5],"tags":[1924,2372],"class_list":["post-7674","post","type-post","status-publish","format-standard","has-post-thumbnail","hentry","category-ft","tag-laselecostarica","tag-seleccionnacionalcostarica"],"aioseo_notices":[],"yoast_head":"<!-- This site is optimized with the Yoast SEO plugin v21.2 - https:\/\/yoast.com\/wordpress\/plugins\/seo\/ -->\n<title>Victoria que devuelve la confianza - RG Deportes\u200e<\/title>\n<meta name=\"robots\" content=\"index, follow, max-snippet:-1, max-image-preview:large, max-video-preview:-1\" \/>\n<link rel=\"canonical\" href=\"https:\/\/rgdeportes.com\/index.php\/2024\/02\/03\/victoria-que-devuelve-la-confianza\/\" \/>\n<meta property=\"og:locale\" content=\"es_ES\" \/>\n<meta property=\"og:type\" content=\"article\" \/>\n<meta property=\"og:title\" content=\"Victoria que devuelve la confianza - RG Deportes\u200e\" \/>\n<meta property=\"og:description\" content=\"Este viernes la Selecci\u00f3n Nacional de Costa Rica, se impuso en juego de car\u00e1cter amistoso ante su similar de El Salvador con marcador de 2 &#8211; 0 en el Estadio&hellip;\" \/>\n<meta property=\"og:url\" content=\"https:\/\/rgdeportes.com\/index.php\/2024\/02\/03\/victoria-que-devuelve-la-confianza\/\" \/>\n<meta property=\"og:site_name\" content=\"RG Deportes\u200e\" \/>\n<meta property=\"article:publisher\" content=\"https:\/\/www.facebook.com\/RandallGutierrezDeportes\/\" \/>\n<meta property=\"article:published_time\" content=\"2024-02-03T07:28:21+00:00\" \/>\n<meta property=\"og:image\" content=\"http:\/\/rgdeportes.com\/wp-content\/uploads\/2024\/02\/IMG_3457.jpg\" \/>\n\t<meta property=\"og:image:width\" content=\"1416\" \/>\n\t<meta property=\"og:image:height\" content=\"944\" \/>\n\t<meta property=\"og:image:type\" content=\"image\/jpeg\" \/>\n<meta name=\"author\" content=\"Randall Gutierrez\" \/>\n<meta name=\"twitter:card\" content=\"summary_large_image\" \/>\n<meta name=\"twitter:label1\" content=\"Escrito por\" \/>\n\t<meta name=\"twitter:data1\" content=\"Randall Gutierrez\" \/>\n\t<meta name=\"twitter:label2\" content=\"Tiempo de lectura\" \/>\n\t<meta name=\"twitter:data2\" content=\"3 minutos\" \/>\n<script type=\"application\/ld+json\" class=\"yoast-schema-graph\">{\"@context\":\"https:\/\/schema.org\",\"@graph\":[{\"@type\":\"Article\",\"@id\":\"https:\/\/rgdeportes.com\/index.php\/2024\/02\/03\/victoria-que-devuelve-la-confianza\/#article\",\"isPartOf\":{\"@id\":\"https:\/\/rgdeportes.com\/index.php\/2024\/02\/03\/victoria-que-devuelve-la-confianza\/\"},\"author\":{\"name\":\"Randall Gutierrez\",\"@id\":\"https:\/\/rgdeportes.com\/#\/schema\/person\/91795323fddb335a4fd017bf0e4b1358\"},\"headline\":\"Victoria que devuelve la confianza\",\"datePublished\":\"2024-02-03T07:28:21+00:00\",\"dateModified\":\"2024-02-03T07:28:21+00:00\",\"mainEntityOfPage\":{\"@id\":\"https:\/\/rgdeportes.com\/index.php\/2024\/02\/03\/victoria-que-devuelve-la-confianza\/\"},\"wordCount\":354,\"publisher\":{\"@id\":\"https:\/\/rgdeportes.com\/#organization\"},\"keywords\":[\"#LaSeleCostaRica\",\"#selecci\u00f3nnacionalcostarica\"],\"articleSection\":[\"F\u00fatbol\"],\"inLanguage\":\"es\"},{\"@type\":\"WebPage\",\"@id\":\"https:\/\/rgdeportes.com\/index.php\/2024\/02\/03\/victoria-que-devuelve-la-confianza\/\",\"url\":\"https:\/\/rgdeportes.com\/index.php\/2024\/02\/03\/victoria-que-devuelve-la-confianza\/\",\"name\":\"Victoria que devuelve la confianza - RG Deportes\u200e\",\"isPartOf\":{\"@id\":\"https:\/\/rgdeportes.com\/#website\"},\"datePublished\":\"2024-02-03T07:28:21+00:00\",\"dateModified\":\"2024-02-03T07:28:21+00:00\",\"breadcrumb\":{\"@id\":\"https:\/\/rgdeportes.com\/index.php\/2024\/02\/03\/victoria-que-devuelve-la-confianza\/#breadcrumb\"},\"inLanguage\":\"es\",\"potentialAction\":[{\"@type\":\"ReadAction\",\"target\":[\"https:\/\/rgdeportes.com\/index.php\/2024\/02\/03\/victoria-que-devuelve-la-confianza\/\"]}]},{\"@type\":\"BreadcrumbList\",\"@id\":\"https:\/\/rgdeportes.com\/index.php\/2024\/02\/03\/victoria-que-devuelve-la-confianza\/#breadcrumb\",\"itemListElement\":[{\"@type\":\"ListItem\",\"position\":1,\"name\":\"Portada\",\"item\":\"https:\/\/rgdeportes.com\/\"},{\"@type\":\"ListItem\",\"position\":2,\"name\":\"Victoria que devuelve la confianza\"}]},{\"@type\":\"WebSite\",\"@id\":\"https:\/\/rgdeportes.com\/#website\",\"url\":\"https:\/\/rgdeportes.com\/\",\"name\":\"RG Deportes\u200e\",\"description\":\"\",\"publisher\":{\"@id\":\"https:\/\/rgdeportes.com\/#organization\"},\"potentialAction\":[{\"@type\":\"SearchAction\",\"target\":{\"@type\":\"EntryPoint\",\"urlTemplate\":\"https:\/\/rgdeportes.com\/?s={search_term_string}\"},\"query-input\":\"required name=search_term_string\"}],\"inLanguage\":\"es\"},{\"@type\":\"Organization\",\"@id\":\"https:\/\/rgdeportes.com\/#organization\",\"name\":\"RG Deportes\",\"url\":\"https:\/\/rgdeportes.com\/\",\"logo\":{\"@type\":\"ImageObject\",\"inLanguage\":\"es\",\"@id\":\"https:\/\/rgdeportes.com\/#\/schema\/logo\/image\/\",\"url\":\"https:\/\/rgdeportes.com\/wp-content\/uploads\/2020\/09\/Logo.png\",\"contentUrl\":\"https:\/\/rgdeportes.com\/wp-content\/uploads\/2020\/09\/Logo.png\",\"width\":784,\"height\":552,\"caption\":\"RG Deportes\"},\"image\":{\"@id\":\"https:\/\/rgdeportes.com\/#\/schema\/logo\/image\/\"},\"sameAs\":[\"https:\/\/www.facebook.com\/RandallGutierrezDeportes\/\",\"https:\/\/www.instagram.com\/randallgutierrezdeportes\/\",\"https:\/\/www.youtube.com\/channel\/UCX4_qbvtnTwoF5t2zNqBDvA\"]},{\"@type\":\"Person\",\"@id\":\"https:\/\/rgdeportes.com\/#\/schema\/person\/91795323fddb335a4fd017bf0e4b1358\",\"name\":\"Randall Gutierrez\",\"image\":{\"@type\":\"ImageObject\",\"inLanguage\":\"es\",\"@id\":\"https:\/\/rgdeportes.com\/#\/schema\/person\/image\/\",\"url\":\"https:\/\/secure.gravatar.com\/avatar\/d0884ea8b9b50bcfad3c0d20049361b5?s=96&d=mm&r=g\",\"contentUrl\":\"https:\/\/secure.gravatar.com\/avatar\/d0884ea8b9b50bcfad3c0d20049361b5?s=96&d=mm&r=g\",\"caption\":\"Randall Gutierrez\"},\"url\":\"https:\/\/rgdeportes.com\/index.php\/author\/randall\/\"}]}<\/script>\n<!-- \/ Yoast SEO plugin. -->","yoast_head_json":{"title":"Victoria que devuelve la confianza - RG Deportes\u200e","robots":{"index":"index","follow":"follow","max-snippet":"max-snippet:-1","max-image-preview":"max-image-preview:large","max-video-preview":"max-video-preview:-1"},"canonical":"https:\/\/rgdeportes.com\/index.php\/2024\/02\/03\/victoria-que-devuelve-la-confianza\/","og_locale":"es_ES","og_type":"article","og_title":"Victoria que devuelve la confianza - RG Deportes\u200e","og_description":"Este viernes la Selecci\u00f3n Nacional de Costa Rica, se impuso en juego de car\u00e1cter amistoso ante su similar de El Salvador con marcador de 2 &#8211; 0 en el Estadio&hellip;","og_url":"https:\/\/rgdeportes.com\/index.php\/2024\/02\/03\/victoria-que-devuelve-la-confianza\/","og_site_name":"RG Deportes\u200e","article_publisher":"https:\/\/www.facebook.com\/RandallGutierrezDeportes\/","article_published_time":"2024-02-03T07:28:21+00:00","og_image":[{"width":1416,"height":944,"url":"http:\/\/rgdeportes.com\/wp-content\/uploads\/2024\/02\/IMG_3457.jpg","type":"image\/jpeg"}],"author":"Randall Gutierrez","twitter_card":"summary_large_image","twitter_misc":{"Escrito por":"Randall Gutierrez","Tiempo de lectura":"3 minutos"},"schema":{"@context":"https:\/\/schema.org","@graph":[{"@type":"Article","@id":"https:\/\/rgdeportes.com\/index.php\/2024\/02\/03\/victoria-que-devuelve-la-confianza\/#article","isPartOf":{"@id":"https:\/\/rgdeportes.com\/index.php\/2024\/02\/03\/victoria-que-devuelve-la-confianza\/"},"author":{"name":"Randall Gutierrez","@id":"https:\/\/rgdeportes.com\/#\/schema\/person\/91795323fddb335a4fd017bf0e4b1358"},"headline":"Victoria que devuelve la confianza","datePublished":"2024-02-03T07:28:21+00:00","dateModified":"2024-02-03T07:28:21+00:00","mainEntityOfPage":{"@id":"https:\/\/rgdeportes.com\/index.php\/2024\/02\/03\/victoria-que-devuelve-la-confianza\/"},"wordCount":354,"publisher":{"@id":"https:\/\/rgdeportes.com\/#organization"},"keywords":["#LaSeleCostaRica","#selecci\u00f3nnacionalcostarica"],"articleSection":["F\u00fatbol"],"inLanguage":"es"},{"@type":"WebPage","@id":"https:\/\/rgdeportes.com\/index.php\/2024\/02\/03\/victoria-que-devuelve-la-confianza\/","url":"https:\/\/rgdeportes.com\/index.php\/2024\/02\/03\/victoria-que-devuelve-la-confianza\/","name":"Victoria que devuelve la confianza - RG Deportes\u200e","isPartOf":{"@id":"https:\/\/rgdeportes.com\/#website"},"datePublished":"2024-02-03T07:28:21+00:00","dateModified":"2024-02-03T07:28:21+00:00","breadcrumb":{"@id":"https:\/\/rgdeportes.com\/index.php\/2024\/02\/03\/victoria-que-devuelve-la-confianza\/#breadcrumb"},"inLanguage":"es","potentialAction":[{"@type":"ReadAction","target":["https:\/\/rgdeportes.com\/index.php\/2024\/02\/03\/victoria-que-devuelve-la-confianza\/"]}]},{"@type":"BreadcrumbList","@id":"https:\/\/rgdeportes.com\/index.php\/2024\/02\/03\/victoria-que-devuelve-la-confianza\/#breadcrumb","itemListElement":[{"@type":"ListItem","position":1,"name":"Portada","item":"https:\/\/rgdeportes.com\/"},{"@type":"ListItem","position":2,"name":"Victoria que devuelve la confianza"}]},{"@type":"WebSite","@id":"https:\/\/rgdeportes.com\/#website","url":"https:\/\/rgdeportes.com\/","name":"RG Deportes\u200e","description":"","publisher":{"@id":"https:\/\/rgdeportes.com\/#organization"},"potentialAction":[{"@type":"SearchAction","target":{"@type":"EntryPoint","urlTemplate":"https:\/\/rgdeportes.com\/?s={search_term_string}"},"query-input":"required name=search_term_string"}],"inLanguage":"es"},{"@type":"Organization","@id":"https:\/\/rgdeportes.com\/#organization","name":"RG Deportes","url":"https:\/\/rgdeportes.com\/","logo":{"@type":"ImageObject","inLanguage":"es","@id":"https:\/\/rgdeportes.com\/#\/schema\/logo\/image\/","url":"https:\/\/rgdeportes.com\/wp-content\/uploads\/2020\/09\/Logo.png","contentUrl":"https:\/\/rgdeportes.com\/wp-content\/uploads\/2020\/09\/Logo.png","width":784,"height":552,"caption":"RG Deportes"},"image":{"@id":"https:\/\/rgdeportes.com\/#\/schema\/logo\/image\/"},"sameAs":["https:\/\/www.facebook.com\/RandallGutierrezDeportes\/","https:\/\/www.instagram.com\/randallgutierrezdeportes\/","https:\/\/www.youtube.com\/channel\/UCX4_qbvtnTwoF5t2zNqBDvA"]},{"@type":"Person","@id":"https:\/\/rgdeportes.com\/#\/schema\/person\/91795323fddb335a4fd017bf0e4b1358","name":"Randall Gutierrez","image":{"@type":"ImageObject","inLanguage":"es","@id":"https:\/\/rgdeportes.com\/#\/schema\/person\/image\/","url":"https:\/\/secure.gravatar.com\/avatar\/d0884ea8b9b50bcfad3c0d20049361b5?s=96&d=mm&r=g","contentUrl":"https:\/\/secure.gravatar.com\/avatar\/d0884ea8b9b50bcfad3c0d20049361b5?s=96&d=mm&r=g","caption":"Randall Gutierrez"},"url":"https:\/\/rgdeportes.com\/index.php\/author\/randall\/"}]}},"_links":{"self":[{"href":"https:\/\/rgdeportes.com\/index.php\/wp-json\/wp\/v2\/posts\/7674","targetHints":{"allow":["GET"]}}],"collection":[{"href":"https:\/\/rgdeportes.com\/index.php\/wp-json\/wp\/v2\/posts"}],"about":[{"href":"https:\/\/rgdeportes.com\/index.php\/wp-json\/wp\/v2\/types\/post"}],"author":[{"embeddable":true,"href":"https:\/\/rgdeportes.com\/index.php\/wp-json\/wp\/v2\/users\/2"}],"replies":[{"embeddable":true,"href":"https:\/\/rgdeportes.com\/index.php\/wp-json\/wp\/v2\/comments?post=7674"}],"version-history":[{"count":1,"href":"https:\/\/rgdeportes.com\/index.php\/wp-json\/wp\/v2\/posts\/7674\/revisions"}],"predecessor-version":[{"id":7678,"href":"https:\/\/rgdeportes.com\/index.php\/wp-json\/wp\/v2\/posts\/7674\/revisions\/7678"}],"wp:featuredmedia":[{"embeddable":true,"href":"https:\/\/rgdeportes.com\/index.php\/wp-json\/wp\/v2\/media\/7675"}],"wp:attachment":[{"href":"https:\/\/rgdeportes.com\/index.php\/wp-json\/wp\/v2\/media?parent=7674"}],"wp:term":[{"taxonomy":"category","embeddable":true,"href":"https:\/\/rgdeportes.com\/index.php\/wp-json\/wp\/v2\/categories?post=7674"},{"taxonomy":"post_tag","embeddable":true,"href":"https:\/\/rgdeportes.com\/index.php\/wp-json\/wp\/v2\/tags?post=7674"}],"curies":[{"name":"wp","href":"https:\/\/api.w.org\/{rel}","templated":true}]}}