{"id":7660,"date":"2024-02-01T00:34:05","date_gmt":"2024-02-01T00:34:05","guid":{"rendered":"https:\/\/rgdeportes.com\/?p=7660"},"modified":"2024-02-01T00:34:06","modified_gmt":"2024-02-01T00:34:06","slug":"nadadores-listos-para-el-primer-clasificatorio-de-la-temporada","status":"publish","type":"post","link":"https:\/\/rgdeportes.com\/index.php\/2024\/02\/01\/nadadores-listos-para-el-primer-clasificatorio-de-la-temporada\/","title":{"rendered":"Nadadores listos para el Primer Clasificatorio de la temporada"},"content":{"rendered":"\n<figure class=\"wp-block-image size-large\"><img loading=\"lazy\" decoding=\"async\" width=\"1024\" height=\"683\" src=\"https:\/\/rgdeportes.com\/wp-content\/uploads\/2024\/02\/Natacion-1-1024x683.jpg\" alt=\"\" class=\"wp-image-7661\" srcset=\"https:\/\/rgdeportes.com\/wp-content\/uploads\/2024\/02\/Natacion-1-1024x683.jpg 1024w, https:\/\/rgdeportes.com\/wp-content\/uploads\/2024\/02\/Natacion-1-300x200.jpg 300w, https:\/\/rgdeportes.com\/wp-content\/uploads\/2024\/02\/Natacion-1-768x512.jpg 768w, https:\/\/rgdeportes.com\/wp-content\/uploads\/2024\/02\/Natacion-1-1536x1024.jpg 1536w, https:\/\/rgdeportes.com\/wp-content\/uploads\/2024\/02\/Natacion-1-2048x1365.jpg 2048w\" sizes=\"auto, (max-width: 1024px) 100vw, 1024px\" \/><\/figure>\n\n\n\n<p>Los amantes de la nataci\u00f3n regresan para demostrar su mejor potencial en el <strong>\u201cPrimer Clasificatorio\u201d<\/strong> <em>(Fecoda 2023 \u2013 2024<\/em>) desde la <strong><em>Piscina Mar\u00eda del Milagro Paris<\/em><\/strong> ubicada en <strong><em>La Sabana<\/em><\/strong>, con ello, este ser\u00e1 el primer evento con dicha modalidad para este a\u00f1o 2024 donde competir\u00e1n cerca de <strong><em>817 nadadores<\/em><\/strong> iniciando desde el mi\u00e9rcoles 31 de enero.<br><br>Este certamen contar\u00e1 con la presencia de 817 nadadores, representados en 37 equipos de las categor\u00edas Infantil A, Infantil B, Juvenil A, Juvenil B y Mayor. Cada atleta podr\u00e1 participar en seis eventos en donde en podr\u00e1 competir en m\u00e1ximo dos pruebas.<br><br>Se premiar\u00e1 con medalla de oro al primer lugar, plata al segundo lugar, bronce al tercer lugar y con broches del 4 al 8 lugar de cada evento. Adem\u00e1s, se le dar\u00e1 los reconocimientos por equipos del primero al quinto lugar y a las mejores marcas del evento.<br><br>Las competencias en La Sabana iniciar\u00e1n este mi\u00e9rcoles a las 4:00 pm; mientras que el jueves y viernes tendr\u00e1 dos sesiones a las 9:00 a.m. y 4:00 p.m.<br><br>Este torneo es organizado por la Federaci\u00f3n Costarricense de Deportes Acu\u00e1ticos (Fecoda), con el aval del Instituto Costarricense del Deporte y la Recreaci\u00f3n (Icoder) y el respaldo de Jaked y Electrolit\u00a0 y ser\u00e1 transmitido en vivo por la p\u00e1gina de Facebook la Federaci\u00f3n.<\/p>\n\n\n\n<figure class=\"wp-block-image size-large\"><img loading=\"lazy\" decoding=\"async\" width=\"1024\" height=\"683\" src=\"https:\/\/rgdeportes.com\/wp-content\/uploads\/2024\/02\/Natacion-2-1024x683.jpg\" alt=\"\" class=\"wp-image-7662\" srcset=\"https:\/\/rgdeportes.com\/wp-content\/uploads\/2024\/02\/Natacion-2-1024x683.jpg 1024w, https:\/\/rgdeportes.com\/wp-content\/uploads\/2024\/02\/Natacion-2-300x200.jpg 300w, https:\/\/rgdeportes.com\/wp-content\/uploads\/2024\/02\/Natacion-2-768x512.jpg 768w, https:\/\/rgdeportes.com\/wp-content\/uploads\/2024\/02\/Natacion-2-1536x1024.jpg 1536w, https:\/\/rgdeportes.com\/wp-content\/uploads\/2024\/02\/Natacion-2-2048x1365.jpg 2048w\" sizes=\"auto, (max-width: 1024px) 100vw, 1024px\" \/><\/figure>\n\n\n\n<p><strong>Calendario de competencias &nbsp;I Clasificatorio Fecoda 2023-2024<\/strong><\/p>\n\n\n\n<figure class=\"wp-block-table\"><table><tbody><tr><td><strong>Fecha<\/strong><\/td><td><strong># Sesi\u00f3n<\/strong><\/td><td><strong>Competencia<\/strong><\/td><\/tr><tr><td>Mi\u00e9rcoles 31 de enero<\/td><td>1<\/td><td>4:00pm<\/td><\/tr><tr><td>Jueves 1 de febrero<\/td><td>2<\/td><td>9:00am<\/td><\/tr><tr><td>Jueves 1 de febrero<\/td><td>3<\/td><td>4:00pm<\/td><\/tr><tr><td>Viernes 2 de febrero<\/td><td>4<\/td><td>9:00am<\/td><\/tr><tr><td>Viernes 2 de febrero<\/td><td>5<\/td><td>4:00pm<\/td><\/tr><\/tbody><\/table><\/figure>\n","protected":false},"excerpt":{"rendered":"<p>Los amantes de la nataci\u00f3n regresan para demostrar su mejor potencial en el \u201cPrimer Clasificatorio\u201d (Fecoda 2023 \u2013 2024) desde la Piscina Mar\u00eda del Milagro Paris ubicada en La Sabana,&hellip; <\/p>\n","protected":false},"author":2,"featured_media":7661,"comment_status":"closed","ping_status":"closed","sticky":false,"template":"","format":"standard","meta":{"om_disable_all_campaigns":false,"_monsterinsights_skip_tracking":false,"_monsterinsights_sitenote_active":false,"_monsterinsights_sitenote_note":"","_monsterinsights_sitenote_category":0,"footnotes":""},"categories":[523],"tags":[2370,2369],"class_list":["post-7660","post","type-post","status-publish","format-standard","has-post-thumbnail","hentry","category-dac","tag-clasificatorionatacion2024","tag-natacioncostarica2024"],"aioseo_notices":[],"yoast_head":"<!-- This site is optimized with the Yoast SEO plugin v21.2 - https:\/\/yoast.com\/wordpress\/plugins\/seo\/ -->\n<title>Nadadores listos para el Primer Clasificatorio de la temporada - RG Deportes\u200e<\/title>\n<meta name=\"robots\" content=\"index, follow, max-snippet:-1, max-image-preview:large, max-video-preview:-1\" \/>\n<link rel=\"canonical\" href=\"https:\/\/rgdeportes.com\/index.php\/2024\/02\/01\/nadadores-listos-para-el-primer-clasificatorio-de-la-temporada\/\" \/>\n<meta property=\"og:locale\" content=\"es_ES\" \/>\n<meta property=\"og:type\" content=\"article\" \/>\n<meta property=\"og:title\" content=\"Nadadores listos para el Primer Clasificatorio de la temporada - RG Deportes\u200e\" \/>\n<meta property=\"og:description\" content=\"Los amantes de la nataci\u00f3n regresan para demostrar su mejor potencial en el \u201cPrimer Clasificatorio\u201d (Fecoda 2023 \u2013 2024) desde la Piscina Mar\u00eda del Milagro Paris ubicada en La Sabana,&hellip;\" \/>\n<meta property=\"og:url\" content=\"https:\/\/rgdeportes.com\/index.php\/2024\/02\/01\/nadadores-listos-para-el-primer-clasificatorio-de-la-temporada\/\" \/>\n<meta property=\"og:site_name\" content=\"RG Deportes\u200e\" \/>\n<meta property=\"article:publisher\" content=\"https:\/\/www.facebook.com\/RandallGutierrezDeportes\/\" \/>\n<meta property=\"article:published_time\" content=\"2024-02-01T00:34:05+00:00\" \/>\n<meta property=\"article:modified_time\" content=\"2024-02-01T00:34:06+00:00\" \/>\n<meta property=\"og:image\" content=\"http:\/\/rgdeportes.com\/wp-content\/uploads\/2024\/02\/Natacion-1-scaled.jpg\" \/>\n\t<meta property=\"og:image:width\" content=\"2560\" \/>\n\t<meta property=\"og:image:height\" content=\"1707\" \/>\n\t<meta property=\"og:image:type\" content=\"image\/jpeg\" \/>\n<meta name=\"author\" content=\"Randall Gutierrez\" \/>\n<meta name=\"twitter:card\" content=\"summary_large_image\" \/>\n<meta name=\"twitter:label1\" content=\"Escrito por\" \/>\n\t<meta name=\"twitter:data1\" content=\"Randall Gutierrez\" \/>\n\t<meta name=\"twitter:label2\" content=\"Tiempo de lectura\" \/>\n\t<meta name=\"twitter:data2\" content=\"2 minutos\" \/>\n<script type=\"application\/ld+json\" class=\"yoast-schema-graph\">{\"@context\":\"https:\/\/schema.org\",\"@graph\":[{\"@type\":\"Article\",\"@id\":\"https:\/\/rgdeportes.com\/index.php\/2024\/02\/01\/nadadores-listos-para-el-primer-clasificatorio-de-la-temporada\/#article\",\"isPartOf\":{\"@id\":\"https:\/\/rgdeportes.com\/index.php\/2024\/02\/01\/nadadores-listos-para-el-primer-clasificatorio-de-la-temporada\/\"},\"author\":{\"name\":\"Randall Gutierrez\",\"@id\":\"https:\/\/rgdeportes.com\/#\/schema\/person\/91795323fddb335a4fd017bf0e4b1358\"},\"headline\":\"Nadadores listos para el Primer Clasificatorio de la temporada\",\"datePublished\":\"2024-02-01T00:34:05+00:00\",\"dateModified\":\"2024-02-01T00:34:06+00:00\",\"mainEntityOfPage\":{\"@id\":\"https:\/\/rgdeportes.com\/index.php\/2024\/02\/01\/nadadores-listos-para-el-primer-clasificatorio-de-la-temporada\/\"},\"wordCount\":264,\"publisher\":{\"@id\":\"https:\/\/rgdeportes.com\/#organization\"},\"keywords\":[\"#clasificatorionatacion2024\",\"#natacioncostarica2024\"],\"articleSection\":[\"Deporte acu\u00e1tico\"],\"inLanguage\":\"es\"},{\"@type\":\"WebPage\",\"@id\":\"https:\/\/rgdeportes.com\/index.php\/2024\/02\/01\/nadadores-listos-para-el-primer-clasificatorio-de-la-temporada\/\",\"url\":\"https:\/\/rgdeportes.com\/index.php\/2024\/02\/01\/nadadores-listos-para-el-primer-clasificatorio-de-la-temporada\/\",\"name\":\"Nadadores listos para el Primer Clasificatorio de la temporada - RG Deportes\u200e\",\"isPartOf\":{\"@id\":\"https:\/\/rgdeportes.com\/#website\"},\"datePublished\":\"2024-02-01T00:34:05+00:00\",\"dateModified\":\"2024-02-01T00:34:06+00:00\",\"breadcrumb\":{\"@id\":\"https:\/\/rgdeportes.com\/index.php\/2024\/02\/01\/nadadores-listos-para-el-primer-clasificatorio-de-la-temporada\/#breadcrumb\"},\"inLanguage\":\"es\",\"potentialAction\":[{\"@type\":\"ReadAction\",\"target\":[\"https:\/\/rgdeportes.com\/index.php\/2024\/02\/01\/nadadores-listos-para-el-primer-clasificatorio-de-la-temporada\/\"]}]},{\"@type\":\"BreadcrumbList\",\"@id\":\"https:\/\/rgdeportes.com\/index.php\/2024\/02\/01\/nadadores-listos-para-el-primer-clasificatorio-de-la-temporada\/#breadcrumb\",\"itemListElement\":[{\"@type\":\"ListItem\",\"position\":1,\"name\":\"Portada\",\"item\":\"https:\/\/rgdeportes.com\/\"},{\"@type\":\"ListItem\",\"position\":2,\"name\":\"Nadadores listos para el Primer Clasificatorio de la temporada\"}]},{\"@type\":\"WebSite\",\"@id\":\"https:\/\/rgdeportes.com\/#website\",\"url\":\"https:\/\/rgdeportes.com\/\",\"name\":\"RG Deportes\u200e\",\"description\":\"\",\"publisher\":{\"@id\":\"https:\/\/rgdeportes.com\/#organization\"},\"potentialAction\":[{\"@type\":\"SearchAction\",\"target\":{\"@type\":\"EntryPoint\",\"urlTemplate\":\"https:\/\/rgdeportes.com\/?s={search_term_string}\"},\"query-input\":\"required name=search_term_string\"}],\"inLanguage\":\"es\"},{\"@type\":\"Organization\",\"@id\":\"https:\/\/rgdeportes.com\/#organization\",\"name\":\"RG Deportes\",\"url\":\"https:\/\/rgdeportes.com\/\",\"logo\":{\"@type\":\"ImageObject\",\"inLanguage\":\"es\",\"@id\":\"https:\/\/rgdeportes.com\/#\/schema\/logo\/image\/\",\"url\":\"https:\/\/rgdeportes.com\/wp-content\/uploads\/2020\/09\/Logo.png\",\"contentUrl\":\"https:\/\/rgdeportes.com\/wp-content\/uploads\/2020\/09\/Logo.png\",\"width\":784,\"height\":552,\"caption\":\"RG Deportes\"},\"image\":{\"@id\":\"https:\/\/rgdeportes.com\/#\/schema\/logo\/image\/\"},\"sameAs\":[\"https:\/\/www.facebook.com\/RandallGutierrezDeportes\/\",\"https:\/\/www.instagram.com\/randallgutierrezdeportes\/\",\"https:\/\/www.youtube.com\/channel\/UCX4_qbvtnTwoF5t2zNqBDvA\"]},{\"@type\":\"Person\",\"@id\":\"https:\/\/rgdeportes.com\/#\/schema\/person\/91795323fddb335a4fd017bf0e4b1358\",\"name\":\"Randall Gutierrez\",\"image\":{\"@type\":\"ImageObject\",\"inLanguage\":\"es\",\"@id\":\"https:\/\/rgdeportes.com\/#\/schema\/person\/image\/\",\"url\":\"https:\/\/secure.gravatar.com\/avatar\/d0884ea8b9b50bcfad3c0d20049361b5?s=96&d=mm&r=g\",\"contentUrl\":\"https:\/\/secure.gravatar.com\/avatar\/d0884ea8b9b50bcfad3c0d20049361b5?s=96&d=mm&r=g\",\"caption\":\"Randall Gutierrez\"},\"url\":\"https:\/\/rgdeportes.com\/index.php\/author\/randall\/\"}]}<\/script>\n<!-- \/ Yoast SEO plugin. -->","yoast_head_json":{"title":"Nadadores listos para el Primer Clasificatorio de la temporada - RG Deportes\u200e","robots":{"index":"index","follow":"follow","max-snippet":"max-snippet:-1","max-image-preview":"max-image-preview:large","max-video-preview":"max-video-preview:-1"},"canonical":"https:\/\/rgdeportes.com\/index.php\/2024\/02\/01\/nadadores-listos-para-el-primer-clasificatorio-de-la-temporada\/","og_locale":"es_ES","og_type":"article","og_title":"Nadadores listos para el Primer Clasificatorio de la temporada - RG Deportes\u200e","og_description":"Los amantes de la nataci\u00f3n regresan para demostrar su mejor potencial en el \u201cPrimer Clasificatorio\u201d (Fecoda 2023 \u2013 2024) desde la Piscina Mar\u00eda del Milagro Paris ubicada en La Sabana,&hellip;","og_url":"https:\/\/rgdeportes.com\/index.php\/2024\/02\/01\/nadadores-listos-para-el-primer-clasificatorio-de-la-temporada\/","og_site_name":"RG Deportes\u200e","article_publisher":"https:\/\/www.facebook.com\/RandallGutierrezDeportes\/","article_published_time":"2024-02-01T00:34:05+00:00","article_modified_time":"2024-02-01T00:34:06+00:00","og_image":[{"width":2560,"height":1707,"url":"http:\/\/rgdeportes.com\/wp-content\/uploads\/2024\/02\/Natacion-1-scaled.jpg","type":"image\/jpeg"}],"author":"Randall Gutierrez","twitter_card":"summary_large_image","twitter_misc":{"Escrito por":"Randall Gutierrez","Tiempo de lectura":"2 minutos"},"schema":{"@context":"https:\/\/schema.org","@graph":[{"@type":"Article","@id":"https:\/\/rgdeportes.com\/index.php\/2024\/02\/01\/nadadores-listos-para-el-primer-clasificatorio-de-la-temporada\/#article","isPartOf":{"@id":"https:\/\/rgdeportes.com\/index.php\/2024\/02\/01\/nadadores-listos-para-el-primer-clasificatorio-de-la-temporada\/"},"author":{"name":"Randall Gutierrez","@id":"https:\/\/rgdeportes.com\/#\/schema\/person\/91795323fddb335a4fd017bf0e4b1358"},"headline":"Nadadores listos para el Primer Clasificatorio de la temporada","datePublished":"2024-02-01T00:34:05+00:00","dateModified":"2024-02-01T00:34:06+00:00","mainEntityOfPage":{"@id":"https:\/\/rgdeportes.com\/index.php\/2024\/02\/01\/nadadores-listos-para-el-primer-clasificatorio-de-la-temporada\/"},"wordCount":264,"publisher":{"@id":"https:\/\/rgdeportes.com\/#organization"},"keywords":["#clasificatorionatacion2024","#natacioncostarica2024"],"articleSection":["Deporte acu\u00e1tico"],"inLanguage":"es"},{"@type":"WebPage","@id":"https:\/\/rgdeportes.com\/index.php\/2024\/02\/01\/nadadores-listos-para-el-primer-clasificatorio-de-la-temporada\/","url":"https:\/\/rgdeportes.com\/index.php\/2024\/02\/01\/nadadores-listos-para-el-primer-clasificatorio-de-la-temporada\/","name":"Nadadores listos para el Primer Clasificatorio de la temporada - RG Deportes\u200e","isPartOf":{"@id":"https:\/\/rgdeportes.com\/#website"},"datePublished":"2024-02-01T00:34:05+00:00","dateModified":"2024-02-01T00:34:06+00:00","breadcrumb":{"@id":"https:\/\/rgdeportes.com\/index.php\/2024\/02\/01\/nadadores-listos-para-el-primer-clasificatorio-de-la-temporada\/#breadcrumb"},"inLanguage":"es","potentialAction":[{"@type":"ReadAction","target":["https:\/\/rgdeportes.com\/index.php\/2024\/02\/01\/nadadores-listos-para-el-primer-clasificatorio-de-la-temporada\/"]}]},{"@type":"BreadcrumbList","@id":"https:\/\/rgdeportes.com\/index.php\/2024\/02\/01\/nadadores-listos-para-el-primer-clasificatorio-de-la-temporada\/#breadcrumb","itemListElement":[{"@type":"ListItem","position":1,"name":"Portada","item":"https:\/\/rgdeportes.com\/"},{"@type":"ListItem","position":2,"name":"Nadadores listos para el Primer Clasificatorio de la temporada"}]},{"@type":"WebSite","@id":"https:\/\/rgdeportes.com\/#website","url":"https:\/\/rgdeportes.com\/","name":"RG Deportes\u200e","description":"","publisher":{"@id":"https:\/\/rgdeportes.com\/#organization"},"potentialAction":[{"@type":"SearchAction","target":{"@type":"EntryPoint","urlTemplate":"https:\/\/rgdeportes.com\/?s={search_term_string}"},"query-input":"required name=search_term_string"}],"inLanguage":"es"},{"@type":"Organization","@id":"https:\/\/rgdeportes.com\/#organization","name":"RG Deportes","url":"https:\/\/rgdeportes.com\/","logo":{"@type":"ImageObject","inLanguage":"es","@id":"https:\/\/rgdeportes.com\/#\/schema\/logo\/image\/","url":"https:\/\/rgdeportes.com\/wp-content\/uploads\/2020\/09\/Logo.png","contentUrl":"https:\/\/rgdeportes.com\/wp-content\/uploads\/2020\/09\/Logo.png","width":784,"height":552,"caption":"RG Deportes"},"image":{"@id":"https:\/\/rgdeportes.com\/#\/schema\/logo\/image\/"},"sameAs":["https:\/\/www.facebook.com\/RandallGutierrezDeportes\/","https:\/\/www.instagram.com\/randallgutierrezdeportes\/","https:\/\/www.youtube.com\/channel\/UCX4_qbvtnTwoF5t2zNqBDvA"]},{"@type":"Person","@id":"https:\/\/rgdeportes.com\/#\/schema\/person\/91795323fddb335a4fd017bf0e4b1358","name":"Randall Gutierrez","image":{"@type":"ImageObject","inLanguage":"es","@id":"https:\/\/rgdeportes.com\/#\/schema\/person\/image\/","url":"https:\/\/secure.gravatar.com\/avatar\/d0884ea8b9b50bcfad3c0d20049361b5?s=96&d=mm&r=g","contentUrl":"https:\/\/secure.gravatar.com\/avatar\/d0884ea8b9b50bcfad3c0d20049361b5?s=96&d=mm&r=g","caption":"Randall Gutierrez"},"url":"https:\/\/rgdeportes.com\/index.php\/author\/randall\/"}]}},"_links":{"self":[{"href":"https:\/\/rgdeportes.com\/index.php\/wp-json\/wp\/v2\/posts\/7660","targetHints":{"allow":["GET"]}}],"collection":[{"href":"https:\/\/rgdeportes.com\/index.php\/wp-json\/wp\/v2\/posts"}],"about":[{"href":"https:\/\/rgdeportes.com\/index.php\/wp-json\/wp\/v2\/types\/post"}],"author":[{"embeddable":true,"href":"https:\/\/rgdeportes.com\/index.php\/wp-json\/wp\/v2\/users\/2"}],"replies":[{"embeddable":true,"href":"https:\/\/rgdeportes.com\/index.php\/wp-json\/wp\/v2\/comments?post=7660"}],"version-history":[{"count":1,"href":"https:\/\/rgdeportes.com\/index.php\/wp-json\/wp\/v2\/posts\/7660\/revisions"}],"predecessor-version":[{"id":7663,"href":"https:\/\/rgdeportes.com\/index.php\/wp-json\/wp\/v2\/posts\/7660\/revisions\/7663"}],"wp:featuredmedia":[{"embeddable":true,"href":"https:\/\/rgdeportes.com\/index.php\/wp-json\/wp\/v2\/media\/7661"}],"wp:attachment":[{"href":"https:\/\/rgdeportes.com\/index.php\/wp-json\/wp\/v2\/media?parent=7660"}],"wp:term":[{"taxonomy":"category","embeddable":true,"href":"https:\/\/rgdeportes.com\/index.php\/wp-json\/wp\/v2\/categories?post=7660"},{"taxonomy":"post_tag","embeddable":true,"href":"https:\/\/rgdeportes.com\/index.php\/wp-json\/wp\/v2\/tags?post=7660"}],"curies":[{"name":"wp","href":"https:\/\/api.w.org\/{rel}","templated":true}]}}