{"id":7501,"date":"2023-12-11T22:33:59","date_gmt":"2023-12-11T22:33:59","guid":{"rendered":"https:\/\/rgdeportes.com\/?p=7501"},"modified":"2023-12-11T22:35:29","modified_gmt":"2023-12-11T22:35:29","slug":"alexander-zamora-esperamos-tener-una-buena-participacion-nacional-en-los-juegos-olimpicos-en-paris-2024-video","status":"publish","type":"post","link":"https:\/\/rgdeportes.com\/index.php\/2023\/12\/11\/alexander-zamora-esperamos-tener-una-buena-participacion-nacional-en-los-juegos-olimpicos-en-paris-2024-video\/","title":{"rendered":"Alexander Zamora: \u201cEsperamos tener una buena participaci\u00f3n nacional en los Juegos Ol\u00edmpicos en Paris 2024\u201d. (Video)"},"content":{"rendered":"\n<figure class=\"wp-block-image size-large\"><img loading=\"lazy\" decoding=\"async\" width=\"1024\" height=\"768\" src=\"https:\/\/rgdeportes.com\/wp-content\/uploads\/2023\/12\/Comite-Olimpico-1-1024x768.jpg\" alt=\"\" class=\"wp-image-7502\" srcset=\"https:\/\/rgdeportes.com\/wp-content\/uploads\/2023\/12\/Comite-Olimpico-1-1024x768.jpg 1024w, https:\/\/rgdeportes.com\/wp-content\/uploads\/2023\/12\/Comite-Olimpico-1-300x225.jpg 300w, https:\/\/rgdeportes.com\/wp-content\/uploads\/2023\/12\/Comite-Olimpico-1-768x576.jpg 768w, https:\/\/rgdeportes.com\/wp-content\/uploads\/2023\/12\/Comite-Olimpico-1-1536x1152.jpg 1536w, https:\/\/rgdeportes.com\/wp-content\/uploads\/2023\/12\/Comite-Olimpico-1.jpg 1600w\" sizes=\"auto, (max-width: 1024px) 100vw, 1024px\" \/><\/figure>\n\n\n\n<p><strong>Coronado, San Jos\u00e9<\/strong> \u2013 En un evento realizado por parte del <strong>Comit\u00e9 Ol\u00edmpico Nacional de Costa Rica (CONCRC)<\/strong>, nuestro medio <strong><a href=\"http:\/\/www.rgdeorts.com\">www.rgdeorts.com<\/a><\/strong> estuvo presente en esta actividad y tuvo el espacio para entrevistar al <strong>Presidente del Comit\u00e9 Olimpico Nacional de Costa Rica<\/strong>, el se\u00f1or don <strong>Alexander Zamora<\/strong>, quien destac\u00f3 los logros alcanzados en las diferentes disciplinas nacionales durante este a\u00f1o 2023 y adem\u00e1s, se llev\u00f3 a cabo el convenio con la marca de ropa deportiva Everlast.<\/p>\n\n\n\n<p><em>\u201cHa sido un a\u00f1o de mucho trabajo para el equipo del Comit\u00e9 Ol\u00edmpico Nacional de Costa Rica , esto, porque tuvimos dos eventos en un mismo a\u00f1o, aspecto que no es normal, desde luego por razones de la pandemia, donde se logr\u00f3 recoger todo, desde el ciclo ol\u00edmpico y los Juegos Centroamericanos y del Caribe en El Salvador, como tambi\u00e9n los Juegos Panamericanos en Santiago de Chile\u201d,<\/em> resalt\u00f3, don <strong>Alexander Zamora<\/strong>.<\/p>\n\n\n\n<p>El jerarca, mencion\u00f3 diversos puntos que vienen trabajando, desde el par\u00e1metro que los atletas deben tener una balanza tanto a nivel deportiva como acad\u00e9mica, tambi\u00e9n, mencion\u00f3 que se espera que para el a\u00f1o 2024 Costa Rica puede estar representado por una buena cantidad de atletas en los Juegos Ol\u00edmpicos a celebrarse en Par\u00eds, Francia.<\/p>\n\n\n\n<p><strong>Alianzas con nuevas marcas<\/strong><\/p>\n\n\n\n<figure class=\"wp-block-image size-large\"><img loading=\"lazy\" decoding=\"async\" width=\"1024\" height=\"768\" src=\"https:\/\/rgdeportes.com\/wp-content\/uploads\/2023\/12\/COI-2-1024x768.jpg\" alt=\"\" class=\"wp-image-7503\" srcset=\"https:\/\/rgdeportes.com\/wp-content\/uploads\/2023\/12\/COI-2-1024x768.jpg 1024w, https:\/\/rgdeportes.com\/wp-content\/uploads\/2023\/12\/COI-2-300x225.jpg 300w, https:\/\/rgdeportes.com\/wp-content\/uploads\/2023\/12\/COI-2-768x576.jpg 768w, https:\/\/rgdeportes.com\/wp-content\/uploads\/2023\/12\/COI-2-1536x1152.jpg 1536w, https:\/\/rgdeportes.com\/wp-content\/uploads\/2023\/12\/COI-2.jpg 1600w\" sizes=\"auto, (max-width: 1024px) 100vw, 1024px\" \/><\/figure>\n\n\n\n<p>En virtud de este acuerdo hist\u00f3rico, Everlast se convertir\u00e1 en la primera marca en proporcionar la indumentaria completa y con un dise\u00f1o personalizado para los atletas ol\u00edmpicos costarricenses en los Juegos Ol\u00edmpicos de Par\u00eds 2024.<\/p>\n\n\n\n<p>Este convenio representa un hito ya que adem\u00e1s del dise\u00f1o, la marca comercializar\u00e1 el producto en sus tiendas con el objetivo de que la afici\u00f3n deportiva se identifique con los deportistas que nos representar\u00e1n en el m\u00e1ximo evento del Ciclo Ol\u00edmpico.<\/p>\n\n\n\n<p>\u201cNos sentimos orgullosos de anunciar este convenido con Everlast. Lo m\u00e1s importante es brindar calidad, comodidad y la mejor tecnolog\u00eda a nuestros atletas y por ello es que es trascendental este acuerdo que no solo llega a contribuir con los deportistas, sino que tambi\u00e9n es un aliciente para que cada ciudadano apoye a los ticos antes y durante las competencias que enfrentar\u00e1n en el 2024\u201d, asevera Alex\u00e1nder Zamora, Presidente del Comit\u00e9 Ol\u00edmpico Nacional.<\/p>\n\n\n\n<p>La firma de este contrato de patrocinio refleja el compromiso conjunto del Comit\u00e9 Ol\u00edmpico Nacional de Costa Rica y Everlast con el crecimiento y la excelencia en el deporte.<\/p>\n\n\n\n<p>La marca, reconocida mundialmente por su calidad en la fabricaci\u00f3n de productos deportivos, se enorgullece de asociarse con los atletas costarricenses para brindarles el mejor equipamiento posible en su camino hacia el \u00e9xito en los Juegos Ol\u00edmpicos de Par\u00eds 2024.<\/p>\n\n\n\n<p><em>\u201cPara Everlast es un gran orgullo ser la primera marca en Costa Rica en proporcionar un uniforme que ser\u00e1 exclusivamente dise\u00f1ado para los atletas que nos representar\u00e1n en los Juegos Ol\u00edmpicos de Par\u00eds 2024. Esta es la marca de los campeones, de los atletas que se comprometen a dar lo mejor de s\u00ed para ganar los distintos desaf\u00edos. Nos sentimos muy honrados de poder vestir a los grandes deportistas nacionales que participar\u00e1n en tan prestigioso evento\u201d,&nbsp;<\/em>indica Max Suchar, Director Comercial de Deportes Jimmy Costa Rica, representantes exclusivos de Everlast en el pa\u00eds.<\/p>\n\n\n\n<p>El uniforme que el equipo nacional utilizar\u00e1 en las actividades oficiales de los Juegos Ol\u00edmpicos tendr\u00e1 un dise\u00f1o \u00fanico que integrar\u00e1 las tecnolog\u00edas textiles m\u00e1s avanzadas y apelar\u00e1 a los valores de Everlast como fortaleza, dedicaci\u00f3n, autenticidad y compromiso para superar los obst\u00e1culos y cumplir las metas. Comprender\u00e1 un conjunto de jacket, t-shirt y pantal\u00f3n de buzo, as\u00ed como calzado deportivo, accesorios y otras prendas de la marca.<\/p>\n\n\n\n<p><strong>(Video)<\/strong><\/p>\n\n\n\n<figure class=\"wp-block-embed is-type-video is-provider-youtube wp-block-embed-youtube wp-embed-aspect-16-9 wp-has-aspect-ratio\"><div class=\"wp-block-embed__wrapper\">\n<iframe loading=\"lazy\" title=\"Alexander Zamora, Presidente del Comit\u00e9 Ol\u00edmpico Nacional de Costa Rica.\" width=\"1110\" height=\"624\" src=\"https:\/\/www.youtube.com\/embed\/D0ZbtghLSmY?feature=oembed\" frameborder=\"0\" allow=\"accelerometer; autoplay; clipboard-write; encrypted-media; gyroscope; picture-in-picture; web-share\" allowfullscreen><\/iframe>\n<\/div><\/figure>\n","protected":false},"excerpt":{"rendered":"<p>Coronado, San Jos\u00e9 \u2013 En un evento realizado por parte del Comit\u00e9 Ol\u00edmpico Nacional de Costa Rica (CONCRC), nuestro medio www.rgdeorts.com estuvo presente en esta actividad y tuvo el espacio&hellip; <\/p>\n","protected":false},"author":2,"featured_media":7502,"comment_status":"closed","ping_status":"closed","sticky":false,"template":"","format":"standard","meta":{"om_disable_all_campaigns":false,"_monsterinsights_skip_tracking":false,"_monsterinsights_sitenote_active":false,"_monsterinsights_sitenote_note":"","_monsterinsights_sitenote_category":0,"footnotes":""},"categories":[9],"tags":[2318,2319],"class_list":["post-7501","post","type-post","status-publish","format-standard","has-post-thumbnail","hentry","category-na","tag-cicloolimpico","tag-comiteolimpicodecostarica"],"aioseo_notices":[],"yoast_head":"<!-- This site is optimized with the Yoast SEO plugin v21.2 - https:\/\/yoast.com\/wordpress\/plugins\/seo\/ -->\n<title>Alexander Zamora: \u201cEsperamos tener una buena participaci\u00f3n nacional en los Juegos Ol\u00edmpicos en Paris 2024\u201d. (Video) - RG Deportes\u200e<\/title>\n<meta name=\"robots\" content=\"index, follow, max-snippet:-1, max-image-preview:large, max-video-preview:-1\" \/>\n<link rel=\"canonical\" href=\"https:\/\/rgdeportes.com\/index.php\/2023\/12\/11\/alexander-zamora-esperamos-tener-una-buena-participacion-nacional-en-los-juegos-olimpicos-en-paris-2024-video\/\" \/>\n<meta property=\"og:locale\" content=\"es_ES\" \/>\n<meta property=\"og:type\" content=\"article\" \/>\n<meta property=\"og:title\" content=\"Alexander Zamora: \u201cEsperamos tener una buena participaci\u00f3n nacional en los Juegos Ol\u00edmpicos en Paris 2024\u201d. (Video) - RG Deportes\u200e\" \/>\n<meta property=\"og:description\" content=\"Coronado, San Jos\u00e9 \u2013 En un evento realizado por parte del Comit\u00e9 Ol\u00edmpico Nacional de Costa Rica (CONCRC), nuestro medio www.rgdeorts.com estuvo presente en esta actividad y tuvo el espacio&hellip;\" \/>\n<meta property=\"og:url\" content=\"https:\/\/rgdeportes.com\/index.php\/2023\/12\/11\/alexander-zamora-esperamos-tener-una-buena-participacion-nacional-en-los-juegos-olimpicos-en-paris-2024-video\/\" \/>\n<meta property=\"og:site_name\" content=\"RG Deportes\u200e\" \/>\n<meta property=\"article:publisher\" content=\"https:\/\/www.facebook.com\/RandallGutierrezDeportes\/\" \/>\n<meta property=\"article:published_time\" content=\"2023-12-11T22:33:59+00:00\" \/>\n<meta property=\"article:modified_time\" content=\"2023-12-11T22:35:29+00:00\" \/>\n<meta property=\"og:image\" content=\"http:\/\/rgdeportes.com\/wp-content\/uploads\/2023\/12\/Comite-Olimpico-1.jpg\" \/>\n\t<meta property=\"og:image:width\" content=\"1600\" \/>\n\t<meta property=\"og:image:height\" content=\"1200\" \/>\n\t<meta property=\"og:image:type\" content=\"image\/jpeg\" \/>\n<meta name=\"author\" content=\"Randall Gutierrez\" \/>\n<meta name=\"twitter:card\" content=\"summary_large_image\" \/>\n<meta name=\"twitter:label1\" content=\"Escrito por\" \/>\n\t<meta name=\"twitter:data1\" content=\"Randall Gutierrez\" \/>\n\t<meta name=\"twitter:label2\" content=\"Tiempo de lectura\" \/>\n\t<meta name=\"twitter:data2\" content=\"4 minutos\" \/>\n<script type=\"application\/ld+json\" class=\"yoast-schema-graph\">{\"@context\":\"https:\/\/schema.org\",\"@graph\":[{\"@type\":\"Article\",\"@id\":\"https:\/\/rgdeportes.com\/index.php\/2023\/12\/11\/alexander-zamora-esperamos-tener-una-buena-participacion-nacional-en-los-juegos-olimpicos-en-paris-2024-video\/#article\",\"isPartOf\":{\"@id\":\"https:\/\/rgdeportes.com\/index.php\/2023\/12\/11\/alexander-zamora-esperamos-tener-una-buena-participacion-nacional-en-los-juegos-olimpicos-en-paris-2024-video\/\"},\"author\":{\"name\":\"Randall Gutierrez\",\"@id\":\"https:\/\/rgdeportes.com\/#\/schema\/person\/91795323fddb335a4fd017bf0e4b1358\"},\"headline\":\"Alexander Zamora: \u201cEsperamos tener una buena participaci\u00f3n nacional en los Juegos Ol\u00edmpicos en Paris 2024\u201d. (Video)\",\"datePublished\":\"2023-12-11T22:33:59+00:00\",\"dateModified\":\"2023-12-11T22:35:29+00:00\",\"mainEntityOfPage\":{\"@id\":\"https:\/\/rgdeportes.com\/index.php\/2023\/12\/11\/alexander-zamora-esperamos-tener-una-buena-participacion-nacional-en-los-juegos-olimpicos-en-paris-2024-video\/\"},\"wordCount\":654,\"publisher\":{\"@id\":\"https:\/\/rgdeportes.com\/#organization\"},\"keywords\":[\"#CICLOOL\u00cdMPICO\",\"#comit\u00e9ol\u00edmpicodecostarica\"],\"articleSection\":[\"Nacionales\"],\"inLanguage\":\"es\"},{\"@type\":\"WebPage\",\"@id\":\"https:\/\/rgdeportes.com\/index.php\/2023\/12\/11\/alexander-zamora-esperamos-tener-una-buena-participacion-nacional-en-los-juegos-olimpicos-en-paris-2024-video\/\",\"url\":\"https:\/\/rgdeportes.com\/index.php\/2023\/12\/11\/alexander-zamora-esperamos-tener-una-buena-participacion-nacional-en-los-juegos-olimpicos-en-paris-2024-video\/\",\"name\":\"Alexander Zamora: \u201cEsperamos tener una buena participaci\u00f3n nacional en los Juegos Ol\u00edmpicos en Paris 2024\u201d. (Video) - RG Deportes\u200e\",\"isPartOf\":{\"@id\":\"https:\/\/rgdeportes.com\/#website\"},\"datePublished\":\"2023-12-11T22:33:59+00:00\",\"dateModified\":\"2023-12-11T22:35:29+00:00\",\"breadcrumb\":{\"@id\":\"https:\/\/rgdeportes.com\/index.php\/2023\/12\/11\/alexander-zamora-esperamos-tener-una-buena-participacion-nacional-en-los-juegos-olimpicos-en-paris-2024-video\/#breadcrumb\"},\"inLanguage\":\"es\",\"potentialAction\":[{\"@type\":\"ReadAction\",\"target\":[\"https:\/\/rgdeportes.com\/index.php\/2023\/12\/11\/alexander-zamora-esperamos-tener-una-buena-participacion-nacional-en-los-juegos-olimpicos-en-paris-2024-video\/\"]}]},{\"@type\":\"BreadcrumbList\",\"@id\":\"https:\/\/rgdeportes.com\/index.php\/2023\/12\/11\/alexander-zamora-esperamos-tener-una-buena-participacion-nacional-en-los-juegos-olimpicos-en-paris-2024-video\/#breadcrumb\",\"itemListElement\":[{\"@type\":\"ListItem\",\"position\":1,\"name\":\"Portada\",\"item\":\"https:\/\/rgdeportes.com\/\"},{\"@type\":\"ListItem\",\"position\":2,\"name\":\"Alexander Zamora: \u201cEsperamos tener una buena participaci\u00f3n nacional en los Juegos Ol\u00edmpicos en Paris 2024\u201d. (Video)\"}]},{\"@type\":\"WebSite\",\"@id\":\"https:\/\/rgdeportes.com\/#website\",\"url\":\"https:\/\/rgdeportes.com\/\",\"name\":\"RG Deportes\u200e\",\"description\":\"\",\"publisher\":{\"@id\":\"https:\/\/rgdeportes.com\/#organization\"},\"potentialAction\":[{\"@type\":\"SearchAction\",\"target\":{\"@type\":\"EntryPoint\",\"urlTemplate\":\"https:\/\/rgdeportes.com\/?s={search_term_string}\"},\"query-input\":\"required name=search_term_string\"}],\"inLanguage\":\"es\"},{\"@type\":\"Organization\",\"@id\":\"https:\/\/rgdeportes.com\/#organization\",\"name\":\"RG Deportes\",\"url\":\"https:\/\/rgdeportes.com\/\",\"logo\":{\"@type\":\"ImageObject\",\"inLanguage\":\"es\",\"@id\":\"https:\/\/rgdeportes.com\/#\/schema\/logo\/image\/\",\"url\":\"https:\/\/rgdeportes.com\/wp-content\/uploads\/2020\/09\/Logo.png\",\"contentUrl\":\"https:\/\/rgdeportes.com\/wp-content\/uploads\/2020\/09\/Logo.png\",\"width\":784,\"height\":552,\"caption\":\"RG Deportes\"},\"image\":{\"@id\":\"https:\/\/rgdeportes.com\/#\/schema\/logo\/image\/\"},\"sameAs\":[\"https:\/\/www.facebook.com\/RandallGutierrezDeportes\/\",\"https:\/\/www.instagram.com\/randallgutierrezdeportes\/\",\"https:\/\/www.youtube.com\/channel\/UCX4_qbvtnTwoF5t2zNqBDvA\"]},{\"@type\":\"Person\",\"@id\":\"https:\/\/rgdeportes.com\/#\/schema\/person\/91795323fddb335a4fd017bf0e4b1358\",\"name\":\"Randall Gutierrez\",\"image\":{\"@type\":\"ImageObject\",\"inLanguage\":\"es\",\"@id\":\"https:\/\/rgdeportes.com\/#\/schema\/person\/image\/\",\"url\":\"https:\/\/secure.gravatar.com\/avatar\/d0884ea8b9b50bcfad3c0d20049361b5?s=96&d=mm&r=g\",\"contentUrl\":\"https:\/\/secure.gravatar.com\/avatar\/d0884ea8b9b50bcfad3c0d20049361b5?s=96&d=mm&r=g\",\"caption\":\"Randall Gutierrez\"},\"url\":\"https:\/\/rgdeportes.com\/index.php\/author\/randall\/\"}]}<\/script>\n<!-- \/ Yoast SEO plugin. -->","yoast_head_json":{"title":"Alexander Zamora: \u201cEsperamos tener una buena participaci\u00f3n nacional en los Juegos Ol\u00edmpicos en Paris 2024\u201d. (Video) - RG Deportes\u200e","robots":{"index":"index","follow":"follow","max-snippet":"max-snippet:-1","max-image-preview":"max-image-preview:large","max-video-preview":"max-video-preview:-1"},"canonical":"https:\/\/rgdeportes.com\/index.php\/2023\/12\/11\/alexander-zamora-esperamos-tener-una-buena-participacion-nacional-en-los-juegos-olimpicos-en-paris-2024-video\/","og_locale":"es_ES","og_type":"article","og_title":"Alexander Zamora: \u201cEsperamos tener una buena participaci\u00f3n nacional en los Juegos Ol\u00edmpicos en Paris 2024\u201d. (Video) - RG Deportes\u200e","og_description":"Coronado, San Jos\u00e9 \u2013 En un evento realizado por parte del Comit\u00e9 Ol\u00edmpico Nacional de Costa Rica (CONCRC), nuestro medio www.rgdeorts.com estuvo presente en esta actividad y tuvo el espacio&hellip;","og_url":"https:\/\/rgdeportes.com\/index.php\/2023\/12\/11\/alexander-zamora-esperamos-tener-una-buena-participacion-nacional-en-los-juegos-olimpicos-en-paris-2024-video\/","og_site_name":"RG Deportes\u200e","article_publisher":"https:\/\/www.facebook.com\/RandallGutierrezDeportes\/","article_published_time":"2023-12-11T22:33:59+00:00","article_modified_time":"2023-12-11T22:35:29+00:00","og_image":[{"width":1600,"height":1200,"url":"http:\/\/rgdeportes.com\/wp-content\/uploads\/2023\/12\/Comite-Olimpico-1.jpg","type":"image\/jpeg"}],"author":"Randall Gutierrez","twitter_card":"summary_large_image","twitter_misc":{"Escrito por":"Randall Gutierrez","Tiempo de lectura":"4 minutos"},"schema":{"@context":"https:\/\/schema.org","@graph":[{"@type":"Article","@id":"https:\/\/rgdeportes.com\/index.php\/2023\/12\/11\/alexander-zamora-esperamos-tener-una-buena-participacion-nacional-en-los-juegos-olimpicos-en-paris-2024-video\/#article","isPartOf":{"@id":"https:\/\/rgdeportes.com\/index.php\/2023\/12\/11\/alexander-zamora-esperamos-tener-una-buena-participacion-nacional-en-los-juegos-olimpicos-en-paris-2024-video\/"},"author":{"name":"Randall Gutierrez","@id":"https:\/\/rgdeportes.com\/#\/schema\/person\/91795323fddb335a4fd017bf0e4b1358"},"headline":"Alexander Zamora: \u201cEsperamos tener una buena participaci\u00f3n nacional en los Juegos Ol\u00edmpicos en Paris 2024\u201d. (Video)","datePublished":"2023-12-11T22:33:59+00:00","dateModified":"2023-12-11T22:35:29+00:00","mainEntityOfPage":{"@id":"https:\/\/rgdeportes.com\/index.php\/2023\/12\/11\/alexander-zamora-esperamos-tener-una-buena-participacion-nacional-en-los-juegos-olimpicos-en-paris-2024-video\/"},"wordCount":654,"publisher":{"@id":"https:\/\/rgdeportes.com\/#organization"},"keywords":["#CICLOOL\u00cdMPICO","#comit\u00e9ol\u00edmpicodecostarica"],"articleSection":["Nacionales"],"inLanguage":"es"},{"@type":"WebPage","@id":"https:\/\/rgdeportes.com\/index.php\/2023\/12\/11\/alexander-zamora-esperamos-tener-una-buena-participacion-nacional-en-los-juegos-olimpicos-en-paris-2024-video\/","url":"https:\/\/rgdeportes.com\/index.php\/2023\/12\/11\/alexander-zamora-esperamos-tener-una-buena-participacion-nacional-en-los-juegos-olimpicos-en-paris-2024-video\/","name":"Alexander Zamora: \u201cEsperamos tener una buena participaci\u00f3n nacional en los Juegos Ol\u00edmpicos en Paris 2024\u201d. (Video) - RG Deportes\u200e","isPartOf":{"@id":"https:\/\/rgdeportes.com\/#website"},"datePublished":"2023-12-11T22:33:59+00:00","dateModified":"2023-12-11T22:35:29+00:00","breadcrumb":{"@id":"https:\/\/rgdeportes.com\/index.php\/2023\/12\/11\/alexander-zamora-esperamos-tener-una-buena-participacion-nacional-en-los-juegos-olimpicos-en-paris-2024-video\/#breadcrumb"},"inLanguage":"es","potentialAction":[{"@type":"ReadAction","target":["https:\/\/rgdeportes.com\/index.php\/2023\/12\/11\/alexander-zamora-esperamos-tener-una-buena-participacion-nacional-en-los-juegos-olimpicos-en-paris-2024-video\/"]}]},{"@type":"BreadcrumbList","@id":"https:\/\/rgdeportes.com\/index.php\/2023\/12\/11\/alexander-zamora-esperamos-tener-una-buena-participacion-nacional-en-los-juegos-olimpicos-en-paris-2024-video\/#breadcrumb","itemListElement":[{"@type":"ListItem","position":1,"name":"Portada","item":"https:\/\/rgdeportes.com\/"},{"@type":"ListItem","position":2,"name":"Alexander Zamora: \u201cEsperamos tener una buena participaci\u00f3n nacional en los Juegos Ol\u00edmpicos en Paris 2024\u201d. (Video)"}]},{"@type":"WebSite","@id":"https:\/\/rgdeportes.com\/#website","url":"https:\/\/rgdeportes.com\/","name":"RG Deportes\u200e","description":"","publisher":{"@id":"https:\/\/rgdeportes.com\/#organization"},"potentialAction":[{"@type":"SearchAction","target":{"@type":"EntryPoint","urlTemplate":"https:\/\/rgdeportes.com\/?s={search_term_string}"},"query-input":"required name=search_term_string"}],"inLanguage":"es"},{"@type":"Organization","@id":"https:\/\/rgdeportes.com\/#organization","name":"RG Deportes","url":"https:\/\/rgdeportes.com\/","logo":{"@type":"ImageObject","inLanguage":"es","@id":"https:\/\/rgdeportes.com\/#\/schema\/logo\/image\/","url":"https:\/\/rgdeportes.com\/wp-content\/uploads\/2020\/09\/Logo.png","contentUrl":"https:\/\/rgdeportes.com\/wp-content\/uploads\/2020\/09\/Logo.png","width":784,"height":552,"caption":"RG Deportes"},"image":{"@id":"https:\/\/rgdeportes.com\/#\/schema\/logo\/image\/"},"sameAs":["https:\/\/www.facebook.com\/RandallGutierrezDeportes\/","https:\/\/www.instagram.com\/randallgutierrezdeportes\/","https:\/\/www.youtube.com\/channel\/UCX4_qbvtnTwoF5t2zNqBDvA"]},{"@type":"Person","@id":"https:\/\/rgdeportes.com\/#\/schema\/person\/91795323fddb335a4fd017bf0e4b1358","name":"Randall Gutierrez","image":{"@type":"ImageObject","inLanguage":"es","@id":"https:\/\/rgdeportes.com\/#\/schema\/person\/image\/","url":"https:\/\/secure.gravatar.com\/avatar\/d0884ea8b9b50bcfad3c0d20049361b5?s=96&d=mm&r=g","contentUrl":"https:\/\/secure.gravatar.com\/avatar\/d0884ea8b9b50bcfad3c0d20049361b5?s=96&d=mm&r=g","caption":"Randall Gutierrez"},"url":"https:\/\/rgdeportes.com\/index.php\/author\/randall\/"}]}},"_links":{"self":[{"href":"https:\/\/rgdeportes.com\/index.php\/wp-json\/wp\/v2\/posts\/7501","targetHints":{"allow":["GET"]}}],"collection":[{"href":"https:\/\/rgdeportes.com\/index.php\/wp-json\/wp\/v2\/posts"}],"about":[{"href":"https:\/\/rgdeportes.com\/index.php\/wp-json\/wp\/v2\/types\/post"}],"author":[{"embeddable":true,"href":"https:\/\/rgdeportes.com\/index.php\/wp-json\/wp\/v2\/users\/2"}],"replies":[{"embeddable":true,"href":"https:\/\/rgdeportes.com\/index.php\/wp-json\/wp\/v2\/comments?post=7501"}],"version-history":[{"count":1,"href":"https:\/\/rgdeportes.com\/index.php\/wp-json\/wp\/v2\/posts\/7501\/revisions"}],"predecessor-version":[{"id":7504,"href":"https:\/\/rgdeportes.com\/index.php\/wp-json\/wp\/v2\/posts\/7501\/revisions\/7504"}],"wp:featuredmedia":[{"embeddable":true,"href":"https:\/\/rgdeportes.com\/index.php\/wp-json\/wp\/v2\/media\/7502"}],"wp:attachment":[{"href":"https:\/\/rgdeportes.com\/index.php\/wp-json\/wp\/v2\/media?parent=7501"}],"wp:term":[{"taxonomy":"category","embeddable":true,"href":"https:\/\/rgdeportes.com\/index.php\/wp-json\/wp\/v2\/categories?post=7501"},{"taxonomy":"post_tag","embeddable":true,"href":"https:\/\/rgdeportes.com\/index.php\/wp-json\/wp\/v2\/tags?post=7501"}],"curies":[{"name":"wp","href":"https:\/\/api.w.org\/{rel}","templated":true}]}}