{"id":7397,"date":"2023-11-23T22:59:27","date_gmt":"2023-11-23T22:59:27","guid":{"rendered":"https:\/\/rgdeportes.com\/?p=7397"},"modified":"2023-11-23T22:59:27","modified_gmt":"2023-11-23T22:59:27","slug":"final-de-pelicula-se-espera-en-la-ultima-fecha-del-automovilismo-nacional","status":"publish","type":"post","link":"https:\/\/rgdeportes.com\/index.php\/2023\/11\/23\/final-de-pelicula-se-espera-en-la-ultima-fecha-del-automovilismo-nacional\/","title":{"rendered":"Final de pel\u00edcula se espera en la \u00faltima fecha del Automovilismo Nacional"},"content":{"rendered":"\n<figure class=\"wp-block-image size-large\"><img loading=\"lazy\" decoding=\"async\" width=\"1024\" height=\"683\" src=\"https:\/\/rgdeportes.com\/wp-content\/uploads\/2023\/11\/Automovilismo-2-1024x683.jpg\" alt=\"\" class=\"wp-image-7398\" srcset=\"https:\/\/rgdeportes.com\/wp-content\/uploads\/2023\/11\/Automovilismo-2-1024x683.jpg 1024w, https:\/\/rgdeportes.com\/wp-content\/uploads\/2023\/11\/Automovilismo-2-300x200.jpg 300w, https:\/\/rgdeportes.com\/wp-content\/uploads\/2023\/11\/Automovilismo-2-768x512.jpg 768w, https:\/\/rgdeportes.com\/wp-content\/uploads\/2023\/11\/Automovilismo-2.jpg 1500w\" sizes=\"auto, (max-width: 1024px) 100vw, 1024px\" \/><\/figure>\n\n\n\n<p>La velocidad y las emociones regresan para llevar a cabo la <strong><em>\u201c\u00daltima Fecha del Campeonato Nacional de Automovilismo\u201d <\/em><\/strong>de la <strong><em>\u201cCopa Economy\u201d<\/em><\/strong> el pr\u00f3ximo <strong><em>domingo 26 de noviembre<\/em><\/strong> desde el <strong><em>Parque Viva, La Gu\u00e1cima Alajuela<\/em><\/strong>.<\/p>\n\n\n\n<p>Se viene un duelo al l\u00edmite entre los mejores pilotos nacionales, quienes luchar\u00e1n para ser obtener un puesto en el podio es esta \u00faltima fecha del <strong><em>Campeonato Nacional de Automovilismo<\/em><\/strong>.<\/p>\n\n\n\n<p>La fecha ser\u00e1 bajo la <strong>modalidad de Endurace<\/strong>, donde los pilotos demostrar\u00e1n su resistencia en una de las carreras m\u00e1s duras del automovilismo, pues los competidores estar\u00e1n en la pista por espacio de una hora y media sin para salvo una parada t\u00e9cnica de tres minutos, donde los equipos tomar\u00e1n decisiones como por ejemplo: cambio de llantas, revisi\u00f3n de combustible o lo que se considere necesario.<\/p>\n\n\n\n<p><em>\u00abEstamos muy emocionados por recibir un evento de gran nivel, la Copa Economy estar\u00e1 llena de acci\u00f3n y de calidad, pues cada piloto demostrar\u00e1 de que est\u00e1 hecho\u00bb<\/em> expres\u00f3 <strong>Adri\u00e1n Villalobos<\/strong> organizador de la carrera.<\/p>\n\n\n\n<p><strong>Diversas actividades podr\u00e1n disfrutar los espectadores<\/strong><\/p>\n\n\n\n<figure class=\"wp-block-image size-large\"><img loading=\"lazy\" decoding=\"async\" width=\"1024\" height=\"683\" src=\"https:\/\/rgdeportes.com\/wp-content\/uploads\/2023\/11\/Automovilismo-1-1024x683.jpg\" alt=\"\" class=\"wp-image-7399\" srcset=\"https:\/\/rgdeportes.com\/wp-content\/uploads\/2023\/11\/Automovilismo-1-1024x683.jpg 1024w, https:\/\/rgdeportes.com\/wp-content\/uploads\/2023\/11\/Automovilismo-1-300x200.jpg 300w, https:\/\/rgdeportes.com\/wp-content\/uploads\/2023\/11\/Automovilismo-1-768x512.jpg 768w, https:\/\/rgdeportes.com\/wp-content\/uploads\/2023\/11\/Automovilismo-1.jpg 1500w\" sizes=\"auto, (max-width: 1024px) 100vw, 1024px\" \/><\/figure>\n\n\n\n<p>Los amantes de los motores, tambi\u00e9n podr\u00e1n disfrutar de un show de Drifting, una exibici\u00f3n de m\u00e1s de 200 autos entre cl\u00e1sicos, deportivos, carros de competencia, 4&#215;4 entre otros.<\/p>\n\n\n\n<p>Adem\u00e1s, la pista se calentar\u00e1 con una prueba de \u00abburnout\u00bb, la cual consiste en que los autos \u00abchillen\u00bb sus llantas y el que m\u00e1s humo saque de la pista, ser\u00e1 el ganador.<\/p>\n\n\n\n<p>Cuando finalicen todas las actividades de motores, se vendr\u00e1 un concierto con el cantante nacional Toledo, quien le pondr\u00e1 un color distinto a los amantes de la velocidad.<\/p>\n\n\n\n<p>Este evento es organizado por Costa Rica Racing League (CRRL) y cuenta el aval de la<\/p>\n\n\n\n<p>Federaci\u00f3n Costarricense de los Motores (FECOM).<\/p>\n\n\n\n<p>Detalles de la Copa Economy<\/p>\n\n\n\n<p>&nbsp;Entradas: <a href=\"www.Passline.com\">www.Passline.com<\/a><\/p>\n\n\n\n<p><strong>Precio: 5 mil colones por persona<\/strong><\/p>\n\n\n\n<p><strong>Promoci\u00f3n parejas: 7500 colones<\/strong><\/p>\n\n\n\n<p><strong>Carro lleno: 5 personas, m\u00e1s parqueo inclu\u00eddo en 20 mil colones.<\/strong><\/p>\n\n\n\n<p>Las puertas se abrir\u00e1n a las 7:00am y la competencia arrancar\u00e1 a las 8:30am.<\/p>\n\n\n\n<p>(Fotos &#8211; Maynor Solano).<\/p>\n\n\n\n<p>Mas informaci\u00f3n en:<\/p>\n\n\n\n<p>Facebook: <a href=\"https:\/\/www.facebook.com\/racingleaguecr\">https:\/\/www.facebook.com\/racingleaguecr<\/a><\/p>\n\n\n\n<p>Instagram: <a href=\"https:\/\/www.instagram.com\/srlcr\/?hl=es\">https:\/\/www.instagram.com\/srlcr\/?hl=es<\/a><\/p>\n","protected":false},"excerpt":{"rendered":"<p>La velocidad y las emociones regresan para llevar a cabo la \u201c\u00daltima Fecha del Campeonato Nacional de Automovilismo\u201d de la \u201cCopa Economy\u201d el pr\u00f3ximo domingo 26 de noviembre desde el&hellip; <\/p>\n","protected":false},"author":2,"featured_media":7398,"comment_status":"closed","ping_status":"closed","sticky":false,"template":"","format":"standard","meta":{"om_disable_all_campaigns":false,"_monsterinsights_skip_tracking":false,"_monsterinsights_sitenote_active":false,"_monsterinsights_sitenote_note":"","_monsterinsights_sitenote_category":0,"footnotes":""},"categories":[524],"tags":[2278,2276,2277],"class_list":["post-7397","post","type-post","status-publish","format-standard","has-post-thumbnail","hentry","category-ddm","tag-automovilismocopaeconomy","tag-campeonatoautomovilismocostarica","tag-ultimafechaautomovilismo"],"aioseo_notices":[],"yoast_head":"<!-- This site is optimized with the Yoast SEO plugin v21.2 - https:\/\/yoast.com\/wordpress\/plugins\/seo\/ -->\n<title>Final de pel\u00edcula se espera en la \u00faltima fecha del Automovilismo Nacional - RG Deportes\u200e<\/title>\n<meta name=\"robots\" content=\"index, follow, max-snippet:-1, max-image-preview:large, max-video-preview:-1\" \/>\n<link rel=\"canonical\" href=\"https:\/\/rgdeportes.com\/index.php\/2023\/11\/23\/final-de-pelicula-se-espera-en-la-ultima-fecha-del-automovilismo-nacional\/\" \/>\n<meta property=\"og:locale\" content=\"es_ES\" \/>\n<meta property=\"og:type\" content=\"article\" \/>\n<meta property=\"og:title\" content=\"Final de pel\u00edcula se espera en la \u00faltima fecha del Automovilismo Nacional - RG Deportes\u200e\" \/>\n<meta property=\"og:description\" content=\"La velocidad y las emociones regresan para llevar a cabo la \u201c\u00daltima Fecha del Campeonato Nacional de Automovilismo\u201d de la \u201cCopa Economy\u201d el pr\u00f3ximo domingo 26 de noviembre desde el&hellip;\" \/>\n<meta property=\"og:url\" content=\"https:\/\/rgdeportes.com\/index.php\/2023\/11\/23\/final-de-pelicula-se-espera-en-la-ultima-fecha-del-automovilismo-nacional\/\" \/>\n<meta property=\"og:site_name\" content=\"RG Deportes\u200e\" \/>\n<meta property=\"article:publisher\" content=\"https:\/\/www.facebook.com\/RandallGutierrezDeportes\/\" \/>\n<meta property=\"article:published_time\" content=\"2023-11-23T22:59:27+00:00\" \/>\n<meta property=\"og:image\" content=\"http:\/\/rgdeportes.com\/wp-content\/uploads\/2023\/11\/Automovilismo-2.jpg\" \/>\n\t<meta property=\"og:image:width\" content=\"1500\" \/>\n\t<meta property=\"og:image:height\" content=\"1000\" \/>\n\t<meta property=\"og:image:type\" content=\"image\/jpeg\" \/>\n<meta name=\"author\" content=\"Randall Gutierrez\" \/>\n<meta name=\"twitter:card\" content=\"summary_large_image\" \/>\n<meta name=\"twitter:label1\" content=\"Escrito por\" \/>\n\t<meta name=\"twitter:data1\" content=\"Randall Gutierrez\" \/>\n\t<meta name=\"twitter:label2\" content=\"Tiempo de lectura\" \/>\n\t<meta name=\"twitter:data2\" content=\"2 minutos\" \/>\n<script type=\"application\/ld+json\" class=\"yoast-schema-graph\">{\"@context\":\"https:\/\/schema.org\",\"@graph\":[{\"@type\":\"Article\",\"@id\":\"https:\/\/rgdeportes.com\/index.php\/2023\/11\/23\/final-de-pelicula-se-espera-en-la-ultima-fecha-del-automovilismo-nacional\/#article\",\"isPartOf\":{\"@id\":\"https:\/\/rgdeportes.com\/index.php\/2023\/11\/23\/final-de-pelicula-se-espera-en-la-ultima-fecha-del-automovilismo-nacional\/\"},\"author\":{\"name\":\"Randall Gutierrez\",\"@id\":\"https:\/\/rgdeportes.com\/#\/schema\/person\/91795323fddb335a4fd017bf0e4b1358\"},\"headline\":\"Final de pel\u00edcula se espera en la \u00faltima fecha del Automovilismo Nacional\",\"datePublished\":\"2023-11-23T22:59:27+00:00\",\"dateModified\":\"2023-11-23T22:59:27+00:00\",\"mainEntityOfPage\":{\"@id\":\"https:\/\/rgdeportes.com\/index.php\/2023\/11\/23\/final-de-pelicula-se-espera-en-la-ultima-fecha-del-automovilismo-nacional\/\"},\"wordCount\":382,\"publisher\":{\"@id\":\"https:\/\/rgdeportes.com\/#organization\"},\"keywords\":[\"#AutomovilismoCopaEconomy\",\"#campeonatoautomovilismocostarica\",\"#ultimafechaautomovilismo\"],\"articleSection\":[\"Deportes de motor\"],\"inLanguage\":\"es\"},{\"@type\":\"WebPage\",\"@id\":\"https:\/\/rgdeportes.com\/index.php\/2023\/11\/23\/final-de-pelicula-se-espera-en-la-ultima-fecha-del-automovilismo-nacional\/\",\"url\":\"https:\/\/rgdeportes.com\/index.php\/2023\/11\/23\/final-de-pelicula-se-espera-en-la-ultima-fecha-del-automovilismo-nacional\/\",\"name\":\"Final de pel\u00edcula se espera en la \u00faltima fecha del Automovilismo Nacional - RG Deportes\u200e\",\"isPartOf\":{\"@id\":\"https:\/\/rgdeportes.com\/#website\"},\"datePublished\":\"2023-11-23T22:59:27+00:00\",\"dateModified\":\"2023-11-23T22:59:27+00:00\",\"breadcrumb\":{\"@id\":\"https:\/\/rgdeportes.com\/index.php\/2023\/11\/23\/final-de-pelicula-se-espera-en-la-ultima-fecha-del-automovilismo-nacional\/#breadcrumb\"},\"inLanguage\":\"es\",\"potentialAction\":[{\"@type\":\"ReadAction\",\"target\":[\"https:\/\/rgdeportes.com\/index.php\/2023\/11\/23\/final-de-pelicula-se-espera-en-la-ultima-fecha-del-automovilismo-nacional\/\"]}]},{\"@type\":\"BreadcrumbList\",\"@id\":\"https:\/\/rgdeportes.com\/index.php\/2023\/11\/23\/final-de-pelicula-se-espera-en-la-ultima-fecha-del-automovilismo-nacional\/#breadcrumb\",\"itemListElement\":[{\"@type\":\"ListItem\",\"position\":1,\"name\":\"Portada\",\"item\":\"https:\/\/rgdeportes.com\/\"},{\"@type\":\"ListItem\",\"position\":2,\"name\":\"Final de pel\u00edcula se espera en la \u00faltima fecha del Automovilismo Nacional\"}]},{\"@type\":\"WebSite\",\"@id\":\"https:\/\/rgdeportes.com\/#website\",\"url\":\"https:\/\/rgdeportes.com\/\",\"name\":\"RG Deportes\u200e\",\"description\":\"\",\"publisher\":{\"@id\":\"https:\/\/rgdeportes.com\/#organization\"},\"potentialAction\":[{\"@type\":\"SearchAction\",\"target\":{\"@type\":\"EntryPoint\",\"urlTemplate\":\"https:\/\/rgdeportes.com\/?s={search_term_string}\"},\"query-input\":\"required name=search_term_string\"}],\"inLanguage\":\"es\"},{\"@type\":\"Organization\",\"@id\":\"https:\/\/rgdeportes.com\/#organization\",\"name\":\"RG Deportes\",\"url\":\"https:\/\/rgdeportes.com\/\",\"logo\":{\"@type\":\"ImageObject\",\"inLanguage\":\"es\",\"@id\":\"https:\/\/rgdeportes.com\/#\/schema\/logo\/image\/\",\"url\":\"https:\/\/rgdeportes.com\/wp-content\/uploads\/2020\/09\/Logo.png\",\"contentUrl\":\"https:\/\/rgdeportes.com\/wp-content\/uploads\/2020\/09\/Logo.png\",\"width\":784,\"height\":552,\"caption\":\"RG Deportes\"},\"image\":{\"@id\":\"https:\/\/rgdeportes.com\/#\/schema\/logo\/image\/\"},\"sameAs\":[\"https:\/\/www.facebook.com\/RandallGutierrezDeportes\/\",\"https:\/\/www.instagram.com\/randallgutierrezdeportes\/\",\"https:\/\/www.youtube.com\/channel\/UCX4_qbvtnTwoF5t2zNqBDvA\"]},{\"@type\":\"Person\",\"@id\":\"https:\/\/rgdeportes.com\/#\/schema\/person\/91795323fddb335a4fd017bf0e4b1358\",\"name\":\"Randall Gutierrez\",\"image\":{\"@type\":\"ImageObject\",\"inLanguage\":\"es\",\"@id\":\"https:\/\/rgdeportes.com\/#\/schema\/person\/image\/\",\"url\":\"https:\/\/secure.gravatar.com\/avatar\/d0884ea8b9b50bcfad3c0d20049361b5?s=96&d=mm&r=g\",\"contentUrl\":\"https:\/\/secure.gravatar.com\/avatar\/d0884ea8b9b50bcfad3c0d20049361b5?s=96&d=mm&r=g\",\"caption\":\"Randall Gutierrez\"},\"url\":\"https:\/\/rgdeportes.com\/index.php\/author\/randall\/\"}]}<\/script>\n<!-- \/ Yoast SEO plugin. -->","yoast_head_json":{"title":"Final de pel\u00edcula se espera en la \u00faltima fecha del Automovilismo Nacional - RG Deportes\u200e","robots":{"index":"index","follow":"follow","max-snippet":"max-snippet:-1","max-image-preview":"max-image-preview:large","max-video-preview":"max-video-preview:-1"},"canonical":"https:\/\/rgdeportes.com\/index.php\/2023\/11\/23\/final-de-pelicula-se-espera-en-la-ultima-fecha-del-automovilismo-nacional\/","og_locale":"es_ES","og_type":"article","og_title":"Final de pel\u00edcula se espera en la \u00faltima fecha del Automovilismo Nacional - RG Deportes\u200e","og_description":"La velocidad y las emociones regresan para llevar a cabo la \u201c\u00daltima Fecha del Campeonato Nacional de Automovilismo\u201d de la \u201cCopa Economy\u201d el pr\u00f3ximo domingo 26 de noviembre desde el&hellip;","og_url":"https:\/\/rgdeportes.com\/index.php\/2023\/11\/23\/final-de-pelicula-se-espera-en-la-ultima-fecha-del-automovilismo-nacional\/","og_site_name":"RG Deportes\u200e","article_publisher":"https:\/\/www.facebook.com\/RandallGutierrezDeportes\/","article_published_time":"2023-11-23T22:59:27+00:00","og_image":[{"width":1500,"height":1000,"url":"http:\/\/rgdeportes.com\/wp-content\/uploads\/2023\/11\/Automovilismo-2.jpg","type":"image\/jpeg"}],"author":"Randall Gutierrez","twitter_card":"summary_large_image","twitter_misc":{"Escrito por":"Randall Gutierrez","Tiempo de lectura":"2 minutos"},"schema":{"@context":"https:\/\/schema.org","@graph":[{"@type":"Article","@id":"https:\/\/rgdeportes.com\/index.php\/2023\/11\/23\/final-de-pelicula-se-espera-en-la-ultima-fecha-del-automovilismo-nacional\/#article","isPartOf":{"@id":"https:\/\/rgdeportes.com\/index.php\/2023\/11\/23\/final-de-pelicula-se-espera-en-la-ultima-fecha-del-automovilismo-nacional\/"},"author":{"name":"Randall Gutierrez","@id":"https:\/\/rgdeportes.com\/#\/schema\/person\/91795323fddb335a4fd017bf0e4b1358"},"headline":"Final de pel\u00edcula se espera en la \u00faltima fecha del Automovilismo Nacional","datePublished":"2023-11-23T22:59:27+00:00","dateModified":"2023-11-23T22:59:27+00:00","mainEntityOfPage":{"@id":"https:\/\/rgdeportes.com\/index.php\/2023\/11\/23\/final-de-pelicula-se-espera-en-la-ultima-fecha-del-automovilismo-nacional\/"},"wordCount":382,"publisher":{"@id":"https:\/\/rgdeportes.com\/#organization"},"keywords":["#AutomovilismoCopaEconomy","#campeonatoautomovilismocostarica","#ultimafechaautomovilismo"],"articleSection":["Deportes de motor"],"inLanguage":"es"},{"@type":"WebPage","@id":"https:\/\/rgdeportes.com\/index.php\/2023\/11\/23\/final-de-pelicula-se-espera-en-la-ultima-fecha-del-automovilismo-nacional\/","url":"https:\/\/rgdeportes.com\/index.php\/2023\/11\/23\/final-de-pelicula-se-espera-en-la-ultima-fecha-del-automovilismo-nacional\/","name":"Final de pel\u00edcula se espera en la \u00faltima fecha del Automovilismo Nacional - RG Deportes\u200e","isPartOf":{"@id":"https:\/\/rgdeportes.com\/#website"},"datePublished":"2023-11-23T22:59:27+00:00","dateModified":"2023-11-23T22:59:27+00:00","breadcrumb":{"@id":"https:\/\/rgdeportes.com\/index.php\/2023\/11\/23\/final-de-pelicula-se-espera-en-la-ultima-fecha-del-automovilismo-nacional\/#breadcrumb"},"inLanguage":"es","potentialAction":[{"@type":"ReadAction","target":["https:\/\/rgdeportes.com\/index.php\/2023\/11\/23\/final-de-pelicula-se-espera-en-la-ultima-fecha-del-automovilismo-nacional\/"]}]},{"@type":"BreadcrumbList","@id":"https:\/\/rgdeportes.com\/index.php\/2023\/11\/23\/final-de-pelicula-se-espera-en-la-ultima-fecha-del-automovilismo-nacional\/#breadcrumb","itemListElement":[{"@type":"ListItem","position":1,"name":"Portada","item":"https:\/\/rgdeportes.com\/"},{"@type":"ListItem","position":2,"name":"Final de pel\u00edcula se espera en la \u00faltima fecha del Automovilismo Nacional"}]},{"@type":"WebSite","@id":"https:\/\/rgdeportes.com\/#website","url":"https:\/\/rgdeportes.com\/","name":"RG Deportes\u200e","description":"","publisher":{"@id":"https:\/\/rgdeportes.com\/#organization"},"potentialAction":[{"@type":"SearchAction","target":{"@type":"EntryPoint","urlTemplate":"https:\/\/rgdeportes.com\/?s={search_term_string}"},"query-input":"required name=search_term_string"}],"inLanguage":"es"},{"@type":"Organization","@id":"https:\/\/rgdeportes.com\/#organization","name":"RG Deportes","url":"https:\/\/rgdeportes.com\/","logo":{"@type":"ImageObject","inLanguage":"es","@id":"https:\/\/rgdeportes.com\/#\/schema\/logo\/image\/","url":"https:\/\/rgdeportes.com\/wp-content\/uploads\/2020\/09\/Logo.png","contentUrl":"https:\/\/rgdeportes.com\/wp-content\/uploads\/2020\/09\/Logo.png","width":784,"height":552,"caption":"RG Deportes"},"image":{"@id":"https:\/\/rgdeportes.com\/#\/schema\/logo\/image\/"},"sameAs":["https:\/\/www.facebook.com\/RandallGutierrezDeportes\/","https:\/\/www.instagram.com\/randallgutierrezdeportes\/","https:\/\/www.youtube.com\/channel\/UCX4_qbvtnTwoF5t2zNqBDvA"]},{"@type":"Person","@id":"https:\/\/rgdeportes.com\/#\/schema\/person\/91795323fddb335a4fd017bf0e4b1358","name":"Randall Gutierrez","image":{"@type":"ImageObject","inLanguage":"es","@id":"https:\/\/rgdeportes.com\/#\/schema\/person\/image\/","url":"https:\/\/secure.gravatar.com\/avatar\/d0884ea8b9b50bcfad3c0d20049361b5?s=96&d=mm&r=g","contentUrl":"https:\/\/secure.gravatar.com\/avatar\/d0884ea8b9b50bcfad3c0d20049361b5?s=96&d=mm&r=g","caption":"Randall Gutierrez"},"url":"https:\/\/rgdeportes.com\/index.php\/author\/randall\/"}]}},"_links":{"self":[{"href":"https:\/\/rgdeportes.com\/index.php\/wp-json\/wp\/v2\/posts\/7397","targetHints":{"allow":["GET"]}}],"collection":[{"href":"https:\/\/rgdeportes.com\/index.php\/wp-json\/wp\/v2\/posts"}],"about":[{"href":"https:\/\/rgdeportes.com\/index.php\/wp-json\/wp\/v2\/types\/post"}],"author":[{"embeddable":true,"href":"https:\/\/rgdeportes.com\/index.php\/wp-json\/wp\/v2\/users\/2"}],"replies":[{"embeddable":true,"href":"https:\/\/rgdeportes.com\/index.php\/wp-json\/wp\/v2\/comments?post=7397"}],"version-history":[{"count":1,"href":"https:\/\/rgdeportes.com\/index.php\/wp-json\/wp\/v2\/posts\/7397\/revisions"}],"predecessor-version":[{"id":7400,"href":"https:\/\/rgdeportes.com\/index.php\/wp-json\/wp\/v2\/posts\/7397\/revisions\/7400"}],"wp:featuredmedia":[{"embeddable":true,"href":"https:\/\/rgdeportes.com\/index.php\/wp-json\/wp\/v2\/media\/7398"}],"wp:attachment":[{"href":"https:\/\/rgdeportes.com\/index.php\/wp-json\/wp\/v2\/media?parent=7397"}],"wp:term":[{"taxonomy":"category","embeddable":true,"href":"https:\/\/rgdeportes.com\/index.php\/wp-json\/wp\/v2\/categories?post=7397"},{"taxonomy":"post_tag","embeddable":true,"href":"https:\/\/rgdeportes.com\/index.php\/wp-json\/wp\/v2\/tags?post=7397"}],"curies":[{"name":"wp","href":"https:\/\/api.w.org\/{rel}","templated":true}]}}