{"id":7385,"date":"2023-11-23T21:18:32","date_gmt":"2023-11-23T21:18:32","guid":{"rendered":"https:\/\/rgdeportes.com\/?p=7385"},"modified":"2023-11-23T21:19:00","modified_gmt":"2023-11-23T21:19:00","slug":"porrismo-nacional-vibro-en-territorio-suramericano","status":"publish","type":"post","link":"https:\/\/rgdeportes.com\/index.php\/2023\/11\/23\/porrismo-nacional-vibro-en-territorio-suramericano\/","title":{"rendered":"Porrismo nacional vibr\u00f3 en territorio suramericano"},"content":{"rendered":"\n<figure class=\"wp-block-image size-large is-resized\"><img loading=\"lazy\" decoding=\"async\" width=\"1024\" height=\"768\" src=\"https:\/\/rgdeportes.com\/wp-content\/uploads\/2023\/11\/FB_IMG_1700773638716-1024x768.jpg\" alt=\"\" class=\"wp-image-7386\" style=\"aspect-ratio:1.3333333333333333;width:344px;height:auto\" srcset=\"https:\/\/rgdeportes.com\/wp-content\/uploads\/2023\/11\/FB_IMG_1700773638716-1024x768.jpg 1024w, https:\/\/rgdeportes.com\/wp-content\/uploads\/2023\/11\/FB_IMG_1700773638716-300x225.jpg 300w, https:\/\/rgdeportes.com\/wp-content\/uploads\/2023\/11\/FB_IMG_1700773638716-768x576.jpg 768w, https:\/\/rgdeportes.com\/wp-content\/uploads\/2023\/11\/FB_IMG_1700773638716.jpg 1080w\" sizes=\"auto, (max-width: 1024px) 100vw, 1024px\" \/><\/figure>\n\n\n\n<p>Atletas costarricenses del <strong>Porrismo <\/strong>dejan en muy alto los colores patrios, esto, tras la representaci\u00f3n de tres equipos nacionales durante el <strong>\u00abThe Finals Cheer and Dance Colombia\u00bb evento realizado en Cartagena, Colombia. <\/strong><\/p>\n\n\n\n<p>Para este mega evento,  participaron m\u00e1s de 120 equipos en las diferentes categor\u00edas durante dos d\u00edas de competencia.<\/p>\n\n\n\n<p>El esfuerzo, dedicaci\u00f3n y sobre todo disciplina de cada uno de los porristas que representaron al pa\u00eds se hizo notar en el matt colombiano.<\/p>\n\n\n\n<p>El equipo de Cheer Abilities Team CRC se coron\u00f3 campe\u00f3n en el Finals de Cartagena. Su buena actuaci\u00f3n fue aplaudida por todos los presentes, quienes reconocieron el talento de cada uno de los atletas. Una vez m\u00e1s Costa Rica demostr\u00f3 que sus atletas no tienen l\u00edmites.<\/p>\n\n\n\n<p><strong>Porrismo de Costa Rica sigue creciendo a nivel internacional <\/strong><\/p>\n\n\n\n<figure class=\"wp-block-image size-full is-resized\"><img loading=\"lazy\" decoding=\"async\" width=\"960\" height=\"765\" src=\"https:\/\/rgdeportes.com\/wp-content\/uploads\/2023\/11\/FB_IMG_1700773731262.jpg\" alt=\"\" class=\"wp-image-7387\" style=\"aspect-ratio:1.2549019607843137;width:342px;height:auto\" srcset=\"https:\/\/rgdeportes.com\/wp-content\/uploads\/2023\/11\/FB_IMG_1700773731262.jpg 960w, https:\/\/rgdeportes.com\/wp-content\/uploads\/2023\/11\/FB_IMG_1700773731262-300x239.jpg 300w, https:\/\/rgdeportes.com\/wp-content\/uploads\/2023\/11\/FB_IMG_1700773731262-768x612.jpg 768w\" sizes=\"auto, (max-width: 960px) 100vw, 960px\" \/><\/figure>\n\n\n\n<p>Para algunos fue su primer logro internacional, pero para otros su segunda o hasta tercera medalla de oro, pues recordemos que este proceso de Cheer Abilities de la Federaci\u00f3n Cheer and Dance de Costa Rica, ente de representaci\u00f3n nacional, ha venido cosechando medallas en torneos anteriores y Mundiales. Ellos tambi\u00e9n forman parte del Programa de Olimpiadas Especiales.<\/p>\n\n\n\n<p>Otro de los equipos que tambi\u00e9n subi\u00f3 al podio fue Fusion de Occidente en All Stars. En la categor\u00eda U 16 nivel 2 femenino logr\u00f3 la medalla de plata con un grupo de j\u00f3venes valientes, disciplinadas y que debutaron en la esfera internacional. Estas preseas sin duda que son de gran motivaci\u00f3n de cara al Campeonato Nacional del pr\u00f3ximo 25 y 26 de noviembre.<\/p>\n\n\n\n<p>En la categor\u00eda escolar, el equipo Cats de la Escuela Rafael Moya de Heredia se posicion\u00f3 en la cuarta casilla en nivel 1 Youth All Girl. Los meses de esfuerzo en los entrenamientos dieron sus frutos. Cats tambi\u00e9n estar\u00e1 en el Campeonato Nacional.<\/p>\n\n\n\n<p>(Fotos &#8211; FECAD Costa Rica &#8211; Icoder). <\/p>\n","protected":false},"excerpt":{"rendered":"<p>Atletas costarricenses del Porrismo dejan en muy alto los colores patrios, esto, tras la representaci\u00f3n de tres equipos nacionales durante el \u00abThe Finals Cheer and Dance Colombia\u00bb evento realizado en&hellip; <\/p>\n","protected":false},"author":2,"featured_media":7386,"comment_status":"closed","ping_status":"closed","sticky":false,"template":"","format":"standard","meta":{"om_disable_all_campaigns":false,"_monsterinsights_skip_tracking":false,"_monsterinsights_sitenote_active":false,"_monsterinsights_sitenote_note":"","_monsterinsights_sitenote_category":0,"footnotes":""},"categories":[10],"tags":[170,284],"class_list":["post-7385","post","type-post","status-publish","format-standard","has-post-thumbnail","hentry","category-in","tag-porrismocostarica","tag-porrismocr"],"aioseo_notices":[],"yoast_head":"<!-- This site is optimized with the Yoast SEO plugin v21.2 - https:\/\/yoast.com\/wordpress\/plugins\/seo\/ -->\n<title>Porrismo nacional vibr\u00f3 en territorio suramericano - RG Deportes\u200e<\/title>\n<meta name=\"robots\" content=\"index, follow, max-snippet:-1, max-image-preview:large, max-video-preview:-1\" \/>\n<link rel=\"canonical\" href=\"https:\/\/rgdeportes.com\/index.php\/2023\/11\/23\/porrismo-nacional-vibro-en-territorio-suramericano\/\" \/>\n<meta property=\"og:locale\" content=\"es_ES\" \/>\n<meta property=\"og:type\" content=\"article\" \/>\n<meta property=\"og:title\" content=\"Porrismo nacional vibr\u00f3 en territorio suramericano - RG Deportes\u200e\" \/>\n<meta property=\"og:description\" content=\"Atletas costarricenses del Porrismo dejan en muy alto los colores patrios, esto, tras la representaci\u00f3n de tres equipos nacionales durante el \u00abThe Finals Cheer and Dance Colombia\u00bb evento realizado en&hellip;\" \/>\n<meta property=\"og:url\" content=\"https:\/\/rgdeportes.com\/index.php\/2023\/11\/23\/porrismo-nacional-vibro-en-territorio-suramericano\/\" \/>\n<meta property=\"og:site_name\" content=\"RG Deportes\u200e\" \/>\n<meta property=\"article:publisher\" content=\"https:\/\/www.facebook.com\/RandallGutierrezDeportes\/\" \/>\n<meta property=\"article:published_time\" content=\"2023-11-23T21:18:32+00:00\" \/>\n<meta property=\"article:modified_time\" content=\"2023-11-23T21:19:00+00:00\" \/>\n<meta property=\"og:image\" content=\"http:\/\/rgdeportes.com\/wp-content\/uploads\/2023\/11\/FB_IMG_1700773638716.jpg\" \/>\n\t<meta property=\"og:image:width\" content=\"1080\" \/>\n\t<meta property=\"og:image:height\" content=\"810\" \/>\n\t<meta property=\"og:image:type\" content=\"image\/jpeg\" \/>\n<meta name=\"author\" content=\"Randall Gutierrez\" \/>\n<meta name=\"twitter:card\" content=\"summary_large_image\" \/>\n<meta name=\"twitter:label1\" content=\"Escrito por\" \/>\n\t<meta name=\"twitter:data1\" content=\"Randall Gutierrez\" \/>\n<script type=\"application\/ld+json\" class=\"yoast-schema-graph\">{\"@context\":\"https:\/\/schema.org\",\"@graph\":[{\"@type\":\"Article\",\"@id\":\"https:\/\/rgdeportes.com\/index.php\/2023\/11\/23\/porrismo-nacional-vibro-en-territorio-suramericano\/#article\",\"isPartOf\":{\"@id\":\"https:\/\/rgdeportes.com\/index.php\/2023\/11\/23\/porrismo-nacional-vibro-en-territorio-suramericano\/\"},\"author\":{\"name\":\"Randall Gutierrez\",\"@id\":\"https:\/\/rgdeportes.com\/#\/schema\/person\/91795323fddb335a4fd017bf0e4b1358\"},\"headline\":\"Porrismo nacional vibr\u00f3 en territorio suramericano\",\"datePublished\":\"2023-11-23T21:18:32+00:00\",\"dateModified\":\"2023-11-23T21:19:00+00:00\",\"mainEntityOfPage\":{\"@id\":\"https:\/\/rgdeportes.com\/index.php\/2023\/11\/23\/porrismo-nacional-vibro-en-territorio-suramericano\/\"},\"wordCount\":320,\"publisher\":{\"@id\":\"https:\/\/rgdeportes.com\/#organization\"},\"keywords\":[\"#PorrismoCostaRica\",\"#PorrismoCR\"],\"articleSection\":[\"Internacionales\"],\"inLanguage\":\"es\"},{\"@type\":\"WebPage\",\"@id\":\"https:\/\/rgdeportes.com\/index.php\/2023\/11\/23\/porrismo-nacional-vibro-en-territorio-suramericano\/\",\"url\":\"https:\/\/rgdeportes.com\/index.php\/2023\/11\/23\/porrismo-nacional-vibro-en-territorio-suramericano\/\",\"name\":\"Porrismo nacional vibr\u00f3 en territorio suramericano - RG Deportes\u200e\",\"isPartOf\":{\"@id\":\"https:\/\/rgdeportes.com\/#website\"},\"datePublished\":\"2023-11-23T21:18:32+00:00\",\"dateModified\":\"2023-11-23T21:19:00+00:00\",\"breadcrumb\":{\"@id\":\"https:\/\/rgdeportes.com\/index.php\/2023\/11\/23\/porrismo-nacional-vibro-en-territorio-suramericano\/#breadcrumb\"},\"inLanguage\":\"es\",\"potentialAction\":[{\"@type\":\"ReadAction\",\"target\":[\"https:\/\/rgdeportes.com\/index.php\/2023\/11\/23\/porrismo-nacional-vibro-en-territorio-suramericano\/\"]}]},{\"@type\":\"BreadcrumbList\",\"@id\":\"https:\/\/rgdeportes.com\/index.php\/2023\/11\/23\/porrismo-nacional-vibro-en-territorio-suramericano\/#breadcrumb\",\"itemListElement\":[{\"@type\":\"ListItem\",\"position\":1,\"name\":\"Portada\",\"item\":\"https:\/\/rgdeportes.com\/\"},{\"@type\":\"ListItem\",\"position\":2,\"name\":\"Porrismo nacional vibr\u00f3 en territorio suramericano\"}]},{\"@type\":\"WebSite\",\"@id\":\"https:\/\/rgdeportes.com\/#website\",\"url\":\"https:\/\/rgdeportes.com\/\",\"name\":\"RG Deportes\u200e\",\"description\":\"\",\"publisher\":{\"@id\":\"https:\/\/rgdeportes.com\/#organization\"},\"potentialAction\":[{\"@type\":\"SearchAction\",\"target\":{\"@type\":\"EntryPoint\",\"urlTemplate\":\"https:\/\/rgdeportes.com\/?s={search_term_string}\"},\"query-input\":\"required name=search_term_string\"}],\"inLanguage\":\"es\"},{\"@type\":\"Organization\",\"@id\":\"https:\/\/rgdeportes.com\/#organization\",\"name\":\"RG Deportes\",\"url\":\"https:\/\/rgdeportes.com\/\",\"logo\":{\"@type\":\"ImageObject\",\"inLanguage\":\"es\",\"@id\":\"https:\/\/rgdeportes.com\/#\/schema\/logo\/image\/\",\"url\":\"https:\/\/rgdeportes.com\/wp-content\/uploads\/2020\/09\/Logo.png\",\"contentUrl\":\"https:\/\/rgdeportes.com\/wp-content\/uploads\/2020\/09\/Logo.png\",\"width\":784,\"height\":552,\"caption\":\"RG Deportes\"},\"image\":{\"@id\":\"https:\/\/rgdeportes.com\/#\/schema\/logo\/image\/\"},\"sameAs\":[\"https:\/\/www.facebook.com\/RandallGutierrezDeportes\/\",\"https:\/\/www.instagram.com\/randallgutierrezdeportes\/\",\"https:\/\/www.youtube.com\/channel\/UCX4_qbvtnTwoF5t2zNqBDvA\"]},{\"@type\":\"Person\",\"@id\":\"https:\/\/rgdeportes.com\/#\/schema\/person\/91795323fddb335a4fd017bf0e4b1358\",\"name\":\"Randall Gutierrez\",\"image\":{\"@type\":\"ImageObject\",\"inLanguage\":\"es\",\"@id\":\"https:\/\/rgdeportes.com\/#\/schema\/person\/image\/\",\"url\":\"https:\/\/secure.gravatar.com\/avatar\/d0884ea8b9b50bcfad3c0d20049361b5?s=96&d=mm&r=g\",\"contentUrl\":\"https:\/\/secure.gravatar.com\/avatar\/d0884ea8b9b50bcfad3c0d20049361b5?s=96&d=mm&r=g\",\"caption\":\"Randall Gutierrez\"},\"url\":\"https:\/\/rgdeportes.com\/index.php\/author\/randall\/\"}]}<\/script>\n<!-- \/ Yoast SEO plugin. -->","yoast_head_json":{"title":"Porrismo nacional vibr\u00f3 en territorio suramericano - RG Deportes\u200e","robots":{"index":"index","follow":"follow","max-snippet":"max-snippet:-1","max-image-preview":"max-image-preview:large","max-video-preview":"max-video-preview:-1"},"canonical":"https:\/\/rgdeportes.com\/index.php\/2023\/11\/23\/porrismo-nacional-vibro-en-territorio-suramericano\/","og_locale":"es_ES","og_type":"article","og_title":"Porrismo nacional vibr\u00f3 en territorio suramericano - RG Deportes\u200e","og_description":"Atletas costarricenses del Porrismo dejan en muy alto los colores patrios, esto, tras la representaci\u00f3n de tres equipos nacionales durante el \u00abThe Finals Cheer and Dance Colombia\u00bb evento realizado en&hellip;","og_url":"https:\/\/rgdeportes.com\/index.php\/2023\/11\/23\/porrismo-nacional-vibro-en-territorio-suramericano\/","og_site_name":"RG Deportes\u200e","article_publisher":"https:\/\/www.facebook.com\/RandallGutierrezDeportes\/","article_published_time":"2023-11-23T21:18:32+00:00","article_modified_time":"2023-11-23T21:19:00+00:00","og_image":[{"width":1080,"height":810,"url":"http:\/\/rgdeportes.com\/wp-content\/uploads\/2023\/11\/FB_IMG_1700773638716.jpg","type":"image\/jpeg"}],"author":"Randall Gutierrez","twitter_card":"summary_large_image","twitter_misc":{"Escrito por":"Randall Gutierrez"},"schema":{"@context":"https:\/\/schema.org","@graph":[{"@type":"Article","@id":"https:\/\/rgdeportes.com\/index.php\/2023\/11\/23\/porrismo-nacional-vibro-en-territorio-suramericano\/#article","isPartOf":{"@id":"https:\/\/rgdeportes.com\/index.php\/2023\/11\/23\/porrismo-nacional-vibro-en-territorio-suramericano\/"},"author":{"name":"Randall Gutierrez","@id":"https:\/\/rgdeportes.com\/#\/schema\/person\/91795323fddb335a4fd017bf0e4b1358"},"headline":"Porrismo nacional vibr\u00f3 en territorio suramericano","datePublished":"2023-11-23T21:18:32+00:00","dateModified":"2023-11-23T21:19:00+00:00","mainEntityOfPage":{"@id":"https:\/\/rgdeportes.com\/index.php\/2023\/11\/23\/porrismo-nacional-vibro-en-territorio-suramericano\/"},"wordCount":320,"publisher":{"@id":"https:\/\/rgdeportes.com\/#organization"},"keywords":["#PorrismoCostaRica","#PorrismoCR"],"articleSection":["Internacionales"],"inLanguage":"es"},{"@type":"WebPage","@id":"https:\/\/rgdeportes.com\/index.php\/2023\/11\/23\/porrismo-nacional-vibro-en-territorio-suramericano\/","url":"https:\/\/rgdeportes.com\/index.php\/2023\/11\/23\/porrismo-nacional-vibro-en-territorio-suramericano\/","name":"Porrismo nacional vibr\u00f3 en territorio suramericano - RG Deportes\u200e","isPartOf":{"@id":"https:\/\/rgdeportes.com\/#website"},"datePublished":"2023-11-23T21:18:32+00:00","dateModified":"2023-11-23T21:19:00+00:00","breadcrumb":{"@id":"https:\/\/rgdeportes.com\/index.php\/2023\/11\/23\/porrismo-nacional-vibro-en-territorio-suramericano\/#breadcrumb"},"inLanguage":"es","potentialAction":[{"@type":"ReadAction","target":["https:\/\/rgdeportes.com\/index.php\/2023\/11\/23\/porrismo-nacional-vibro-en-territorio-suramericano\/"]}]},{"@type":"BreadcrumbList","@id":"https:\/\/rgdeportes.com\/index.php\/2023\/11\/23\/porrismo-nacional-vibro-en-territorio-suramericano\/#breadcrumb","itemListElement":[{"@type":"ListItem","position":1,"name":"Portada","item":"https:\/\/rgdeportes.com\/"},{"@type":"ListItem","position":2,"name":"Porrismo nacional vibr\u00f3 en territorio suramericano"}]},{"@type":"WebSite","@id":"https:\/\/rgdeportes.com\/#website","url":"https:\/\/rgdeportes.com\/","name":"RG Deportes\u200e","description":"","publisher":{"@id":"https:\/\/rgdeportes.com\/#organization"},"potentialAction":[{"@type":"SearchAction","target":{"@type":"EntryPoint","urlTemplate":"https:\/\/rgdeportes.com\/?s={search_term_string}"},"query-input":"required name=search_term_string"}],"inLanguage":"es"},{"@type":"Organization","@id":"https:\/\/rgdeportes.com\/#organization","name":"RG Deportes","url":"https:\/\/rgdeportes.com\/","logo":{"@type":"ImageObject","inLanguage":"es","@id":"https:\/\/rgdeportes.com\/#\/schema\/logo\/image\/","url":"https:\/\/rgdeportes.com\/wp-content\/uploads\/2020\/09\/Logo.png","contentUrl":"https:\/\/rgdeportes.com\/wp-content\/uploads\/2020\/09\/Logo.png","width":784,"height":552,"caption":"RG Deportes"},"image":{"@id":"https:\/\/rgdeportes.com\/#\/schema\/logo\/image\/"},"sameAs":["https:\/\/www.facebook.com\/RandallGutierrezDeportes\/","https:\/\/www.instagram.com\/randallgutierrezdeportes\/","https:\/\/www.youtube.com\/channel\/UCX4_qbvtnTwoF5t2zNqBDvA"]},{"@type":"Person","@id":"https:\/\/rgdeportes.com\/#\/schema\/person\/91795323fddb335a4fd017bf0e4b1358","name":"Randall Gutierrez","image":{"@type":"ImageObject","inLanguage":"es","@id":"https:\/\/rgdeportes.com\/#\/schema\/person\/image\/","url":"https:\/\/secure.gravatar.com\/avatar\/d0884ea8b9b50bcfad3c0d20049361b5?s=96&d=mm&r=g","contentUrl":"https:\/\/secure.gravatar.com\/avatar\/d0884ea8b9b50bcfad3c0d20049361b5?s=96&d=mm&r=g","caption":"Randall Gutierrez"},"url":"https:\/\/rgdeportes.com\/index.php\/author\/randall\/"}]}},"_links":{"self":[{"href":"https:\/\/rgdeportes.com\/index.php\/wp-json\/wp\/v2\/posts\/7385","targetHints":{"allow":["GET"]}}],"collection":[{"href":"https:\/\/rgdeportes.com\/index.php\/wp-json\/wp\/v2\/posts"}],"about":[{"href":"https:\/\/rgdeportes.com\/index.php\/wp-json\/wp\/v2\/types\/post"}],"author":[{"embeddable":true,"href":"https:\/\/rgdeportes.com\/index.php\/wp-json\/wp\/v2\/users\/2"}],"replies":[{"embeddable":true,"href":"https:\/\/rgdeportes.com\/index.php\/wp-json\/wp\/v2\/comments?post=7385"}],"version-history":[{"count":2,"href":"https:\/\/rgdeportes.com\/index.php\/wp-json\/wp\/v2\/posts\/7385\/revisions"}],"predecessor-version":[{"id":7389,"href":"https:\/\/rgdeportes.com\/index.php\/wp-json\/wp\/v2\/posts\/7385\/revisions\/7389"}],"wp:featuredmedia":[{"embeddable":true,"href":"https:\/\/rgdeportes.com\/index.php\/wp-json\/wp\/v2\/media\/7386"}],"wp:attachment":[{"href":"https:\/\/rgdeportes.com\/index.php\/wp-json\/wp\/v2\/media?parent=7385"}],"wp:term":[{"taxonomy":"category","embeddable":true,"href":"https:\/\/rgdeportes.com\/index.php\/wp-json\/wp\/v2\/categories?post=7385"},{"taxonomy":"post_tag","embeddable":true,"href":"https:\/\/rgdeportes.com\/index.php\/wp-json\/wp\/v2\/tags?post=7385"}],"curies":[{"name":"wp","href":"https:\/\/api.w.org\/{rel}","templated":true}]}}