{"id":7221,"date":"2023-10-30T22:11:20","date_gmt":"2023-10-30T22:11:20","guid":{"rendered":"https:\/\/rgdeportes.com\/?p=7221"},"modified":"2023-10-30T22:11:21","modified_gmt":"2023-10-30T22:11:21","slug":"paratenista-jose-pablo-gil-deja-en-alto-a-costa-rica-en-el-reino-unido","status":"publish","type":"post","link":"https:\/\/rgdeportes.com\/index.php\/2023\/10\/30\/paratenista-jose-pablo-gil-deja-en-alto-a-costa-rica-en-el-reino-unido\/","title":{"rendered":"Paratenista Jos\u00e9 Pablo Gil deja en alto a Costa Rica en el Reino Unido"},"content":{"rendered":"\n<figure class=\"wp-block-image size-large\"><img loading=\"lazy\" decoding=\"async\" width=\"1024\" height=\"576\" src=\"https:\/\/rgdeportes.com\/wp-content\/uploads\/2023\/10\/Gil-1-1024x576.jpg\" alt=\"\" class=\"wp-image-7222\" srcset=\"https:\/\/rgdeportes.com\/wp-content\/uploads\/2023\/10\/Gil-1-1024x576.jpg 1024w, https:\/\/rgdeportes.com\/wp-content\/uploads\/2023\/10\/Gil-1-300x169.jpg 300w, https:\/\/rgdeportes.com\/wp-content\/uploads\/2023\/10\/Gil-1-768x432.jpg 768w, https:\/\/rgdeportes.com\/wp-content\/uploads\/2023\/10\/Gil-1-1536x864.jpg 1536w, https:\/\/rgdeportes.com\/wp-content\/uploads\/2023\/10\/Gil-1.jpg 2048w\" sizes=\"auto, (max-width: 1024px) 100vw, 1024px\" \/><\/figure>\n\n\n\n<p>Una vez m\u00e1s el paratenista costarricense <strong>Jos\u00e9 Pablo<\/strong> <strong>Gil<\/strong> dej\u00f3 a esta disciplina con una digna presentaci\u00f3n en territorio europeo tras quedarse con el Subcampeonato en el, \u201cAbingdon Future Wheelchair Tournament\u201d.<\/p>\n\n\n\n<p><strong>Gil<\/strong> disput\u00f3 la final en Abingdon, Oxford, Reino Unido ante Nico Langmann de Austria, termin\u00f3 con marcador de 2\/6- 3\/6 en un juego donde el tico busc\u00f3 subir su juego, ante un muy buen rival.<\/p>\n\n\n\n<p><em>\u201cQueriamos cerrar la gira europea con el t\u00edtulo en Reino Unido, pero no se nos dio. Hoy fue uno de esos d\u00edas en que lo que sabes hacer no sale como uno quiere. En fin, pasamos p\u00e1gina y ahora pensamos en los Juegos Parapanamericanos en Santiago de Chile donde buscaremos llegar lejos\u201d<\/em>, manifest\u00f3, <strong>Jos\u00e9 Pablo<\/strong>.<\/p>\n\n\n\n<p>Para llegar a la final del torneo en Reino Unido, el tico derrot\u00f3 a Mathew Johnstone 6\/0 &#8211; 6\/0, a Bailey Dermot con marcador de 6\/2- 6\/7 ( 6\/3 y Dermot en 3 horas y 15 minutos. ambos brit\u00e1nicos y en la semifinal, al franc\u00e9s Geoffrey Jasiak con marcador de 6\/1- 3\/6- 6\/4.<\/p>\n\n\n\n<p>El torneo \u201cAbingdon Future Wheelchair Tournament\u201d, inici\u00f3 con 16 paratletas de 9 pa\u00edses como son: Austria, Italia, Francia, Suecia, India, Sud\u00e1frica, Estados Unidos y Costa Rica.<\/p>\n\n\n\n<p>\u201cLa gira por Europa fue importante, disputamos tres torneos ante excelentes rivales. Jugamos dos torneos en Par\u00eds (Francia), el \u201cOpen des Haut\u201d y el \u201cMontfermeil wheelchair tennis Open\u201d y hoy cerramos con un subcampeonato en Reino Unido que nos da muchas cosas positivas\u201d, indic\u00f3 el tico.<\/p>\n\n\n\n<p>Con estos tres torneos en Europa, Jos\u00e9 Pablo Gil suma importantes puntos de cara a la clasificaci\u00f3n a los Juegos Paral\u00edmpicos Par\u00eds 2024, que a su vez, mejorar\u00e1n su actual puesto 38 el Ranking Mundial y n\u00famero 8 de Am\u00e9rica.<\/p>\n\n\n\n<p>Los pr\u00f3ximos Juegos Parapanamericanos Santiago 2023, est\u00e1n pautados del 17 al 27 de noviembre en Chile.<\/p>\n\n\n\n<p>(Foto \u2013 Tenis Sobre Ruedas Costa Rica).<\/p>\n","protected":false},"excerpt":{"rendered":"<p>Una vez m\u00e1s el paratenista costarricense Jos\u00e9 Pablo Gil dej\u00f3 a esta disciplina con una digna presentaci\u00f3n en territorio europeo tras quedarse con el Subcampeonato en el, \u201cAbingdon Future Wheelchair&hellip; <\/p>\n","protected":false},"author":2,"featured_media":7222,"comment_status":"closed","ping_status":"closed","sticky":false,"template":"","format":"standard","meta":{"om_disable_all_campaigns":false,"_monsterinsights_skip_tracking":false,"_monsterinsights_sitenote_active":false,"_monsterinsights_sitenote_note":"","_monsterinsights_sitenote_category":0,"footnotes":""},"categories":[7],"tags":[2221,2222],"class_list":["post-7221","post","type-post","status-publish","format-standard","has-post-thumbnail","hentry","category-da","tag-paratenistajosepablogil","tag-tenissobrerueds"],"aioseo_notices":[],"yoast_head":"<!-- This site is optimized with the Yoast SEO plugin v21.2 - https:\/\/yoast.com\/wordpress\/plugins\/seo\/ -->\n<title>Paratenista Jos\u00e9 Pablo Gil deja en alto a Costa Rica en el Reino Unido - RG Deportes\u200e<\/title>\n<meta name=\"robots\" content=\"index, follow, max-snippet:-1, max-image-preview:large, max-video-preview:-1\" \/>\n<link rel=\"canonical\" href=\"https:\/\/rgdeportes.com\/index.php\/2023\/10\/30\/paratenista-jose-pablo-gil-deja-en-alto-a-costa-rica-en-el-reino-unido\/\" \/>\n<meta property=\"og:locale\" content=\"es_ES\" \/>\n<meta property=\"og:type\" content=\"article\" \/>\n<meta property=\"og:title\" content=\"Paratenista Jos\u00e9 Pablo Gil deja en alto a Costa Rica en el Reino Unido - RG Deportes\u200e\" \/>\n<meta property=\"og:description\" content=\"Una vez m\u00e1s el paratenista costarricense Jos\u00e9 Pablo Gil dej\u00f3 a esta disciplina con una digna presentaci\u00f3n en territorio europeo tras quedarse con el Subcampeonato en el, \u201cAbingdon Future Wheelchair&hellip;\" \/>\n<meta property=\"og:url\" content=\"https:\/\/rgdeportes.com\/index.php\/2023\/10\/30\/paratenista-jose-pablo-gil-deja-en-alto-a-costa-rica-en-el-reino-unido\/\" \/>\n<meta property=\"og:site_name\" content=\"RG Deportes\u200e\" \/>\n<meta property=\"article:publisher\" content=\"https:\/\/www.facebook.com\/RandallGutierrezDeportes\/\" \/>\n<meta property=\"article:published_time\" content=\"2023-10-30T22:11:20+00:00\" \/>\n<meta property=\"article:modified_time\" content=\"2023-10-30T22:11:21+00:00\" \/>\n<meta property=\"og:image\" content=\"http:\/\/rgdeportes.com\/wp-content\/uploads\/2023\/10\/Gil-1.jpg\" \/>\n\t<meta property=\"og:image:width\" content=\"2048\" \/>\n\t<meta property=\"og:image:height\" content=\"1152\" \/>\n\t<meta property=\"og:image:type\" content=\"image\/jpeg\" \/>\n<meta name=\"author\" content=\"Randall Gutierrez\" \/>\n<meta name=\"twitter:card\" content=\"summary_large_image\" \/>\n<meta name=\"twitter:label1\" content=\"Escrito por\" \/>\n\t<meta name=\"twitter:data1\" content=\"Randall Gutierrez\" \/>\n\t<meta name=\"twitter:label2\" content=\"Tiempo de lectura\" \/>\n\t<meta name=\"twitter:data2\" content=\"2 minutos\" \/>\n<script type=\"application\/ld+json\" class=\"yoast-schema-graph\">{\"@context\":\"https:\/\/schema.org\",\"@graph\":[{\"@type\":\"Article\",\"@id\":\"https:\/\/rgdeportes.com\/index.php\/2023\/10\/30\/paratenista-jose-pablo-gil-deja-en-alto-a-costa-rica-en-el-reino-unido\/#article\",\"isPartOf\":{\"@id\":\"https:\/\/rgdeportes.com\/index.php\/2023\/10\/30\/paratenista-jose-pablo-gil-deja-en-alto-a-costa-rica-en-el-reino-unido\/\"},\"author\":{\"name\":\"Randall Gutierrez\",\"@id\":\"https:\/\/rgdeportes.com\/#\/schema\/person\/91795323fddb335a4fd017bf0e4b1358\"},\"headline\":\"Paratenista Jos\u00e9 Pablo Gil deja en alto a Costa Rica en el Reino Unido\",\"datePublished\":\"2023-10-30T22:11:20+00:00\",\"dateModified\":\"2023-10-30T22:11:21+00:00\",\"mainEntityOfPage\":{\"@id\":\"https:\/\/rgdeportes.com\/index.php\/2023\/10\/30\/paratenista-jose-pablo-gil-deja-en-alto-a-costa-rica-en-el-reino-unido\/\"},\"wordCount\":323,\"publisher\":{\"@id\":\"https:\/\/rgdeportes.com\/#organization\"},\"keywords\":[\"#paratenistajosepablogil\",\"#tenissobrerueds\"],\"articleSection\":[\"Deporte Adaptado\"],\"inLanguage\":\"es\"},{\"@type\":\"WebPage\",\"@id\":\"https:\/\/rgdeportes.com\/index.php\/2023\/10\/30\/paratenista-jose-pablo-gil-deja-en-alto-a-costa-rica-en-el-reino-unido\/\",\"url\":\"https:\/\/rgdeportes.com\/index.php\/2023\/10\/30\/paratenista-jose-pablo-gil-deja-en-alto-a-costa-rica-en-el-reino-unido\/\",\"name\":\"Paratenista Jos\u00e9 Pablo Gil deja en alto a Costa Rica en el Reino Unido - RG Deportes\u200e\",\"isPartOf\":{\"@id\":\"https:\/\/rgdeportes.com\/#website\"},\"datePublished\":\"2023-10-30T22:11:20+00:00\",\"dateModified\":\"2023-10-30T22:11:21+00:00\",\"breadcrumb\":{\"@id\":\"https:\/\/rgdeportes.com\/index.php\/2023\/10\/30\/paratenista-jose-pablo-gil-deja-en-alto-a-costa-rica-en-el-reino-unido\/#breadcrumb\"},\"inLanguage\":\"es\",\"potentialAction\":[{\"@type\":\"ReadAction\",\"target\":[\"https:\/\/rgdeportes.com\/index.php\/2023\/10\/30\/paratenista-jose-pablo-gil-deja-en-alto-a-costa-rica-en-el-reino-unido\/\"]}]},{\"@type\":\"BreadcrumbList\",\"@id\":\"https:\/\/rgdeportes.com\/index.php\/2023\/10\/30\/paratenista-jose-pablo-gil-deja-en-alto-a-costa-rica-en-el-reino-unido\/#breadcrumb\",\"itemListElement\":[{\"@type\":\"ListItem\",\"position\":1,\"name\":\"Portada\",\"item\":\"https:\/\/rgdeportes.com\/\"},{\"@type\":\"ListItem\",\"position\":2,\"name\":\"Paratenista Jos\u00e9 Pablo Gil deja en alto a Costa Rica en el Reino Unido\"}]},{\"@type\":\"WebSite\",\"@id\":\"https:\/\/rgdeportes.com\/#website\",\"url\":\"https:\/\/rgdeportes.com\/\",\"name\":\"RG Deportes\u200e\",\"description\":\"\",\"publisher\":{\"@id\":\"https:\/\/rgdeportes.com\/#organization\"},\"potentialAction\":[{\"@type\":\"SearchAction\",\"target\":{\"@type\":\"EntryPoint\",\"urlTemplate\":\"https:\/\/rgdeportes.com\/?s={search_term_string}\"},\"query-input\":\"required name=search_term_string\"}],\"inLanguage\":\"es\"},{\"@type\":\"Organization\",\"@id\":\"https:\/\/rgdeportes.com\/#organization\",\"name\":\"RG Deportes\",\"url\":\"https:\/\/rgdeportes.com\/\",\"logo\":{\"@type\":\"ImageObject\",\"inLanguage\":\"es\",\"@id\":\"https:\/\/rgdeportes.com\/#\/schema\/logo\/image\/\",\"url\":\"https:\/\/rgdeportes.com\/wp-content\/uploads\/2020\/09\/Logo.png\",\"contentUrl\":\"https:\/\/rgdeportes.com\/wp-content\/uploads\/2020\/09\/Logo.png\",\"width\":784,\"height\":552,\"caption\":\"RG Deportes\"},\"image\":{\"@id\":\"https:\/\/rgdeportes.com\/#\/schema\/logo\/image\/\"},\"sameAs\":[\"https:\/\/www.facebook.com\/RandallGutierrezDeportes\/\",\"https:\/\/www.instagram.com\/randallgutierrezdeportes\/\",\"https:\/\/www.youtube.com\/channel\/UCX4_qbvtnTwoF5t2zNqBDvA\"]},{\"@type\":\"Person\",\"@id\":\"https:\/\/rgdeportes.com\/#\/schema\/person\/91795323fddb335a4fd017bf0e4b1358\",\"name\":\"Randall Gutierrez\",\"image\":{\"@type\":\"ImageObject\",\"inLanguage\":\"es\",\"@id\":\"https:\/\/rgdeportes.com\/#\/schema\/person\/image\/\",\"url\":\"https:\/\/secure.gravatar.com\/avatar\/d0884ea8b9b50bcfad3c0d20049361b5?s=96&d=mm&r=g\",\"contentUrl\":\"https:\/\/secure.gravatar.com\/avatar\/d0884ea8b9b50bcfad3c0d20049361b5?s=96&d=mm&r=g\",\"caption\":\"Randall Gutierrez\"},\"url\":\"https:\/\/rgdeportes.com\/index.php\/author\/randall\/\"}]}<\/script>\n<!-- \/ Yoast SEO plugin. -->","yoast_head_json":{"title":"Paratenista Jos\u00e9 Pablo Gil deja en alto a Costa Rica en el Reino Unido - RG Deportes\u200e","robots":{"index":"index","follow":"follow","max-snippet":"max-snippet:-1","max-image-preview":"max-image-preview:large","max-video-preview":"max-video-preview:-1"},"canonical":"https:\/\/rgdeportes.com\/index.php\/2023\/10\/30\/paratenista-jose-pablo-gil-deja-en-alto-a-costa-rica-en-el-reino-unido\/","og_locale":"es_ES","og_type":"article","og_title":"Paratenista Jos\u00e9 Pablo Gil deja en alto a Costa Rica en el Reino Unido - RG Deportes\u200e","og_description":"Una vez m\u00e1s el paratenista costarricense Jos\u00e9 Pablo Gil dej\u00f3 a esta disciplina con una digna presentaci\u00f3n en territorio europeo tras quedarse con el Subcampeonato en el, \u201cAbingdon Future Wheelchair&hellip;","og_url":"https:\/\/rgdeportes.com\/index.php\/2023\/10\/30\/paratenista-jose-pablo-gil-deja-en-alto-a-costa-rica-en-el-reino-unido\/","og_site_name":"RG Deportes\u200e","article_publisher":"https:\/\/www.facebook.com\/RandallGutierrezDeportes\/","article_published_time":"2023-10-30T22:11:20+00:00","article_modified_time":"2023-10-30T22:11:21+00:00","og_image":[{"width":2048,"height":1152,"url":"http:\/\/rgdeportes.com\/wp-content\/uploads\/2023\/10\/Gil-1.jpg","type":"image\/jpeg"}],"author":"Randall Gutierrez","twitter_card":"summary_large_image","twitter_misc":{"Escrito por":"Randall Gutierrez","Tiempo de lectura":"2 minutos"},"schema":{"@context":"https:\/\/schema.org","@graph":[{"@type":"Article","@id":"https:\/\/rgdeportes.com\/index.php\/2023\/10\/30\/paratenista-jose-pablo-gil-deja-en-alto-a-costa-rica-en-el-reino-unido\/#article","isPartOf":{"@id":"https:\/\/rgdeportes.com\/index.php\/2023\/10\/30\/paratenista-jose-pablo-gil-deja-en-alto-a-costa-rica-en-el-reino-unido\/"},"author":{"name":"Randall Gutierrez","@id":"https:\/\/rgdeportes.com\/#\/schema\/person\/91795323fddb335a4fd017bf0e4b1358"},"headline":"Paratenista Jos\u00e9 Pablo Gil deja en alto a Costa Rica en el Reino Unido","datePublished":"2023-10-30T22:11:20+00:00","dateModified":"2023-10-30T22:11:21+00:00","mainEntityOfPage":{"@id":"https:\/\/rgdeportes.com\/index.php\/2023\/10\/30\/paratenista-jose-pablo-gil-deja-en-alto-a-costa-rica-en-el-reino-unido\/"},"wordCount":323,"publisher":{"@id":"https:\/\/rgdeportes.com\/#organization"},"keywords":["#paratenistajosepablogil","#tenissobrerueds"],"articleSection":["Deporte Adaptado"],"inLanguage":"es"},{"@type":"WebPage","@id":"https:\/\/rgdeportes.com\/index.php\/2023\/10\/30\/paratenista-jose-pablo-gil-deja-en-alto-a-costa-rica-en-el-reino-unido\/","url":"https:\/\/rgdeportes.com\/index.php\/2023\/10\/30\/paratenista-jose-pablo-gil-deja-en-alto-a-costa-rica-en-el-reino-unido\/","name":"Paratenista Jos\u00e9 Pablo Gil deja en alto a Costa Rica en el Reino Unido - RG Deportes\u200e","isPartOf":{"@id":"https:\/\/rgdeportes.com\/#website"},"datePublished":"2023-10-30T22:11:20+00:00","dateModified":"2023-10-30T22:11:21+00:00","breadcrumb":{"@id":"https:\/\/rgdeportes.com\/index.php\/2023\/10\/30\/paratenista-jose-pablo-gil-deja-en-alto-a-costa-rica-en-el-reino-unido\/#breadcrumb"},"inLanguage":"es","potentialAction":[{"@type":"ReadAction","target":["https:\/\/rgdeportes.com\/index.php\/2023\/10\/30\/paratenista-jose-pablo-gil-deja-en-alto-a-costa-rica-en-el-reino-unido\/"]}]},{"@type":"BreadcrumbList","@id":"https:\/\/rgdeportes.com\/index.php\/2023\/10\/30\/paratenista-jose-pablo-gil-deja-en-alto-a-costa-rica-en-el-reino-unido\/#breadcrumb","itemListElement":[{"@type":"ListItem","position":1,"name":"Portada","item":"https:\/\/rgdeportes.com\/"},{"@type":"ListItem","position":2,"name":"Paratenista Jos\u00e9 Pablo Gil deja en alto a Costa Rica en el Reino Unido"}]},{"@type":"WebSite","@id":"https:\/\/rgdeportes.com\/#website","url":"https:\/\/rgdeportes.com\/","name":"RG Deportes\u200e","description":"","publisher":{"@id":"https:\/\/rgdeportes.com\/#organization"},"potentialAction":[{"@type":"SearchAction","target":{"@type":"EntryPoint","urlTemplate":"https:\/\/rgdeportes.com\/?s={search_term_string}"},"query-input":"required name=search_term_string"}],"inLanguage":"es"},{"@type":"Organization","@id":"https:\/\/rgdeportes.com\/#organization","name":"RG Deportes","url":"https:\/\/rgdeportes.com\/","logo":{"@type":"ImageObject","inLanguage":"es","@id":"https:\/\/rgdeportes.com\/#\/schema\/logo\/image\/","url":"https:\/\/rgdeportes.com\/wp-content\/uploads\/2020\/09\/Logo.png","contentUrl":"https:\/\/rgdeportes.com\/wp-content\/uploads\/2020\/09\/Logo.png","width":784,"height":552,"caption":"RG Deportes"},"image":{"@id":"https:\/\/rgdeportes.com\/#\/schema\/logo\/image\/"},"sameAs":["https:\/\/www.facebook.com\/RandallGutierrezDeportes\/","https:\/\/www.instagram.com\/randallgutierrezdeportes\/","https:\/\/www.youtube.com\/channel\/UCX4_qbvtnTwoF5t2zNqBDvA"]},{"@type":"Person","@id":"https:\/\/rgdeportes.com\/#\/schema\/person\/91795323fddb335a4fd017bf0e4b1358","name":"Randall Gutierrez","image":{"@type":"ImageObject","inLanguage":"es","@id":"https:\/\/rgdeportes.com\/#\/schema\/person\/image\/","url":"https:\/\/secure.gravatar.com\/avatar\/d0884ea8b9b50bcfad3c0d20049361b5?s=96&d=mm&r=g","contentUrl":"https:\/\/secure.gravatar.com\/avatar\/d0884ea8b9b50bcfad3c0d20049361b5?s=96&d=mm&r=g","caption":"Randall Gutierrez"},"url":"https:\/\/rgdeportes.com\/index.php\/author\/randall\/"}]}},"_links":{"self":[{"href":"https:\/\/rgdeportes.com\/index.php\/wp-json\/wp\/v2\/posts\/7221","targetHints":{"allow":["GET"]}}],"collection":[{"href":"https:\/\/rgdeportes.com\/index.php\/wp-json\/wp\/v2\/posts"}],"about":[{"href":"https:\/\/rgdeportes.com\/index.php\/wp-json\/wp\/v2\/types\/post"}],"author":[{"embeddable":true,"href":"https:\/\/rgdeportes.com\/index.php\/wp-json\/wp\/v2\/users\/2"}],"replies":[{"embeddable":true,"href":"https:\/\/rgdeportes.com\/index.php\/wp-json\/wp\/v2\/comments?post=7221"}],"version-history":[{"count":1,"href":"https:\/\/rgdeportes.com\/index.php\/wp-json\/wp\/v2\/posts\/7221\/revisions"}],"predecessor-version":[{"id":7223,"href":"https:\/\/rgdeportes.com\/index.php\/wp-json\/wp\/v2\/posts\/7221\/revisions\/7223"}],"wp:featuredmedia":[{"embeddable":true,"href":"https:\/\/rgdeportes.com\/index.php\/wp-json\/wp\/v2\/media\/7222"}],"wp:attachment":[{"href":"https:\/\/rgdeportes.com\/index.php\/wp-json\/wp\/v2\/media?parent=7221"}],"wp:term":[{"taxonomy":"category","embeddable":true,"href":"https:\/\/rgdeportes.com\/index.php\/wp-json\/wp\/v2\/categories?post=7221"},{"taxonomy":"post_tag","embeddable":true,"href":"https:\/\/rgdeportes.com\/index.php\/wp-json\/wp\/v2\/tags?post=7221"}],"curies":[{"name":"wp","href":"https:\/\/api.w.org\/{rel}","templated":true}]}}