{"id":6808,"date":"2023-08-30T19:31:27","date_gmt":"2023-08-30T19:31:27","guid":{"rendered":"https:\/\/rgdeportes.com\/?p=6808"},"modified":"2023-08-30T19:31:28","modified_gmt":"2023-08-30T19:31:28","slug":"nicoya-escenario-ideal-durante-la-fecha-del-cuadracross-y-crosscountry","status":"publish","type":"post","link":"https:\/\/rgdeportes.com\/index.php\/2023\/08\/30\/nicoya-escenario-ideal-durante-la-fecha-del-cuadracross-y-crosscountry\/","title":{"rendered":"Nicoya escenario ideal durante la fecha del Cuadracross y Crosscountry"},"content":{"rendered":"\n<figure class=\"wp-block-image size-large\"><img loading=\"lazy\" decoding=\"async\" width=\"1024\" height=\"683\" src=\"https:\/\/rgdeportes.com\/wp-content\/uploads\/2023\/08\/2m2StudioCR-1-1024x683.jpg\" alt=\"\" class=\"wp-image-6809\" srcset=\"https:\/\/rgdeportes.com\/wp-content\/uploads\/2023\/08\/2m2StudioCR-1-1024x683.jpg 1024w, https:\/\/rgdeportes.com\/wp-content\/uploads\/2023\/08\/2m2StudioCR-1-300x200.jpg 300w, https:\/\/rgdeportes.com\/wp-content\/uploads\/2023\/08\/2m2StudioCR-1-768x512.jpg 768w, https:\/\/rgdeportes.com\/wp-content\/uploads\/2023\/08\/2m2StudioCR-1-1536x1024.jpg 1536w, https:\/\/rgdeportes.com\/wp-content\/uploads\/2023\/08\/2m2StudioCR-1.jpg 2048w\" sizes=\"auto, (max-width: 1024px) 100vw, 1024px\" \/><\/figure>\n\n\n\n<p>Velocidad trepidante y emociones al l\u00edmite fueron parte de lo que se vivi\u00f3 el pasado fin de semana durante la <strong>Tercera Fecha<\/strong> <strong>del Campeonato Nacional de Cuadracross y Crosscountry <\/strong>en la <strong>Pista el Cascabel <\/strong>ubicada en <strong>San Antonio de Nicoya. <\/strong><\/p>\n\n\n\n<p>Es importante resaltar qu\u00e9 para esta edici\u00f3n 2023 del certamen esta con la dedicatoria al piloto costarricense Marco Picado Cordoba.<\/p>\n\n\n\n<p>La prueba fue muy complicada para los pilotos de las diferentes categor\u00edas, debido a que el terreno cambi\u00f3 mucho debido a las lluvias y tuvieron que emplear esfuerzos extra &nbsp;para poder sacar la mayor cantidad de puntos de la fecha.<\/p>\n\n\n\n<p>La categor\u00eda Expertos llegaba con una interesante disputa por el primer puesto, y las cosas se dieron para que el l\u00edder Carlos Manuel Navarro en el cuadra 88 se anotara una nueva victoria, el segundo puesto fue para el piloto 31 Ricardo Sol\u00eds y la tercera plaza fue para el piloto 1 Mario Gonz\u00e1lez, quien en esta fecha marc\u00f3 su regreso a las pistas luego de recuperarse de una lesi\u00f3n que tambi\u00e9n lo dej\u00f3 fuera varios meses de sus competencias en los Estados Unidos.<\/p>\n\n\n\n<p>En la Pre Expertos la victoria del domingo fue para el piloto 89, Jos\u00e9 Alberto Alp\u00edzar, Keyleth Andr\u00e9s Jim\u00e9nez &nbsp;se dej\u00f3 la categor\u00eda 80 Pro Race, Luis Diego Meneses la divisi\u00f3n C, Eddy Hidalgo destac\u00f3 en la Vintage y Javier Alonso Castro en la Junior.<\/p>\n\n\n\n<p>Los podios en las otras categor\u00edas de Cuadracross fueron:<\/p>\n\n\n\n<figure class=\"wp-block-image size-large\"><img loading=\"lazy\" decoding=\"async\" width=\"1024\" height=\"683\" src=\"https:\/\/rgdeportes.com\/wp-content\/uploads\/2023\/08\/2m2StudioCR-1-1-1024x683.jpg\" alt=\"\" class=\"wp-image-6810\" srcset=\"https:\/\/rgdeportes.com\/wp-content\/uploads\/2023\/08\/2m2StudioCR-1-1-1024x683.jpg 1024w, https:\/\/rgdeportes.com\/wp-content\/uploads\/2023\/08\/2m2StudioCR-1-1-300x200.jpg 300w, https:\/\/rgdeportes.com\/wp-content\/uploads\/2023\/08\/2m2StudioCR-1-1-768x512.jpg 768w, https:\/\/rgdeportes.com\/wp-content\/uploads\/2023\/08\/2m2StudioCR-1-1-1536x1024.jpg 1536w, https:\/\/rgdeportes.com\/wp-content\/uploads\/2023\/08\/2m2StudioCR-1-1.jpg 2048w\" sizes=\"auto, (max-width: 1024px) 100vw, 1024px\" \/><\/figure>\n\n\n\n<p><strong>Categor\u00eda 50 cc Femenina<\/strong><\/p>\n\n\n\n<ol class=\"wp-block-list\">\n<li>34 Amanda Calder\u00f3n<\/li>\n\n\n\n<li>56 Maripaz Salas<\/li>\n\n\n\n<li>16 Leanny Calder\u00f3n<\/li>\n<\/ol>\n\n\n\n<p><strong>Categor\u00eda 50 cc Masculino<\/strong><\/p>\n\n\n\n<ol class=\"wp-block-list\">\n<li>69 Yariel D\u00edaz<\/li>\n\n\n\n<li>5 Felipe Cerdas<\/li>\n\n\n\n<li>100 Luciano Ram\u00edrez<\/li>\n<\/ol>\n\n\n\n<p><strong>Categor\u00eda 80 cc Femenina<\/strong><\/p>\n\n\n\n<ol class=\"wp-block-list\">\n<li>71 Sof\u00eda Calder\u00f3n<\/li>\n\n\n\n<li>11 Vianka Delgado<\/li>\n\n\n\n<li>317 Sophia Fonseca<\/li>\n<\/ol>\n\n\n\n<p><strong>Categor\u00eda 80 Masculino<\/strong><\/p>\n\n\n\n<ol class=\"wp-block-list\">\n<li>55 Dereck Villegas<\/li>\n\n\n\n<li>69 Yariel D\u00edaz<\/li>\n\n\n\n<li>70 Andr\u00e9 Suarez<\/li>\n<\/ol>\n\n\n\n<p><strong>Categor\u00eda Veteranos<\/strong><\/p>\n\n\n\n<ol class=\"wp-block-list\">\n<li>57 Andr\u00e9s Arias<\/li>\n\n\n\n<li>124 Luis Diego Hern\u00e1ndez<\/li>\n\n\n\n<li>61 Eddy Hidalgo<\/li>\n<\/ol>\n\n\n\n<p>En la prueba de Crosscrountry tambi\u00e9n las condiciones fueron complicadas para los pilotos de las diferentes ramas. En la 4&#215;2 Novatos la victoria fuera para el 65 Cristopher N\u00fa\u00f1ez, en 4&#215;2 B venci\u00f3 Olman Chavez en el cuadra 84, David Ballestero fue el mejor en los Veteranos y el piloto 1000 Manuel Navarrro destac\u00f3 en 4&#215;4.<\/p>\n\n\n\n<p>Adem\u00e1s las modalidades de 4&#215;2 Femenina y 4&#215;2 A finalizaron de la siguiente manera:<\/p>\n\n\n\n<p><strong>4&#215;2 &nbsp;Femenina<\/strong><\/p>\n\n\n\n<ol class=\"wp-block-list\">\n<li>67 Isabela Rodr\u00edguez<\/li>\n\n\n\n<li>60 Sof\u00eda Paulina Loaiza<\/li>\n\n\n\n<li>19 Julissa Jim\u00e9nez<\/li>\n<\/ol>\n\n\n\n<p><strong>4X2A<\/strong><\/p>\n\n\n\n<ol class=\"wp-block-list\">\n<li>28 Randall Salazar<\/li>\n\n\n\n<li>14 Benet Z\u00fa\u00f1iga<\/li>\n<\/ol>\n\n\n\n<p>3. 7 Pablo Ure\u00f1a<\/p>\n\n\n\n<p>La cuarta fecha de este campeonato ser\u00e1 en la pista La Torre, San Mateo Alajuela, el pr\u00f3ximo 24 de septiembre.<\/p>\n\n\n\n<p>Este campeonato es organizado por la Asociaci\u00f3n Deportiva de Cuadraciclismo (ADEC) y cuenta con el aval de la Federacion Costarricense de los Motores (FECOM).<\/p>\n\n\n\n<p>(Fotos &#8211; MJ Comunicaci\u00f3n). <\/p>\n","protected":false},"excerpt":{"rendered":"<p>Velocidad trepidante y emociones al l\u00edmite fueron parte de lo que se vivi\u00f3 el pasado fin de semana durante la Tercera Fecha del Campeonato Nacional de Cuadracross y Crosscountry en&hellip; <\/p>\n","protected":false},"author":2,"featured_media":6809,"comment_status":"closed","ping_status":"closed","sticky":false,"template":"","format":"standard","meta":{"om_disable_all_campaigns":false,"_monsterinsights_skip_tracking":false,"_monsterinsights_sitenote_active":false,"_monsterinsights_sitenote_note":"","_monsterinsights_sitenote_category":0,"footnotes":""},"categories":[524],"tags":[1071,2110,1070],"class_list":["post-6808","post","type-post","status-publish","format-standard","has-post-thumbnail","hentry","category-ddm","tag-crosscountrycr","tag-cuadraciclismocostarica","tag-cuadracrosscr"],"aioseo_notices":[],"yoast_head":"<!-- This site is optimized with the Yoast SEO plugin v21.2 - https:\/\/yoast.com\/wordpress\/plugins\/seo\/ -->\n<title>Nicoya escenario ideal durante la fecha del Cuadracross y Crosscountry - RG Deportes\u200e<\/title>\n<meta name=\"robots\" content=\"index, follow, max-snippet:-1, max-image-preview:large, max-video-preview:-1\" \/>\n<link rel=\"canonical\" href=\"https:\/\/rgdeportes.com\/index.php\/2023\/08\/30\/nicoya-escenario-ideal-durante-la-fecha-del-cuadracross-y-crosscountry\/\" \/>\n<meta property=\"og:locale\" content=\"es_ES\" \/>\n<meta property=\"og:type\" content=\"article\" \/>\n<meta property=\"og:title\" content=\"Nicoya escenario ideal durante la fecha del Cuadracross y Crosscountry - RG Deportes\u200e\" \/>\n<meta property=\"og:description\" content=\"Velocidad trepidante y emociones al l\u00edmite fueron parte de lo que se vivi\u00f3 el pasado fin de semana durante la Tercera Fecha del Campeonato Nacional de Cuadracross y Crosscountry en&hellip;\" \/>\n<meta property=\"og:url\" content=\"https:\/\/rgdeportes.com\/index.php\/2023\/08\/30\/nicoya-escenario-ideal-durante-la-fecha-del-cuadracross-y-crosscountry\/\" \/>\n<meta property=\"og:site_name\" content=\"RG Deportes\u200e\" \/>\n<meta property=\"article:publisher\" content=\"https:\/\/www.facebook.com\/RandallGutierrezDeportes\/\" \/>\n<meta property=\"article:published_time\" content=\"2023-08-30T19:31:27+00:00\" \/>\n<meta property=\"article:modified_time\" content=\"2023-08-30T19:31:28+00:00\" \/>\n<meta property=\"og:image\" content=\"http:\/\/rgdeportes.com\/wp-content\/uploads\/2023\/08\/2m2StudioCR-1.jpg\" \/>\n\t<meta property=\"og:image:width\" content=\"2048\" \/>\n\t<meta property=\"og:image:height\" content=\"1365\" \/>\n\t<meta property=\"og:image:type\" content=\"image\/jpeg\" \/>\n<meta name=\"author\" content=\"Randall Gutierrez\" \/>\n<meta name=\"twitter:card\" content=\"summary_large_image\" \/>\n<meta name=\"twitter:label1\" content=\"Escrito por\" \/>\n\t<meta name=\"twitter:data1\" content=\"Randall Gutierrez\" \/>\n\t<meta name=\"twitter:label2\" content=\"Tiempo de lectura\" \/>\n\t<meta name=\"twitter:data2\" content=\"3 minutos\" \/>\n<script type=\"application\/ld+json\" class=\"yoast-schema-graph\">{\"@context\":\"https:\/\/schema.org\",\"@graph\":[{\"@type\":\"Article\",\"@id\":\"https:\/\/rgdeportes.com\/index.php\/2023\/08\/30\/nicoya-escenario-ideal-durante-la-fecha-del-cuadracross-y-crosscountry\/#article\",\"isPartOf\":{\"@id\":\"https:\/\/rgdeportes.com\/index.php\/2023\/08\/30\/nicoya-escenario-ideal-durante-la-fecha-del-cuadracross-y-crosscountry\/\"},\"author\":{\"name\":\"Randall Gutierrez\",\"@id\":\"https:\/\/rgdeportes.com\/#\/schema\/person\/91795323fddb335a4fd017bf0e4b1358\"},\"headline\":\"Nicoya escenario ideal durante la fecha del Cuadracross y Crosscountry\",\"datePublished\":\"2023-08-30T19:31:27+00:00\",\"dateModified\":\"2023-08-30T19:31:28+00:00\",\"mainEntityOfPage\":{\"@id\":\"https:\/\/rgdeportes.com\/index.php\/2023\/08\/30\/nicoya-escenario-ideal-durante-la-fecha-del-cuadracross-y-crosscountry\/\"},\"wordCount\":460,\"publisher\":{\"@id\":\"https:\/\/rgdeportes.com\/#organization\"},\"keywords\":[\"#CrossCountryCR\",\"#CuadraciclismoCostaRica\",\"#CuadracrossCR\"],\"articleSection\":[\"Deportes de motor\"],\"inLanguage\":\"es\"},{\"@type\":\"WebPage\",\"@id\":\"https:\/\/rgdeportes.com\/index.php\/2023\/08\/30\/nicoya-escenario-ideal-durante-la-fecha-del-cuadracross-y-crosscountry\/\",\"url\":\"https:\/\/rgdeportes.com\/index.php\/2023\/08\/30\/nicoya-escenario-ideal-durante-la-fecha-del-cuadracross-y-crosscountry\/\",\"name\":\"Nicoya escenario ideal durante la fecha del Cuadracross y Crosscountry - RG Deportes\u200e\",\"isPartOf\":{\"@id\":\"https:\/\/rgdeportes.com\/#website\"},\"datePublished\":\"2023-08-30T19:31:27+00:00\",\"dateModified\":\"2023-08-30T19:31:28+00:00\",\"breadcrumb\":{\"@id\":\"https:\/\/rgdeportes.com\/index.php\/2023\/08\/30\/nicoya-escenario-ideal-durante-la-fecha-del-cuadracross-y-crosscountry\/#breadcrumb\"},\"inLanguage\":\"es\",\"potentialAction\":[{\"@type\":\"ReadAction\",\"target\":[\"https:\/\/rgdeportes.com\/index.php\/2023\/08\/30\/nicoya-escenario-ideal-durante-la-fecha-del-cuadracross-y-crosscountry\/\"]}]},{\"@type\":\"BreadcrumbList\",\"@id\":\"https:\/\/rgdeportes.com\/index.php\/2023\/08\/30\/nicoya-escenario-ideal-durante-la-fecha-del-cuadracross-y-crosscountry\/#breadcrumb\",\"itemListElement\":[{\"@type\":\"ListItem\",\"position\":1,\"name\":\"Portada\",\"item\":\"https:\/\/rgdeportes.com\/\"},{\"@type\":\"ListItem\",\"position\":2,\"name\":\"Nicoya escenario ideal durante la fecha del Cuadracross y Crosscountry\"}]},{\"@type\":\"WebSite\",\"@id\":\"https:\/\/rgdeportes.com\/#website\",\"url\":\"https:\/\/rgdeportes.com\/\",\"name\":\"RG Deportes\u200e\",\"description\":\"\",\"publisher\":{\"@id\":\"https:\/\/rgdeportes.com\/#organization\"},\"potentialAction\":[{\"@type\":\"SearchAction\",\"target\":{\"@type\":\"EntryPoint\",\"urlTemplate\":\"https:\/\/rgdeportes.com\/?s={search_term_string}\"},\"query-input\":\"required name=search_term_string\"}],\"inLanguage\":\"es\"},{\"@type\":\"Organization\",\"@id\":\"https:\/\/rgdeportes.com\/#organization\",\"name\":\"RG Deportes\",\"url\":\"https:\/\/rgdeportes.com\/\",\"logo\":{\"@type\":\"ImageObject\",\"inLanguage\":\"es\",\"@id\":\"https:\/\/rgdeportes.com\/#\/schema\/logo\/image\/\",\"url\":\"https:\/\/rgdeportes.com\/wp-content\/uploads\/2020\/09\/Logo.png\",\"contentUrl\":\"https:\/\/rgdeportes.com\/wp-content\/uploads\/2020\/09\/Logo.png\",\"width\":784,\"height\":552,\"caption\":\"RG Deportes\"},\"image\":{\"@id\":\"https:\/\/rgdeportes.com\/#\/schema\/logo\/image\/\"},\"sameAs\":[\"https:\/\/www.facebook.com\/RandallGutierrezDeportes\/\",\"https:\/\/www.instagram.com\/randallgutierrezdeportes\/\",\"https:\/\/www.youtube.com\/channel\/UCX4_qbvtnTwoF5t2zNqBDvA\"]},{\"@type\":\"Person\",\"@id\":\"https:\/\/rgdeportes.com\/#\/schema\/person\/91795323fddb335a4fd017bf0e4b1358\",\"name\":\"Randall Gutierrez\",\"image\":{\"@type\":\"ImageObject\",\"inLanguage\":\"es\",\"@id\":\"https:\/\/rgdeportes.com\/#\/schema\/person\/image\/\",\"url\":\"https:\/\/secure.gravatar.com\/avatar\/d0884ea8b9b50bcfad3c0d20049361b5?s=96&d=mm&r=g\",\"contentUrl\":\"https:\/\/secure.gravatar.com\/avatar\/d0884ea8b9b50bcfad3c0d20049361b5?s=96&d=mm&r=g\",\"caption\":\"Randall Gutierrez\"},\"url\":\"https:\/\/rgdeportes.com\/index.php\/author\/randall\/\"}]}<\/script>\n<!-- \/ Yoast SEO plugin. -->","yoast_head_json":{"title":"Nicoya escenario ideal durante la fecha del Cuadracross y Crosscountry - RG Deportes\u200e","robots":{"index":"index","follow":"follow","max-snippet":"max-snippet:-1","max-image-preview":"max-image-preview:large","max-video-preview":"max-video-preview:-1"},"canonical":"https:\/\/rgdeportes.com\/index.php\/2023\/08\/30\/nicoya-escenario-ideal-durante-la-fecha-del-cuadracross-y-crosscountry\/","og_locale":"es_ES","og_type":"article","og_title":"Nicoya escenario ideal durante la fecha del Cuadracross y Crosscountry - RG Deportes\u200e","og_description":"Velocidad trepidante y emociones al l\u00edmite fueron parte de lo que se vivi\u00f3 el pasado fin de semana durante la Tercera Fecha del Campeonato Nacional de Cuadracross y Crosscountry en&hellip;","og_url":"https:\/\/rgdeportes.com\/index.php\/2023\/08\/30\/nicoya-escenario-ideal-durante-la-fecha-del-cuadracross-y-crosscountry\/","og_site_name":"RG Deportes\u200e","article_publisher":"https:\/\/www.facebook.com\/RandallGutierrezDeportes\/","article_published_time":"2023-08-30T19:31:27+00:00","article_modified_time":"2023-08-30T19:31:28+00:00","og_image":[{"width":2048,"height":1365,"url":"http:\/\/rgdeportes.com\/wp-content\/uploads\/2023\/08\/2m2StudioCR-1.jpg","type":"image\/jpeg"}],"author":"Randall Gutierrez","twitter_card":"summary_large_image","twitter_misc":{"Escrito por":"Randall Gutierrez","Tiempo de lectura":"3 minutos"},"schema":{"@context":"https:\/\/schema.org","@graph":[{"@type":"Article","@id":"https:\/\/rgdeportes.com\/index.php\/2023\/08\/30\/nicoya-escenario-ideal-durante-la-fecha-del-cuadracross-y-crosscountry\/#article","isPartOf":{"@id":"https:\/\/rgdeportes.com\/index.php\/2023\/08\/30\/nicoya-escenario-ideal-durante-la-fecha-del-cuadracross-y-crosscountry\/"},"author":{"name":"Randall Gutierrez","@id":"https:\/\/rgdeportes.com\/#\/schema\/person\/91795323fddb335a4fd017bf0e4b1358"},"headline":"Nicoya escenario ideal durante la fecha del Cuadracross y Crosscountry","datePublished":"2023-08-30T19:31:27+00:00","dateModified":"2023-08-30T19:31:28+00:00","mainEntityOfPage":{"@id":"https:\/\/rgdeportes.com\/index.php\/2023\/08\/30\/nicoya-escenario-ideal-durante-la-fecha-del-cuadracross-y-crosscountry\/"},"wordCount":460,"publisher":{"@id":"https:\/\/rgdeportes.com\/#organization"},"keywords":["#CrossCountryCR","#CuadraciclismoCostaRica","#CuadracrossCR"],"articleSection":["Deportes de motor"],"inLanguage":"es"},{"@type":"WebPage","@id":"https:\/\/rgdeportes.com\/index.php\/2023\/08\/30\/nicoya-escenario-ideal-durante-la-fecha-del-cuadracross-y-crosscountry\/","url":"https:\/\/rgdeportes.com\/index.php\/2023\/08\/30\/nicoya-escenario-ideal-durante-la-fecha-del-cuadracross-y-crosscountry\/","name":"Nicoya escenario ideal durante la fecha del Cuadracross y Crosscountry - RG Deportes\u200e","isPartOf":{"@id":"https:\/\/rgdeportes.com\/#website"},"datePublished":"2023-08-30T19:31:27+00:00","dateModified":"2023-08-30T19:31:28+00:00","breadcrumb":{"@id":"https:\/\/rgdeportes.com\/index.php\/2023\/08\/30\/nicoya-escenario-ideal-durante-la-fecha-del-cuadracross-y-crosscountry\/#breadcrumb"},"inLanguage":"es","potentialAction":[{"@type":"ReadAction","target":["https:\/\/rgdeportes.com\/index.php\/2023\/08\/30\/nicoya-escenario-ideal-durante-la-fecha-del-cuadracross-y-crosscountry\/"]}]},{"@type":"BreadcrumbList","@id":"https:\/\/rgdeportes.com\/index.php\/2023\/08\/30\/nicoya-escenario-ideal-durante-la-fecha-del-cuadracross-y-crosscountry\/#breadcrumb","itemListElement":[{"@type":"ListItem","position":1,"name":"Portada","item":"https:\/\/rgdeportes.com\/"},{"@type":"ListItem","position":2,"name":"Nicoya escenario ideal durante la fecha del Cuadracross y Crosscountry"}]},{"@type":"WebSite","@id":"https:\/\/rgdeportes.com\/#website","url":"https:\/\/rgdeportes.com\/","name":"RG Deportes\u200e","description":"","publisher":{"@id":"https:\/\/rgdeportes.com\/#organization"},"potentialAction":[{"@type":"SearchAction","target":{"@type":"EntryPoint","urlTemplate":"https:\/\/rgdeportes.com\/?s={search_term_string}"},"query-input":"required name=search_term_string"}],"inLanguage":"es"},{"@type":"Organization","@id":"https:\/\/rgdeportes.com\/#organization","name":"RG Deportes","url":"https:\/\/rgdeportes.com\/","logo":{"@type":"ImageObject","inLanguage":"es","@id":"https:\/\/rgdeportes.com\/#\/schema\/logo\/image\/","url":"https:\/\/rgdeportes.com\/wp-content\/uploads\/2020\/09\/Logo.png","contentUrl":"https:\/\/rgdeportes.com\/wp-content\/uploads\/2020\/09\/Logo.png","width":784,"height":552,"caption":"RG Deportes"},"image":{"@id":"https:\/\/rgdeportes.com\/#\/schema\/logo\/image\/"},"sameAs":["https:\/\/www.facebook.com\/RandallGutierrezDeportes\/","https:\/\/www.instagram.com\/randallgutierrezdeportes\/","https:\/\/www.youtube.com\/channel\/UCX4_qbvtnTwoF5t2zNqBDvA"]},{"@type":"Person","@id":"https:\/\/rgdeportes.com\/#\/schema\/person\/91795323fddb335a4fd017bf0e4b1358","name":"Randall Gutierrez","image":{"@type":"ImageObject","inLanguage":"es","@id":"https:\/\/rgdeportes.com\/#\/schema\/person\/image\/","url":"https:\/\/secure.gravatar.com\/avatar\/d0884ea8b9b50bcfad3c0d20049361b5?s=96&d=mm&r=g","contentUrl":"https:\/\/secure.gravatar.com\/avatar\/d0884ea8b9b50bcfad3c0d20049361b5?s=96&d=mm&r=g","caption":"Randall Gutierrez"},"url":"https:\/\/rgdeportes.com\/index.php\/author\/randall\/"}]}},"_links":{"self":[{"href":"https:\/\/rgdeportes.com\/index.php\/wp-json\/wp\/v2\/posts\/6808","targetHints":{"allow":["GET"]}}],"collection":[{"href":"https:\/\/rgdeportes.com\/index.php\/wp-json\/wp\/v2\/posts"}],"about":[{"href":"https:\/\/rgdeportes.com\/index.php\/wp-json\/wp\/v2\/types\/post"}],"author":[{"embeddable":true,"href":"https:\/\/rgdeportes.com\/index.php\/wp-json\/wp\/v2\/users\/2"}],"replies":[{"embeddable":true,"href":"https:\/\/rgdeportes.com\/index.php\/wp-json\/wp\/v2\/comments?post=6808"}],"version-history":[{"count":1,"href":"https:\/\/rgdeportes.com\/index.php\/wp-json\/wp\/v2\/posts\/6808\/revisions"}],"predecessor-version":[{"id":6811,"href":"https:\/\/rgdeportes.com\/index.php\/wp-json\/wp\/v2\/posts\/6808\/revisions\/6811"}],"wp:featuredmedia":[{"embeddable":true,"href":"https:\/\/rgdeportes.com\/index.php\/wp-json\/wp\/v2\/media\/6809"}],"wp:attachment":[{"href":"https:\/\/rgdeportes.com\/index.php\/wp-json\/wp\/v2\/media?parent=6808"}],"wp:term":[{"taxonomy":"category","embeddable":true,"href":"https:\/\/rgdeportes.com\/index.php\/wp-json\/wp\/v2\/categories?post=6808"},{"taxonomy":"post_tag","embeddable":true,"href":"https:\/\/rgdeportes.com\/index.php\/wp-json\/wp\/v2\/tags?post=6808"}],"curies":[{"name":"wp","href":"https:\/\/api.w.org\/{rel}","templated":true}]}}