{"id":6247,"date":"2023-07-01T20:45:04","date_gmt":"2023-07-01T20:45:04","guid":{"rendered":"https:\/\/rgdeportes.com\/?p=6247"},"modified":"2023-07-01T20:45:05","modified_gmt":"2023-07-01T20:45:05","slug":"piloto-daniel-formal-intratable-en-la-pista-con-nueva-victoria","status":"publish","type":"post","link":"https:\/\/rgdeportes.com\/index.php\/2023\/07\/01\/piloto-daniel-formal-intratable-en-la-pista-con-nueva-victoria\/","title":{"rendered":"Piloto Daniel Formal intratable en la pista con nueva victoria"},"content":{"rendered":"\n<figure class=\"wp-block-image size-full is-resized\"><img loading=\"lazy\" decoding=\"async\" src=\"https:\/\/rgdeportes.com\/wp-content\/uploads\/2023\/07\/Daniel-Formal-1.jpg\" alt=\"\" class=\"wp-image-6248\" width=\"506\" height=\"457\" srcset=\"https:\/\/rgdeportes.com\/wp-content\/uploads\/2023\/07\/Daniel-Formal-1.jpg 371w, https:\/\/rgdeportes.com\/wp-content\/uploads\/2023\/07\/Daniel-Formal-1-300x271.jpg 300w\" sizes=\"auto, (max-width: 506px) 100vw, 506px\" \/><\/figure>\n\n\n\n<p>El piloto costarricense <strong>Daniel Formal y<\/strong><strong>&nbsp;su compa\u00f1ero Kyle Marcelli,<\/strong> contin\u00faan con buen ritmo y un ejemplo fue lograr el triunfo en las 2 carreras de la fecha en el<strong>&nbsp;Imsa Lamborghini Super Trofeo North Am\u00e9rica <\/strong>esta temporada competici\u00f3n realizada d\u00edas atr\u00e1s.<\/p>\n\n\n\n<p>Es importante resaltar, que n losi peque\u00f1os inconvenientes t\u00e9cnicos con los neum\u00e1ticos y un tr\u00e1fico de vueltas inoportuno, impidieron que el d\u00fao ganara por cuarta vez en esta competencia, 4 de 4, los expertos lo est\u00e1n llamando la competencia perfecta para el piloto costarricense y su compa\u00f1ero de equipo<\/p>\n\n\n\n<p>Formal y Marcelli lideraron durante toda la carrera de este s\u00e1bado, conduciendo al No. 1 con el equipo Lamborghini en el Palm Beach Lamborghini Hurac\u00e1n Super Trofeo, su segunda victoria en la misma cantidad de d\u00edas en Watkins Glen International.<\/p>\n\n\n\n<p>Al conducir la primera parte de la carrera de 50 minutos que transcurri\u00f3 sin interrupciones por una bandera amarilla en toda la pista, Daniel Formal logr\u00f3 una ventaja considerable antes de sentir una vibraci\u00f3n en la parte delantera izquierda del auto poco antes de ingresar a boxes para entregar el Hurac\u00e1n a Marcelli. Todav\u00eda liderando c\u00f3modamente, pero conduciendo con cautela a medida que el reloj avanzaba, Marcelli vio que una ventaja de cuatro segundos se evaporaba en un instante cuando qued\u00f3 atrapado detr\u00e1s de autos m\u00e1s lentos con unos 10 minutos para el final.<\/p>\n\n\n\n<p>Los campeones defensores de la clase Pro, Formal y Marcelli, ahora han ganado 12 carreras de la serie norteamericana juntos en las \u00faltimas dos temporadas. Ese total incluye barridos consecutivos en The Glen.<\/p>\n\n\n\n<p><em>\u201cPuse a todos un poco nerviosos, aceler\u00e9 el coraz\u00f3n cuando dije que hab\u00eda una peque\u00f1a vibraci\u00f3n en el neum\u00e1tico delantero izquierdo\u201d,<\/em> coment\u00f3, <strong>Daniel Formal<\/strong>. \u201cPero afortunadamente no pas\u00f3 nada y lo logramos. \u2026 Este es nuestro segundo doble aqu\u00ed. Ganamos dos veces aqu\u00ed el a\u00f1o pasado, muy agradecidos\u201d.<\/p>\n\n\n\n<p>Este es otro triunfo en la carrera deportiva del piloto Formal y su copiloto Marcelli siendo imbatibles en este fin de semana.<\/p>\n\n\n\n<p>Es esta afamada competencia mundial Daniel suma dos triunfos m\u00e1s a su carrera deportiva, demostrando el talento y disciplina de un costarricense en la pista con la afamada marca Lamborghini.<\/p>\n\n\n\n<p>Daniel es actualmente<\/p>\n\n\n\n<p>Lamborghini SC Driving Instructor<\/p>\n\n\n\n<p>Driver for Wayne Taylor Racing y Andreti Racing<\/p>\n\n\n\n<p>2022 Sub Campeon del Mundo Lamborgini Super Trofeo<\/p>\n\n\n\n<p>2022 Larborghini ST USA Pro Champion<\/p>\n\n\n\n<p>Lamborghini YPD 2021-2022<\/p>\n\n\n\n<p>(Foto &#8211; ACEK)<\/p>\n","protected":false},"excerpt":{"rendered":"<p>El piloto costarricense Daniel Formal y&nbsp;su compa\u00f1ero Kyle Marcelli, contin\u00faan con buen ritmo y un ejemplo fue lograr el triunfo en las 2 carreras de la fecha en el&nbsp;Imsa Lamborghini&hellip; <\/p>\n","protected":false},"author":2,"featured_media":6248,"comment_status":"closed","ping_status":"closed","sticky":false,"template":"","format":"standard","meta":{"om_disable_all_campaigns":false,"_monsterinsights_skip_tracking":false,"_monsterinsights_sitenote_active":false,"_monsterinsights_sitenote_note":"","_monsterinsights_sitenote_category":0,"footnotes":""},"categories":[524],"tags":[910,1931],"class_list":["post-6247","post","type-post","status-publish","format-standard","has-post-thumbnail","hentry","category-ddm","tag-danielformal","tag-kyle-marcelli-2"],"aioseo_notices":[],"yoast_head":"<!-- This site is optimized with the Yoast SEO plugin v21.2 - https:\/\/yoast.com\/wordpress\/plugins\/seo\/ -->\n<title>Piloto Daniel Formal intratable en la pista con nueva victoria - RG Deportes\u200e<\/title>\n<meta name=\"robots\" content=\"index, follow, max-snippet:-1, max-image-preview:large, max-video-preview:-1\" \/>\n<link rel=\"canonical\" href=\"https:\/\/rgdeportes.com\/index.php\/2023\/07\/01\/piloto-daniel-formal-intratable-en-la-pista-con-nueva-victoria\/\" \/>\n<meta property=\"og:locale\" content=\"es_ES\" \/>\n<meta property=\"og:type\" content=\"article\" \/>\n<meta property=\"og:title\" content=\"Piloto Daniel Formal intratable en la pista con nueva victoria - RG Deportes\u200e\" \/>\n<meta property=\"og:description\" content=\"El piloto costarricense Daniel Formal y&nbsp;su compa\u00f1ero Kyle Marcelli, contin\u00faan con buen ritmo y un ejemplo fue lograr el triunfo en las 2 carreras de la fecha en el&nbsp;Imsa Lamborghini&hellip;\" \/>\n<meta property=\"og:url\" content=\"https:\/\/rgdeportes.com\/index.php\/2023\/07\/01\/piloto-daniel-formal-intratable-en-la-pista-con-nueva-victoria\/\" \/>\n<meta property=\"og:site_name\" content=\"RG Deportes\u200e\" \/>\n<meta property=\"article:publisher\" content=\"https:\/\/www.facebook.com\/RandallGutierrezDeportes\/\" \/>\n<meta property=\"article:published_time\" content=\"2023-07-01T20:45:04+00:00\" \/>\n<meta property=\"article:modified_time\" content=\"2023-07-01T20:45:05+00:00\" \/>\n<meta property=\"og:image\" content=\"http:\/\/rgdeportes.com\/wp-content\/uploads\/2023\/07\/Daniel-Formal-1.jpg\" \/>\n\t<meta property=\"og:image:width\" content=\"371\" \/>\n\t<meta property=\"og:image:height\" content=\"335\" \/>\n\t<meta property=\"og:image:type\" content=\"image\/jpeg\" \/>\n<meta name=\"author\" content=\"Randall Gutierrez\" \/>\n<meta name=\"twitter:card\" content=\"summary_large_image\" \/>\n<meta name=\"twitter:label1\" content=\"Escrito por\" \/>\n\t<meta name=\"twitter:data1\" content=\"Randall Gutierrez\" \/>\n\t<meta name=\"twitter:label2\" content=\"Tiempo de lectura\" \/>\n\t<meta name=\"twitter:data2\" content=\"2 minutos\" \/>\n<script type=\"application\/ld+json\" class=\"yoast-schema-graph\">{\"@context\":\"https:\/\/schema.org\",\"@graph\":[{\"@type\":\"Article\",\"@id\":\"https:\/\/rgdeportes.com\/index.php\/2023\/07\/01\/piloto-daniel-formal-intratable-en-la-pista-con-nueva-victoria\/#article\",\"isPartOf\":{\"@id\":\"https:\/\/rgdeportes.com\/index.php\/2023\/07\/01\/piloto-daniel-formal-intratable-en-la-pista-con-nueva-victoria\/\"},\"author\":{\"name\":\"Randall Gutierrez\",\"@id\":\"https:\/\/rgdeportes.com\/#\/schema\/person\/91795323fddb335a4fd017bf0e4b1358\"},\"headline\":\"Piloto Daniel Formal intratable en la pista con nueva victoria\",\"datePublished\":\"2023-07-01T20:45:04+00:00\",\"dateModified\":\"2023-07-01T20:45:05+00:00\",\"mainEntityOfPage\":{\"@id\":\"https:\/\/rgdeportes.com\/index.php\/2023\/07\/01\/piloto-daniel-formal-intratable-en-la-pista-con-nueva-victoria\/\"},\"wordCount\":424,\"publisher\":{\"@id\":\"https:\/\/rgdeportes.com\/#organization\"},\"keywords\":[\"#DanielFormal\",\"Kyle Marcelli\"],\"articleSection\":[\"Deportes de motor\"],\"inLanguage\":\"es\"},{\"@type\":\"WebPage\",\"@id\":\"https:\/\/rgdeportes.com\/index.php\/2023\/07\/01\/piloto-daniel-formal-intratable-en-la-pista-con-nueva-victoria\/\",\"url\":\"https:\/\/rgdeportes.com\/index.php\/2023\/07\/01\/piloto-daniel-formal-intratable-en-la-pista-con-nueva-victoria\/\",\"name\":\"Piloto Daniel Formal intratable en la pista con nueva victoria - RG Deportes\u200e\",\"isPartOf\":{\"@id\":\"https:\/\/rgdeportes.com\/#website\"},\"datePublished\":\"2023-07-01T20:45:04+00:00\",\"dateModified\":\"2023-07-01T20:45:05+00:00\",\"breadcrumb\":{\"@id\":\"https:\/\/rgdeportes.com\/index.php\/2023\/07\/01\/piloto-daniel-formal-intratable-en-la-pista-con-nueva-victoria\/#breadcrumb\"},\"inLanguage\":\"es\",\"potentialAction\":[{\"@type\":\"ReadAction\",\"target\":[\"https:\/\/rgdeportes.com\/index.php\/2023\/07\/01\/piloto-daniel-formal-intratable-en-la-pista-con-nueva-victoria\/\"]}]},{\"@type\":\"BreadcrumbList\",\"@id\":\"https:\/\/rgdeportes.com\/index.php\/2023\/07\/01\/piloto-daniel-formal-intratable-en-la-pista-con-nueva-victoria\/#breadcrumb\",\"itemListElement\":[{\"@type\":\"ListItem\",\"position\":1,\"name\":\"Portada\",\"item\":\"https:\/\/rgdeportes.com\/\"},{\"@type\":\"ListItem\",\"position\":2,\"name\":\"Piloto Daniel Formal intratable en la pista con nueva victoria\"}]},{\"@type\":\"WebSite\",\"@id\":\"https:\/\/rgdeportes.com\/#website\",\"url\":\"https:\/\/rgdeportes.com\/\",\"name\":\"RG Deportes\u200e\",\"description\":\"\",\"publisher\":{\"@id\":\"https:\/\/rgdeportes.com\/#organization\"},\"potentialAction\":[{\"@type\":\"SearchAction\",\"target\":{\"@type\":\"EntryPoint\",\"urlTemplate\":\"https:\/\/rgdeportes.com\/?s={search_term_string}\"},\"query-input\":\"required name=search_term_string\"}],\"inLanguage\":\"es\"},{\"@type\":\"Organization\",\"@id\":\"https:\/\/rgdeportes.com\/#organization\",\"name\":\"RG Deportes\",\"url\":\"https:\/\/rgdeportes.com\/\",\"logo\":{\"@type\":\"ImageObject\",\"inLanguage\":\"es\",\"@id\":\"https:\/\/rgdeportes.com\/#\/schema\/logo\/image\/\",\"url\":\"https:\/\/rgdeportes.com\/wp-content\/uploads\/2020\/09\/Logo.png\",\"contentUrl\":\"https:\/\/rgdeportes.com\/wp-content\/uploads\/2020\/09\/Logo.png\",\"width\":784,\"height\":552,\"caption\":\"RG Deportes\"},\"image\":{\"@id\":\"https:\/\/rgdeportes.com\/#\/schema\/logo\/image\/\"},\"sameAs\":[\"https:\/\/www.facebook.com\/RandallGutierrezDeportes\/\",\"https:\/\/www.instagram.com\/randallgutierrezdeportes\/\",\"https:\/\/www.youtube.com\/channel\/UCX4_qbvtnTwoF5t2zNqBDvA\"]},{\"@type\":\"Person\",\"@id\":\"https:\/\/rgdeportes.com\/#\/schema\/person\/91795323fddb335a4fd017bf0e4b1358\",\"name\":\"Randall Gutierrez\",\"image\":{\"@type\":\"ImageObject\",\"inLanguage\":\"es\",\"@id\":\"https:\/\/rgdeportes.com\/#\/schema\/person\/image\/\",\"url\":\"https:\/\/secure.gravatar.com\/avatar\/d0884ea8b9b50bcfad3c0d20049361b5?s=96&d=mm&r=g\",\"contentUrl\":\"https:\/\/secure.gravatar.com\/avatar\/d0884ea8b9b50bcfad3c0d20049361b5?s=96&d=mm&r=g\",\"caption\":\"Randall Gutierrez\"},\"url\":\"https:\/\/rgdeportes.com\/index.php\/author\/randall\/\"}]}<\/script>\n<!-- \/ Yoast SEO plugin. -->","yoast_head_json":{"title":"Piloto Daniel Formal intratable en la pista con nueva victoria - RG Deportes\u200e","robots":{"index":"index","follow":"follow","max-snippet":"max-snippet:-1","max-image-preview":"max-image-preview:large","max-video-preview":"max-video-preview:-1"},"canonical":"https:\/\/rgdeportes.com\/index.php\/2023\/07\/01\/piloto-daniel-formal-intratable-en-la-pista-con-nueva-victoria\/","og_locale":"es_ES","og_type":"article","og_title":"Piloto Daniel Formal intratable en la pista con nueva victoria - RG Deportes\u200e","og_description":"El piloto costarricense Daniel Formal y&nbsp;su compa\u00f1ero Kyle Marcelli, contin\u00faan con buen ritmo y un ejemplo fue lograr el triunfo en las 2 carreras de la fecha en el&nbsp;Imsa Lamborghini&hellip;","og_url":"https:\/\/rgdeportes.com\/index.php\/2023\/07\/01\/piloto-daniel-formal-intratable-en-la-pista-con-nueva-victoria\/","og_site_name":"RG Deportes\u200e","article_publisher":"https:\/\/www.facebook.com\/RandallGutierrezDeportes\/","article_published_time":"2023-07-01T20:45:04+00:00","article_modified_time":"2023-07-01T20:45:05+00:00","og_image":[{"width":371,"height":335,"url":"http:\/\/rgdeportes.com\/wp-content\/uploads\/2023\/07\/Daniel-Formal-1.jpg","type":"image\/jpeg"}],"author":"Randall Gutierrez","twitter_card":"summary_large_image","twitter_misc":{"Escrito por":"Randall Gutierrez","Tiempo de lectura":"2 minutos"},"schema":{"@context":"https:\/\/schema.org","@graph":[{"@type":"Article","@id":"https:\/\/rgdeportes.com\/index.php\/2023\/07\/01\/piloto-daniel-formal-intratable-en-la-pista-con-nueva-victoria\/#article","isPartOf":{"@id":"https:\/\/rgdeportes.com\/index.php\/2023\/07\/01\/piloto-daniel-formal-intratable-en-la-pista-con-nueva-victoria\/"},"author":{"name":"Randall Gutierrez","@id":"https:\/\/rgdeportes.com\/#\/schema\/person\/91795323fddb335a4fd017bf0e4b1358"},"headline":"Piloto Daniel Formal intratable en la pista con nueva victoria","datePublished":"2023-07-01T20:45:04+00:00","dateModified":"2023-07-01T20:45:05+00:00","mainEntityOfPage":{"@id":"https:\/\/rgdeportes.com\/index.php\/2023\/07\/01\/piloto-daniel-formal-intratable-en-la-pista-con-nueva-victoria\/"},"wordCount":424,"publisher":{"@id":"https:\/\/rgdeportes.com\/#organization"},"keywords":["#DanielFormal","Kyle Marcelli"],"articleSection":["Deportes de motor"],"inLanguage":"es"},{"@type":"WebPage","@id":"https:\/\/rgdeportes.com\/index.php\/2023\/07\/01\/piloto-daniel-formal-intratable-en-la-pista-con-nueva-victoria\/","url":"https:\/\/rgdeportes.com\/index.php\/2023\/07\/01\/piloto-daniel-formal-intratable-en-la-pista-con-nueva-victoria\/","name":"Piloto Daniel Formal intratable en la pista con nueva victoria - RG Deportes\u200e","isPartOf":{"@id":"https:\/\/rgdeportes.com\/#website"},"datePublished":"2023-07-01T20:45:04+00:00","dateModified":"2023-07-01T20:45:05+00:00","breadcrumb":{"@id":"https:\/\/rgdeportes.com\/index.php\/2023\/07\/01\/piloto-daniel-formal-intratable-en-la-pista-con-nueva-victoria\/#breadcrumb"},"inLanguage":"es","potentialAction":[{"@type":"ReadAction","target":["https:\/\/rgdeportes.com\/index.php\/2023\/07\/01\/piloto-daniel-formal-intratable-en-la-pista-con-nueva-victoria\/"]}]},{"@type":"BreadcrumbList","@id":"https:\/\/rgdeportes.com\/index.php\/2023\/07\/01\/piloto-daniel-formal-intratable-en-la-pista-con-nueva-victoria\/#breadcrumb","itemListElement":[{"@type":"ListItem","position":1,"name":"Portada","item":"https:\/\/rgdeportes.com\/"},{"@type":"ListItem","position":2,"name":"Piloto Daniel Formal intratable en la pista con nueva victoria"}]},{"@type":"WebSite","@id":"https:\/\/rgdeportes.com\/#website","url":"https:\/\/rgdeportes.com\/","name":"RG Deportes\u200e","description":"","publisher":{"@id":"https:\/\/rgdeportes.com\/#organization"},"potentialAction":[{"@type":"SearchAction","target":{"@type":"EntryPoint","urlTemplate":"https:\/\/rgdeportes.com\/?s={search_term_string}"},"query-input":"required name=search_term_string"}],"inLanguage":"es"},{"@type":"Organization","@id":"https:\/\/rgdeportes.com\/#organization","name":"RG Deportes","url":"https:\/\/rgdeportes.com\/","logo":{"@type":"ImageObject","inLanguage":"es","@id":"https:\/\/rgdeportes.com\/#\/schema\/logo\/image\/","url":"https:\/\/rgdeportes.com\/wp-content\/uploads\/2020\/09\/Logo.png","contentUrl":"https:\/\/rgdeportes.com\/wp-content\/uploads\/2020\/09\/Logo.png","width":784,"height":552,"caption":"RG Deportes"},"image":{"@id":"https:\/\/rgdeportes.com\/#\/schema\/logo\/image\/"},"sameAs":["https:\/\/www.facebook.com\/RandallGutierrezDeportes\/","https:\/\/www.instagram.com\/randallgutierrezdeportes\/","https:\/\/www.youtube.com\/channel\/UCX4_qbvtnTwoF5t2zNqBDvA"]},{"@type":"Person","@id":"https:\/\/rgdeportes.com\/#\/schema\/person\/91795323fddb335a4fd017bf0e4b1358","name":"Randall Gutierrez","image":{"@type":"ImageObject","inLanguage":"es","@id":"https:\/\/rgdeportes.com\/#\/schema\/person\/image\/","url":"https:\/\/secure.gravatar.com\/avatar\/d0884ea8b9b50bcfad3c0d20049361b5?s=96&d=mm&r=g","contentUrl":"https:\/\/secure.gravatar.com\/avatar\/d0884ea8b9b50bcfad3c0d20049361b5?s=96&d=mm&r=g","caption":"Randall Gutierrez"},"url":"https:\/\/rgdeportes.com\/index.php\/author\/randall\/"}]}},"_links":{"self":[{"href":"https:\/\/rgdeportes.com\/index.php\/wp-json\/wp\/v2\/posts\/6247","targetHints":{"allow":["GET"]}}],"collection":[{"href":"https:\/\/rgdeportes.com\/index.php\/wp-json\/wp\/v2\/posts"}],"about":[{"href":"https:\/\/rgdeportes.com\/index.php\/wp-json\/wp\/v2\/types\/post"}],"author":[{"embeddable":true,"href":"https:\/\/rgdeportes.com\/index.php\/wp-json\/wp\/v2\/users\/2"}],"replies":[{"embeddable":true,"href":"https:\/\/rgdeportes.com\/index.php\/wp-json\/wp\/v2\/comments?post=6247"}],"version-history":[{"count":1,"href":"https:\/\/rgdeportes.com\/index.php\/wp-json\/wp\/v2\/posts\/6247\/revisions"}],"predecessor-version":[{"id":6249,"href":"https:\/\/rgdeportes.com\/index.php\/wp-json\/wp\/v2\/posts\/6247\/revisions\/6249"}],"wp:featuredmedia":[{"embeddable":true,"href":"https:\/\/rgdeportes.com\/index.php\/wp-json\/wp\/v2\/media\/6248"}],"wp:attachment":[{"href":"https:\/\/rgdeportes.com\/index.php\/wp-json\/wp\/v2\/media?parent=6247"}],"wp:term":[{"taxonomy":"category","embeddable":true,"href":"https:\/\/rgdeportes.com\/index.php\/wp-json\/wp\/v2\/categories?post=6247"},{"taxonomy":"post_tag","embeddable":true,"href":"https:\/\/rgdeportes.com\/index.php\/wp-json\/wp\/v2\/tags?post=6247"}],"curies":[{"name":"wp","href":"https:\/\/api.w.org\/{rel}","templated":true}]}}