{"id":6074,"date":"2023-06-13T16:04:58","date_gmt":"2023-06-13T16:04:58","guid":{"rendered":"https:\/\/rgdeportes.com\/?p=6074"},"modified":"2023-06-13T16:04:58","modified_gmt":"2023-06-13T16:04:58","slug":"voleibol-de-costa-rica-obtiene-medallas-en-liga-internacional","status":"publish","type":"post","link":"https:\/\/rgdeportes.com\/index.php\/2023\/06\/13\/voleibol-de-costa-rica-obtiene-medallas-en-liga-internacional\/","title":{"rendered":"V\u00f3leibol de Costa Rica obtiene medallas en Liga Internacional"},"content":{"rendered":"\n<figure class=\"wp-block-image size-large\"><img loading=\"lazy\" decoding=\"async\" width=\"1024\" height=\"683\" src=\"https:\/\/rgdeportes.com\/wp-content\/uploads\/2023\/06\/IMG-20230612-WA0011-1024x683.jpg\" alt=\"\" class=\"wp-image-6075\" srcset=\"https:\/\/rgdeportes.com\/wp-content\/uploads\/2023\/06\/IMG-20230612-WA0011-1024x683.jpg 1024w, https:\/\/rgdeportes.com\/wp-content\/uploads\/2023\/06\/IMG-20230612-WA0011-300x200.jpg 300w, https:\/\/rgdeportes.com\/wp-content\/uploads\/2023\/06\/IMG-20230612-WA0011-768x512.jpg 768w, https:\/\/rgdeportes.com\/wp-content\/uploads\/2023\/06\/IMG-20230612-WA0011.jpg 1440w\" sizes=\"auto, (max-width: 1024px) 100vw, 1024px\" \/><\/figure>\n\n\n\n<p>La <strong>Delegaci\u00f3n Femenina de Costa Rica<\/strong> conquist\u00f3 la presea de plata en la <strong>Final<\/strong> <strong>Four<\/strong> <strong>de la Liga Internacional Norceca<\/strong> <strong>Femenina 2023 <\/strong>celebrado en <strong>Puerto<\/strong> <strong>Rico. <\/strong><\/p>\n\n\n\n<p>El evento se realiz\u00f3 durante el <strong>09 al 11 de junio 2023<\/strong>. Es importante mencionar que Costa Rica tambi\u00e9n destac\u00f3 con otros seis premios dentro del equipo ideal del torneo.<\/p>\n\n\n\n<p>Las ticas enfrentaron el primer partido contra Trinidad y Tobago el 09 de junio, con una victoria 3-1 con parciales 20-25\/25-19\/25-17\/25-16.<\/p>\n\n\n\n<p>El segundo encuentro fue contra Islas V\u00edrgenes, otra victoria costarricense con marcador 3-0 y parciales 25-13\/25-18\/25-12.<\/p>\n\n\n\n<p><strong>Una Final ante las anfitrionas <\/strong><\/p>\n\n\n\n<figure class=\"wp-block-image size-large\"><img loading=\"lazy\" decoding=\"async\" width=\"1024\" height=\"683\" src=\"https:\/\/rgdeportes.com\/wp-content\/uploads\/2023\/06\/IMG-20230612-WA0015-1024x683.jpg\" alt=\"\" class=\"wp-image-6076\" srcset=\"https:\/\/rgdeportes.com\/wp-content\/uploads\/2023\/06\/IMG-20230612-WA0015-1024x683.jpg 1024w, https:\/\/rgdeportes.com\/wp-content\/uploads\/2023\/06\/IMG-20230612-WA0015-300x200.jpg 300w, https:\/\/rgdeportes.com\/wp-content\/uploads\/2023\/06\/IMG-20230612-WA0015-768x512.jpg 768w, https:\/\/rgdeportes.com\/wp-content\/uploads\/2023\/06\/IMG-20230612-WA0015.jpg 1440w\" sizes=\"auto, (max-width: 1024px) 100vw, 1024px\" \/><\/figure>\n\n\n\n<p><strong>Costa Rica y Puerto Rico<\/strong> se enfrentaron en el \u00faltimo partido en el <strong>Coliseo Dolores \u201cToyita\u201d Mart\u00ednez en Juana D\u00edaz<\/strong> por la medalla de oro y el \u00fanico boleto disponible para la Copa Challenger de Voleibol (VCC).<\/p>\n\n\n\n<p>Puerto Rico conquist\u00f3 la medalla de oro y reclam\u00f3 el \u00fanico boleto disponible en el 2023 Women\u2019s Norceca International League Final Four para el Volleyball Challenge Cup (VCC) de la FIVB, al derrotar en tres sets (25-23, 25-10, 25-7) a Costa Rica.<\/p>\n\n\n\n<p>Costa Rica termin\u00f3 en el segundo puesto con r\u00e9cord de 2-1. &nbsp;<\/p>\n\n\n\n<p>Puerto Rico domin\u00f3 todo el juego y cada departamento con 33-22 en ataques, 13-1 en bloqueos, y en servicios directos, 8-1.<\/p>\n\n\n\n<p>La opuesto G\u00e9nesis Collazo fue la mejor anotadora por Puerto Rico con nueve puntos, ocho en ataques. La atacante Alondra V\u00e1zquez aport\u00f3 a la victoria con ocho puntos, seis en ataques y un ace; y la central Paola Rojas con siete puntos, cinco en bloqueos.<\/p>\n\n\n\n<p>Por Costa Rica, su capitana Marcela Araya logr\u00f3 10 puntos.<\/p>\n\n\n\n<p>\u201c<em>Fue una participaci\u00f3n que demuestra excelencia por parte de nuestras jugadoras porque hemos pasado por muchas dificultades a nivel de lesiones, a nivel de preparaci\u00f3n, y creo que ellas, con lo poco que recibimos y con lo poco que tenemos, hemos logrado mucho<\/em>\u201d,\u00a0destac\u00f3\u00a0<strong>Pablo Acu\u00f1a, dirigente de Costa Rica<\/strong>. <\/p>\n\n\n\n<p>Acu\u00f1a agreg\u00f3:\u00a0\u201c<em>Esta medalla de plata significa mucho y creo que hoy demostramos, al menos en el primer set, que podemos pelear contra este tipo de equipos a este nivel. Y esto es importante para nosotros porque nuestra pr\u00f3xima competici\u00f3n son los Juegos Centroamericanos y del Caribe. Estoy muy\u00a0emocionado por\u00a0seguir\u00a0prepar\u00e1ndonos\u00a0para\u00a0lo\u00a0que\u00a0vien<\/em>e\u00bb. <\/p>\n\n\n\n<p><strong>Otros galardones para Costa Rica <\/strong><\/p>\n\n\n\n<figure class=\"wp-block-image size-large\"><img loading=\"lazy\" decoding=\"async\" width=\"1024\" height=\"683\" src=\"https:\/\/rgdeportes.com\/wp-content\/uploads\/2023\/06\/IMG-20230612-WA0012-1024x683.jpg\" alt=\"\" class=\"wp-image-6077\" srcset=\"https:\/\/rgdeportes.com\/wp-content\/uploads\/2023\/06\/IMG-20230612-WA0012-1024x683.jpg 1024w, https:\/\/rgdeportes.com\/wp-content\/uploads\/2023\/06\/IMG-20230612-WA0012-300x200.jpg 300w, https:\/\/rgdeportes.com\/wp-content\/uploads\/2023\/06\/IMG-20230612-WA0012-768x512.jpg 768w, https:\/\/rgdeportes.com\/wp-content\/uploads\/2023\/06\/IMG-20230612-WA0012.jpg 1440w\" sizes=\"auto, (max-width: 1024px) 100vw, 1024px\" \/><\/figure>\n\n\n\n<p>Adem\u00e1s de la medalla de Plata, la escuadra costarricense destac\u00f3 al llevarse seis premios individuales, dentro del equipo ideal del torneo:<\/p>\n\n\n\n<p>-Mejor Colocadora:&nbsp;Melissa Campos<\/p>\n\n\n\n<p>-2\u00ba Mejor Ataque:&nbsp;Marcela Araya<\/p>\n\n\n\n<p>-Mejor Opuesta:&nbsp;Tatiana Sayles<\/p>\n\n\n\n<p>-Mejor Defensa, Mejor Recepci\u00f3n &amp; Mejor Libero:\u00a0Mar\u00eda Jos\u00e9 Castro.<\/p>\n\n\n\n<p>(Fotos &#8211; FECOVOL). <\/p>\n","protected":false},"excerpt":{"rendered":"<p>La Delegaci\u00f3n Femenina de Costa Rica conquist\u00f3 la presea de plata en la Final Four de la Liga Internacional Norceca Femenina 2023 celebrado en Puerto Rico. El evento se realiz\u00f3&hellip; <\/p>\n","protected":false},"author":2,"featured_media":6075,"comment_status":"closed","ping_status":"closed","sticky":false,"template":"","format":"standard","meta":{"om_disable_all_campaigns":false,"_monsterinsights_skip_tracking":false,"_monsterinsights_sitenote_active":false,"_monsterinsights_sitenote_note":"","_monsterinsights_sitenote_category":0,"footnotes":""},"categories":[11,10],"tags":[396,1869],"class_list":["post-6074","post","type-post","status-publish","format-standard","has-post-thumbnail","hentry","category-de","category-in","tag-voleibolfemeninocr","tag-voleibolnorceca"],"aioseo_notices":[],"yoast_head":"<!-- This site is optimized with the Yoast SEO plugin v21.2 - https:\/\/yoast.com\/wordpress\/plugins\/seo\/ -->\n<title>V\u00f3leibol de Costa Rica obtiene medallas en Liga Internacional - RG Deportes\u200e<\/title>\n<meta name=\"robots\" content=\"index, follow, max-snippet:-1, max-image-preview:large, max-video-preview:-1\" \/>\n<link rel=\"canonical\" href=\"https:\/\/rgdeportes.com\/index.php\/2023\/06\/13\/voleibol-de-costa-rica-obtiene-medallas-en-liga-internacional\/\" \/>\n<meta property=\"og:locale\" content=\"es_ES\" \/>\n<meta property=\"og:type\" content=\"article\" \/>\n<meta property=\"og:title\" content=\"V\u00f3leibol de Costa Rica obtiene medallas en Liga Internacional - RG Deportes\u200e\" \/>\n<meta property=\"og:description\" content=\"La Delegaci\u00f3n Femenina de Costa Rica conquist\u00f3 la presea de plata en la Final Four de la Liga Internacional Norceca Femenina 2023 celebrado en Puerto Rico. El evento se realiz\u00f3&hellip;\" \/>\n<meta property=\"og:url\" content=\"https:\/\/rgdeportes.com\/index.php\/2023\/06\/13\/voleibol-de-costa-rica-obtiene-medallas-en-liga-internacional\/\" \/>\n<meta property=\"og:site_name\" content=\"RG Deportes\u200e\" \/>\n<meta property=\"article:publisher\" content=\"https:\/\/www.facebook.com\/RandallGutierrezDeportes\/\" \/>\n<meta property=\"article:published_time\" content=\"2023-06-13T16:04:58+00:00\" \/>\n<meta property=\"og:image\" content=\"http:\/\/rgdeportes.com\/wp-content\/uploads\/2023\/06\/IMG-20230612-WA0011.jpg\" \/>\n\t<meta property=\"og:image:width\" content=\"1440\" \/>\n\t<meta property=\"og:image:height\" content=\"960\" \/>\n\t<meta property=\"og:image:type\" content=\"image\/jpeg\" \/>\n<meta name=\"author\" content=\"Randall Gutierrez\" \/>\n<meta name=\"twitter:card\" content=\"summary_large_image\" \/>\n<meta name=\"twitter:label1\" content=\"Escrito por\" \/>\n\t<meta name=\"twitter:data1\" content=\"Randall Gutierrez\" \/>\n\t<meta name=\"twitter:label2\" content=\"Tiempo de lectura\" \/>\n\t<meta name=\"twitter:data2\" content=\"3 minutos\" \/>\n<script type=\"application\/ld+json\" class=\"yoast-schema-graph\">{\"@context\":\"https:\/\/schema.org\",\"@graph\":[{\"@type\":\"Article\",\"@id\":\"https:\/\/rgdeportes.com\/index.php\/2023\/06\/13\/voleibol-de-costa-rica-obtiene-medallas-en-liga-internacional\/#article\",\"isPartOf\":{\"@id\":\"https:\/\/rgdeportes.com\/index.php\/2023\/06\/13\/voleibol-de-costa-rica-obtiene-medallas-en-liga-internacional\/\"},\"author\":{\"name\":\"Randall Gutierrez\",\"@id\":\"https:\/\/rgdeportes.com\/#\/schema\/person\/91795323fddb335a4fd017bf0e4b1358\"},\"headline\":\"V\u00f3leibol de Costa Rica obtiene medallas en Liga Internacional\",\"datePublished\":\"2023-06-13T16:04:58+00:00\",\"dateModified\":\"2023-06-13T16:04:58+00:00\",\"mainEntityOfPage\":{\"@id\":\"https:\/\/rgdeportes.com\/index.php\/2023\/06\/13\/voleibol-de-costa-rica-obtiene-medallas-en-liga-internacional\/\"},\"wordCount\":454,\"publisher\":{\"@id\":\"https:\/\/rgdeportes.com\/#organization\"},\"keywords\":[\"#V\u00f3leibolfemeninocr\",\"#V\u00d3LEIBOLNORCECA\"],\"articleSection\":[\"Deporte\",\"Internacionales\"],\"inLanguage\":\"es\"},{\"@type\":\"WebPage\",\"@id\":\"https:\/\/rgdeportes.com\/index.php\/2023\/06\/13\/voleibol-de-costa-rica-obtiene-medallas-en-liga-internacional\/\",\"url\":\"https:\/\/rgdeportes.com\/index.php\/2023\/06\/13\/voleibol-de-costa-rica-obtiene-medallas-en-liga-internacional\/\",\"name\":\"V\u00f3leibol de Costa Rica obtiene medallas en Liga Internacional - RG Deportes\u200e\",\"isPartOf\":{\"@id\":\"https:\/\/rgdeportes.com\/#website\"},\"datePublished\":\"2023-06-13T16:04:58+00:00\",\"dateModified\":\"2023-06-13T16:04:58+00:00\",\"breadcrumb\":{\"@id\":\"https:\/\/rgdeportes.com\/index.php\/2023\/06\/13\/voleibol-de-costa-rica-obtiene-medallas-en-liga-internacional\/#breadcrumb\"},\"inLanguage\":\"es\",\"potentialAction\":[{\"@type\":\"ReadAction\",\"target\":[\"https:\/\/rgdeportes.com\/index.php\/2023\/06\/13\/voleibol-de-costa-rica-obtiene-medallas-en-liga-internacional\/\"]}]},{\"@type\":\"BreadcrumbList\",\"@id\":\"https:\/\/rgdeportes.com\/index.php\/2023\/06\/13\/voleibol-de-costa-rica-obtiene-medallas-en-liga-internacional\/#breadcrumb\",\"itemListElement\":[{\"@type\":\"ListItem\",\"position\":1,\"name\":\"Portada\",\"item\":\"https:\/\/rgdeportes.com\/\"},{\"@type\":\"ListItem\",\"position\":2,\"name\":\"V\u00f3leibol de Costa Rica obtiene medallas en Liga Internacional\"}]},{\"@type\":\"WebSite\",\"@id\":\"https:\/\/rgdeportes.com\/#website\",\"url\":\"https:\/\/rgdeportes.com\/\",\"name\":\"RG Deportes\u200e\",\"description\":\"\",\"publisher\":{\"@id\":\"https:\/\/rgdeportes.com\/#organization\"},\"potentialAction\":[{\"@type\":\"SearchAction\",\"target\":{\"@type\":\"EntryPoint\",\"urlTemplate\":\"https:\/\/rgdeportes.com\/?s={search_term_string}\"},\"query-input\":\"required name=search_term_string\"}],\"inLanguage\":\"es\"},{\"@type\":\"Organization\",\"@id\":\"https:\/\/rgdeportes.com\/#organization\",\"name\":\"RG Deportes\",\"url\":\"https:\/\/rgdeportes.com\/\",\"logo\":{\"@type\":\"ImageObject\",\"inLanguage\":\"es\",\"@id\":\"https:\/\/rgdeportes.com\/#\/schema\/logo\/image\/\",\"url\":\"https:\/\/rgdeportes.com\/wp-content\/uploads\/2020\/09\/Logo.png\",\"contentUrl\":\"https:\/\/rgdeportes.com\/wp-content\/uploads\/2020\/09\/Logo.png\",\"width\":784,\"height\":552,\"caption\":\"RG Deportes\"},\"image\":{\"@id\":\"https:\/\/rgdeportes.com\/#\/schema\/logo\/image\/\"},\"sameAs\":[\"https:\/\/www.facebook.com\/RandallGutierrezDeportes\/\",\"https:\/\/www.instagram.com\/randallgutierrezdeportes\/\",\"https:\/\/www.youtube.com\/channel\/UCX4_qbvtnTwoF5t2zNqBDvA\"]},{\"@type\":\"Person\",\"@id\":\"https:\/\/rgdeportes.com\/#\/schema\/person\/91795323fddb335a4fd017bf0e4b1358\",\"name\":\"Randall Gutierrez\",\"image\":{\"@type\":\"ImageObject\",\"inLanguage\":\"es\",\"@id\":\"https:\/\/rgdeportes.com\/#\/schema\/person\/image\/\",\"url\":\"https:\/\/secure.gravatar.com\/avatar\/d0884ea8b9b50bcfad3c0d20049361b5?s=96&d=mm&r=g\",\"contentUrl\":\"https:\/\/secure.gravatar.com\/avatar\/d0884ea8b9b50bcfad3c0d20049361b5?s=96&d=mm&r=g\",\"caption\":\"Randall Gutierrez\"},\"url\":\"https:\/\/rgdeportes.com\/index.php\/author\/randall\/\"}]}<\/script>\n<!-- \/ Yoast SEO plugin. -->","yoast_head_json":{"title":"V\u00f3leibol de Costa Rica obtiene medallas en Liga Internacional - RG Deportes\u200e","robots":{"index":"index","follow":"follow","max-snippet":"max-snippet:-1","max-image-preview":"max-image-preview:large","max-video-preview":"max-video-preview:-1"},"canonical":"https:\/\/rgdeportes.com\/index.php\/2023\/06\/13\/voleibol-de-costa-rica-obtiene-medallas-en-liga-internacional\/","og_locale":"es_ES","og_type":"article","og_title":"V\u00f3leibol de Costa Rica obtiene medallas en Liga Internacional - RG Deportes\u200e","og_description":"La Delegaci\u00f3n Femenina de Costa Rica conquist\u00f3 la presea de plata en la Final Four de la Liga Internacional Norceca Femenina 2023 celebrado en Puerto Rico. El evento se realiz\u00f3&hellip;","og_url":"https:\/\/rgdeportes.com\/index.php\/2023\/06\/13\/voleibol-de-costa-rica-obtiene-medallas-en-liga-internacional\/","og_site_name":"RG Deportes\u200e","article_publisher":"https:\/\/www.facebook.com\/RandallGutierrezDeportes\/","article_published_time":"2023-06-13T16:04:58+00:00","og_image":[{"width":1440,"height":960,"url":"http:\/\/rgdeportes.com\/wp-content\/uploads\/2023\/06\/IMG-20230612-WA0011.jpg","type":"image\/jpeg"}],"author":"Randall Gutierrez","twitter_card":"summary_large_image","twitter_misc":{"Escrito por":"Randall Gutierrez","Tiempo de lectura":"3 minutos"},"schema":{"@context":"https:\/\/schema.org","@graph":[{"@type":"Article","@id":"https:\/\/rgdeportes.com\/index.php\/2023\/06\/13\/voleibol-de-costa-rica-obtiene-medallas-en-liga-internacional\/#article","isPartOf":{"@id":"https:\/\/rgdeportes.com\/index.php\/2023\/06\/13\/voleibol-de-costa-rica-obtiene-medallas-en-liga-internacional\/"},"author":{"name":"Randall Gutierrez","@id":"https:\/\/rgdeportes.com\/#\/schema\/person\/91795323fddb335a4fd017bf0e4b1358"},"headline":"V\u00f3leibol de Costa Rica obtiene medallas en Liga Internacional","datePublished":"2023-06-13T16:04:58+00:00","dateModified":"2023-06-13T16:04:58+00:00","mainEntityOfPage":{"@id":"https:\/\/rgdeportes.com\/index.php\/2023\/06\/13\/voleibol-de-costa-rica-obtiene-medallas-en-liga-internacional\/"},"wordCount":454,"publisher":{"@id":"https:\/\/rgdeportes.com\/#organization"},"keywords":["#V\u00f3leibolfemeninocr","#V\u00d3LEIBOLNORCECA"],"articleSection":["Deporte","Internacionales"],"inLanguage":"es"},{"@type":"WebPage","@id":"https:\/\/rgdeportes.com\/index.php\/2023\/06\/13\/voleibol-de-costa-rica-obtiene-medallas-en-liga-internacional\/","url":"https:\/\/rgdeportes.com\/index.php\/2023\/06\/13\/voleibol-de-costa-rica-obtiene-medallas-en-liga-internacional\/","name":"V\u00f3leibol de Costa Rica obtiene medallas en Liga Internacional - RG Deportes\u200e","isPartOf":{"@id":"https:\/\/rgdeportes.com\/#website"},"datePublished":"2023-06-13T16:04:58+00:00","dateModified":"2023-06-13T16:04:58+00:00","breadcrumb":{"@id":"https:\/\/rgdeportes.com\/index.php\/2023\/06\/13\/voleibol-de-costa-rica-obtiene-medallas-en-liga-internacional\/#breadcrumb"},"inLanguage":"es","potentialAction":[{"@type":"ReadAction","target":["https:\/\/rgdeportes.com\/index.php\/2023\/06\/13\/voleibol-de-costa-rica-obtiene-medallas-en-liga-internacional\/"]}]},{"@type":"BreadcrumbList","@id":"https:\/\/rgdeportes.com\/index.php\/2023\/06\/13\/voleibol-de-costa-rica-obtiene-medallas-en-liga-internacional\/#breadcrumb","itemListElement":[{"@type":"ListItem","position":1,"name":"Portada","item":"https:\/\/rgdeportes.com\/"},{"@type":"ListItem","position":2,"name":"V\u00f3leibol de Costa Rica obtiene medallas en Liga Internacional"}]},{"@type":"WebSite","@id":"https:\/\/rgdeportes.com\/#website","url":"https:\/\/rgdeportes.com\/","name":"RG Deportes\u200e","description":"","publisher":{"@id":"https:\/\/rgdeportes.com\/#organization"},"potentialAction":[{"@type":"SearchAction","target":{"@type":"EntryPoint","urlTemplate":"https:\/\/rgdeportes.com\/?s={search_term_string}"},"query-input":"required name=search_term_string"}],"inLanguage":"es"},{"@type":"Organization","@id":"https:\/\/rgdeportes.com\/#organization","name":"RG Deportes","url":"https:\/\/rgdeportes.com\/","logo":{"@type":"ImageObject","inLanguage":"es","@id":"https:\/\/rgdeportes.com\/#\/schema\/logo\/image\/","url":"https:\/\/rgdeportes.com\/wp-content\/uploads\/2020\/09\/Logo.png","contentUrl":"https:\/\/rgdeportes.com\/wp-content\/uploads\/2020\/09\/Logo.png","width":784,"height":552,"caption":"RG Deportes"},"image":{"@id":"https:\/\/rgdeportes.com\/#\/schema\/logo\/image\/"},"sameAs":["https:\/\/www.facebook.com\/RandallGutierrezDeportes\/","https:\/\/www.instagram.com\/randallgutierrezdeportes\/","https:\/\/www.youtube.com\/channel\/UCX4_qbvtnTwoF5t2zNqBDvA"]},{"@type":"Person","@id":"https:\/\/rgdeportes.com\/#\/schema\/person\/91795323fddb335a4fd017bf0e4b1358","name":"Randall Gutierrez","image":{"@type":"ImageObject","inLanguage":"es","@id":"https:\/\/rgdeportes.com\/#\/schema\/person\/image\/","url":"https:\/\/secure.gravatar.com\/avatar\/d0884ea8b9b50bcfad3c0d20049361b5?s=96&d=mm&r=g","contentUrl":"https:\/\/secure.gravatar.com\/avatar\/d0884ea8b9b50bcfad3c0d20049361b5?s=96&d=mm&r=g","caption":"Randall Gutierrez"},"url":"https:\/\/rgdeportes.com\/index.php\/author\/randall\/"}]}},"_links":{"self":[{"href":"https:\/\/rgdeportes.com\/index.php\/wp-json\/wp\/v2\/posts\/6074","targetHints":{"allow":["GET"]}}],"collection":[{"href":"https:\/\/rgdeportes.com\/index.php\/wp-json\/wp\/v2\/posts"}],"about":[{"href":"https:\/\/rgdeportes.com\/index.php\/wp-json\/wp\/v2\/types\/post"}],"author":[{"embeddable":true,"href":"https:\/\/rgdeportes.com\/index.php\/wp-json\/wp\/v2\/users\/2"}],"replies":[{"embeddable":true,"href":"https:\/\/rgdeportes.com\/index.php\/wp-json\/wp\/v2\/comments?post=6074"}],"version-history":[{"count":1,"href":"https:\/\/rgdeportes.com\/index.php\/wp-json\/wp\/v2\/posts\/6074\/revisions"}],"predecessor-version":[{"id":6078,"href":"https:\/\/rgdeportes.com\/index.php\/wp-json\/wp\/v2\/posts\/6074\/revisions\/6078"}],"wp:featuredmedia":[{"embeddable":true,"href":"https:\/\/rgdeportes.com\/index.php\/wp-json\/wp\/v2\/media\/6075"}],"wp:attachment":[{"href":"https:\/\/rgdeportes.com\/index.php\/wp-json\/wp\/v2\/media?parent=6074"}],"wp:term":[{"taxonomy":"category","embeddable":true,"href":"https:\/\/rgdeportes.com\/index.php\/wp-json\/wp\/v2\/categories?post=6074"},{"taxonomy":"post_tag","embeddable":true,"href":"https:\/\/rgdeportes.com\/index.php\/wp-json\/wp\/v2\/tags?post=6074"}],"curies":[{"name":"wp","href":"https:\/\/api.w.org\/{rel}","templated":true}]}}