{"id":6070,"date":"2023-06-13T05:07:28","date_gmt":"2023-06-13T05:07:28","guid":{"rendered":"https:\/\/rgdeportes.com\/?p=6070"},"modified":"2023-06-13T05:07:28","modified_gmt":"2023-06-13T05:07:28","slug":"terreno-complejo-y-muchas-emociones-en-el-autocross","status":"publish","type":"post","link":"https:\/\/rgdeportes.com\/index.php\/2023\/06\/13\/terreno-complejo-y-muchas-emociones-en-el-autocross\/","title":{"rendered":"Terreno complejo y muchas emociones en el Autocross"},"content":{"rendered":"\n<figure class=\"wp-block-image size-large\"><img loading=\"lazy\" decoding=\"async\" width=\"1024\" height=\"683\" src=\"https:\/\/rgdeportes.com\/wp-content\/uploads\/2023\/06\/Juntos--1024x683.jpg\" alt=\"\" class=\"wp-image-6071\" srcset=\"https:\/\/rgdeportes.com\/wp-content\/uploads\/2023\/06\/Juntos--1024x683.jpg 1024w, https:\/\/rgdeportes.com\/wp-content\/uploads\/2023\/06\/Juntos--300x200.jpg 300w, https:\/\/rgdeportes.com\/wp-content\/uploads\/2023\/06\/Juntos--768x512.jpg 768w, https:\/\/rgdeportes.com\/wp-content\/uploads\/2023\/06\/Juntos--1536x1024.jpg 1536w, https:\/\/rgdeportes.com\/wp-content\/uploads\/2023\/06\/Juntos--2048x1365.jpg 2048w\" sizes=\"auto, (max-width: 1024px) 100vw, 1024px\" \/><\/figure>\n\n\n\n<p>La <strong>Primera Fecha del Campeonato Nacional de Autocross <\/strong>se lleno de muchas emociones y gran competici\u00f3n entre sus pilotos el pasado s\u00e1bado desde la <strong>pista Quebrada Bonita en Jac\u00f3. <\/strong><\/p>\n\n\n\n<p>Potencia y precisi\u00f3n fueron parte de los  mejores veh\u00edculos 4&#215;4 del pa\u00eds se dieron cita el pasado s\u00e1bado en la pista Quebrada Bonita en Jac\u00f3 para la realizaci\u00f3n de la primera fecha del Campeonato Nacional de Autocross 2023. \u00a0<\/p>\n\n\n\n<p>La jornada arranc\u00f3 a las 3 de la tarde en una pista que se empez\u00f3 a complicar despu\u00e9s del primer heat debido a la humedad del terreno y posteriormente se hizo presente la lluvia para poner m\u00e1s a prueba a los pilotos y sus veh\u00edculos.<\/p>\n\n\n\n<p>La organizaci\u00f3n decidi\u00f3 correr un heat por categor\u00eda y finalizar con uno de la divisi\u00f3n Libre, debido a que las condiciones clim\u00e1ticas no permitir\u00edan el desarrollo total de cronograma de competencias.<\/p>\n\n\n\n<p>As\u00ed las cosas en los 4 cilindros, los ganadores de la fecha fueron Santiago y Mauricio Chavarr\u00eda en el auto 111 con un total de 23 puntos. En la segunda plaza destac\u00f3 el veh\u00edculo 72 de Luis Jim\u00e9nez c on 20 puntos y la tercera plaza fue para Gilberto V\u00e1zquez con el 00 y un total de 16 puntos.<\/p>\n\n\n\n<p>En la divisi\u00f3n de los 6 cilindros Jairo Solano y Gustavo Uma\u00f1a en el veh\u00edculo 13 reafirmaron sus intenciones de luchar por un nuevo t\u00edtulo nacional y fueron primeros con 23 puntos, en el podio de la fecha tambi\u00e9n destacaron Alejandro Espinoza en el auto 22 y Jean Carlo Favretto quien estrenaba veh\u00edculo en esta jornada. Terminaron con 18 y 17 puntos, respectivamente.<\/p>\n\n\n\n<p>La categor\u00eda mayor de 8 cilindros fue dominada por el veh\u00edculo 572 de Jairo Cordero quien se dej\u00f3 los 23 puntos del primer lugar de la fecha, los actuales campeones nacionales Eduardo Delgado y Frederick Cubero fueron segundos con 17 puntos y el podio lo complet\u00f3 Marvin Rojas.<\/p>\n\n\n\n<p>En la Libre Ricardo Araya con el n\u00famero 44 ocup\u00f3 la primera plaza con 20 puntos, Luis Carlos Artavia fue segundo con 17 unidades, mientras que Solano y Uma\u00f1a ocuparon la tercera casilla con 15 unidades.<\/p>\n\n\n\n<p>La temporada 2023 del Autocross nacional tiene planeadas dos fechas mas, &nbsp;la segunda el 17 de setiembre y la tercera pr\u00f3ximo 5 de noviembre. La organizaci\u00f3n espera establecer una delegaci\u00f3n nacional que represente al pa\u00eds en la Carrera Internacional Costa Rica &#8211; Panam\u00e1 el pr\u00f3ximo 30 de julio en Santiago de Veraguas.<\/p>\n\n\n\n<p>El Campeonato Nacional de Autocross 2023 cuenta con el aval de la Federaci\u00f3n Costarricense de los Motores (FECOM).<\/p>\n\n\n\n<p><strong>Resumen de resultados extraoficiales<\/strong><\/p>\n\n\n\n<figure class=\"wp-block-image size-large\"><img loading=\"lazy\" decoding=\"async\" width=\"1024\" height=\"683\" src=\"https:\/\/rgdeportes.com\/wp-content\/uploads\/2023\/06\/Solano-Umana-1024x683.jpg\" alt=\"\" class=\"wp-image-6072\" srcset=\"https:\/\/rgdeportes.com\/wp-content\/uploads\/2023\/06\/Solano-Umana-1024x683.jpg 1024w, https:\/\/rgdeportes.com\/wp-content\/uploads\/2023\/06\/Solano-Umana-300x200.jpg 300w, https:\/\/rgdeportes.com\/wp-content\/uploads\/2023\/06\/Solano-Umana-768x512.jpg 768w, https:\/\/rgdeportes.com\/wp-content\/uploads\/2023\/06\/Solano-Umana-1536x1024.jpg 1536w, https:\/\/rgdeportes.com\/wp-content\/uploads\/2023\/06\/Solano-Umana-2048x1365.jpg 2048w\" sizes=\"auto, (max-width: 1024px) 100vw, 1024px\" \/><\/figure>\n\n\n\n<p><strong>4<\/strong> <strong>cilindros<\/strong><\/p>\n\n\n\n<ol class=\"wp-block-list\">\n<li>111 Santiago y Mauricio Chavarr\u00eda 23 puntos<\/li>\n\n\n\n<li>72 Luis Jim\u00e9nez 20 puntos<\/li>\n\n\n\n<li>00 Gilberto Vazquez 16 puntos<\/li>\n<\/ol>\n\n\n\n<p><strong>6<\/strong> <strong>cilindros<\/strong><\/p>\n\n\n\n<ol class=\"wp-block-list\">\n<li>13 Jairo Solano y Gustavo Uma\u00f1a 23 puntos<\/li>\n\n\n\n<li>22 Alejandro Espinoza 18 puntos<\/li>\n\n\n\n<li>77 Jean Carlo Favretto 17 puntos<\/li>\n<\/ol>\n\n\n\n<p>8 cilindros<\/p>\n\n\n\n<ol class=\"wp-block-list\">\n<li>572 Jairo Cordero 23 puntos<\/li>\n\n\n\n<li>38 Eduardo Delgado y Frederick Cubero 17 puntos<\/li>\n\n\n\n<li>06 Marvin Rojas 3 puntos<\/li>\n<\/ol>\n\n\n\n<p>Libre<\/p>\n\n\n\n<ol class=\"wp-block-list\">\n<li>44 Ricardo Araya 20 puntos<\/li>\n\n\n\n<li>82 Luis Carlos Artavia 17 puntos<\/li>\n\n\n\n<li>13 Jairo Solano y Gustavo Uma\u00f1a 15 puntos<\/li>\n<\/ol>\n","protected":false},"excerpt":{"rendered":"<p>La Primera Fecha del Campeonato Nacional de Autocross se lleno de muchas emociones y gran competici\u00f3n entre sus pilotos el pasado s\u00e1bado desde la pista Quebrada Bonita en Jac\u00f3. Potencia&hellip; <\/p>\n","protected":false},"author":2,"featured_media":6071,"comment_status":"closed","ping_status":"closed","sticky":false,"template":"","format":"standard","meta":{"om_disable_all_campaigns":false,"_monsterinsights_skip_tracking":false,"_monsterinsights_sitenote_active":false,"_monsterinsights_sitenote_note":"","_monsterinsights_sitenote_category":0,"footnotes":""},"categories":[524],"tags":[1867,1868],"class_list":["post-6070","post","type-post","status-publish","format-standard","has-post-thumbnail","hentry","category-ddm","tag-autocrossjaco","tag-costaricaautoctoss"],"aioseo_notices":[],"yoast_head":"<!-- This site is optimized with the Yoast SEO plugin v21.2 - https:\/\/yoast.com\/wordpress\/plugins\/seo\/ -->\n<title>Terreno complejo y muchas emociones en el Autocross - RG Deportes\u200e<\/title>\n<meta name=\"robots\" content=\"index, follow, max-snippet:-1, max-image-preview:large, max-video-preview:-1\" \/>\n<link rel=\"canonical\" href=\"https:\/\/rgdeportes.com\/index.php\/2023\/06\/13\/terreno-complejo-y-muchas-emociones-en-el-autocross\/\" \/>\n<meta property=\"og:locale\" content=\"es_ES\" \/>\n<meta property=\"og:type\" content=\"article\" \/>\n<meta property=\"og:title\" content=\"Terreno complejo y muchas emociones en el Autocross - RG Deportes\u200e\" \/>\n<meta property=\"og:description\" content=\"La Primera Fecha del Campeonato Nacional de Autocross se lleno de muchas emociones y gran competici\u00f3n entre sus pilotos el pasado s\u00e1bado desde la pista Quebrada Bonita en Jac\u00f3. Potencia&hellip;\" \/>\n<meta property=\"og:url\" content=\"https:\/\/rgdeportes.com\/index.php\/2023\/06\/13\/terreno-complejo-y-muchas-emociones-en-el-autocross\/\" \/>\n<meta property=\"og:site_name\" content=\"RG Deportes\u200e\" \/>\n<meta property=\"article:publisher\" content=\"https:\/\/www.facebook.com\/RandallGutierrezDeportes\/\" \/>\n<meta property=\"article:published_time\" content=\"2023-06-13T05:07:28+00:00\" \/>\n<meta property=\"og:image\" content=\"http:\/\/rgdeportes.com\/wp-content\/uploads\/2023\/06\/Juntos--scaled.jpg\" \/>\n\t<meta property=\"og:image:width\" content=\"2560\" \/>\n\t<meta property=\"og:image:height\" content=\"1707\" \/>\n\t<meta property=\"og:image:type\" content=\"image\/jpeg\" \/>\n<meta name=\"author\" content=\"Randall Gutierrez\" \/>\n<meta name=\"twitter:card\" content=\"summary_large_image\" \/>\n<meta name=\"twitter:label1\" content=\"Escrito por\" \/>\n\t<meta name=\"twitter:data1\" content=\"Randall Gutierrez\" \/>\n\t<meta name=\"twitter:label2\" content=\"Tiempo de lectura\" \/>\n\t<meta name=\"twitter:data2\" content=\"3 minutos\" \/>\n<script type=\"application\/ld+json\" class=\"yoast-schema-graph\">{\"@context\":\"https:\/\/schema.org\",\"@graph\":[{\"@type\":\"Article\",\"@id\":\"https:\/\/rgdeportes.com\/index.php\/2023\/06\/13\/terreno-complejo-y-muchas-emociones-en-el-autocross\/#article\",\"isPartOf\":{\"@id\":\"https:\/\/rgdeportes.com\/index.php\/2023\/06\/13\/terreno-complejo-y-muchas-emociones-en-el-autocross\/\"},\"author\":{\"name\":\"Randall Gutierrez\",\"@id\":\"https:\/\/rgdeportes.com\/#\/schema\/person\/91795323fddb335a4fd017bf0e4b1358\"},\"headline\":\"Terreno complejo y muchas emociones en el Autocross\",\"datePublished\":\"2023-06-13T05:07:28+00:00\",\"dateModified\":\"2023-06-13T05:07:28+00:00\",\"mainEntityOfPage\":{\"@id\":\"https:\/\/rgdeportes.com\/index.php\/2023\/06\/13\/terreno-complejo-y-muchas-emociones-en-el-autocross\/\"},\"wordCount\":496,\"publisher\":{\"@id\":\"https:\/\/rgdeportes.com\/#organization\"},\"keywords\":[\"#AutocrossJac\u00f3\",\"#CostaRicaAutoctoss\"],\"articleSection\":[\"Deportes de motor\"],\"inLanguage\":\"es\"},{\"@type\":\"WebPage\",\"@id\":\"https:\/\/rgdeportes.com\/index.php\/2023\/06\/13\/terreno-complejo-y-muchas-emociones-en-el-autocross\/\",\"url\":\"https:\/\/rgdeportes.com\/index.php\/2023\/06\/13\/terreno-complejo-y-muchas-emociones-en-el-autocross\/\",\"name\":\"Terreno complejo y muchas emociones en el Autocross - RG Deportes\u200e\",\"isPartOf\":{\"@id\":\"https:\/\/rgdeportes.com\/#website\"},\"datePublished\":\"2023-06-13T05:07:28+00:00\",\"dateModified\":\"2023-06-13T05:07:28+00:00\",\"breadcrumb\":{\"@id\":\"https:\/\/rgdeportes.com\/index.php\/2023\/06\/13\/terreno-complejo-y-muchas-emociones-en-el-autocross\/#breadcrumb\"},\"inLanguage\":\"es\",\"potentialAction\":[{\"@type\":\"ReadAction\",\"target\":[\"https:\/\/rgdeportes.com\/index.php\/2023\/06\/13\/terreno-complejo-y-muchas-emociones-en-el-autocross\/\"]}]},{\"@type\":\"BreadcrumbList\",\"@id\":\"https:\/\/rgdeportes.com\/index.php\/2023\/06\/13\/terreno-complejo-y-muchas-emociones-en-el-autocross\/#breadcrumb\",\"itemListElement\":[{\"@type\":\"ListItem\",\"position\":1,\"name\":\"Portada\",\"item\":\"https:\/\/rgdeportes.com\/\"},{\"@type\":\"ListItem\",\"position\":2,\"name\":\"Terreno complejo y muchas emociones en el Autocross\"}]},{\"@type\":\"WebSite\",\"@id\":\"https:\/\/rgdeportes.com\/#website\",\"url\":\"https:\/\/rgdeportes.com\/\",\"name\":\"RG Deportes\u200e\",\"description\":\"\",\"publisher\":{\"@id\":\"https:\/\/rgdeportes.com\/#organization\"},\"potentialAction\":[{\"@type\":\"SearchAction\",\"target\":{\"@type\":\"EntryPoint\",\"urlTemplate\":\"https:\/\/rgdeportes.com\/?s={search_term_string}\"},\"query-input\":\"required name=search_term_string\"}],\"inLanguage\":\"es\"},{\"@type\":\"Organization\",\"@id\":\"https:\/\/rgdeportes.com\/#organization\",\"name\":\"RG Deportes\",\"url\":\"https:\/\/rgdeportes.com\/\",\"logo\":{\"@type\":\"ImageObject\",\"inLanguage\":\"es\",\"@id\":\"https:\/\/rgdeportes.com\/#\/schema\/logo\/image\/\",\"url\":\"https:\/\/rgdeportes.com\/wp-content\/uploads\/2020\/09\/Logo.png\",\"contentUrl\":\"https:\/\/rgdeportes.com\/wp-content\/uploads\/2020\/09\/Logo.png\",\"width\":784,\"height\":552,\"caption\":\"RG Deportes\"},\"image\":{\"@id\":\"https:\/\/rgdeportes.com\/#\/schema\/logo\/image\/\"},\"sameAs\":[\"https:\/\/www.facebook.com\/RandallGutierrezDeportes\/\",\"https:\/\/www.instagram.com\/randallgutierrezdeportes\/\",\"https:\/\/www.youtube.com\/channel\/UCX4_qbvtnTwoF5t2zNqBDvA\"]},{\"@type\":\"Person\",\"@id\":\"https:\/\/rgdeportes.com\/#\/schema\/person\/91795323fddb335a4fd017bf0e4b1358\",\"name\":\"Randall Gutierrez\",\"image\":{\"@type\":\"ImageObject\",\"inLanguage\":\"es\",\"@id\":\"https:\/\/rgdeportes.com\/#\/schema\/person\/image\/\",\"url\":\"https:\/\/secure.gravatar.com\/avatar\/d0884ea8b9b50bcfad3c0d20049361b5?s=96&d=mm&r=g\",\"contentUrl\":\"https:\/\/secure.gravatar.com\/avatar\/d0884ea8b9b50bcfad3c0d20049361b5?s=96&d=mm&r=g\",\"caption\":\"Randall Gutierrez\"},\"url\":\"https:\/\/rgdeportes.com\/index.php\/author\/randall\/\"}]}<\/script>\n<!-- \/ Yoast SEO plugin. -->","yoast_head_json":{"title":"Terreno complejo y muchas emociones en el Autocross - RG Deportes\u200e","robots":{"index":"index","follow":"follow","max-snippet":"max-snippet:-1","max-image-preview":"max-image-preview:large","max-video-preview":"max-video-preview:-1"},"canonical":"https:\/\/rgdeportes.com\/index.php\/2023\/06\/13\/terreno-complejo-y-muchas-emociones-en-el-autocross\/","og_locale":"es_ES","og_type":"article","og_title":"Terreno complejo y muchas emociones en el Autocross - RG Deportes\u200e","og_description":"La Primera Fecha del Campeonato Nacional de Autocross se lleno de muchas emociones y gran competici\u00f3n entre sus pilotos el pasado s\u00e1bado desde la pista Quebrada Bonita en Jac\u00f3. Potencia&hellip;","og_url":"https:\/\/rgdeportes.com\/index.php\/2023\/06\/13\/terreno-complejo-y-muchas-emociones-en-el-autocross\/","og_site_name":"RG Deportes\u200e","article_publisher":"https:\/\/www.facebook.com\/RandallGutierrezDeportes\/","article_published_time":"2023-06-13T05:07:28+00:00","og_image":[{"width":2560,"height":1707,"url":"http:\/\/rgdeportes.com\/wp-content\/uploads\/2023\/06\/Juntos--scaled.jpg","type":"image\/jpeg"}],"author":"Randall Gutierrez","twitter_card":"summary_large_image","twitter_misc":{"Escrito por":"Randall Gutierrez","Tiempo de lectura":"3 minutos"},"schema":{"@context":"https:\/\/schema.org","@graph":[{"@type":"Article","@id":"https:\/\/rgdeportes.com\/index.php\/2023\/06\/13\/terreno-complejo-y-muchas-emociones-en-el-autocross\/#article","isPartOf":{"@id":"https:\/\/rgdeportes.com\/index.php\/2023\/06\/13\/terreno-complejo-y-muchas-emociones-en-el-autocross\/"},"author":{"name":"Randall Gutierrez","@id":"https:\/\/rgdeportes.com\/#\/schema\/person\/91795323fddb335a4fd017bf0e4b1358"},"headline":"Terreno complejo y muchas emociones en el Autocross","datePublished":"2023-06-13T05:07:28+00:00","dateModified":"2023-06-13T05:07:28+00:00","mainEntityOfPage":{"@id":"https:\/\/rgdeportes.com\/index.php\/2023\/06\/13\/terreno-complejo-y-muchas-emociones-en-el-autocross\/"},"wordCount":496,"publisher":{"@id":"https:\/\/rgdeportes.com\/#organization"},"keywords":["#AutocrossJac\u00f3","#CostaRicaAutoctoss"],"articleSection":["Deportes de motor"],"inLanguage":"es"},{"@type":"WebPage","@id":"https:\/\/rgdeportes.com\/index.php\/2023\/06\/13\/terreno-complejo-y-muchas-emociones-en-el-autocross\/","url":"https:\/\/rgdeportes.com\/index.php\/2023\/06\/13\/terreno-complejo-y-muchas-emociones-en-el-autocross\/","name":"Terreno complejo y muchas emociones en el Autocross - RG Deportes\u200e","isPartOf":{"@id":"https:\/\/rgdeportes.com\/#website"},"datePublished":"2023-06-13T05:07:28+00:00","dateModified":"2023-06-13T05:07:28+00:00","breadcrumb":{"@id":"https:\/\/rgdeportes.com\/index.php\/2023\/06\/13\/terreno-complejo-y-muchas-emociones-en-el-autocross\/#breadcrumb"},"inLanguage":"es","potentialAction":[{"@type":"ReadAction","target":["https:\/\/rgdeportes.com\/index.php\/2023\/06\/13\/terreno-complejo-y-muchas-emociones-en-el-autocross\/"]}]},{"@type":"BreadcrumbList","@id":"https:\/\/rgdeportes.com\/index.php\/2023\/06\/13\/terreno-complejo-y-muchas-emociones-en-el-autocross\/#breadcrumb","itemListElement":[{"@type":"ListItem","position":1,"name":"Portada","item":"https:\/\/rgdeportes.com\/"},{"@type":"ListItem","position":2,"name":"Terreno complejo y muchas emociones en el Autocross"}]},{"@type":"WebSite","@id":"https:\/\/rgdeportes.com\/#website","url":"https:\/\/rgdeportes.com\/","name":"RG Deportes\u200e","description":"","publisher":{"@id":"https:\/\/rgdeportes.com\/#organization"},"potentialAction":[{"@type":"SearchAction","target":{"@type":"EntryPoint","urlTemplate":"https:\/\/rgdeportes.com\/?s={search_term_string}"},"query-input":"required name=search_term_string"}],"inLanguage":"es"},{"@type":"Organization","@id":"https:\/\/rgdeportes.com\/#organization","name":"RG Deportes","url":"https:\/\/rgdeportes.com\/","logo":{"@type":"ImageObject","inLanguage":"es","@id":"https:\/\/rgdeportes.com\/#\/schema\/logo\/image\/","url":"https:\/\/rgdeportes.com\/wp-content\/uploads\/2020\/09\/Logo.png","contentUrl":"https:\/\/rgdeportes.com\/wp-content\/uploads\/2020\/09\/Logo.png","width":784,"height":552,"caption":"RG Deportes"},"image":{"@id":"https:\/\/rgdeportes.com\/#\/schema\/logo\/image\/"},"sameAs":["https:\/\/www.facebook.com\/RandallGutierrezDeportes\/","https:\/\/www.instagram.com\/randallgutierrezdeportes\/","https:\/\/www.youtube.com\/channel\/UCX4_qbvtnTwoF5t2zNqBDvA"]},{"@type":"Person","@id":"https:\/\/rgdeportes.com\/#\/schema\/person\/91795323fddb335a4fd017bf0e4b1358","name":"Randall Gutierrez","image":{"@type":"ImageObject","inLanguage":"es","@id":"https:\/\/rgdeportes.com\/#\/schema\/person\/image\/","url":"https:\/\/secure.gravatar.com\/avatar\/d0884ea8b9b50bcfad3c0d20049361b5?s=96&d=mm&r=g","contentUrl":"https:\/\/secure.gravatar.com\/avatar\/d0884ea8b9b50bcfad3c0d20049361b5?s=96&d=mm&r=g","caption":"Randall Gutierrez"},"url":"https:\/\/rgdeportes.com\/index.php\/author\/randall\/"}]}},"_links":{"self":[{"href":"https:\/\/rgdeportes.com\/index.php\/wp-json\/wp\/v2\/posts\/6070","targetHints":{"allow":["GET"]}}],"collection":[{"href":"https:\/\/rgdeportes.com\/index.php\/wp-json\/wp\/v2\/posts"}],"about":[{"href":"https:\/\/rgdeportes.com\/index.php\/wp-json\/wp\/v2\/types\/post"}],"author":[{"embeddable":true,"href":"https:\/\/rgdeportes.com\/index.php\/wp-json\/wp\/v2\/users\/2"}],"replies":[{"embeddable":true,"href":"https:\/\/rgdeportes.com\/index.php\/wp-json\/wp\/v2\/comments?post=6070"}],"version-history":[{"count":1,"href":"https:\/\/rgdeportes.com\/index.php\/wp-json\/wp\/v2\/posts\/6070\/revisions"}],"predecessor-version":[{"id":6073,"href":"https:\/\/rgdeportes.com\/index.php\/wp-json\/wp\/v2\/posts\/6070\/revisions\/6073"}],"wp:featuredmedia":[{"embeddable":true,"href":"https:\/\/rgdeportes.com\/index.php\/wp-json\/wp\/v2\/media\/6071"}],"wp:attachment":[{"href":"https:\/\/rgdeportes.com\/index.php\/wp-json\/wp\/v2\/media?parent=6070"}],"wp:term":[{"taxonomy":"category","embeddable":true,"href":"https:\/\/rgdeportes.com\/index.php\/wp-json\/wp\/v2\/categories?post=6070"},{"taxonomy":"post_tag","embeddable":true,"href":"https:\/\/rgdeportes.com\/index.php\/wp-json\/wp\/v2\/tags?post=6070"}],"curies":[{"name":"wp","href":"https:\/\/api.w.org\/{rel}","templated":true}]}}