{"id":6049,"date":"2023-06-12T05:28:58","date_gmt":"2023-06-12T05:28:58","guid":{"rendered":"https:\/\/rgdeportes.com\/?p=6049"},"modified":"2023-06-12T05:28:58","modified_gmt":"2023-06-12T05:28:58","slug":"jose-pablo-gil-conquista-nuevo-titulo-en-canada","status":"publish","type":"post","link":"https:\/\/rgdeportes.com\/index.php\/2023\/06\/12\/jose-pablo-gil-conquista-nuevo-titulo-en-canada\/","title":{"rendered":"Jos\u00e9 Pablo Gil conquista nuevo  t\u00edtulo en Canad\u00e1"},"content":{"rendered":"\n<figure class=\"wp-block-image size-full\"><img loading=\"lazy\" decoding=\"async\" width=\"683\" height=\"455\" src=\"https:\/\/rgdeportes.com\/wp-content\/uploads\/2023\/06\/FB_IMG_1686546683328.jpg\" alt=\"\" class=\"wp-image-6050\" srcset=\"https:\/\/rgdeportes.com\/wp-content\/uploads\/2023\/06\/FB_IMG_1686546683328.jpg 683w, https:\/\/rgdeportes.com\/wp-content\/uploads\/2023\/06\/FB_IMG_1686546683328-300x200.jpg 300w\" sizes=\"auto, (max-width: 683px) 100vw, 683px\" \/><\/figure>\n\n\n\n<p>Las buenas noticias siguen llegando para Costa Rica, esta vez el <strong>paratenista costarricense Jos\u00e9 Pablo Gil <\/strong>obtuvo este domingo un nuevo cetro tras ganar el torneo <strong>Saind Hayacinthe <\/strong>que se disput\u00f3 en <strong>Toronto, Canad\u00e1.<\/strong><\/p>\n\n\n\n<p><strong>Jos\u00e9 Pablo Gil<\/strong> se impuso a su rival el <strong>canadiense<\/strong> <strong>Thomas<\/strong> <strong>Venos<\/strong> con marcador de <strong>6-3<\/strong>, <strong>6-0<\/strong>.<\/p>\n\n\n\n<p>En el camino a la corona, Jos\u00e9 Pablo venci\u00f3 a los canadienses Yann Mathieu (6-0, 6-0) y Patrick Lewis (6-1, 6-0), al estadounidense Conner Stround 6-3, 4-6, 6-3 y a Thomas Venos en la final (6-3, 6-0).<\/p>\n\n\n\n<p>\u201cEstoy muy feliz por lograr el campeonato. El objetivo era rescatar los puntos perdidos en el ranking. Cada partido fue una final para m\u00ed, vengo tomando ritmo de juego y ahora vamos por un nuevo torneo, el Janco Steel, en Ontario, donde esperamos llegar lejos\u201d, destac\u00f3 Gil.<\/p>\n\n\n\n<p><strong>Subcampeones Categor\u00eda Dobles <\/strong><\/p>\n\n\n\n<figure class=\"wp-block-image size-full\"><img loading=\"lazy\" decoding=\"async\" width=\"791\" height=\"1024\" src=\"https:\/\/rgdeportes.com\/wp-content\/uploads\/2023\/06\/FB_IMG_1686546544403.jpg\" alt=\"\" class=\"wp-image-6051\" srcset=\"https:\/\/rgdeportes.com\/wp-content\/uploads\/2023\/06\/FB_IMG_1686546544403.jpg 791w, https:\/\/rgdeportes.com\/wp-content\/uploads\/2023\/06\/FB_IMG_1686546544403-232x300.jpg 232w, https:\/\/rgdeportes.com\/wp-content\/uploads\/2023\/06\/FB_IMG_1686546544403-768x994.jpg 768w\" sizes=\"auto, (max-width: 791px) 100vw, 791px\" \/><\/figure>\n\n\n\n<p>Adem\u00e1s, el tico Jos\u00e9 Pablo Gil jug\u00f3 la final de dobles, sin embargo, por conexiones de vuelos rumbo a la ciudad de Ontario, sede del segundo torneo del tico en suelo canadiense, el duelo no se pudo realizar.<\/p>\n\n\n\n<p>\u201cJos\u00e9 Pablo jugar\u00eda la final de dobles junto a Thomas Venos quienes enfrentar\u00edan a los estadounidenses Jason Keatseangsilp y Conner Stround. Se les pidi\u00f3 jugar un d\u00eda antes, el s\u00e1bado por la tarde, pero no aceptaron. As\u00ed las cosas, nos quedamos con el subcampeonato\u201d, explic\u00f3 Alejandro Gil, padre y entrenador del para atleta costarricense.<\/p>\n\n\n\n<p>En la actualidad, Jos\u00e9 Pablo se sit\u00faa en el puesto 68 del ranking mundial, y casualmente su rival en la final de este domingo, Thomas Venos, se ubica de 67, por lo que el tico avanzar\u00e1 en la lista de final de mes.<\/p>\n\n\n\n<p><strong>Valeria Valverde se qued\u00f3 con el Subcampeonato <\/strong><br>Por su parte, en la rama femenina, la costarricense Valeria Valverde se qued\u00f3 con el subcampeonato del certamen al perder la final, en un gran juego, ante la estadunidense Maylee Phelps con marcador de 5-7, 4-6. Valeria se ubica en el puesto 55 del ranking mundial.<\/p>\n\n\n\n<p>Para llegar a la final, Valeria Valverde derrot\u00f3 a la canadiense Frederique Berude (6-1, 6-2) y a la estadounidense, Laura Goodkind (6-2, 6-0).<\/p>\n\n\n\n<p>El torneo Saind Hayacinthe se realiz\u00f3 en la ciudad de Toronto, del 8 al 11 de junio, en superficie dura.<\/p>\n\n\n\n<p>La pr\u00f3xima semana los ticos estar\u00e1n en Ontario, para tomar parte del torneo Janco Steel.<\/p>\n\n\n\n<p>(Fotos &#8211; Tenis Sobre Ruedas Costa Rica \/ Jos\u00e9 Pablo Gil). <\/p>\n","protected":false},"excerpt":{"rendered":"<p>Las buenas noticias siguen llegando para Costa Rica, esta vez el paratenista costarricense Jos\u00e9 Pablo Gil obtuvo este domingo un nuevo cetro tras ganar el torneo Saind Hayacinthe que se&hellip; <\/p>\n","protected":false},"author":2,"featured_media":6050,"comment_status":"closed","ping_status":"closed","sticky":false,"template":"","format":"standard","meta":{"om_disable_all_campaigns":false,"_monsterinsights_skip_tracking":false,"_monsterinsights_sitenote_active":false,"_monsterinsights_sitenote_note":"","_monsterinsights_sitenote_category":0,"footnotes":""},"categories":[7],"tags":[46,1861],"class_list":["post-6049","post","type-post","status-publish","format-standard","has-post-thumbnail","hentry","category-da","tag-josepablogil","tag-valeriaavalverde"],"aioseo_notices":[],"yoast_head":"<!-- This site is optimized with the Yoast SEO plugin v21.2 - https:\/\/yoast.com\/wordpress\/plugins\/seo\/ -->\n<title>Jos\u00e9 Pablo Gil conquista nuevo t\u00edtulo en Canad\u00e1 - RG Deportes\u200e<\/title>\n<meta name=\"robots\" content=\"index, follow, max-snippet:-1, max-image-preview:large, max-video-preview:-1\" \/>\n<link rel=\"canonical\" href=\"https:\/\/rgdeportes.com\/index.php\/2023\/06\/12\/jose-pablo-gil-conquista-nuevo-titulo-en-canada\/\" \/>\n<meta property=\"og:locale\" content=\"es_ES\" \/>\n<meta property=\"og:type\" content=\"article\" \/>\n<meta property=\"og:title\" content=\"Jos\u00e9 Pablo Gil conquista nuevo t\u00edtulo en Canad\u00e1 - RG Deportes\u200e\" \/>\n<meta property=\"og:description\" content=\"Las buenas noticias siguen llegando para Costa Rica, esta vez el paratenista costarricense Jos\u00e9 Pablo Gil obtuvo este domingo un nuevo cetro tras ganar el torneo Saind Hayacinthe que se&hellip;\" \/>\n<meta property=\"og:url\" content=\"https:\/\/rgdeportes.com\/index.php\/2023\/06\/12\/jose-pablo-gil-conquista-nuevo-titulo-en-canada\/\" \/>\n<meta property=\"og:site_name\" content=\"RG Deportes\u200e\" \/>\n<meta property=\"article:publisher\" content=\"https:\/\/www.facebook.com\/RandallGutierrezDeportes\/\" \/>\n<meta property=\"article:published_time\" content=\"2023-06-12T05:28:58+00:00\" \/>\n<meta property=\"og:image\" content=\"http:\/\/rgdeportes.com\/wp-content\/uploads\/2023\/06\/FB_IMG_1686546683328.jpg\" \/>\n\t<meta property=\"og:image:width\" content=\"683\" \/>\n\t<meta property=\"og:image:height\" content=\"455\" \/>\n\t<meta property=\"og:image:type\" content=\"image\/jpeg\" \/>\n<meta name=\"author\" content=\"Randall Gutierrez\" \/>\n<meta name=\"twitter:card\" content=\"summary_large_image\" \/>\n<meta name=\"twitter:label1\" content=\"Escrito por\" \/>\n\t<meta name=\"twitter:data1\" content=\"Randall Gutierrez\" \/>\n\t<meta name=\"twitter:label2\" content=\"Tiempo de lectura\" \/>\n\t<meta name=\"twitter:data2\" content=\"3 minutos\" \/>\n<script type=\"application\/ld+json\" class=\"yoast-schema-graph\">{\"@context\":\"https:\/\/schema.org\",\"@graph\":[{\"@type\":\"Article\",\"@id\":\"https:\/\/rgdeportes.com\/index.php\/2023\/06\/12\/jose-pablo-gil-conquista-nuevo-titulo-en-canada\/#article\",\"isPartOf\":{\"@id\":\"https:\/\/rgdeportes.com\/index.php\/2023\/06\/12\/jose-pablo-gil-conquista-nuevo-titulo-en-canada\/\"},\"author\":{\"name\":\"Randall Gutierrez\",\"@id\":\"https:\/\/rgdeportes.com\/#\/schema\/person\/91795323fddb335a4fd017bf0e4b1358\"},\"headline\":\"Jos\u00e9 Pablo Gil conquista nuevo t\u00edtulo en Canad\u00e1\",\"datePublished\":\"2023-06-12T05:28:58+00:00\",\"dateModified\":\"2023-06-12T05:28:58+00:00\",\"mainEntityOfPage\":{\"@id\":\"https:\/\/rgdeportes.com\/index.php\/2023\/06\/12\/jose-pablo-gil-conquista-nuevo-titulo-en-canada\/\"},\"wordCount\":407,\"publisher\":{\"@id\":\"https:\/\/rgdeportes.com\/#organization\"},\"keywords\":[\"#Jos\u00e9PabloGil\",\"#Valeriaavalverde\"],\"articleSection\":[\"Deporte Adaptado\"],\"inLanguage\":\"es\"},{\"@type\":\"WebPage\",\"@id\":\"https:\/\/rgdeportes.com\/index.php\/2023\/06\/12\/jose-pablo-gil-conquista-nuevo-titulo-en-canada\/\",\"url\":\"https:\/\/rgdeportes.com\/index.php\/2023\/06\/12\/jose-pablo-gil-conquista-nuevo-titulo-en-canada\/\",\"name\":\"Jos\u00e9 Pablo Gil conquista nuevo t\u00edtulo en Canad\u00e1 - RG Deportes\u200e\",\"isPartOf\":{\"@id\":\"https:\/\/rgdeportes.com\/#website\"},\"datePublished\":\"2023-06-12T05:28:58+00:00\",\"dateModified\":\"2023-06-12T05:28:58+00:00\",\"breadcrumb\":{\"@id\":\"https:\/\/rgdeportes.com\/index.php\/2023\/06\/12\/jose-pablo-gil-conquista-nuevo-titulo-en-canada\/#breadcrumb\"},\"inLanguage\":\"es\",\"potentialAction\":[{\"@type\":\"ReadAction\",\"target\":[\"https:\/\/rgdeportes.com\/index.php\/2023\/06\/12\/jose-pablo-gil-conquista-nuevo-titulo-en-canada\/\"]}]},{\"@type\":\"BreadcrumbList\",\"@id\":\"https:\/\/rgdeportes.com\/index.php\/2023\/06\/12\/jose-pablo-gil-conquista-nuevo-titulo-en-canada\/#breadcrumb\",\"itemListElement\":[{\"@type\":\"ListItem\",\"position\":1,\"name\":\"Portada\",\"item\":\"https:\/\/rgdeportes.com\/\"},{\"@type\":\"ListItem\",\"position\":2,\"name\":\"Jos\u00e9 Pablo Gil conquista nuevo t\u00edtulo en Canad\u00e1\"}]},{\"@type\":\"WebSite\",\"@id\":\"https:\/\/rgdeportes.com\/#website\",\"url\":\"https:\/\/rgdeportes.com\/\",\"name\":\"RG Deportes\u200e\",\"description\":\"\",\"publisher\":{\"@id\":\"https:\/\/rgdeportes.com\/#organization\"},\"potentialAction\":[{\"@type\":\"SearchAction\",\"target\":{\"@type\":\"EntryPoint\",\"urlTemplate\":\"https:\/\/rgdeportes.com\/?s={search_term_string}\"},\"query-input\":\"required name=search_term_string\"}],\"inLanguage\":\"es\"},{\"@type\":\"Organization\",\"@id\":\"https:\/\/rgdeportes.com\/#organization\",\"name\":\"RG Deportes\",\"url\":\"https:\/\/rgdeportes.com\/\",\"logo\":{\"@type\":\"ImageObject\",\"inLanguage\":\"es\",\"@id\":\"https:\/\/rgdeportes.com\/#\/schema\/logo\/image\/\",\"url\":\"https:\/\/rgdeportes.com\/wp-content\/uploads\/2020\/09\/Logo.png\",\"contentUrl\":\"https:\/\/rgdeportes.com\/wp-content\/uploads\/2020\/09\/Logo.png\",\"width\":784,\"height\":552,\"caption\":\"RG Deportes\"},\"image\":{\"@id\":\"https:\/\/rgdeportes.com\/#\/schema\/logo\/image\/\"},\"sameAs\":[\"https:\/\/www.facebook.com\/RandallGutierrezDeportes\/\",\"https:\/\/www.instagram.com\/randallgutierrezdeportes\/\",\"https:\/\/www.youtube.com\/channel\/UCX4_qbvtnTwoF5t2zNqBDvA\"]},{\"@type\":\"Person\",\"@id\":\"https:\/\/rgdeportes.com\/#\/schema\/person\/91795323fddb335a4fd017bf0e4b1358\",\"name\":\"Randall Gutierrez\",\"image\":{\"@type\":\"ImageObject\",\"inLanguage\":\"es\",\"@id\":\"https:\/\/rgdeportes.com\/#\/schema\/person\/image\/\",\"url\":\"https:\/\/secure.gravatar.com\/avatar\/d0884ea8b9b50bcfad3c0d20049361b5?s=96&d=mm&r=g\",\"contentUrl\":\"https:\/\/secure.gravatar.com\/avatar\/d0884ea8b9b50bcfad3c0d20049361b5?s=96&d=mm&r=g\",\"caption\":\"Randall Gutierrez\"},\"url\":\"https:\/\/rgdeportes.com\/index.php\/author\/randall\/\"}]}<\/script>\n<!-- \/ Yoast SEO plugin. -->","yoast_head_json":{"title":"Jos\u00e9 Pablo Gil conquista nuevo t\u00edtulo en Canad\u00e1 - RG Deportes\u200e","robots":{"index":"index","follow":"follow","max-snippet":"max-snippet:-1","max-image-preview":"max-image-preview:large","max-video-preview":"max-video-preview:-1"},"canonical":"https:\/\/rgdeportes.com\/index.php\/2023\/06\/12\/jose-pablo-gil-conquista-nuevo-titulo-en-canada\/","og_locale":"es_ES","og_type":"article","og_title":"Jos\u00e9 Pablo Gil conquista nuevo t\u00edtulo en Canad\u00e1 - RG Deportes\u200e","og_description":"Las buenas noticias siguen llegando para Costa Rica, esta vez el paratenista costarricense Jos\u00e9 Pablo Gil obtuvo este domingo un nuevo cetro tras ganar el torneo Saind Hayacinthe que se&hellip;","og_url":"https:\/\/rgdeportes.com\/index.php\/2023\/06\/12\/jose-pablo-gil-conquista-nuevo-titulo-en-canada\/","og_site_name":"RG Deportes\u200e","article_publisher":"https:\/\/www.facebook.com\/RandallGutierrezDeportes\/","article_published_time":"2023-06-12T05:28:58+00:00","og_image":[{"width":683,"height":455,"url":"http:\/\/rgdeportes.com\/wp-content\/uploads\/2023\/06\/FB_IMG_1686546683328.jpg","type":"image\/jpeg"}],"author":"Randall Gutierrez","twitter_card":"summary_large_image","twitter_misc":{"Escrito por":"Randall Gutierrez","Tiempo de lectura":"3 minutos"},"schema":{"@context":"https:\/\/schema.org","@graph":[{"@type":"Article","@id":"https:\/\/rgdeportes.com\/index.php\/2023\/06\/12\/jose-pablo-gil-conquista-nuevo-titulo-en-canada\/#article","isPartOf":{"@id":"https:\/\/rgdeportes.com\/index.php\/2023\/06\/12\/jose-pablo-gil-conquista-nuevo-titulo-en-canada\/"},"author":{"name":"Randall Gutierrez","@id":"https:\/\/rgdeportes.com\/#\/schema\/person\/91795323fddb335a4fd017bf0e4b1358"},"headline":"Jos\u00e9 Pablo Gil conquista nuevo t\u00edtulo en Canad\u00e1","datePublished":"2023-06-12T05:28:58+00:00","dateModified":"2023-06-12T05:28:58+00:00","mainEntityOfPage":{"@id":"https:\/\/rgdeportes.com\/index.php\/2023\/06\/12\/jose-pablo-gil-conquista-nuevo-titulo-en-canada\/"},"wordCount":407,"publisher":{"@id":"https:\/\/rgdeportes.com\/#organization"},"keywords":["#Jos\u00e9PabloGil","#Valeriaavalverde"],"articleSection":["Deporte Adaptado"],"inLanguage":"es"},{"@type":"WebPage","@id":"https:\/\/rgdeportes.com\/index.php\/2023\/06\/12\/jose-pablo-gil-conquista-nuevo-titulo-en-canada\/","url":"https:\/\/rgdeportes.com\/index.php\/2023\/06\/12\/jose-pablo-gil-conquista-nuevo-titulo-en-canada\/","name":"Jos\u00e9 Pablo Gil conquista nuevo t\u00edtulo en Canad\u00e1 - RG Deportes\u200e","isPartOf":{"@id":"https:\/\/rgdeportes.com\/#website"},"datePublished":"2023-06-12T05:28:58+00:00","dateModified":"2023-06-12T05:28:58+00:00","breadcrumb":{"@id":"https:\/\/rgdeportes.com\/index.php\/2023\/06\/12\/jose-pablo-gil-conquista-nuevo-titulo-en-canada\/#breadcrumb"},"inLanguage":"es","potentialAction":[{"@type":"ReadAction","target":["https:\/\/rgdeportes.com\/index.php\/2023\/06\/12\/jose-pablo-gil-conquista-nuevo-titulo-en-canada\/"]}]},{"@type":"BreadcrumbList","@id":"https:\/\/rgdeportes.com\/index.php\/2023\/06\/12\/jose-pablo-gil-conquista-nuevo-titulo-en-canada\/#breadcrumb","itemListElement":[{"@type":"ListItem","position":1,"name":"Portada","item":"https:\/\/rgdeportes.com\/"},{"@type":"ListItem","position":2,"name":"Jos\u00e9 Pablo Gil conquista nuevo t\u00edtulo en Canad\u00e1"}]},{"@type":"WebSite","@id":"https:\/\/rgdeportes.com\/#website","url":"https:\/\/rgdeportes.com\/","name":"RG Deportes\u200e","description":"","publisher":{"@id":"https:\/\/rgdeportes.com\/#organization"},"potentialAction":[{"@type":"SearchAction","target":{"@type":"EntryPoint","urlTemplate":"https:\/\/rgdeportes.com\/?s={search_term_string}"},"query-input":"required name=search_term_string"}],"inLanguage":"es"},{"@type":"Organization","@id":"https:\/\/rgdeportes.com\/#organization","name":"RG Deportes","url":"https:\/\/rgdeportes.com\/","logo":{"@type":"ImageObject","inLanguage":"es","@id":"https:\/\/rgdeportes.com\/#\/schema\/logo\/image\/","url":"https:\/\/rgdeportes.com\/wp-content\/uploads\/2020\/09\/Logo.png","contentUrl":"https:\/\/rgdeportes.com\/wp-content\/uploads\/2020\/09\/Logo.png","width":784,"height":552,"caption":"RG Deportes"},"image":{"@id":"https:\/\/rgdeportes.com\/#\/schema\/logo\/image\/"},"sameAs":["https:\/\/www.facebook.com\/RandallGutierrezDeportes\/","https:\/\/www.instagram.com\/randallgutierrezdeportes\/","https:\/\/www.youtube.com\/channel\/UCX4_qbvtnTwoF5t2zNqBDvA"]},{"@type":"Person","@id":"https:\/\/rgdeportes.com\/#\/schema\/person\/91795323fddb335a4fd017bf0e4b1358","name":"Randall Gutierrez","image":{"@type":"ImageObject","inLanguage":"es","@id":"https:\/\/rgdeportes.com\/#\/schema\/person\/image\/","url":"https:\/\/secure.gravatar.com\/avatar\/d0884ea8b9b50bcfad3c0d20049361b5?s=96&d=mm&r=g","contentUrl":"https:\/\/secure.gravatar.com\/avatar\/d0884ea8b9b50bcfad3c0d20049361b5?s=96&d=mm&r=g","caption":"Randall Gutierrez"},"url":"https:\/\/rgdeportes.com\/index.php\/author\/randall\/"}]}},"_links":{"self":[{"href":"https:\/\/rgdeportes.com\/index.php\/wp-json\/wp\/v2\/posts\/6049","targetHints":{"allow":["GET"]}}],"collection":[{"href":"https:\/\/rgdeportes.com\/index.php\/wp-json\/wp\/v2\/posts"}],"about":[{"href":"https:\/\/rgdeportes.com\/index.php\/wp-json\/wp\/v2\/types\/post"}],"author":[{"embeddable":true,"href":"https:\/\/rgdeportes.com\/index.php\/wp-json\/wp\/v2\/users\/2"}],"replies":[{"embeddable":true,"href":"https:\/\/rgdeportes.com\/index.php\/wp-json\/wp\/v2\/comments?post=6049"}],"version-history":[{"count":1,"href":"https:\/\/rgdeportes.com\/index.php\/wp-json\/wp\/v2\/posts\/6049\/revisions"}],"predecessor-version":[{"id":6052,"href":"https:\/\/rgdeportes.com\/index.php\/wp-json\/wp\/v2\/posts\/6049\/revisions\/6052"}],"wp:featuredmedia":[{"embeddable":true,"href":"https:\/\/rgdeportes.com\/index.php\/wp-json\/wp\/v2\/media\/6050"}],"wp:attachment":[{"href":"https:\/\/rgdeportes.com\/index.php\/wp-json\/wp\/v2\/media?parent=6049"}],"wp:term":[{"taxonomy":"category","embeddable":true,"href":"https:\/\/rgdeportes.com\/index.php\/wp-json\/wp\/v2\/categories?post=6049"},{"taxonomy":"post_tag","embeddable":true,"href":"https:\/\/rgdeportes.com\/index.php\/wp-json\/wp\/v2\/tags?post=6049"}],"curies":[{"name":"wp","href":"https:\/\/api.w.org\/{rel}","templated":true}]}}