{"id":6046,"date":"2023-06-12T04:59:20","date_gmt":"2023-06-12T04:59:20","guid":{"rendered":"https:\/\/rgdeportes.com\/?p=6046"},"modified":"2023-06-12T14:42:42","modified_gmt":"2023-06-12T14:42:42","slug":"la-atleta-diana-bogantes-logra-buena-marca-en-nueva-york","status":"publish","type":"post","link":"https:\/\/rgdeportes.com\/index.php\/2023\/06\/12\/la-atleta-diana-bogantes-logra-buena-marca-en-nueva-york\/","title":{"rendered":"La atleta Diana Bogantes logra buena marca en Nueva York"},"content":{"rendered":"\n<figure class=\"wp-block-image size-large\"><img loading=\"lazy\" decoding=\"async\" width=\"1024\" height=\"813\" src=\"https:\/\/rgdeportes.com\/wp-content\/uploads\/2023\/06\/WhatsApp-Image-2023-06-10-at-10.23.41-1024x813.jpeg\" alt=\"\" class=\"wp-image-6047\" srcset=\"https:\/\/rgdeportes.com\/wp-content\/uploads\/2023\/06\/WhatsApp-Image-2023-06-10-at-10.23.41-1024x813.jpeg 1024w, https:\/\/rgdeportes.com\/wp-content\/uploads\/2023\/06\/WhatsApp-Image-2023-06-10-at-10.23.41-300x238.jpeg 300w, https:\/\/rgdeportes.com\/wp-content\/uploads\/2023\/06\/WhatsApp-Image-2023-06-10-at-10.23.41-768x609.jpeg 768w, https:\/\/rgdeportes.com\/wp-content\/uploads\/2023\/06\/WhatsApp-Image-2023-06-10-at-10.23.41.jpeg 1080w\" sizes=\"auto, (max-width: 1024px) 100vw, 1024px\" \/><\/figure>\n\n\n\n<p>La fondista costarricense <strong>Diana Bogantes Gonz\u00e1lez<\/strong> logr\u00f3 este s\u00e1bado impartir una buena marca nacional durante su prueba  en los <strong>10 kil\u00f3metros modalidad ruta en Nueva York, Estados Unidos<\/strong>. <\/p>\n\n\n\n<p>El marco fue el Mastercard de New York Mini, Estados Unidos, mismo se realiz\u00f3 este fin de semana. <\/p>\n\n\n\n<p>El tiempo logrado por la vecina de Alajuela fue de 34 minutos 19 segundos que se convierte en el mejor registro nacional hasta el momento e incluso superando la mejor marca en dicha distancia modalidad en pista de 34.35.74 conseguida un 27 de junio del a\u00f1o 2021 en Costa Rica. <\/p>\n\n\n\n<p>Este 2023 Bogantes mantiene un rendimiento impresionante en lo que va del a\u00f1o ya ha logrado imponer un nuevo r\u00e9cord nacional y centroamericano en la prueba de Marat\u00f3n y tambi\u00e9n logr\u00f3 la victoria en el Rock \u00b4n\u00b4 Roll, donde detuvo el reloj en 1 hora, 13 minutos y 8 cent\u00e9simas (1:13.08), tambi\u00e9n imponiendo una marca nacional.<\/p>\n\n\n\n<p>La carrera fue ganada por la et\u00edope S. Tefer\u00ed con un tiempo de 30.12 la cual impone tambi\u00e9n una nueva marca en dicha prueba, el segundo lugar fue para Hellen Obir\u00ed de Kenia con 30.19 y el podio lo cerr\u00f3 Laura Galvan de M\u00e9xico con 31.14.<\/p>\n\n\n\n<p>La pr\u00f3xima competencia de Diana Bogantes Gonz\u00e1lez ser\u00e1 con la Selecci\u00f3n Mayor de Costa Rica en marco de los Juegos Centroamericanos y del Caribe El Salvador 2023, en la prueba de los 21 kil\u00f3metros (Media Marat\u00f3n).<\/p>\n\n\n\n<p>(Foto &#8211; Agencias). <\/p>\n","protected":false},"excerpt":{"rendered":"<p>La fondista costarricense Diana Bogantes Gonz\u00e1lez logr\u00f3 este s\u00e1bado impartir una buena marca nacional durante su prueba en los 10 kil\u00f3metros modalidad ruta en Nueva York, Estados Unidos. El marco&hellip; <\/p>\n","protected":false},"author":2,"featured_media":6047,"comment_status":"closed","ping_status":"closed","sticky":false,"template":"","format":"standard","meta":{"om_disable_all_campaigns":false,"_monsterinsights_skip_tracking":false,"_monsterinsights_sitenote_active":false,"_monsterinsights_sitenote_note":"","_monsterinsights_sitenote_category":0,"footnotes":""},"categories":[10,4],"tags":[1860],"class_list":["post-6046","post","type-post","status-publish","format-standard","has-post-thumbnail","hentry","category-in","category-noticias","tag-dianabogantes"],"aioseo_notices":[],"yoast_head":"<!-- This site is optimized with the Yoast SEO plugin v21.2 - https:\/\/yoast.com\/wordpress\/plugins\/seo\/ -->\n<title>La atleta Diana Bogantes logra buena marca en Nueva York - RG Deportes\u200e<\/title>\n<meta name=\"robots\" content=\"index, follow, max-snippet:-1, max-image-preview:large, max-video-preview:-1\" \/>\n<link rel=\"canonical\" href=\"https:\/\/rgdeportes.com\/index.php\/2023\/06\/12\/la-atleta-diana-bogantes-logra-buena-marca-en-nueva-york\/\" \/>\n<meta property=\"og:locale\" content=\"es_ES\" \/>\n<meta property=\"og:type\" content=\"article\" \/>\n<meta property=\"og:title\" content=\"La atleta Diana Bogantes logra buena marca en Nueva York - RG Deportes\u200e\" \/>\n<meta property=\"og:description\" content=\"La fondista costarricense Diana Bogantes Gonz\u00e1lez logr\u00f3 este s\u00e1bado impartir una buena marca nacional durante su prueba en los 10 kil\u00f3metros modalidad ruta en Nueva York, Estados Unidos. El marco&hellip;\" \/>\n<meta property=\"og:url\" content=\"https:\/\/rgdeportes.com\/index.php\/2023\/06\/12\/la-atleta-diana-bogantes-logra-buena-marca-en-nueva-york\/\" \/>\n<meta property=\"og:site_name\" content=\"RG Deportes\u200e\" \/>\n<meta property=\"article:publisher\" content=\"https:\/\/www.facebook.com\/RandallGutierrezDeportes\/\" \/>\n<meta property=\"article:published_time\" content=\"2023-06-12T04:59:20+00:00\" \/>\n<meta property=\"article:modified_time\" content=\"2023-06-12T14:42:42+00:00\" \/>\n<meta property=\"og:image\" content=\"http:\/\/rgdeportes.com\/wp-content\/uploads\/2023\/06\/WhatsApp-Image-2023-06-10-at-10.23.41.jpeg\" \/>\n\t<meta property=\"og:image:width\" content=\"1080\" \/>\n\t<meta property=\"og:image:height\" content=\"857\" \/>\n\t<meta property=\"og:image:type\" content=\"image\/jpeg\" \/>\n<meta name=\"author\" content=\"Randall Gutierrez\" \/>\n<meta name=\"twitter:card\" content=\"summary_large_image\" \/>\n<meta name=\"twitter:label1\" content=\"Escrito por\" \/>\n\t<meta name=\"twitter:data1\" content=\"Randall Gutierrez\" \/>\n\t<meta name=\"twitter:label2\" content=\"Tiempo de lectura\" \/>\n\t<meta name=\"twitter:data2\" content=\"2 minutos\" \/>\n<script type=\"application\/ld+json\" class=\"yoast-schema-graph\">{\"@context\":\"https:\/\/schema.org\",\"@graph\":[{\"@type\":\"Article\",\"@id\":\"https:\/\/rgdeportes.com\/index.php\/2023\/06\/12\/la-atleta-diana-bogantes-logra-buena-marca-en-nueva-york\/#article\",\"isPartOf\":{\"@id\":\"https:\/\/rgdeportes.com\/index.php\/2023\/06\/12\/la-atleta-diana-bogantes-logra-buena-marca-en-nueva-york\/\"},\"author\":{\"name\":\"Randall Gutierrez\",\"@id\":\"https:\/\/rgdeportes.com\/#\/schema\/person\/91795323fddb335a4fd017bf0e4b1358\"},\"headline\":\"La atleta Diana Bogantes logra buena marca en Nueva York\",\"datePublished\":\"2023-06-12T04:59:20+00:00\",\"dateModified\":\"2023-06-12T14:42:42+00:00\",\"mainEntityOfPage\":{\"@id\":\"https:\/\/rgdeportes.com\/index.php\/2023\/06\/12\/la-atleta-diana-bogantes-logra-buena-marca-en-nueva-york\/\"},\"wordCount\":249,\"publisher\":{\"@id\":\"https:\/\/rgdeportes.com\/#organization\"},\"keywords\":[\"#DianaBogantes\"],\"articleSection\":[\"Internacionales\",\"Noticias\"],\"inLanguage\":\"es\"},{\"@type\":\"WebPage\",\"@id\":\"https:\/\/rgdeportes.com\/index.php\/2023\/06\/12\/la-atleta-diana-bogantes-logra-buena-marca-en-nueva-york\/\",\"url\":\"https:\/\/rgdeportes.com\/index.php\/2023\/06\/12\/la-atleta-diana-bogantes-logra-buena-marca-en-nueva-york\/\",\"name\":\"La atleta Diana Bogantes logra buena marca en Nueva York - RG Deportes\u200e\",\"isPartOf\":{\"@id\":\"https:\/\/rgdeportes.com\/#website\"},\"datePublished\":\"2023-06-12T04:59:20+00:00\",\"dateModified\":\"2023-06-12T14:42:42+00:00\",\"breadcrumb\":{\"@id\":\"https:\/\/rgdeportes.com\/index.php\/2023\/06\/12\/la-atleta-diana-bogantes-logra-buena-marca-en-nueva-york\/#breadcrumb\"},\"inLanguage\":\"es\",\"potentialAction\":[{\"@type\":\"ReadAction\",\"target\":[\"https:\/\/rgdeportes.com\/index.php\/2023\/06\/12\/la-atleta-diana-bogantes-logra-buena-marca-en-nueva-york\/\"]}]},{\"@type\":\"BreadcrumbList\",\"@id\":\"https:\/\/rgdeportes.com\/index.php\/2023\/06\/12\/la-atleta-diana-bogantes-logra-buena-marca-en-nueva-york\/#breadcrumb\",\"itemListElement\":[{\"@type\":\"ListItem\",\"position\":1,\"name\":\"Portada\",\"item\":\"https:\/\/rgdeportes.com\/\"},{\"@type\":\"ListItem\",\"position\":2,\"name\":\"La atleta Diana Bogantes logra buena marca en Nueva York\"}]},{\"@type\":\"WebSite\",\"@id\":\"https:\/\/rgdeportes.com\/#website\",\"url\":\"https:\/\/rgdeportes.com\/\",\"name\":\"RG Deportes\u200e\",\"description\":\"\",\"publisher\":{\"@id\":\"https:\/\/rgdeportes.com\/#organization\"},\"potentialAction\":[{\"@type\":\"SearchAction\",\"target\":{\"@type\":\"EntryPoint\",\"urlTemplate\":\"https:\/\/rgdeportes.com\/?s={search_term_string}\"},\"query-input\":\"required name=search_term_string\"}],\"inLanguage\":\"es\"},{\"@type\":\"Organization\",\"@id\":\"https:\/\/rgdeportes.com\/#organization\",\"name\":\"RG Deportes\",\"url\":\"https:\/\/rgdeportes.com\/\",\"logo\":{\"@type\":\"ImageObject\",\"inLanguage\":\"es\",\"@id\":\"https:\/\/rgdeportes.com\/#\/schema\/logo\/image\/\",\"url\":\"https:\/\/rgdeportes.com\/wp-content\/uploads\/2020\/09\/Logo.png\",\"contentUrl\":\"https:\/\/rgdeportes.com\/wp-content\/uploads\/2020\/09\/Logo.png\",\"width\":784,\"height\":552,\"caption\":\"RG Deportes\"},\"image\":{\"@id\":\"https:\/\/rgdeportes.com\/#\/schema\/logo\/image\/\"},\"sameAs\":[\"https:\/\/www.facebook.com\/RandallGutierrezDeportes\/\",\"https:\/\/www.instagram.com\/randallgutierrezdeportes\/\",\"https:\/\/www.youtube.com\/channel\/UCX4_qbvtnTwoF5t2zNqBDvA\"]},{\"@type\":\"Person\",\"@id\":\"https:\/\/rgdeportes.com\/#\/schema\/person\/91795323fddb335a4fd017bf0e4b1358\",\"name\":\"Randall Gutierrez\",\"image\":{\"@type\":\"ImageObject\",\"inLanguage\":\"es\",\"@id\":\"https:\/\/rgdeportes.com\/#\/schema\/person\/image\/\",\"url\":\"https:\/\/secure.gravatar.com\/avatar\/d0884ea8b9b50bcfad3c0d20049361b5?s=96&d=mm&r=g\",\"contentUrl\":\"https:\/\/secure.gravatar.com\/avatar\/d0884ea8b9b50bcfad3c0d20049361b5?s=96&d=mm&r=g\",\"caption\":\"Randall Gutierrez\"},\"url\":\"https:\/\/rgdeportes.com\/index.php\/author\/randall\/\"}]}<\/script>\n<!-- \/ Yoast SEO plugin. -->","yoast_head_json":{"title":"La atleta Diana Bogantes logra buena marca en Nueva York - RG Deportes\u200e","robots":{"index":"index","follow":"follow","max-snippet":"max-snippet:-1","max-image-preview":"max-image-preview:large","max-video-preview":"max-video-preview:-1"},"canonical":"https:\/\/rgdeportes.com\/index.php\/2023\/06\/12\/la-atleta-diana-bogantes-logra-buena-marca-en-nueva-york\/","og_locale":"es_ES","og_type":"article","og_title":"La atleta Diana Bogantes logra buena marca en Nueva York - RG Deportes\u200e","og_description":"La fondista costarricense Diana Bogantes Gonz\u00e1lez logr\u00f3 este s\u00e1bado impartir una buena marca nacional durante su prueba en los 10 kil\u00f3metros modalidad ruta en Nueva York, Estados Unidos. El marco&hellip;","og_url":"https:\/\/rgdeportes.com\/index.php\/2023\/06\/12\/la-atleta-diana-bogantes-logra-buena-marca-en-nueva-york\/","og_site_name":"RG Deportes\u200e","article_publisher":"https:\/\/www.facebook.com\/RandallGutierrezDeportes\/","article_published_time":"2023-06-12T04:59:20+00:00","article_modified_time":"2023-06-12T14:42:42+00:00","og_image":[{"width":1080,"height":857,"url":"http:\/\/rgdeportes.com\/wp-content\/uploads\/2023\/06\/WhatsApp-Image-2023-06-10-at-10.23.41.jpeg","type":"image\/jpeg"}],"author":"Randall Gutierrez","twitter_card":"summary_large_image","twitter_misc":{"Escrito por":"Randall Gutierrez","Tiempo de lectura":"2 minutos"},"schema":{"@context":"https:\/\/schema.org","@graph":[{"@type":"Article","@id":"https:\/\/rgdeportes.com\/index.php\/2023\/06\/12\/la-atleta-diana-bogantes-logra-buena-marca-en-nueva-york\/#article","isPartOf":{"@id":"https:\/\/rgdeportes.com\/index.php\/2023\/06\/12\/la-atleta-diana-bogantes-logra-buena-marca-en-nueva-york\/"},"author":{"name":"Randall Gutierrez","@id":"https:\/\/rgdeportes.com\/#\/schema\/person\/91795323fddb335a4fd017bf0e4b1358"},"headline":"La atleta Diana Bogantes logra buena marca en Nueva York","datePublished":"2023-06-12T04:59:20+00:00","dateModified":"2023-06-12T14:42:42+00:00","mainEntityOfPage":{"@id":"https:\/\/rgdeportes.com\/index.php\/2023\/06\/12\/la-atleta-diana-bogantes-logra-buena-marca-en-nueva-york\/"},"wordCount":249,"publisher":{"@id":"https:\/\/rgdeportes.com\/#organization"},"keywords":["#DianaBogantes"],"articleSection":["Internacionales","Noticias"],"inLanguage":"es"},{"@type":"WebPage","@id":"https:\/\/rgdeportes.com\/index.php\/2023\/06\/12\/la-atleta-diana-bogantes-logra-buena-marca-en-nueva-york\/","url":"https:\/\/rgdeportes.com\/index.php\/2023\/06\/12\/la-atleta-diana-bogantes-logra-buena-marca-en-nueva-york\/","name":"La atleta Diana Bogantes logra buena marca en Nueva York - RG Deportes\u200e","isPartOf":{"@id":"https:\/\/rgdeportes.com\/#website"},"datePublished":"2023-06-12T04:59:20+00:00","dateModified":"2023-06-12T14:42:42+00:00","breadcrumb":{"@id":"https:\/\/rgdeportes.com\/index.php\/2023\/06\/12\/la-atleta-diana-bogantes-logra-buena-marca-en-nueva-york\/#breadcrumb"},"inLanguage":"es","potentialAction":[{"@type":"ReadAction","target":["https:\/\/rgdeportes.com\/index.php\/2023\/06\/12\/la-atleta-diana-bogantes-logra-buena-marca-en-nueva-york\/"]}]},{"@type":"BreadcrumbList","@id":"https:\/\/rgdeportes.com\/index.php\/2023\/06\/12\/la-atleta-diana-bogantes-logra-buena-marca-en-nueva-york\/#breadcrumb","itemListElement":[{"@type":"ListItem","position":1,"name":"Portada","item":"https:\/\/rgdeportes.com\/"},{"@type":"ListItem","position":2,"name":"La atleta Diana Bogantes logra buena marca en Nueva York"}]},{"@type":"WebSite","@id":"https:\/\/rgdeportes.com\/#website","url":"https:\/\/rgdeportes.com\/","name":"RG Deportes\u200e","description":"","publisher":{"@id":"https:\/\/rgdeportes.com\/#organization"},"potentialAction":[{"@type":"SearchAction","target":{"@type":"EntryPoint","urlTemplate":"https:\/\/rgdeportes.com\/?s={search_term_string}"},"query-input":"required name=search_term_string"}],"inLanguage":"es"},{"@type":"Organization","@id":"https:\/\/rgdeportes.com\/#organization","name":"RG Deportes","url":"https:\/\/rgdeportes.com\/","logo":{"@type":"ImageObject","inLanguage":"es","@id":"https:\/\/rgdeportes.com\/#\/schema\/logo\/image\/","url":"https:\/\/rgdeportes.com\/wp-content\/uploads\/2020\/09\/Logo.png","contentUrl":"https:\/\/rgdeportes.com\/wp-content\/uploads\/2020\/09\/Logo.png","width":784,"height":552,"caption":"RG Deportes"},"image":{"@id":"https:\/\/rgdeportes.com\/#\/schema\/logo\/image\/"},"sameAs":["https:\/\/www.facebook.com\/RandallGutierrezDeportes\/","https:\/\/www.instagram.com\/randallgutierrezdeportes\/","https:\/\/www.youtube.com\/channel\/UCX4_qbvtnTwoF5t2zNqBDvA"]},{"@type":"Person","@id":"https:\/\/rgdeportes.com\/#\/schema\/person\/91795323fddb335a4fd017bf0e4b1358","name":"Randall Gutierrez","image":{"@type":"ImageObject","inLanguage":"es","@id":"https:\/\/rgdeportes.com\/#\/schema\/person\/image\/","url":"https:\/\/secure.gravatar.com\/avatar\/d0884ea8b9b50bcfad3c0d20049361b5?s=96&d=mm&r=g","contentUrl":"https:\/\/secure.gravatar.com\/avatar\/d0884ea8b9b50bcfad3c0d20049361b5?s=96&d=mm&r=g","caption":"Randall Gutierrez"},"url":"https:\/\/rgdeportes.com\/index.php\/author\/randall\/"}]}},"_links":{"self":[{"href":"https:\/\/rgdeportes.com\/index.php\/wp-json\/wp\/v2\/posts\/6046","targetHints":{"allow":["GET"]}}],"collection":[{"href":"https:\/\/rgdeportes.com\/index.php\/wp-json\/wp\/v2\/posts"}],"about":[{"href":"https:\/\/rgdeportes.com\/index.php\/wp-json\/wp\/v2\/types\/post"}],"author":[{"embeddable":true,"href":"https:\/\/rgdeportes.com\/index.php\/wp-json\/wp\/v2\/users\/2"}],"replies":[{"embeddable":true,"href":"https:\/\/rgdeportes.com\/index.php\/wp-json\/wp\/v2\/comments?post=6046"}],"version-history":[{"count":2,"href":"https:\/\/rgdeportes.com\/index.php\/wp-json\/wp\/v2\/posts\/6046\/revisions"}],"predecessor-version":[{"id":6053,"href":"https:\/\/rgdeportes.com\/index.php\/wp-json\/wp\/v2\/posts\/6046\/revisions\/6053"}],"wp:featuredmedia":[{"embeddable":true,"href":"https:\/\/rgdeportes.com\/index.php\/wp-json\/wp\/v2\/media\/6047"}],"wp:attachment":[{"href":"https:\/\/rgdeportes.com\/index.php\/wp-json\/wp\/v2\/media?parent=6046"}],"wp:term":[{"taxonomy":"category","embeddable":true,"href":"https:\/\/rgdeportes.com\/index.php\/wp-json\/wp\/v2\/categories?post=6046"},{"taxonomy":"post_tag","embeddable":true,"href":"https:\/\/rgdeportes.com\/index.php\/wp-json\/wp\/v2\/tags?post=6046"}],"curies":[{"name":"wp","href":"https:\/\/api.w.org\/{rel}","templated":true}]}}