{"id":6006,"date":"2023-06-09T22:01:31","date_gmt":"2023-06-09T22:01:31","guid":{"rendered":"https:\/\/rgdeportes.com\/?p=6006"},"modified":"2023-06-09T22:01:31","modified_gmt":"2023-06-09T22:01:31","slug":"atletas-costarricenses-fueron-juramentados-con-miras-a-los-juegos-deportivos-centroamericanos-y-del-caribe","status":"publish","type":"post","link":"https:\/\/rgdeportes.com\/index.php\/2023\/06\/09\/atletas-costarricenses-fueron-juramentados-con-miras-a-los-juegos-deportivos-centroamericanos-y-del-caribe\/","title":{"rendered":"Atletas costarricenses fueron juramentados con miras a los Juegos Deportivos Centroamericanos y del Caribe"},"content":{"rendered":"\n<figure class=\"wp-block-image size-large\"><img loading=\"lazy\" decoding=\"async\" width=\"1024\" height=\"768\" src=\"https:\/\/rgdeportes.com\/wp-content\/uploads\/2023\/06\/CON-1-1024x768.jpg\" alt=\"\" class=\"wp-image-6007\" srcset=\"https:\/\/rgdeportes.com\/wp-content\/uploads\/2023\/06\/CON-1-1024x768.jpg 1024w, https:\/\/rgdeportes.com\/wp-content\/uploads\/2023\/06\/CON-1-300x225.jpg 300w, https:\/\/rgdeportes.com\/wp-content\/uploads\/2023\/06\/CON-1-768x576.jpg 768w, https:\/\/rgdeportes.com\/wp-content\/uploads\/2023\/06\/CON-1-1536x1152.jpg 1536w, https:\/\/rgdeportes.com\/wp-content\/uploads\/2023\/06\/CON-1.jpg 1600w\" sizes=\"auto, (max-width: 1024px) 100vw, 1024px\" \/><\/figure>\n\n\n\n<p>Coronado \u2013 Durante la ma\u00f1ana de este viernes, las instalaciones del <strong>Comit\u00e9 Ol\u00edmpico Nacional de Costa Rica (CONCRC)<\/strong> se llev\u00f3 a cabo el <strong>Acto de Juramentaci\u00f3n de los<\/strong> <strong>XXIV Juegos Centroamericanos y del Caribe San Salvador 2023<\/strong> donde se reunieron cerca de <strong>400 atletas<\/strong> en el evento, mismos estar\u00e1n representando los colores patrios del <strong>23 de junio al 8 de julio en San Salvador y Santo Domingo como subsede.<\/strong><\/p>\n\n\n\n<p>Durante la ceremonia, se hicieron presentes el <strong><em>Sr. Donald Rojas, Director Nacional del Instituto Costarricense del Deporte (ICODER); Royner Mora, Ministro de Deporte; Oscar Armando Toledo Soriano, Embajador de la Rep\u00fablica de El Salvador; y Nelson Ar\u00e9valo, Ministro Consejero de la Embajada de El Salvador en Costa Rica.<\/em><\/strong><\/p>\n\n\n\n<p>La juramentaci\u00f3n estuvo a cargo del se\u00f1or <strong><em>Alex\u00e1nder Zamora, Presidente del Comit\u00e9 Ol\u00edmpico Nacional (CON); Royner Rojas, Ministro de Deporte; y Teresita Anch\u00eda, Jefa de Misi\u00f3n.<\/em><\/strong><\/p>\n\n\n\n<p>La delegaci\u00f3n nacional est\u00e1 conformada por 400 personas que estar\u00e1n presentes en San Salvador y en la subsede en Santo Domingo.<\/p>\n\n\n\n<p>En relaci\u00f3n con los atletas, Costa Rica ser\u00e1 representada en San Salvador por 125 hombres y 150 mujeres, mientras que en Santo Domingo estar\u00e1n 10 hombres y 11 mujeres. Adem\u00e1s, nuestro pa\u00eds tendr\u00e1 representaci\u00f3n en 30 deportes, de los 37 que estar\u00e1n en competencia en las justas.<\/p>\n\n\n\n<p><strong>Queremos ser una plataforma en las disciplinas deportivas <\/strong><\/p>\n\n\n\n<figure class=\"wp-block-image size-large\"><img loading=\"lazy\" decoding=\"async\" width=\"1024\" height=\"768\" src=\"https:\/\/rgdeportes.com\/wp-content\/uploads\/2023\/06\/CON-3-1024x768.jpg\" alt=\"\" class=\"wp-image-6008\" srcset=\"https:\/\/rgdeportes.com\/wp-content\/uploads\/2023\/06\/CON-3-1024x768.jpg 1024w, https:\/\/rgdeportes.com\/wp-content\/uploads\/2023\/06\/CON-3-300x225.jpg 300w, https:\/\/rgdeportes.com\/wp-content\/uploads\/2023\/06\/CON-3-768x576.jpg 768w, https:\/\/rgdeportes.com\/wp-content\/uploads\/2023\/06\/CON-3-1536x1152.jpg 1536w, https:\/\/rgdeportes.com\/wp-content\/uploads\/2023\/06\/CON-3.jpg 1600w\" sizes=\"auto, (max-width: 1024px) 100vw, 1024px\" \/><\/figure>\n\n\n\n<p><strong>Alex\u00e1nder Zamora, Presidente del Comit\u00e9 Ol\u00edmpico,<\/strong> detall\u00f3 que \u201cnuestro compromiso es fomentar el desarrollo integral de nuestros atletas y promover la pr\u00e1ctica deportiva en todas sus formas. Queremos ser una plataforma de impulso para todas las disciplinas deportivas, brindando oportunidades, recursos y apoyo a nuestros talentos en su camino hacia el \u00e9xito. Para mi es motivo de orgullo ver a esta gran delegaci\u00f3n y agradezco la gesti\u00f3n realizada por el ICODER y al se\u00f1or Ministro, Royner Mora, por el apoyo brindado en la consecuci\u00f3n de los recursos.\u201d<\/p>\n\n\n\n<p><strong><em>Diana Brenes y Gerald Drummond fueron seleccionados como los Abanderados<\/em><\/strong><\/p>\n\n\n\n<figure class=\"wp-block-image size-large\"><img loading=\"lazy\" decoding=\"async\" width=\"1024\" height=\"683\" src=\"https:\/\/rgdeportes.com\/wp-content\/uploads\/2023\/06\/CON-ABANDERADOS-1024x683.jpg\" alt=\"\" class=\"wp-image-6009\" srcset=\"https:\/\/rgdeportes.com\/wp-content\/uploads\/2023\/06\/CON-ABANDERADOS-1024x683.jpg 1024w, https:\/\/rgdeportes.com\/wp-content\/uploads\/2023\/06\/CON-ABANDERADOS-300x200.jpg 300w, https:\/\/rgdeportes.com\/wp-content\/uploads\/2023\/06\/CON-ABANDERADOS-768x512.jpg 768w, https:\/\/rgdeportes.com\/wp-content\/uploads\/2023\/06\/CON-ABANDERADOS.jpg 1440w\" sizes=\"auto, (max-width: 1024px) 100vw, 1024px\" \/><\/figure>\n\n\n\n<p><strong>Abanderados.<\/strong>&nbsp;Durante la ceremonia de juramentaci\u00f3n de los atletas que estar\u00e1n compitiendo en los Juegos Centroamericanos y del Caribe San Salvador 2023 se anunci\u00f3 que los atletas <strong><em>Diana Brenes y Gerald Drummond<\/em><\/strong> ser\u00e1n los abanderados para la inauguraci\u00f3n de las justas.<\/p>\n\n\n\n<p>Esta decisi\u00f3n se toma en reconocimiento a su destacada trayectoria como j\u00f3venes deportistas con un gran potencial dentro de los eventos del Ciclo Ol\u00edmpico.<\/p>\n\n\n\n<p>Diana Brenes, una talentosa judoca costarricense, ha demostrado su habilidad y disciplina en m\u00faltiples competencias. Su arduo trabajo y su constante mejora le han permitido obtener excelentes resultados, convirti\u00e9ndola en una de las promesas m\u00e1s brillantes de Costa Rica. Como abanderada, Diana ser\u00e1 un s\u00edmbolo de orgullo y representaci\u00f3n para todos los atletas costarricenses, inspir\u00e1ndolos a alcanzar sus propias metas y a superar los desaf\u00edos que se les presentan.<\/p>\n\n\n\n<p>Por otro lado, Gerald, atleta Ol\u00edmpico en Tokio, ha demostrado su destreza, talento y consistencia. Su participaci\u00f3n en el Ciclo Ol\u00edmpico ha sido sobresaliente, logrando destacados resultados y con el objetivo claro de estar en los Juegos Ol\u00edmpicos de Par\u00eds.<\/p>\n\n\n\n<p>Los atletas han sido seleccionados no solo por sus logros deportivos, sino tambi\u00e9n por su compromiso y entrega al representar a Costa Rica. Su ejemplo de superaci\u00f3n y perseverancia es una inspiraci\u00f3n para todos los deportistas del pa\u00eds, y su papel como abanderados en los Juegos Centroamericanos y del Caribe San Salvador 2023 ser\u00e1 una oportunidad para mostrar el talento y la pasi\u00f3n de los atletas costarricenses.<\/p>\n","protected":false},"excerpt":{"rendered":"<p>Coronado \u2013 Durante la ma\u00f1ana de este viernes, las instalaciones del Comit\u00e9 Ol\u00edmpico Nacional de Costa Rica (CONCRC) se llev\u00f3 a cabo el Acto de Juramentaci\u00f3n de los XXIV Juegos&hellip; <\/p>\n","protected":false},"author":2,"featured_media":6007,"comment_status":"closed","ping_status":"closed","sticky":false,"template":"","format":"standard","meta":{"om_disable_all_campaigns":false,"_monsterinsights_skip_tracking":false,"_monsterinsights_sitenote_active":false,"_monsterinsights_sitenote_note":"","_monsterinsights_sitenote_category":0,"footnotes":""},"categories":[9],"tags":[1847,1846],"class_list":["post-6006","post","type-post","status-publish","format-standard","has-post-thumbnail","hentry","category-na","tag-comiteolimpiconacionaldecostarica","tag-juegosdeportivoscentroamericanos2023"],"aioseo_notices":[],"yoast_head":"<!-- This site is optimized with the Yoast SEO plugin v21.2 - https:\/\/yoast.com\/wordpress\/plugins\/seo\/ -->\n<title>Atletas costarricenses fueron juramentados con miras a los Juegos Deportivos Centroamericanos y del Caribe - RG Deportes\u200e<\/title>\n<meta name=\"robots\" content=\"index, follow, max-snippet:-1, max-image-preview:large, max-video-preview:-1\" \/>\n<link rel=\"canonical\" href=\"https:\/\/rgdeportes.com\/index.php\/2023\/06\/09\/atletas-costarricenses-fueron-juramentados-con-miras-a-los-juegos-deportivos-centroamericanos-y-del-caribe\/\" \/>\n<meta property=\"og:locale\" content=\"es_ES\" \/>\n<meta property=\"og:type\" content=\"article\" \/>\n<meta property=\"og:title\" content=\"Atletas costarricenses fueron juramentados con miras a los Juegos Deportivos Centroamericanos y del Caribe - RG Deportes\u200e\" \/>\n<meta property=\"og:description\" content=\"Coronado \u2013 Durante la ma\u00f1ana de este viernes, las instalaciones del Comit\u00e9 Ol\u00edmpico Nacional de Costa Rica (CONCRC) se llev\u00f3 a cabo el Acto de Juramentaci\u00f3n de los XXIV Juegos&hellip;\" \/>\n<meta property=\"og:url\" content=\"https:\/\/rgdeportes.com\/index.php\/2023\/06\/09\/atletas-costarricenses-fueron-juramentados-con-miras-a-los-juegos-deportivos-centroamericanos-y-del-caribe\/\" \/>\n<meta property=\"og:site_name\" content=\"RG Deportes\u200e\" \/>\n<meta property=\"article:publisher\" content=\"https:\/\/www.facebook.com\/RandallGutierrezDeportes\/\" \/>\n<meta property=\"article:published_time\" content=\"2023-06-09T22:01:31+00:00\" \/>\n<meta property=\"og:image\" content=\"http:\/\/rgdeportes.com\/wp-content\/uploads\/2023\/06\/CON-1.jpg\" \/>\n\t<meta property=\"og:image:width\" content=\"1600\" \/>\n\t<meta property=\"og:image:height\" content=\"1200\" \/>\n\t<meta property=\"og:image:type\" content=\"image\/jpeg\" \/>\n<meta name=\"author\" content=\"Randall Gutierrez\" \/>\n<meta name=\"twitter:card\" content=\"summary_large_image\" \/>\n<meta name=\"twitter:label1\" content=\"Escrito por\" \/>\n\t<meta name=\"twitter:data1\" content=\"Randall Gutierrez\" \/>\n\t<meta name=\"twitter:label2\" content=\"Tiempo de lectura\" \/>\n\t<meta name=\"twitter:data2\" content=\"4 minutos\" \/>\n<script type=\"application\/ld+json\" class=\"yoast-schema-graph\">{\"@context\":\"https:\/\/schema.org\",\"@graph\":[{\"@type\":\"Article\",\"@id\":\"https:\/\/rgdeportes.com\/index.php\/2023\/06\/09\/atletas-costarricenses-fueron-juramentados-con-miras-a-los-juegos-deportivos-centroamericanos-y-del-caribe\/#article\",\"isPartOf\":{\"@id\":\"https:\/\/rgdeportes.com\/index.php\/2023\/06\/09\/atletas-costarricenses-fueron-juramentados-con-miras-a-los-juegos-deportivos-centroamericanos-y-del-caribe\/\"},\"author\":{\"name\":\"Randall Gutierrez\",\"@id\":\"https:\/\/rgdeportes.com\/#\/schema\/person\/91795323fddb335a4fd017bf0e4b1358\"},\"headline\":\"Atletas costarricenses fueron juramentados con miras a los Juegos Deportivos Centroamericanos y del Caribe\",\"datePublished\":\"2023-06-09T22:01:31+00:00\",\"dateModified\":\"2023-06-09T22:01:31+00:00\",\"mainEntityOfPage\":{\"@id\":\"https:\/\/rgdeportes.com\/index.php\/2023\/06\/09\/atletas-costarricenses-fueron-juramentados-con-miras-a-los-juegos-deportivos-centroamericanos-y-del-caribe\/\"},\"wordCount\":609,\"publisher\":{\"@id\":\"https:\/\/rgdeportes.com\/#organization\"},\"keywords\":[\"#Comit\u00e8Ol\u00ecmpicoNacionaldeCostaRica\",\"#JuegosDeportivosCentroamericanos2023\"],\"articleSection\":[\"Nacionales\"],\"inLanguage\":\"es\"},{\"@type\":\"WebPage\",\"@id\":\"https:\/\/rgdeportes.com\/index.php\/2023\/06\/09\/atletas-costarricenses-fueron-juramentados-con-miras-a-los-juegos-deportivos-centroamericanos-y-del-caribe\/\",\"url\":\"https:\/\/rgdeportes.com\/index.php\/2023\/06\/09\/atletas-costarricenses-fueron-juramentados-con-miras-a-los-juegos-deportivos-centroamericanos-y-del-caribe\/\",\"name\":\"Atletas costarricenses fueron juramentados con miras a los Juegos Deportivos Centroamericanos y del Caribe - RG Deportes\u200e\",\"isPartOf\":{\"@id\":\"https:\/\/rgdeportes.com\/#website\"},\"datePublished\":\"2023-06-09T22:01:31+00:00\",\"dateModified\":\"2023-06-09T22:01:31+00:00\",\"breadcrumb\":{\"@id\":\"https:\/\/rgdeportes.com\/index.php\/2023\/06\/09\/atletas-costarricenses-fueron-juramentados-con-miras-a-los-juegos-deportivos-centroamericanos-y-del-caribe\/#breadcrumb\"},\"inLanguage\":\"es\",\"potentialAction\":[{\"@type\":\"ReadAction\",\"target\":[\"https:\/\/rgdeportes.com\/index.php\/2023\/06\/09\/atletas-costarricenses-fueron-juramentados-con-miras-a-los-juegos-deportivos-centroamericanos-y-del-caribe\/\"]}]},{\"@type\":\"BreadcrumbList\",\"@id\":\"https:\/\/rgdeportes.com\/index.php\/2023\/06\/09\/atletas-costarricenses-fueron-juramentados-con-miras-a-los-juegos-deportivos-centroamericanos-y-del-caribe\/#breadcrumb\",\"itemListElement\":[{\"@type\":\"ListItem\",\"position\":1,\"name\":\"Portada\",\"item\":\"https:\/\/rgdeportes.com\/\"},{\"@type\":\"ListItem\",\"position\":2,\"name\":\"Atletas costarricenses fueron juramentados con miras a los Juegos Deportivos Centroamericanos y del Caribe\"}]},{\"@type\":\"WebSite\",\"@id\":\"https:\/\/rgdeportes.com\/#website\",\"url\":\"https:\/\/rgdeportes.com\/\",\"name\":\"RG Deportes\u200e\",\"description\":\"\",\"publisher\":{\"@id\":\"https:\/\/rgdeportes.com\/#organization\"},\"potentialAction\":[{\"@type\":\"SearchAction\",\"target\":{\"@type\":\"EntryPoint\",\"urlTemplate\":\"https:\/\/rgdeportes.com\/?s={search_term_string}\"},\"query-input\":\"required name=search_term_string\"}],\"inLanguage\":\"es\"},{\"@type\":\"Organization\",\"@id\":\"https:\/\/rgdeportes.com\/#organization\",\"name\":\"RG Deportes\",\"url\":\"https:\/\/rgdeportes.com\/\",\"logo\":{\"@type\":\"ImageObject\",\"inLanguage\":\"es\",\"@id\":\"https:\/\/rgdeportes.com\/#\/schema\/logo\/image\/\",\"url\":\"https:\/\/rgdeportes.com\/wp-content\/uploads\/2020\/09\/Logo.png\",\"contentUrl\":\"https:\/\/rgdeportes.com\/wp-content\/uploads\/2020\/09\/Logo.png\",\"width\":784,\"height\":552,\"caption\":\"RG Deportes\"},\"image\":{\"@id\":\"https:\/\/rgdeportes.com\/#\/schema\/logo\/image\/\"},\"sameAs\":[\"https:\/\/www.facebook.com\/RandallGutierrezDeportes\/\",\"https:\/\/www.instagram.com\/randallgutierrezdeportes\/\",\"https:\/\/www.youtube.com\/channel\/UCX4_qbvtnTwoF5t2zNqBDvA\"]},{\"@type\":\"Person\",\"@id\":\"https:\/\/rgdeportes.com\/#\/schema\/person\/91795323fddb335a4fd017bf0e4b1358\",\"name\":\"Randall Gutierrez\",\"image\":{\"@type\":\"ImageObject\",\"inLanguage\":\"es\",\"@id\":\"https:\/\/rgdeportes.com\/#\/schema\/person\/image\/\",\"url\":\"https:\/\/secure.gravatar.com\/avatar\/d0884ea8b9b50bcfad3c0d20049361b5?s=96&d=mm&r=g\",\"contentUrl\":\"https:\/\/secure.gravatar.com\/avatar\/d0884ea8b9b50bcfad3c0d20049361b5?s=96&d=mm&r=g\",\"caption\":\"Randall Gutierrez\"},\"url\":\"https:\/\/rgdeportes.com\/index.php\/author\/randall\/\"}]}<\/script>\n<!-- \/ Yoast SEO plugin. -->","yoast_head_json":{"title":"Atletas costarricenses fueron juramentados con miras a los Juegos Deportivos Centroamericanos y del Caribe - RG Deportes\u200e","robots":{"index":"index","follow":"follow","max-snippet":"max-snippet:-1","max-image-preview":"max-image-preview:large","max-video-preview":"max-video-preview:-1"},"canonical":"https:\/\/rgdeportes.com\/index.php\/2023\/06\/09\/atletas-costarricenses-fueron-juramentados-con-miras-a-los-juegos-deportivos-centroamericanos-y-del-caribe\/","og_locale":"es_ES","og_type":"article","og_title":"Atletas costarricenses fueron juramentados con miras a los Juegos Deportivos Centroamericanos y del Caribe - RG Deportes\u200e","og_description":"Coronado \u2013 Durante la ma\u00f1ana de este viernes, las instalaciones del Comit\u00e9 Ol\u00edmpico Nacional de Costa Rica (CONCRC) se llev\u00f3 a cabo el Acto de Juramentaci\u00f3n de los XXIV Juegos&hellip;","og_url":"https:\/\/rgdeportes.com\/index.php\/2023\/06\/09\/atletas-costarricenses-fueron-juramentados-con-miras-a-los-juegos-deportivos-centroamericanos-y-del-caribe\/","og_site_name":"RG Deportes\u200e","article_publisher":"https:\/\/www.facebook.com\/RandallGutierrezDeportes\/","article_published_time":"2023-06-09T22:01:31+00:00","og_image":[{"width":1600,"height":1200,"url":"http:\/\/rgdeportes.com\/wp-content\/uploads\/2023\/06\/CON-1.jpg","type":"image\/jpeg"}],"author":"Randall Gutierrez","twitter_card":"summary_large_image","twitter_misc":{"Escrito por":"Randall Gutierrez","Tiempo de lectura":"4 minutos"},"schema":{"@context":"https:\/\/schema.org","@graph":[{"@type":"Article","@id":"https:\/\/rgdeportes.com\/index.php\/2023\/06\/09\/atletas-costarricenses-fueron-juramentados-con-miras-a-los-juegos-deportivos-centroamericanos-y-del-caribe\/#article","isPartOf":{"@id":"https:\/\/rgdeportes.com\/index.php\/2023\/06\/09\/atletas-costarricenses-fueron-juramentados-con-miras-a-los-juegos-deportivos-centroamericanos-y-del-caribe\/"},"author":{"name":"Randall Gutierrez","@id":"https:\/\/rgdeportes.com\/#\/schema\/person\/91795323fddb335a4fd017bf0e4b1358"},"headline":"Atletas costarricenses fueron juramentados con miras a los Juegos Deportivos Centroamericanos y del Caribe","datePublished":"2023-06-09T22:01:31+00:00","dateModified":"2023-06-09T22:01:31+00:00","mainEntityOfPage":{"@id":"https:\/\/rgdeportes.com\/index.php\/2023\/06\/09\/atletas-costarricenses-fueron-juramentados-con-miras-a-los-juegos-deportivos-centroamericanos-y-del-caribe\/"},"wordCount":609,"publisher":{"@id":"https:\/\/rgdeportes.com\/#organization"},"keywords":["#Comit\u00e8Ol\u00ecmpicoNacionaldeCostaRica","#JuegosDeportivosCentroamericanos2023"],"articleSection":["Nacionales"],"inLanguage":"es"},{"@type":"WebPage","@id":"https:\/\/rgdeportes.com\/index.php\/2023\/06\/09\/atletas-costarricenses-fueron-juramentados-con-miras-a-los-juegos-deportivos-centroamericanos-y-del-caribe\/","url":"https:\/\/rgdeportes.com\/index.php\/2023\/06\/09\/atletas-costarricenses-fueron-juramentados-con-miras-a-los-juegos-deportivos-centroamericanos-y-del-caribe\/","name":"Atletas costarricenses fueron juramentados con miras a los Juegos Deportivos Centroamericanos y del Caribe - RG Deportes\u200e","isPartOf":{"@id":"https:\/\/rgdeportes.com\/#website"},"datePublished":"2023-06-09T22:01:31+00:00","dateModified":"2023-06-09T22:01:31+00:00","breadcrumb":{"@id":"https:\/\/rgdeportes.com\/index.php\/2023\/06\/09\/atletas-costarricenses-fueron-juramentados-con-miras-a-los-juegos-deportivos-centroamericanos-y-del-caribe\/#breadcrumb"},"inLanguage":"es","potentialAction":[{"@type":"ReadAction","target":["https:\/\/rgdeportes.com\/index.php\/2023\/06\/09\/atletas-costarricenses-fueron-juramentados-con-miras-a-los-juegos-deportivos-centroamericanos-y-del-caribe\/"]}]},{"@type":"BreadcrumbList","@id":"https:\/\/rgdeportes.com\/index.php\/2023\/06\/09\/atletas-costarricenses-fueron-juramentados-con-miras-a-los-juegos-deportivos-centroamericanos-y-del-caribe\/#breadcrumb","itemListElement":[{"@type":"ListItem","position":1,"name":"Portada","item":"https:\/\/rgdeportes.com\/"},{"@type":"ListItem","position":2,"name":"Atletas costarricenses fueron juramentados con miras a los Juegos Deportivos Centroamericanos y del Caribe"}]},{"@type":"WebSite","@id":"https:\/\/rgdeportes.com\/#website","url":"https:\/\/rgdeportes.com\/","name":"RG Deportes\u200e","description":"","publisher":{"@id":"https:\/\/rgdeportes.com\/#organization"},"potentialAction":[{"@type":"SearchAction","target":{"@type":"EntryPoint","urlTemplate":"https:\/\/rgdeportes.com\/?s={search_term_string}"},"query-input":"required name=search_term_string"}],"inLanguage":"es"},{"@type":"Organization","@id":"https:\/\/rgdeportes.com\/#organization","name":"RG Deportes","url":"https:\/\/rgdeportes.com\/","logo":{"@type":"ImageObject","inLanguage":"es","@id":"https:\/\/rgdeportes.com\/#\/schema\/logo\/image\/","url":"https:\/\/rgdeportes.com\/wp-content\/uploads\/2020\/09\/Logo.png","contentUrl":"https:\/\/rgdeportes.com\/wp-content\/uploads\/2020\/09\/Logo.png","width":784,"height":552,"caption":"RG Deportes"},"image":{"@id":"https:\/\/rgdeportes.com\/#\/schema\/logo\/image\/"},"sameAs":["https:\/\/www.facebook.com\/RandallGutierrezDeportes\/","https:\/\/www.instagram.com\/randallgutierrezdeportes\/","https:\/\/www.youtube.com\/channel\/UCX4_qbvtnTwoF5t2zNqBDvA"]},{"@type":"Person","@id":"https:\/\/rgdeportes.com\/#\/schema\/person\/91795323fddb335a4fd017bf0e4b1358","name":"Randall Gutierrez","image":{"@type":"ImageObject","inLanguage":"es","@id":"https:\/\/rgdeportes.com\/#\/schema\/person\/image\/","url":"https:\/\/secure.gravatar.com\/avatar\/d0884ea8b9b50bcfad3c0d20049361b5?s=96&d=mm&r=g","contentUrl":"https:\/\/secure.gravatar.com\/avatar\/d0884ea8b9b50bcfad3c0d20049361b5?s=96&d=mm&r=g","caption":"Randall Gutierrez"},"url":"https:\/\/rgdeportes.com\/index.php\/author\/randall\/"}]}},"_links":{"self":[{"href":"https:\/\/rgdeportes.com\/index.php\/wp-json\/wp\/v2\/posts\/6006","targetHints":{"allow":["GET"]}}],"collection":[{"href":"https:\/\/rgdeportes.com\/index.php\/wp-json\/wp\/v2\/posts"}],"about":[{"href":"https:\/\/rgdeportes.com\/index.php\/wp-json\/wp\/v2\/types\/post"}],"author":[{"embeddable":true,"href":"https:\/\/rgdeportes.com\/index.php\/wp-json\/wp\/v2\/users\/2"}],"replies":[{"embeddable":true,"href":"https:\/\/rgdeportes.com\/index.php\/wp-json\/wp\/v2\/comments?post=6006"}],"version-history":[{"count":1,"href":"https:\/\/rgdeportes.com\/index.php\/wp-json\/wp\/v2\/posts\/6006\/revisions"}],"predecessor-version":[{"id":6010,"href":"https:\/\/rgdeportes.com\/index.php\/wp-json\/wp\/v2\/posts\/6006\/revisions\/6010"}],"wp:featuredmedia":[{"embeddable":true,"href":"https:\/\/rgdeportes.com\/index.php\/wp-json\/wp\/v2\/media\/6007"}],"wp:attachment":[{"href":"https:\/\/rgdeportes.com\/index.php\/wp-json\/wp\/v2\/media?parent=6006"}],"wp:term":[{"taxonomy":"category","embeddable":true,"href":"https:\/\/rgdeportes.com\/index.php\/wp-json\/wp\/v2\/categories?post=6006"},{"taxonomy":"post_tag","embeddable":true,"href":"https:\/\/rgdeportes.com\/index.php\/wp-json\/wp\/v2\/tags?post=6006"}],"curies":[{"name":"wp","href":"https:\/\/api.w.org\/{rel}","templated":true}]}}