{"id":5899,"date":"2023-06-01T16:15:43","date_gmt":"2023-06-01T16:15:43","guid":{"rendered":"https:\/\/rgdeportes.com\/?p=5899"},"modified":"2023-06-01T16:23:16","modified_gmt":"2023-06-01T16:23:16","slug":"kartismo-de-centroamerica-vivio-su-primera-fecha-en-costa-rica","status":"publish","type":"post","link":"https:\/\/rgdeportes.com\/index.php\/2023\/06\/01\/kartismo-de-centroamerica-vivio-su-primera-fecha-en-costa-rica\/","title":{"rendered":"Kartismo de Centroam\u00e9rica vivi\u00f3 su primera fecha en Costa Rica"},"content":{"rendered":"\n<figure class=\"wp-block-image size-large\"><img loading=\"lazy\" decoding=\"async\" width=\"1024\" height=\"683\" src=\"https:\/\/rgdeportes.com\/wp-content\/uploads\/2023\/06\/Premiacion-1024x683.jpg\" alt=\"\" class=\"wp-image-5900\" srcset=\"https:\/\/rgdeportes.com\/wp-content\/uploads\/2023\/06\/Premiacion-1024x683.jpg 1024w, https:\/\/rgdeportes.com\/wp-content\/uploads\/2023\/06\/Premiacion-300x200.jpg 300w, https:\/\/rgdeportes.com\/wp-content\/uploads\/2023\/06\/Premiacion-768x512.jpg 768w, https:\/\/rgdeportes.com\/wp-content\/uploads\/2023\/06\/Premiacion-1536x1024.jpg 1536w, https:\/\/rgdeportes.com\/wp-content\/uploads\/2023\/06\/Premiacion-2048x1365.jpg 2048w\" sizes=\"auto, (max-width: 1024px) 100vw, 1024px\" \/><\/figure>\n\n\n\n<p>Locura total en la pista El Tajo de Parque Diversiones con el Campeonato Centroamericano de kartismo en su primera fecha. Por primera vez nuestro pa\u00eds fue sede del Campeonato Centroamericano de Kartismo ASN Series 2023, para que pilotos del \u00e1rea de diferentes categor\u00edas y edades demostraran su disciplina, destreza y nos regalaran las emociones de verlos correr en la pista. En esta ocasi\u00f3n&nbsp;participaron 79 pilotos entre 4 y 57 a\u00f1os, resultando Costa Rica la m\u00e1xima ganadora de las carreras.<\/p>\n\n\n\n<p>En la primera fecha del&nbsp;Campeonato Centroamericano de Kartismo ASNs Series 2023 nos acompa\u00f1aron miembros de organizaciones del deporte y gobierno y representantes internacionales, que engalanaron la premiaci\u00f3n de las diferentes categor\u00edas.<\/p>\n\n\n\n<p>Alexander Zamora, Comit\u00e9 Ol\u00edmpico Nacional<\/p>\n\n\n\n<p>Pedro Cofi\u00f1o,&nbsp;Autom\u00f3vil Club de Guatemala<\/p>\n\n\n\n<p>Dante Pescetto, ASAI-Panam\u00e1<\/p>\n\n\n\n<p>Juan Carlos Cuellar, Asociaci\u00f3n Hondure\u00f1a de Automovilismo Deportivo<\/p>\n\n\n\n<p>Guillermo Esquivel, Carlos Segura, Javier Vargas, Freddy Alvarado, Rafael Pinto del&nbsp;Autom\u00f3vil Club de Costa Rica<\/p>\n\n\n\n<p>Ing. Daniel Coen, vicepresidente de FIA (FEDERACION INTERNACIONAL AUTOMOVIL) para Norteam\u00e9rica, presidente del autom\u00f3vil club de Costa Rica y secretario de la FEDERACI\u00d3N DE AUTOMOVILISMO FENAUTO, adem\u00e1s de los miembros Junta Directiva de ACEK e invitados especiales como Juan Manuel Quesada presidente de RECOPE y Marcia Lobo directora del Parque Diversiones, Fernando Cruz de la Junta Directiva del Parque Diversiones.<\/p>\n\n\n\n<p>En una ma\u00f1ana y tarde espectaculares, llenas de sol y vibrante sonido de motores, el p\u00fablico asistente disfrut\u00f3 de este hermoso circuito de competencia y de las emociones de la carrera en esta pista que cuenta con Licencia de circuito karting, homologaci\u00f3n nacional temporal, emitida por el Autom\u00f3vil Club de Costa Rica, representante de la FIA (Federaci\u00f3n Internacional de Automovilismo) en Costa Rica.<\/p>\n\n\n\n<p><strong>Podio de la primera fecha<\/strong><\/p>\n\n\n\n<figure class=\"wp-block-image size-large\"><img loading=\"lazy\" decoding=\"async\" width=\"900\" height=\"1024\" src=\"https:\/\/rgdeportes.com\/wp-content\/uploads\/2023\/06\/Screenshot_20230601_101837_com.google.android.apps_.docs_edit_3574541359349-900x1024.jpg\" alt=\"\" class=\"wp-image-5902\" srcset=\"https:\/\/rgdeportes.com\/wp-content\/uploads\/2023\/06\/Screenshot_20230601_101837_com.google.android.apps_.docs_edit_3574541359349-900x1024.jpg 900w, https:\/\/rgdeportes.com\/wp-content\/uploads\/2023\/06\/Screenshot_20230601_101837_com.google.android.apps_.docs_edit_3574541359349-264x300.jpg 264w, https:\/\/rgdeportes.com\/wp-content\/uploads\/2023\/06\/Screenshot_20230601_101837_com.google.android.apps_.docs_edit_3574541359349-768x874.jpg 768w, https:\/\/rgdeportes.com\/wp-content\/uploads\/2023\/06\/Screenshot_20230601_101837_com.google.android.apps_.docs_edit_3574541359349.jpg 1021w\" sizes=\"auto, (max-width: 900px) 100vw, 900px\" \/><\/figure>\n\n\n\n<p><strong>La segunda fecha y final del Campeonato ser\u00e1 los d\u00edas 13, 14 y 15 de julio en Guatemala.<\/strong><\/p>\n\n\n\n<p>Como gran premio final, el primer lugar de las categor\u00edas VLR y las Rok gan\u00f3 un tiquete para participar en el evento ROK LAS VEGAS en noviembre 2023, uno de los eventos m\u00e1s prestigiosos en el mundo de los motores, de esta manera los pilotos ganadores de las categor\u00edas mencionadas tendr\u00e1n un pase para\u00a0<strong>participar y competir<\/strong>\u00a0en este evento.<\/p>\n\n\n\n<p>(Fotos &#8211; ACEK). <\/p>\n","protected":false},"excerpt":{"rendered":"<p>Locura total en la pista El Tajo de Parque Diversiones con el Campeonato Centroamericano de kartismo en su primera fecha. Por primera vez nuestro pa\u00eds fue sede del Campeonato Centroamericano&hellip; <\/p>\n","protected":false},"author":2,"featured_media":5900,"comment_status":"closed","ping_status":"closed","sticky":false,"template":"","format":"standard","meta":{"om_disable_all_campaigns":false,"_monsterinsights_skip_tracking":false,"_monsterinsights_sitenote_active":false,"_monsterinsights_sitenote_note":"","_monsterinsights_sitenote_category":0,"footnotes":""},"categories":[524],"tags":[1813],"class_list":["post-5899","post","type-post","status-publish","format-standard","has-post-thumbnail","hentry","category-ddm","tag-centroamericanodekartismo"],"aioseo_notices":[],"yoast_head":"<!-- This site is optimized with the Yoast SEO plugin v21.2 - https:\/\/yoast.com\/wordpress\/plugins\/seo\/ -->\n<title>Kartismo de Centroam\u00e9rica vivi\u00f3 su primera fecha en Costa Rica - RG Deportes\u200e<\/title>\n<meta name=\"robots\" content=\"index, follow, max-snippet:-1, max-image-preview:large, max-video-preview:-1\" \/>\n<link rel=\"canonical\" href=\"https:\/\/rgdeportes.com\/index.php\/2023\/06\/01\/kartismo-de-centroamerica-vivio-su-primera-fecha-en-costa-rica\/\" \/>\n<meta property=\"og:locale\" content=\"es_ES\" \/>\n<meta property=\"og:type\" content=\"article\" \/>\n<meta property=\"og:title\" content=\"Kartismo de Centroam\u00e9rica vivi\u00f3 su primera fecha en Costa Rica - RG Deportes\u200e\" \/>\n<meta property=\"og:description\" content=\"Locura total en la pista El Tajo de Parque Diversiones con el Campeonato Centroamericano de kartismo en su primera fecha. Por primera vez nuestro pa\u00eds fue sede del Campeonato Centroamericano&hellip;\" \/>\n<meta property=\"og:url\" content=\"https:\/\/rgdeportes.com\/index.php\/2023\/06\/01\/kartismo-de-centroamerica-vivio-su-primera-fecha-en-costa-rica\/\" \/>\n<meta property=\"og:site_name\" content=\"RG Deportes\u200e\" \/>\n<meta property=\"article:publisher\" content=\"https:\/\/www.facebook.com\/RandallGutierrezDeportes\/\" \/>\n<meta property=\"article:published_time\" content=\"2023-06-01T16:15:43+00:00\" \/>\n<meta property=\"article:modified_time\" content=\"2023-06-01T16:23:16+00:00\" \/>\n<meta property=\"og:image\" content=\"http:\/\/rgdeportes.com\/wp-content\/uploads\/2023\/06\/Premiacion-scaled.jpg\" \/>\n\t<meta property=\"og:image:width\" content=\"2560\" \/>\n\t<meta property=\"og:image:height\" content=\"1707\" \/>\n\t<meta property=\"og:image:type\" content=\"image\/jpeg\" \/>\n<meta name=\"author\" content=\"Randall Gutierrez\" \/>\n<meta name=\"twitter:card\" content=\"summary_large_image\" \/>\n<meta name=\"twitter:label1\" content=\"Escrito por\" \/>\n\t<meta name=\"twitter:data1\" content=\"Randall Gutierrez\" \/>\n\t<meta name=\"twitter:label2\" content=\"Tiempo de lectura\" \/>\n\t<meta name=\"twitter:data2\" content=\"2 minutos\" \/>\n<script type=\"application\/ld+json\" class=\"yoast-schema-graph\">{\"@context\":\"https:\/\/schema.org\",\"@graph\":[{\"@type\":\"Article\",\"@id\":\"https:\/\/rgdeportes.com\/index.php\/2023\/06\/01\/kartismo-de-centroamerica-vivio-su-primera-fecha-en-costa-rica\/#article\",\"isPartOf\":{\"@id\":\"https:\/\/rgdeportes.com\/index.php\/2023\/06\/01\/kartismo-de-centroamerica-vivio-su-primera-fecha-en-costa-rica\/\"},\"author\":{\"name\":\"Randall Gutierrez\",\"@id\":\"https:\/\/rgdeportes.com\/#\/schema\/person\/91795323fddb335a4fd017bf0e4b1358\"},\"headline\":\"Kartismo de Centroam\u00e9rica vivi\u00f3 su primera fecha en Costa Rica\",\"datePublished\":\"2023-06-01T16:15:43+00:00\",\"dateModified\":\"2023-06-01T16:23:16+00:00\",\"mainEntityOfPage\":{\"@id\":\"https:\/\/rgdeportes.com\/index.php\/2023\/06\/01\/kartismo-de-centroamerica-vivio-su-primera-fecha-en-costa-rica\/\"},\"wordCount\":393,\"publisher\":{\"@id\":\"https:\/\/rgdeportes.com\/#organization\"},\"keywords\":[\"#CentroamericanodeKartismo\"],\"articleSection\":[\"Deportes de motor\"],\"inLanguage\":\"es\"},{\"@type\":\"WebPage\",\"@id\":\"https:\/\/rgdeportes.com\/index.php\/2023\/06\/01\/kartismo-de-centroamerica-vivio-su-primera-fecha-en-costa-rica\/\",\"url\":\"https:\/\/rgdeportes.com\/index.php\/2023\/06\/01\/kartismo-de-centroamerica-vivio-su-primera-fecha-en-costa-rica\/\",\"name\":\"Kartismo de Centroam\u00e9rica vivi\u00f3 su primera fecha en Costa Rica - RG Deportes\u200e\",\"isPartOf\":{\"@id\":\"https:\/\/rgdeportes.com\/#website\"},\"datePublished\":\"2023-06-01T16:15:43+00:00\",\"dateModified\":\"2023-06-01T16:23:16+00:00\",\"breadcrumb\":{\"@id\":\"https:\/\/rgdeportes.com\/index.php\/2023\/06\/01\/kartismo-de-centroamerica-vivio-su-primera-fecha-en-costa-rica\/#breadcrumb\"},\"inLanguage\":\"es\",\"potentialAction\":[{\"@type\":\"ReadAction\",\"target\":[\"https:\/\/rgdeportes.com\/index.php\/2023\/06\/01\/kartismo-de-centroamerica-vivio-su-primera-fecha-en-costa-rica\/\"]}]},{\"@type\":\"BreadcrumbList\",\"@id\":\"https:\/\/rgdeportes.com\/index.php\/2023\/06\/01\/kartismo-de-centroamerica-vivio-su-primera-fecha-en-costa-rica\/#breadcrumb\",\"itemListElement\":[{\"@type\":\"ListItem\",\"position\":1,\"name\":\"Portada\",\"item\":\"https:\/\/rgdeportes.com\/\"},{\"@type\":\"ListItem\",\"position\":2,\"name\":\"Kartismo de Centroam\u00e9rica vivi\u00f3 su primera fecha en Costa Rica\"}]},{\"@type\":\"WebSite\",\"@id\":\"https:\/\/rgdeportes.com\/#website\",\"url\":\"https:\/\/rgdeportes.com\/\",\"name\":\"RG Deportes\u200e\",\"description\":\"\",\"publisher\":{\"@id\":\"https:\/\/rgdeportes.com\/#organization\"},\"potentialAction\":[{\"@type\":\"SearchAction\",\"target\":{\"@type\":\"EntryPoint\",\"urlTemplate\":\"https:\/\/rgdeportes.com\/?s={search_term_string}\"},\"query-input\":\"required name=search_term_string\"}],\"inLanguage\":\"es\"},{\"@type\":\"Organization\",\"@id\":\"https:\/\/rgdeportes.com\/#organization\",\"name\":\"RG Deportes\",\"url\":\"https:\/\/rgdeportes.com\/\",\"logo\":{\"@type\":\"ImageObject\",\"inLanguage\":\"es\",\"@id\":\"https:\/\/rgdeportes.com\/#\/schema\/logo\/image\/\",\"url\":\"https:\/\/rgdeportes.com\/wp-content\/uploads\/2020\/09\/Logo.png\",\"contentUrl\":\"https:\/\/rgdeportes.com\/wp-content\/uploads\/2020\/09\/Logo.png\",\"width\":784,\"height\":552,\"caption\":\"RG Deportes\"},\"image\":{\"@id\":\"https:\/\/rgdeportes.com\/#\/schema\/logo\/image\/\"},\"sameAs\":[\"https:\/\/www.facebook.com\/RandallGutierrezDeportes\/\",\"https:\/\/www.instagram.com\/randallgutierrezdeportes\/\",\"https:\/\/www.youtube.com\/channel\/UCX4_qbvtnTwoF5t2zNqBDvA\"]},{\"@type\":\"Person\",\"@id\":\"https:\/\/rgdeportes.com\/#\/schema\/person\/91795323fddb335a4fd017bf0e4b1358\",\"name\":\"Randall Gutierrez\",\"image\":{\"@type\":\"ImageObject\",\"inLanguage\":\"es\",\"@id\":\"https:\/\/rgdeportes.com\/#\/schema\/person\/image\/\",\"url\":\"https:\/\/secure.gravatar.com\/avatar\/d0884ea8b9b50bcfad3c0d20049361b5?s=96&d=mm&r=g\",\"contentUrl\":\"https:\/\/secure.gravatar.com\/avatar\/d0884ea8b9b50bcfad3c0d20049361b5?s=96&d=mm&r=g\",\"caption\":\"Randall Gutierrez\"},\"url\":\"https:\/\/rgdeportes.com\/index.php\/author\/randall\/\"}]}<\/script>\n<!-- \/ Yoast SEO plugin. -->","yoast_head_json":{"title":"Kartismo de Centroam\u00e9rica vivi\u00f3 su primera fecha en Costa Rica - RG Deportes\u200e","robots":{"index":"index","follow":"follow","max-snippet":"max-snippet:-1","max-image-preview":"max-image-preview:large","max-video-preview":"max-video-preview:-1"},"canonical":"https:\/\/rgdeportes.com\/index.php\/2023\/06\/01\/kartismo-de-centroamerica-vivio-su-primera-fecha-en-costa-rica\/","og_locale":"es_ES","og_type":"article","og_title":"Kartismo de Centroam\u00e9rica vivi\u00f3 su primera fecha en Costa Rica - RG Deportes\u200e","og_description":"Locura total en la pista El Tajo de Parque Diversiones con el Campeonato Centroamericano de kartismo en su primera fecha. Por primera vez nuestro pa\u00eds fue sede del Campeonato Centroamericano&hellip;","og_url":"https:\/\/rgdeportes.com\/index.php\/2023\/06\/01\/kartismo-de-centroamerica-vivio-su-primera-fecha-en-costa-rica\/","og_site_name":"RG Deportes\u200e","article_publisher":"https:\/\/www.facebook.com\/RandallGutierrezDeportes\/","article_published_time":"2023-06-01T16:15:43+00:00","article_modified_time":"2023-06-01T16:23:16+00:00","og_image":[{"width":2560,"height":1707,"url":"http:\/\/rgdeportes.com\/wp-content\/uploads\/2023\/06\/Premiacion-scaled.jpg","type":"image\/jpeg"}],"author":"Randall Gutierrez","twitter_card":"summary_large_image","twitter_misc":{"Escrito por":"Randall Gutierrez","Tiempo de lectura":"2 minutos"},"schema":{"@context":"https:\/\/schema.org","@graph":[{"@type":"Article","@id":"https:\/\/rgdeportes.com\/index.php\/2023\/06\/01\/kartismo-de-centroamerica-vivio-su-primera-fecha-en-costa-rica\/#article","isPartOf":{"@id":"https:\/\/rgdeportes.com\/index.php\/2023\/06\/01\/kartismo-de-centroamerica-vivio-su-primera-fecha-en-costa-rica\/"},"author":{"name":"Randall Gutierrez","@id":"https:\/\/rgdeportes.com\/#\/schema\/person\/91795323fddb335a4fd017bf0e4b1358"},"headline":"Kartismo de Centroam\u00e9rica vivi\u00f3 su primera fecha en Costa Rica","datePublished":"2023-06-01T16:15:43+00:00","dateModified":"2023-06-01T16:23:16+00:00","mainEntityOfPage":{"@id":"https:\/\/rgdeportes.com\/index.php\/2023\/06\/01\/kartismo-de-centroamerica-vivio-su-primera-fecha-en-costa-rica\/"},"wordCount":393,"publisher":{"@id":"https:\/\/rgdeportes.com\/#organization"},"keywords":["#CentroamericanodeKartismo"],"articleSection":["Deportes de motor"],"inLanguage":"es"},{"@type":"WebPage","@id":"https:\/\/rgdeportes.com\/index.php\/2023\/06\/01\/kartismo-de-centroamerica-vivio-su-primera-fecha-en-costa-rica\/","url":"https:\/\/rgdeportes.com\/index.php\/2023\/06\/01\/kartismo-de-centroamerica-vivio-su-primera-fecha-en-costa-rica\/","name":"Kartismo de Centroam\u00e9rica vivi\u00f3 su primera fecha en Costa Rica - RG Deportes\u200e","isPartOf":{"@id":"https:\/\/rgdeportes.com\/#website"},"datePublished":"2023-06-01T16:15:43+00:00","dateModified":"2023-06-01T16:23:16+00:00","breadcrumb":{"@id":"https:\/\/rgdeportes.com\/index.php\/2023\/06\/01\/kartismo-de-centroamerica-vivio-su-primera-fecha-en-costa-rica\/#breadcrumb"},"inLanguage":"es","potentialAction":[{"@type":"ReadAction","target":["https:\/\/rgdeportes.com\/index.php\/2023\/06\/01\/kartismo-de-centroamerica-vivio-su-primera-fecha-en-costa-rica\/"]}]},{"@type":"BreadcrumbList","@id":"https:\/\/rgdeportes.com\/index.php\/2023\/06\/01\/kartismo-de-centroamerica-vivio-su-primera-fecha-en-costa-rica\/#breadcrumb","itemListElement":[{"@type":"ListItem","position":1,"name":"Portada","item":"https:\/\/rgdeportes.com\/"},{"@type":"ListItem","position":2,"name":"Kartismo de Centroam\u00e9rica vivi\u00f3 su primera fecha en Costa Rica"}]},{"@type":"WebSite","@id":"https:\/\/rgdeportes.com\/#website","url":"https:\/\/rgdeportes.com\/","name":"RG Deportes\u200e","description":"","publisher":{"@id":"https:\/\/rgdeportes.com\/#organization"},"potentialAction":[{"@type":"SearchAction","target":{"@type":"EntryPoint","urlTemplate":"https:\/\/rgdeportes.com\/?s={search_term_string}"},"query-input":"required name=search_term_string"}],"inLanguage":"es"},{"@type":"Organization","@id":"https:\/\/rgdeportes.com\/#organization","name":"RG Deportes","url":"https:\/\/rgdeportes.com\/","logo":{"@type":"ImageObject","inLanguage":"es","@id":"https:\/\/rgdeportes.com\/#\/schema\/logo\/image\/","url":"https:\/\/rgdeportes.com\/wp-content\/uploads\/2020\/09\/Logo.png","contentUrl":"https:\/\/rgdeportes.com\/wp-content\/uploads\/2020\/09\/Logo.png","width":784,"height":552,"caption":"RG Deportes"},"image":{"@id":"https:\/\/rgdeportes.com\/#\/schema\/logo\/image\/"},"sameAs":["https:\/\/www.facebook.com\/RandallGutierrezDeportes\/","https:\/\/www.instagram.com\/randallgutierrezdeportes\/","https:\/\/www.youtube.com\/channel\/UCX4_qbvtnTwoF5t2zNqBDvA"]},{"@type":"Person","@id":"https:\/\/rgdeportes.com\/#\/schema\/person\/91795323fddb335a4fd017bf0e4b1358","name":"Randall Gutierrez","image":{"@type":"ImageObject","inLanguage":"es","@id":"https:\/\/rgdeportes.com\/#\/schema\/person\/image\/","url":"https:\/\/secure.gravatar.com\/avatar\/d0884ea8b9b50bcfad3c0d20049361b5?s=96&d=mm&r=g","contentUrl":"https:\/\/secure.gravatar.com\/avatar\/d0884ea8b9b50bcfad3c0d20049361b5?s=96&d=mm&r=g","caption":"Randall Gutierrez"},"url":"https:\/\/rgdeportes.com\/index.php\/author\/randall\/"}]}},"_links":{"self":[{"href":"https:\/\/rgdeportes.com\/index.php\/wp-json\/wp\/v2\/posts\/5899","targetHints":{"allow":["GET"]}}],"collection":[{"href":"https:\/\/rgdeportes.com\/index.php\/wp-json\/wp\/v2\/posts"}],"about":[{"href":"https:\/\/rgdeportes.com\/index.php\/wp-json\/wp\/v2\/types\/post"}],"author":[{"embeddable":true,"href":"https:\/\/rgdeportes.com\/index.php\/wp-json\/wp\/v2\/users\/2"}],"replies":[{"embeddable":true,"href":"https:\/\/rgdeportes.com\/index.php\/wp-json\/wp\/v2\/comments?post=5899"}],"version-history":[{"count":2,"href":"https:\/\/rgdeportes.com\/index.php\/wp-json\/wp\/v2\/posts\/5899\/revisions"}],"predecessor-version":[{"id":5904,"href":"https:\/\/rgdeportes.com\/index.php\/wp-json\/wp\/v2\/posts\/5899\/revisions\/5904"}],"wp:featuredmedia":[{"embeddable":true,"href":"https:\/\/rgdeportes.com\/index.php\/wp-json\/wp\/v2\/media\/5900"}],"wp:attachment":[{"href":"https:\/\/rgdeportes.com\/index.php\/wp-json\/wp\/v2\/media?parent=5899"}],"wp:term":[{"taxonomy":"category","embeddable":true,"href":"https:\/\/rgdeportes.com\/index.php\/wp-json\/wp\/v2\/categories?post=5899"},{"taxonomy":"post_tag","embeddable":true,"href":"https:\/\/rgdeportes.com\/index.php\/wp-json\/wp\/v2\/tags?post=5899"}],"curies":[{"name":"wp","href":"https:\/\/api.w.org\/{rel}","templated":true}]}}