{"id":5876,"date":"2023-05-31T02:50:05","date_gmt":"2023-05-31T02:50:05","guid":{"rendered":"https:\/\/rgdeportes.com\/?p=5876"},"modified":"2023-05-31T02:50:38","modified_gmt":"2023-05-31T02:50:38","slug":"velocidad-y-emociones-en-el-campeonato-superbike-2023","status":"publish","type":"post","link":"https:\/\/rgdeportes.com\/index.php\/2023\/05\/31\/velocidad-y-emociones-en-el-campeonato-superbike-2023\/","title":{"rendered":"Velocidad y emociones en el Campeonato Superbike 2023"},"content":{"rendered":"\n<figure class=\"wp-block-image size-large\"><img loading=\"lazy\" decoding=\"async\" width=\"1024\" height=\"683\" src=\"https:\/\/rgdeportes.com\/wp-content\/uploads\/2023\/05\/RBC_1767fechaamasbkcr-1024x683.jpg\" alt=\"\" class=\"wp-image-5877\" srcset=\"https:\/\/rgdeportes.com\/wp-content\/uploads\/2023\/05\/RBC_1767fechaamasbkcr-1024x683.jpg 1024w, https:\/\/rgdeportes.com\/wp-content\/uploads\/2023\/05\/RBC_1767fechaamasbkcr-300x200.jpg 300w, https:\/\/rgdeportes.com\/wp-content\/uploads\/2023\/05\/RBC_1767fechaamasbkcr-768x512.jpg 768w, https:\/\/rgdeportes.com\/wp-content\/uploads\/2023\/05\/RBC_1767fechaamasbkcr-1536x1024.jpg 1536w, https:\/\/rgdeportes.com\/wp-content\/uploads\/2023\/05\/RBC_1767fechaamasbkcr-2048x1365.jpg 2048w\" sizes=\"auto, (max-width: 1024px) 100vw, 1024px\" \/><\/figure>\n\n\n\n<p>Una vez m\u00e1s el <strong><em>Circuito Go Rigo Go en el Parque Viva<\/em><\/strong>, fue testigo de la fecha en el <strong><em>Campeonato AMA Superbike Castrol Actevo 2023<\/em><\/strong> donde pilotos en diferentes categor\u00edas se hicieron presentes para sacar su mejor repertorio en la pista y alcanzar puestos de privilegio durante la ma\u00f1ana y tarde de este domingo.<\/p>\n\n\n\n<p>Esta fecha ten\u00eda la particularidad de que cont\u00f3 con dos carreras en modalidad Endurance,&nbsp; estas pruebas se corrieron en parejas, por lo que deb\u00edan realizar el cambio de piloto y la salida se realiz\u00f3 al estilo Le Mans, en este tipo de salida al caer la bandera de cuadros los pilotos deben cruzar la pista hasta para subirse a las motos y comenzar la carrera.<\/p>\n\n\n\n<p>Los resultados fueron los siguientes:<\/p>\n\n\n\n<p><strong>Endurance 300cc y <\/strong><strong>200<\/strong><strong>cc<\/strong><strong><\/strong><\/p>\n\n\n\n<ol class=\"wp-block-list\" type=\"1\">\n<li>Gilberto Serrano &#8211; Iv\u00e1n Sala<\/li>\n\n\n\n<li>Benedicto Chac\u00f3n &#8211; Manuel S\u00e1nchez<\/li>\n\n\n\n<li>Jorge Calder\u00f3n &#8211; Luis Montecinos<\/li>\n<\/ol>\n\n\n\n<p><strong>Endurance 1000cc y <\/strong><strong>600<\/strong><strong>cc<\/strong><strong><\/strong><\/p>\n\n\n\n<ol class=\"wp-block-list\" type=\"1\">\n<li>Oscar Chavarr\u00eda &#8211; &nbsp;Iv\u00e1n Sala<\/li>\n\n\n\n<li>Heiner Herrera &#8211; Leo Guill\u00e9n<\/li>\n\n\n\n<li>Ronny Jim\u00e9nez &#8211; Ricardo Vargas<\/li>\n<\/ol>\n\n\n\n<p><strong>Super Sport 200 cc <\/strong><strong><\/strong><\/p>\n\n\n\n<ol class=\"wp-block-list\" type=\"1\">\n<li>Ram\u00f3n Chinchilla &#8211; Juan Carlos Paniagua<\/li>\n\n\n\n<li>Rafael Fonseca y Daniel C\u00e1ceres<\/li>\n\n\n\n<li>Alexander Vega y Erick Vega<\/li>\n<\/ol>\n\n\n\n<p>El Campeonato AMA Superbike CR cont\u00f3 tambi\u00e9n con una categor\u00eda monomarca, se trata de la R3 Cup Givi y donde destacaron Carlos Ag\u00fcero, Luis Ledezma y Juan Pablo Aguilar en los tres primeros lugares del podio.<\/p>\n\n\n\n<p>La categor\u00eda femenina era tambi\u00e9n una de las mas esperadas, con una amplia participaci\u00f3n de mujeres que est\u00e1n asistiendo regularmente de los Track Days, en esta ocasi\u00f3n el podio final qued\u00f3 conformado por Daniela S\u00e1nchez, Jessica Ar\u00e9valo y Melania Prado.<\/p>\n\n\n\n<p>En la categor\u00eda Superbike 1000 Altec Soluciones destac\u00f3 el papel del piloto Iv\u00e1n Sala en la primera plaza, seguido de Javier Collado y tercero Heiner Herrera. En la Super Sport 600 cc el ganador fue Ronny Jim\u00e9nez, seguido de Leo Guill\u00e9n en la segunda plaza y tercero el piloto paname\u00f1o Juan Bosco.<\/p>\n\n\n\n<p>Otros ganadores fueron Iv\u00e1n Sala en 300 cc y Mini Motard, Franklin Mora en Novatos Super Sport 600, Rafael Fonseca en Super Sport 200 cc y Jeffry Paniagua en Super Moto.<\/p>\n\n\n\n<p><strong>M\u00e1s resultados<\/strong> <\/p>\n\n\n\n<figure class=\"wp-block-image size-large\"><img loading=\"lazy\" decoding=\"async\" width=\"1024\" height=\"683\" src=\"https:\/\/rgdeportes.com\/wp-content\/uploads\/2023\/05\/RBC_1144fechaamasbkcr-1024x683.jpg\" alt=\"\" class=\"wp-image-5878\" srcset=\"https:\/\/rgdeportes.com\/wp-content\/uploads\/2023\/05\/RBC_1144fechaamasbkcr-1024x683.jpg 1024w, https:\/\/rgdeportes.com\/wp-content\/uploads\/2023\/05\/RBC_1144fechaamasbkcr-300x200.jpg 300w, https:\/\/rgdeportes.com\/wp-content\/uploads\/2023\/05\/RBC_1144fechaamasbkcr-768x512.jpg 768w, https:\/\/rgdeportes.com\/wp-content\/uploads\/2023\/05\/RBC_1144fechaamasbkcr-1536x1024.jpg 1536w, https:\/\/rgdeportes.com\/wp-content\/uploads\/2023\/05\/RBC_1144fechaamasbkcr-2048x1365.jpg 2048w\" sizes=\"auto, (max-width: 1024px) 100vw, 1024px\" \/><\/figure>\n\n\n\n<p><strong>Enduro Super Sport<\/strong><strong> Givi<\/strong><strong><\/strong><\/p>\n\n\n\n<ol class=\"wp-block-list\" type=\"1\">\n<li>134 Guillermo Casas<\/li>\n\n\n\n<li>96 Paul Dorsam<\/li>\n\n\n\n<li>318 Christophe Eliet<\/li>\n<\/ol>\n\n\n\n<p><strong>Endurance 300cc y <\/strong><strong>200<\/strong><strong>cc<\/strong><strong><\/strong><\/p>\n\n\n\n<ol class=\"wp-block-list\" type=\"1\">\n<li>Gilberto Serrano &#8211; Iv\u00e1n Sala<\/li>\n\n\n\n<li>Benedicto Chac\u00f3n &#8211; Manuel S\u00e1nchez<\/li>\n\n\n\n<li>Jorge Calder\u00f3n &#8211; Luis Montecinos<\/li>\n<\/ol>\n\n\n\n<p><strong>Endurance 1000cc y <\/strong><strong>600<\/strong><strong>cc<\/strong><strong><\/strong><\/p>\n\n\n\n<ol class=\"wp-block-list\" type=\"1\">\n<li>Oscar Chavarr\u00eda &#8211; &nbsp;Iv\u00e1n Sala<\/li>\n\n\n\n<li>Heiner Herrera &#8211; Leo Guill\u00e9n<\/li>\n\n\n\n<li>Ronny Jim\u00e9nez &#8211; Ricardo Vargas<\/li>\n<\/ol>\n\n\n\n<p><strong>Mujeres<\/strong><strong><\/strong><\/p>\n\n\n\n<ol class=\"wp-block-list\" type=\"1\">\n<li>Daniella S\u00e1nchez<\/li>\n\n\n\n<li>Jessica Ar\u00e9valo<\/li>\n\n\n\n<li>Melania Prado<\/li>\n<\/ol>\n\n\n\n<p><strong>Super Sport 300 cc<\/strong><strong><\/strong><\/p>\n\n\n\n<ol class=\"wp-block-list\" type=\"1\">\n<li>Iv\u00e1n Sala<\/li>\n\n\n\n<li>Benedicto Chac\u00f3n<\/li>\n\n\n\n<li>Manuel S\u00e1nchez<\/li>\n<\/ol>\n\n\n\n<p><strong>Minimotard<\/strong><strong><\/strong><\/p>\n\n\n\n<ol class=\"wp-block-list\" type=\"1\">\n<li>Iv\u00e1n Sala<\/li>\n\n\n\n<li>Oscar Chavarr\u00eda<\/li>\n\n\n\n<li>Federico Hern\u00e1ndez<\/li>\n<\/ol>\n\n\n\n<p><strong>Super Sport 600 cc<\/strong><strong> Novato<\/strong><strong>s <\/strong><strong><\/strong><\/p>\n\n\n\n<ol class=\"wp-block-list\" type=\"1\">\n<li>Franklin Mora<\/li>\n\n\n\n<li>Andr\u00e9s Varela<\/li>\n\n\n\n<li>Daniel Quir\u00f3s<\/li>\n<\/ol>\n\n\n\n<p><strong>R3 Cup Givi<\/strong><strong><\/strong><\/p>\n\n\n\n<ol class=\"wp-block-list\" type=\"1\">\n<li>Carlos Ag\u00fcero<\/li>\n\n\n\n<li>Luis Ledezma<\/li>\n\n\n\n<li>Juan Pablo Aguilar<\/li>\n<\/ol>\n\n\n\n<p><strong>Super Sport 200 cc<\/strong><\/p>\n\n\n\n<ol class=\"wp-block-list\" type=\"1\">\n<li>Rafael Fonseca<\/li>\n\n\n\n<li>Juan Carlos Paniagua<\/li>\n\n\n\n<li>Ram\u00f3n Chinchilla<\/li>\n<\/ol>\n\n\n\n<p><strong>SuperMoto<\/strong><strong><\/strong><\/p>\n\n\n\n<ol class=\"wp-block-list\" type=\"1\">\n<li>Jeffry Paniagua<\/li>\n\n\n\n<li>Gerardo G\u00f3mez<\/li>\n\n\n\n<li>Sebasti\u00e1n Arias<\/li>\n<\/ol>\n\n\n\n<p><strong>Superbike 1000 Altec Soluciones<\/strong><strong><\/strong><\/p>\n\n\n\n<ol class=\"wp-block-list\" type=\"1\">\n<li>Ivan Sala<\/li>\n\n\n\n<li>Javier Collado<\/li>\n\n\n\n<li>Heiner Herrera<\/li>\n<\/ol>\n\n\n\n<p><strong>Super Sport 600 cc<\/strong><strong><\/strong><\/p>\n\n\n\n<ol class=\"wp-block-list\" type=\"1\">\n<li>Ronny Jim\u00e9nez<\/li>\n\n\n\n<li>Leo Guill\u00e9n<\/li>\n\n\n\n<li>Juan Bosco<\/li>\n<\/ol>\n\n\n\n<p>La pr\u00f3xima fecha del certamen est\u00e1 pactada para el Domingo 23 de julio siempre en el Circuito Go Rigo Go de Parque Viva.<\/p>\n","protected":false},"excerpt":{"rendered":"<p>Una vez m\u00e1s el Circuito Go Rigo Go en el Parque Viva, fue testigo de la fecha en el Campeonato AMA Superbike Castrol Actevo 2023 donde pilotos en diferentes categor\u00edas&hellip; <\/p>\n","protected":false},"author":2,"featured_media":5877,"comment_status":"closed","ping_status":"closed","sticky":false,"template":"","format":"standard","meta":{"om_disable_all_campaigns":false,"_monsterinsights_skip_tracking":false,"_monsterinsights_sitenote_active":false,"_monsterinsights_sitenote_note":"","_monsterinsights_sitenote_category":0,"footnotes":""},"categories":[524],"tags":[1810,1809],"class_list":["post-5876","post","type-post","status-publish","format-standard","has-post-thumbnail","hentry","category-ddm","tag-superbike2023","tag-mpeonatomotossuperbike2023"],"aioseo_notices":[],"yoast_head":"<!-- This site is optimized with the Yoast SEO plugin v21.2 - https:\/\/yoast.com\/wordpress\/plugins\/seo\/ -->\n<title>Velocidad y emociones en el Campeonato Superbike 2023 - RG Deportes\u200e<\/title>\n<meta name=\"robots\" content=\"index, follow, max-snippet:-1, max-image-preview:large, max-video-preview:-1\" \/>\n<link rel=\"canonical\" href=\"https:\/\/rgdeportes.com\/index.php\/2023\/05\/31\/velocidad-y-emociones-en-el-campeonato-superbike-2023\/\" \/>\n<meta property=\"og:locale\" content=\"es_ES\" \/>\n<meta property=\"og:type\" content=\"article\" \/>\n<meta property=\"og:title\" content=\"Velocidad y emociones en el Campeonato Superbike 2023 - RG Deportes\u200e\" \/>\n<meta property=\"og:description\" content=\"Una vez m\u00e1s el Circuito Go Rigo Go en el Parque Viva, fue testigo de la fecha en el Campeonato AMA Superbike Castrol Actevo 2023 donde pilotos en diferentes categor\u00edas&hellip;\" \/>\n<meta property=\"og:url\" content=\"https:\/\/rgdeportes.com\/index.php\/2023\/05\/31\/velocidad-y-emociones-en-el-campeonato-superbike-2023\/\" \/>\n<meta property=\"og:site_name\" content=\"RG Deportes\u200e\" \/>\n<meta property=\"article:publisher\" content=\"https:\/\/www.facebook.com\/RandallGutierrezDeportes\/\" \/>\n<meta property=\"article:published_time\" content=\"2023-05-31T02:50:05+00:00\" \/>\n<meta property=\"article:modified_time\" content=\"2023-05-31T02:50:38+00:00\" \/>\n<meta property=\"og:image\" content=\"http:\/\/rgdeportes.com\/wp-content\/uploads\/2023\/05\/RBC_1767fechaamasbkcr-scaled.jpg\" \/>\n\t<meta property=\"og:image:width\" content=\"2560\" \/>\n\t<meta property=\"og:image:height\" content=\"1707\" \/>\n\t<meta property=\"og:image:type\" content=\"image\/jpeg\" \/>\n<meta name=\"author\" content=\"Randall Gutierrez\" \/>\n<meta name=\"twitter:card\" content=\"summary_large_image\" \/>\n<meta name=\"twitter:label1\" content=\"Escrito por\" \/>\n\t<meta name=\"twitter:data1\" content=\"Randall Gutierrez\" \/>\n\t<meta name=\"twitter:label2\" content=\"Tiempo de lectura\" \/>\n\t<meta name=\"twitter:data2\" content=\"3 minutos\" \/>\n<script type=\"application\/ld+json\" class=\"yoast-schema-graph\">{\"@context\":\"https:\/\/schema.org\",\"@graph\":[{\"@type\":\"Article\",\"@id\":\"https:\/\/rgdeportes.com\/index.php\/2023\/05\/31\/velocidad-y-emociones-en-el-campeonato-superbike-2023\/#article\",\"isPartOf\":{\"@id\":\"https:\/\/rgdeportes.com\/index.php\/2023\/05\/31\/velocidad-y-emociones-en-el-campeonato-superbike-2023\/\"},\"author\":{\"name\":\"Randall Gutierrez\",\"@id\":\"https:\/\/rgdeportes.com\/#\/schema\/person\/91795323fddb335a4fd017bf0e4b1358\"},\"headline\":\"Velocidad y emociones en el Campeonato Superbike 2023\",\"datePublished\":\"2023-05-31T02:50:05+00:00\",\"dateModified\":\"2023-05-31T02:50:38+00:00\",\"mainEntityOfPage\":{\"@id\":\"https:\/\/rgdeportes.com\/index.php\/2023\/05\/31\/velocidad-y-emociones-en-el-campeonato-superbike-2023\/\"},\"wordCount\":552,\"publisher\":{\"@id\":\"https:\/\/rgdeportes.com\/#organization\"},\"keywords\":[\"#Superbike2023\",\"mpeonatoMotosSuperbike2023\"],\"articleSection\":[\"Deportes de motor\"],\"inLanguage\":\"es\"},{\"@type\":\"WebPage\",\"@id\":\"https:\/\/rgdeportes.com\/index.php\/2023\/05\/31\/velocidad-y-emociones-en-el-campeonato-superbike-2023\/\",\"url\":\"https:\/\/rgdeportes.com\/index.php\/2023\/05\/31\/velocidad-y-emociones-en-el-campeonato-superbike-2023\/\",\"name\":\"Velocidad y emociones en el Campeonato Superbike 2023 - RG Deportes\u200e\",\"isPartOf\":{\"@id\":\"https:\/\/rgdeportes.com\/#website\"},\"datePublished\":\"2023-05-31T02:50:05+00:00\",\"dateModified\":\"2023-05-31T02:50:38+00:00\",\"breadcrumb\":{\"@id\":\"https:\/\/rgdeportes.com\/index.php\/2023\/05\/31\/velocidad-y-emociones-en-el-campeonato-superbike-2023\/#breadcrumb\"},\"inLanguage\":\"es\",\"potentialAction\":[{\"@type\":\"ReadAction\",\"target\":[\"https:\/\/rgdeportes.com\/index.php\/2023\/05\/31\/velocidad-y-emociones-en-el-campeonato-superbike-2023\/\"]}]},{\"@type\":\"BreadcrumbList\",\"@id\":\"https:\/\/rgdeportes.com\/index.php\/2023\/05\/31\/velocidad-y-emociones-en-el-campeonato-superbike-2023\/#breadcrumb\",\"itemListElement\":[{\"@type\":\"ListItem\",\"position\":1,\"name\":\"Portada\",\"item\":\"https:\/\/rgdeportes.com\/\"},{\"@type\":\"ListItem\",\"position\":2,\"name\":\"Velocidad y emociones en el Campeonato Superbike 2023\"}]},{\"@type\":\"WebSite\",\"@id\":\"https:\/\/rgdeportes.com\/#website\",\"url\":\"https:\/\/rgdeportes.com\/\",\"name\":\"RG Deportes\u200e\",\"description\":\"\",\"publisher\":{\"@id\":\"https:\/\/rgdeportes.com\/#organization\"},\"potentialAction\":[{\"@type\":\"SearchAction\",\"target\":{\"@type\":\"EntryPoint\",\"urlTemplate\":\"https:\/\/rgdeportes.com\/?s={search_term_string}\"},\"query-input\":\"required name=search_term_string\"}],\"inLanguage\":\"es\"},{\"@type\":\"Organization\",\"@id\":\"https:\/\/rgdeportes.com\/#organization\",\"name\":\"RG Deportes\",\"url\":\"https:\/\/rgdeportes.com\/\",\"logo\":{\"@type\":\"ImageObject\",\"inLanguage\":\"es\",\"@id\":\"https:\/\/rgdeportes.com\/#\/schema\/logo\/image\/\",\"url\":\"https:\/\/rgdeportes.com\/wp-content\/uploads\/2020\/09\/Logo.png\",\"contentUrl\":\"https:\/\/rgdeportes.com\/wp-content\/uploads\/2020\/09\/Logo.png\",\"width\":784,\"height\":552,\"caption\":\"RG Deportes\"},\"image\":{\"@id\":\"https:\/\/rgdeportes.com\/#\/schema\/logo\/image\/\"},\"sameAs\":[\"https:\/\/www.facebook.com\/RandallGutierrezDeportes\/\",\"https:\/\/www.instagram.com\/randallgutierrezdeportes\/\",\"https:\/\/www.youtube.com\/channel\/UCX4_qbvtnTwoF5t2zNqBDvA\"]},{\"@type\":\"Person\",\"@id\":\"https:\/\/rgdeportes.com\/#\/schema\/person\/91795323fddb335a4fd017bf0e4b1358\",\"name\":\"Randall Gutierrez\",\"image\":{\"@type\":\"ImageObject\",\"inLanguage\":\"es\",\"@id\":\"https:\/\/rgdeportes.com\/#\/schema\/person\/image\/\",\"url\":\"https:\/\/secure.gravatar.com\/avatar\/d0884ea8b9b50bcfad3c0d20049361b5?s=96&d=mm&r=g\",\"contentUrl\":\"https:\/\/secure.gravatar.com\/avatar\/d0884ea8b9b50bcfad3c0d20049361b5?s=96&d=mm&r=g\",\"caption\":\"Randall Gutierrez\"},\"url\":\"https:\/\/rgdeportes.com\/index.php\/author\/randall\/\"}]}<\/script>\n<!-- \/ Yoast SEO plugin. -->","yoast_head_json":{"title":"Velocidad y emociones en el Campeonato Superbike 2023 - RG Deportes\u200e","robots":{"index":"index","follow":"follow","max-snippet":"max-snippet:-1","max-image-preview":"max-image-preview:large","max-video-preview":"max-video-preview:-1"},"canonical":"https:\/\/rgdeportes.com\/index.php\/2023\/05\/31\/velocidad-y-emociones-en-el-campeonato-superbike-2023\/","og_locale":"es_ES","og_type":"article","og_title":"Velocidad y emociones en el Campeonato Superbike 2023 - RG Deportes\u200e","og_description":"Una vez m\u00e1s el Circuito Go Rigo Go en el Parque Viva, fue testigo de la fecha en el Campeonato AMA Superbike Castrol Actevo 2023 donde pilotos en diferentes categor\u00edas&hellip;","og_url":"https:\/\/rgdeportes.com\/index.php\/2023\/05\/31\/velocidad-y-emociones-en-el-campeonato-superbike-2023\/","og_site_name":"RG Deportes\u200e","article_publisher":"https:\/\/www.facebook.com\/RandallGutierrezDeportes\/","article_published_time":"2023-05-31T02:50:05+00:00","article_modified_time":"2023-05-31T02:50:38+00:00","og_image":[{"width":2560,"height":1707,"url":"http:\/\/rgdeportes.com\/wp-content\/uploads\/2023\/05\/RBC_1767fechaamasbkcr-scaled.jpg","type":"image\/jpeg"}],"author":"Randall Gutierrez","twitter_card":"summary_large_image","twitter_misc":{"Escrito por":"Randall Gutierrez","Tiempo de lectura":"3 minutos"},"schema":{"@context":"https:\/\/schema.org","@graph":[{"@type":"Article","@id":"https:\/\/rgdeportes.com\/index.php\/2023\/05\/31\/velocidad-y-emociones-en-el-campeonato-superbike-2023\/#article","isPartOf":{"@id":"https:\/\/rgdeportes.com\/index.php\/2023\/05\/31\/velocidad-y-emociones-en-el-campeonato-superbike-2023\/"},"author":{"name":"Randall Gutierrez","@id":"https:\/\/rgdeportes.com\/#\/schema\/person\/91795323fddb335a4fd017bf0e4b1358"},"headline":"Velocidad y emociones en el Campeonato Superbike 2023","datePublished":"2023-05-31T02:50:05+00:00","dateModified":"2023-05-31T02:50:38+00:00","mainEntityOfPage":{"@id":"https:\/\/rgdeportes.com\/index.php\/2023\/05\/31\/velocidad-y-emociones-en-el-campeonato-superbike-2023\/"},"wordCount":552,"publisher":{"@id":"https:\/\/rgdeportes.com\/#organization"},"keywords":["#Superbike2023","mpeonatoMotosSuperbike2023"],"articleSection":["Deportes de motor"],"inLanguage":"es"},{"@type":"WebPage","@id":"https:\/\/rgdeportes.com\/index.php\/2023\/05\/31\/velocidad-y-emociones-en-el-campeonato-superbike-2023\/","url":"https:\/\/rgdeportes.com\/index.php\/2023\/05\/31\/velocidad-y-emociones-en-el-campeonato-superbike-2023\/","name":"Velocidad y emociones en el Campeonato Superbike 2023 - RG Deportes\u200e","isPartOf":{"@id":"https:\/\/rgdeportes.com\/#website"},"datePublished":"2023-05-31T02:50:05+00:00","dateModified":"2023-05-31T02:50:38+00:00","breadcrumb":{"@id":"https:\/\/rgdeportes.com\/index.php\/2023\/05\/31\/velocidad-y-emociones-en-el-campeonato-superbike-2023\/#breadcrumb"},"inLanguage":"es","potentialAction":[{"@type":"ReadAction","target":["https:\/\/rgdeportes.com\/index.php\/2023\/05\/31\/velocidad-y-emociones-en-el-campeonato-superbike-2023\/"]}]},{"@type":"BreadcrumbList","@id":"https:\/\/rgdeportes.com\/index.php\/2023\/05\/31\/velocidad-y-emociones-en-el-campeonato-superbike-2023\/#breadcrumb","itemListElement":[{"@type":"ListItem","position":1,"name":"Portada","item":"https:\/\/rgdeportes.com\/"},{"@type":"ListItem","position":2,"name":"Velocidad y emociones en el Campeonato Superbike 2023"}]},{"@type":"WebSite","@id":"https:\/\/rgdeportes.com\/#website","url":"https:\/\/rgdeportes.com\/","name":"RG Deportes\u200e","description":"","publisher":{"@id":"https:\/\/rgdeportes.com\/#organization"},"potentialAction":[{"@type":"SearchAction","target":{"@type":"EntryPoint","urlTemplate":"https:\/\/rgdeportes.com\/?s={search_term_string}"},"query-input":"required name=search_term_string"}],"inLanguage":"es"},{"@type":"Organization","@id":"https:\/\/rgdeportes.com\/#organization","name":"RG Deportes","url":"https:\/\/rgdeportes.com\/","logo":{"@type":"ImageObject","inLanguage":"es","@id":"https:\/\/rgdeportes.com\/#\/schema\/logo\/image\/","url":"https:\/\/rgdeportes.com\/wp-content\/uploads\/2020\/09\/Logo.png","contentUrl":"https:\/\/rgdeportes.com\/wp-content\/uploads\/2020\/09\/Logo.png","width":784,"height":552,"caption":"RG Deportes"},"image":{"@id":"https:\/\/rgdeportes.com\/#\/schema\/logo\/image\/"},"sameAs":["https:\/\/www.facebook.com\/RandallGutierrezDeportes\/","https:\/\/www.instagram.com\/randallgutierrezdeportes\/","https:\/\/www.youtube.com\/channel\/UCX4_qbvtnTwoF5t2zNqBDvA"]},{"@type":"Person","@id":"https:\/\/rgdeportes.com\/#\/schema\/person\/91795323fddb335a4fd017bf0e4b1358","name":"Randall Gutierrez","image":{"@type":"ImageObject","inLanguage":"es","@id":"https:\/\/rgdeportes.com\/#\/schema\/person\/image\/","url":"https:\/\/secure.gravatar.com\/avatar\/d0884ea8b9b50bcfad3c0d20049361b5?s=96&d=mm&r=g","contentUrl":"https:\/\/secure.gravatar.com\/avatar\/d0884ea8b9b50bcfad3c0d20049361b5?s=96&d=mm&r=g","caption":"Randall Gutierrez"},"url":"https:\/\/rgdeportes.com\/index.php\/author\/randall\/"}]}},"_links":{"self":[{"href":"https:\/\/rgdeportes.com\/index.php\/wp-json\/wp\/v2\/posts\/5876","targetHints":{"allow":["GET"]}}],"collection":[{"href":"https:\/\/rgdeportes.com\/index.php\/wp-json\/wp\/v2\/posts"}],"about":[{"href":"https:\/\/rgdeportes.com\/index.php\/wp-json\/wp\/v2\/types\/post"}],"author":[{"embeddable":true,"href":"https:\/\/rgdeportes.com\/index.php\/wp-json\/wp\/v2\/users\/2"}],"replies":[{"embeddable":true,"href":"https:\/\/rgdeportes.com\/index.php\/wp-json\/wp\/v2\/comments?post=5876"}],"version-history":[{"count":1,"href":"https:\/\/rgdeportes.com\/index.php\/wp-json\/wp\/v2\/posts\/5876\/revisions"}],"predecessor-version":[{"id":5879,"href":"https:\/\/rgdeportes.com\/index.php\/wp-json\/wp\/v2\/posts\/5876\/revisions\/5879"}],"wp:featuredmedia":[{"embeddable":true,"href":"https:\/\/rgdeportes.com\/index.php\/wp-json\/wp\/v2\/media\/5877"}],"wp:attachment":[{"href":"https:\/\/rgdeportes.com\/index.php\/wp-json\/wp\/v2\/media?parent=5876"}],"wp:term":[{"taxonomy":"category","embeddable":true,"href":"https:\/\/rgdeportes.com\/index.php\/wp-json\/wp\/v2\/categories?post=5876"},{"taxonomy":"post_tag","embeddable":true,"href":"https:\/\/rgdeportes.com\/index.php\/wp-json\/wp\/v2\/tags?post=5876"}],"curies":[{"name":"wp","href":"https:\/\/api.w.org\/{rel}","templated":true}]}}