{"id":5664,"date":"2023-05-12T22:38:09","date_gmt":"2023-05-12T22:38:09","guid":{"rendered":"https:\/\/rgdeportes.com\/?p=5664"},"modified":"2023-05-12T22:38:10","modified_gmt":"2023-05-12T22:38:10","slug":"tenis-de-mesa-regresa-con-el-ii-ranking-categoria-menores","status":"publish","type":"post","link":"https:\/\/rgdeportes.com\/index.php\/2023\/05\/12\/tenis-de-mesa-regresa-con-el-ii-ranking-categoria-menores\/","title":{"rendered":"Tenis de Mesa regresa con el II Ranking Categor\u00eda Menores"},"content":{"rendered":"\n<figure class=\"wp-block-image size-large\"><img loading=\"lazy\" decoding=\"async\" width=\"1024\" height=\"768\" src=\"https:\/\/rgdeportes.com\/wp-content\/uploads\/2023\/05\/RANKING-3-1024x768.jpg\" alt=\"\" class=\"wp-image-5665\" srcset=\"https:\/\/rgdeportes.com\/wp-content\/uploads\/2023\/05\/RANKING-3-1024x768.jpg 1024w, https:\/\/rgdeportes.com\/wp-content\/uploads\/2023\/05\/RANKING-3-300x225.jpg 300w, https:\/\/rgdeportes.com\/wp-content\/uploads\/2023\/05\/RANKING-3-768x576.jpg 768w, https:\/\/rgdeportes.com\/wp-content\/uploads\/2023\/05\/RANKING-3-1536x1152.jpg 1536w, https:\/\/rgdeportes.com\/wp-content\/uploads\/2023\/05\/RANKING-3.jpg 2048w\" sizes=\"auto, (max-width: 1024px) 100vw, 1024px\" \/><\/figure>\n\n\n\n<p>El <strong>Tenis de Mesa tendr\u00e1 acci\u00f3n este s\u00e1bado 13 de mayo en la Sala Nacional de Tenis de Mesa, situada en el Parque la Paz, para llevar a cabo el II Ranking Categor\u00eda Menores U-15 y U-19.<\/strong><\/p>\n\n\n\n<p>Dicha II Fecha inici\u00f3 el pasado 23 de abril con la disputa de las categor\u00edas U-9, U-11 y U-13 que cont\u00f3 con varios movimientos en los primeros cuatro puestos.<\/p>\n\n\n\n<p>Para esta oportunidad, se espera la participaci\u00f3n de varios tenimesistas provenientes de diferentes clubes y comit\u00e9s cantonales como Alajuela, Aserr\u00ed, San Jos\u00e9, P\u00e9rez Zeled\u00f3n, Santa Ana, Escaz\u00fa, Mora, Grecia, San Ram\u00f3n, San Carlos, Esparza, Puntarenas, Santa Cruz, Alajuelita, Santo Domingo, Montes de Oca, Curridabat, La Uni\u00f3n, Cartago, Jimpenez, entre otros.<\/p>\n\n\n\n<p>Algunos atletas regresan de su participaci\u00f3n en el Campeonato Centroamericano U-15 y U-19, en donde conquistaron 13 medallas 4 de Plata y 9 de Bronce por lo llegan muy motivados al igual que los dem\u00e1s tenismesistas que buscar\u00e1n superarlos con el fin de ingresar al grupo de los cuatro mejores del Ranking de Menores.<\/p>\n\n\n\n<p>Por la categor\u00eda U-15 femenino, la primera Fecha del Ranking de Menores Mar\u00eda P. Araya Aguilar de Santa Ana, Amanda Padilla Granados de P\u00e9rez Zeled\u00f3n, Valentina Arag\u00f3n Mart\u00ednez de Cartago y Diana Arguedas Alvares de Alajuela ocuparon los primeros cuatro puestos.<\/p>\n\n\n\n<figure class=\"wp-block-image size-large\"><img loading=\"lazy\" decoding=\"async\" width=\"1024\" height=\"768\" src=\"https:\/\/rgdeportes.com\/wp-content\/uploads\/2023\/05\/RANKING-4-1024x768.jpg\" alt=\"\" class=\"wp-image-5666\" srcset=\"https:\/\/rgdeportes.com\/wp-content\/uploads\/2023\/05\/RANKING-4-1024x768.jpg 1024w, https:\/\/rgdeportes.com\/wp-content\/uploads\/2023\/05\/RANKING-4-300x225.jpg 300w, https:\/\/rgdeportes.com\/wp-content\/uploads\/2023\/05\/RANKING-4-768x576.jpg 768w, https:\/\/rgdeportes.com\/wp-content\/uploads\/2023\/05\/RANKING-4-1536x1152.jpg 1536w, https:\/\/rgdeportes.com\/wp-content\/uploads\/2023\/05\/RANKING-4.jpg 2048w\" sizes=\"auto, (max-width: 1024px) 100vw, 1024px\" \/><\/figure>\n\n\n\n<p>En varones Gabriel Chaves Quir\u00f3s de Aserr\u00ed, Sebasti\u00e1n Avil\u00e9s Brenes de Esparza, Reiner Monge Arroyo de Esparza y Jos\u00e9 Mar\u00edn Garc\u00eda de Alajuela, se adue\u00f1aron de las primeras cuatro posiciones.<\/p>\n\n\n\n<p>En la categor\u00eda U-19 Femenino, Paula G\u00f3mez Calder\u00f3n de San Jos\u00e9, Victoria Castro Reyes de Alajuela, Mar\u00eda Monge Morales de P\u00e9rez Zeled\u00f3n y Mariangel G\u00f3mez Valverde de Santa Ana destacan en las primera cuatro casillas.<\/p>\n\n\n\n<p>En varones U-19 Alejandro Montoya Morera, Johnny V\u00e1squez S\u00e1nchez, ambos de Alajuela, Benjam\u00edn Paniagua de Esparza y El\u00edas Vega Reyes de Alajuela alcanzaron los primeros cuatro puestos.<\/p>\n\n\n\n<p>Todos llegan con la intenci\u00f3n de defender sus puestos por lo que se espera una lucha muy intensa por las primeras posiciones.<\/p>\n\n\n\n<p>(Fotos &#8211; FECOTEME). <\/p>\n\n\n\n<p><\/p>\n","protected":false},"excerpt":{"rendered":"<p>El Tenis de Mesa tendr\u00e1 acci\u00f3n este s\u00e1bado 13 de mayo en la Sala Nacional de Tenis de Mesa, situada en el Parque la Paz, para llevar a cabo el&hellip; <\/p>\n","protected":false},"author":2,"featured_media":5665,"comment_status":"closed","ping_status":"closed","sticky":false,"template":"","format":"standard","meta":{"om_disable_all_campaigns":false,"_monsterinsights_skip_tracking":false,"_monsterinsights_sitenote_active":false,"_monsterinsights_sitenote_note":"","_monsterinsights_sitenote_category":0,"footnotes":""},"categories":[11],"tags":[1749],"class_list":["post-5664","post","type-post","status-publish","format-standard","has-post-thumbnail","hentry","category-de","tag-rankingmenorestenismesa"],"aioseo_notices":[],"yoast_head":"<!-- This site is optimized with the Yoast SEO plugin v21.2 - https:\/\/yoast.com\/wordpress\/plugins\/seo\/ -->\n<title>Tenis de Mesa regresa con el II Ranking Categor\u00eda Menores - RG Deportes\u200e<\/title>\n<meta name=\"robots\" content=\"index, follow, max-snippet:-1, max-image-preview:large, max-video-preview:-1\" \/>\n<link rel=\"canonical\" href=\"https:\/\/rgdeportes.com\/index.php\/2023\/05\/12\/tenis-de-mesa-regresa-con-el-ii-ranking-categoria-menores\/\" \/>\n<meta property=\"og:locale\" content=\"es_ES\" \/>\n<meta property=\"og:type\" content=\"article\" \/>\n<meta property=\"og:title\" content=\"Tenis de Mesa regresa con el II Ranking Categor\u00eda Menores - RG Deportes\u200e\" \/>\n<meta property=\"og:description\" content=\"El Tenis de Mesa tendr\u00e1 acci\u00f3n este s\u00e1bado 13 de mayo en la Sala Nacional de Tenis de Mesa, situada en el Parque la Paz, para llevar a cabo el&hellip;\" \/>\n<meta property=\"og:url\" content=\"https:\/\/rgdeportes.com\/index.php\/2023\/05\/12\/tenis-de-mesa-regresa-con-el-ii-ranking-categoria-menores\/\" \/>\n<meta property=\"og:site_name\" content=\"RG Deportes\u200e\" \/>\n<meta property=\"article:publisher\" content=\"https:\/\/www.facebook.com\/RandallGutierrezDeportes\/\" \/>\n<meta property=\"article:published_time\" content=\"2023-05-12T22:38:09+00:00\" \/>\n<meta property=\"article:modified_time\" content=\"2023-05-12T22:38:10+00:00\" \/>\n<meta property=\"og:image\" content=\"http:\/\/rgdeportes.com\/wp-content\/uploads\/2023\/05\/RANKING-3.jpg\" \/>\n\t<meta property=\"og:image:width\" content=\"2048\" \/>\n\t<meta property=\"og:image:height\" content=\"1536\" \/>\n\t<meta property=\"og:image:type\" content=\"image\/jpeg\" \/>\n<meta name=\"author\" content=\"Randall Gutierrez\" \/>\n<meta name=\"twitter:card\" content=\"summary_large_image\" \/>\n<meta name=\"twitter:label1\" content=\"Escrito por\" \/>\n\t<meta name=\"twitter:data1\" content=\"Randall Gutierrez\" \/>\n\t<meta name=\"twitter:label2\" content=\"Tiempo de lectura\" \/>\n\t<meta name=\"twitter:data2\" content=\"2 minutos\" \/>\n<script type=\"application\/ld+json\" class=\"yoast-schema-graph\">{\"@context\":\"https:\/\/schema.org\",\"@graph\":[{\"@type\":\"Article\",\"@id\":\"https:\/\/rgdeportes.com\/index.php\/2023\/05\/12\/tenis-de-mesa-regresa-con-el-ii-ranking-categoria-menores\/#article\",\"isPartOf\":{\"@id\":\"https:\/\/rgdeportes.com\/index.php\/2023\/05\/12\/tenis-de-mesa-regresa-con-el-ii-ranking-categoria-menores\/\"},\"author\":{\"name\":\"Randall Gutierrez\",\"@id\":\"https:\/\/rgdeportes.com\/#\/schema\/person\/91795323fddb335a4fd017bf0e4b1358\"},\"headline\":\"Tenis de Mesa regresa con el II Ranking Categor\u00eda Menores\",\"datePublished\":\"2023-05-12T22:38:09+00:00\",\"dateModified\":\"2023-05-12T22:38:10+00:00\",\"mainEntityOfPage\":{\"@id\":\"https:\/\/rgdeportes.com\/index.php\/2023\/05\/12\/tenis-de-mesa-regresa-con-el-ii-ranking-categoria-menores\/\"},\"wordCount\":371,\"publisher\":{\"@id\":\"https:\/\/rgdeportes.com\/#organization\"},\"keywords\":[\"#RankingMenoresTenisMesa\"],\"articleSection\":[\"Deporte\"],\"inLanguage\":\"es\"},{\"@type\":\"WebPage\",\"@id\":\"https:\/\/rgdeportes.com\/index.php\/2023\/05\/12\/tenis-de-mesa-regresa-con-el-ii-ranking-categoria-menores\/\",\"url\":\"https:\/\/rgdeportes.com\/index.php\/2023\/05\/12\/tenis-de-mesa-regresa-con-el-ii-ranking-categoria-menores\/\",\"name\":\"Tenis de Mesa regresa con el II Ranking Categor\u00eda Menores - RG Deportes\u200e\",\"isPartOf\":{\"@id\":\"https:\/\/rgdeportes.com\/#website\"},\"datePublished\":\"2023-05-12T22:38:09+00:00\",\"dateModified\":\"2023-05-12T22:38:10+00:00\",\"breadcrumb\":{\"@id\":\"https:\/\/rgdeportes.com\/index.php\/2023\/05\/12\/tenis-de-mesa-regresa-con-el-ii-ranking-categoria-menores\/#breadcrumb\"},\"inLanguage\":\"es\",\"potentialAction\":[{\"@type\":\"ReadAction\",\"target\":[\"https:\/\/rgdeportes.com\/index.php\/2023\/05\/12\/tenis-de-mesa-regresa-con-el-ii-ranking-categoria-menores\/\"]}]},{\"@type\":\"BreadcrumbList\",\"@id\":\"https:\/\/rgdeportes.com\/index.php\/2023\/05\/12\/tenis-de-mesa-regresa-con-el-ii-ranking-categoria-menores\/#breadcrumb\",\"itemListElement\":[{\"@type\":\"ListItem\",\"position\":1,\"name\":\"Portada\",\"item\":\"https:\/\/rgdeportes.com\/\"},{\"@type\":\"ListItem\",\"position\":2,\"name\":\"Tenis de Mesa regresa con el II Ranking Categor\u00eda Menores\"}]},{\"@type\":\"WebSite\",\"@id\":\"https:\/\/rgdeportes.com\/#website\",\"url\":\"https:\/\/rgdeportes.com\/\",\"name\":\"RG Deportes\u200e\",\"description\":\"\",\"publisher\":{\"@id\":\"https:\/\/rgdeportes.com\/#organization\"},\"potentialAction\":[{\"@type\":\"SearchAction\",\"target\":{\"@type\":\"EntryPoint\",\"urlTemplate\":\"https:\/\/rgdeportes.com\/?s={search_term_string}\"},\"query-input\":\"required name=search_term_string\"}],\"inLanguage\":\"es\"},{\"@type\":\"Organization\",\"@id\":\"https:\/\/rgdeportes.com\/#organization\",\"name\":\"RG Deportes\",\"url\":\"https:\/\/rgdeportes.com\/\",\"logo\":{\"@type\":\"ImageObject\",\"inLanguage\":\"es\",\"@id\":\"https:\/\/rgdeportes.com\/#\/schema\/logo\/image\/\",\"url\":\"https:\/\/rgdeportes.com\/wp-content\/uploads\/2020\/09\/Logo.png\",\"contentUrl\":\"https:\/\/rgdeportes.com\/wp-content\/uploads\/2020\/09\/Logo.png\",\"width\":784,\"height\":552,\"caption\":\"RG Deportes\"},\"image\":{\"@id\":\"https:\/\/rgdeportes.com\/#\/schema\/logo\/image\/\"},\"sameAs\":[\"https:\/\/www.facebook.com\/RandallGutierrezDeportes\/\",\"https:\/\/www.instagram.com\/randallgutierrezdeportes\/\",\"https:\/\/www.youtube.com\/channel\/UCX4_qbvtnTwoF5t2zNqBDvA\"]},{\"@type\":\"Person\",\"@id\":\"https:\/\/rgdeportes.com\/#\/schema\/person\/91795323fddb335a4fd017bf0e4b1358\",\"name\":\"Randall Gutierrez\",\"image\":{\"@type\":\"ImageObject\",\"inLanguage\":\"es\",\"@id\":\"https:\/\/rgdeportes.com\/#\/schema\/person\/image\/\",\"url\":\"https:\/\/secure.gravatar.com\/avatar\/d0884ea8b9b50bcfad3c0d20049361b5?s=96&d=mm&r=g\",\"contentUrl\":\"https:\/\/secure.gravatar.com\/avatar\/d0884ea8b9b50bcfad3c0d20049361b5?s=96&d=mm&r=g\",\"caption\":\"Randall Gutierrez\"},\"url\":\"https:\/\/rgdeportes.com\/index.php\/author\/randall\/\"}]}<\/script>\n<!-- \/ Yoast SEO plugin. -->","yoast_head_json":{"title":"Tenis de Mesa regresa con el II Ranking Categor\u00eda Menores - RG Deportes\u200e","robots":{"index":"index","follow":"follow","max-snippet":"max-snippet:-1","max-image-preview":"max-image-preview:large","max-video-preview":"max-video-preview:-1"},"canonical":"https:\/\/rgdeportes.com\/index.php\/2023\/05\/12\/tenis-de-mesa-regresa-con-el-ii-ranking-categoria-menores\/","og_locale":"es_ES","og_type":"article","og_title":"Tenis de Mesa regresa con el II Ranking Categor\u00eda Menores - RG Deportes\u200e","og_description":"El Tenis de Mesa tendr\u00e1 acci\u00f3n este s\u00e1bado 13 de mayo en la Sala Nacional de Tenis de Mesa, situada en el Parque la Paz, para llevar a cabo el&hellip;","og_url":"https:\/\/rgdeportes.com\/index.php\/2023\/05\/12\/tenis-de-mesa-regresa-con-el-ii-ranking-categoria-menores\/","og_site_name":"RG Deportes\u200e","article_publisher":"https:\/\/www.facebook.com\/RandallGutierrezDeportes\/","article_published_time":"2023-05-12T22:38:09+00:00","article_modified_time":"2023-05-12T22:38:10+00:00","og_image":[{"width":2048,"height":1536,"url":"http:\/\/rgdeportes.com\/wp-content\/uploads\/2023\/05\/RANKING-3.jpg","type":"image\/jpeg"}],"author":"Randall Gutierrez","twitter_card":"summary_large_image","twitter_misc":{"Escrito por":"Randall Gutierrez","Tiempo de lectura":"2 minutos"},"schema":{"@context":"https:\/\/schema.org","@graph":[{"@type":"Article","@id":"https:\/\/rgdeportes.com\/index.php\/2023\/05\/12\/tenis-de-mesa-regresa-con-el-ii-ranking-categoria-menores\/#article","isPartOf":{"@id":"https:\/\/rgdeportes.com\/index.php\/2023\/05\/12\/tenis-de-mesa-regresa-con-el-ii-ranking-categoria-menores\/"},"author":{"name":"Randall Gutierrez","@id":"https:\/\/rgdeportes.com\/#\/schema\/person\/91795323fddb335a4fd017bf0e4b1358"},"headline":"Tenis de Mesa regresa con el II Ranking Categor\u00eda Menores","datePublished":"2023-05-12T22:38:09+00:00","dateModified":"2023-05-12T22:38:10+00:00","mainEntityOfPage":{"@id":"https:\/\/rgdeportes.com\/index.php\/2023\/05\/12\/tenis-de-mesa-regresa-con-el-ii-ranking-categoria-menores\/"},"wordCount":371,"publisher":{"@id":"https:\/\/rgdeportes.com\/#organization"},"keywords":["#RankingMenoresTenisMesa"],"articleSection":["Deporte"],"inLanguage":"es"},{"@type":"WebPage","@id":"https:\/\/rgdeportes.com\/index.php\/2023\/05\/12\/tenis-de-mesa-regresa-con-el-ii-ranking-categoria-menores\/","url":"https:\/\/rgdeportes.com\/index.php\/2023\/05\/12\/tenis-de-mesa-regresa-con-el-ii-ranking-categoria-menores\/","name":"Tenis de Mesa regresa con el II Ranking Categor\u00eda Menores - RG Deportes\u200e","isPartOf":{"@id":"https:\/\/rgdeportes.com\/#website"},"datePublished":"2023-05-12T22:38:09+00:00","dateModified":"2023-05-12T22:38:10+00:00","breadcrumb":{"@id":"https:\/\/rgdeportes.com\/index.php\/2023\/05\/12\/tenis-de-mesa-regresa-con-el-ii-ranking-categoria-menores\/#breadcrumb"},"inLanguage":"es","potentialAction":[{"@type":"ReadAction","target":["https:\/\/rgdeportes.com\/index.php\/2023\/05\/12\/tenis-de-mesa-regresa-con-el-ii-ranking-categoria-menores\/"]}]},{"@type":"BreadcrumbList","@id":"https:\/\/rgdeportes.com\/index.php\/2023\/05\/12\/tenis-de-mesa-regresa-con-el-ii-ranking-categoria-menores\/#breadcrumb","itemListElement":[{"@type":"ListItem","position":1,"name":"Portada","item":"https:\/\/rgdeportes.com\/"},{"@type":"ListItem","position":2,"name":"Tenis de Mesa regresa con el II Ranking Categor\u00eda Menores"}]},{"@type":"WebSite","@id":"https:\/\/rgdeportes.com\/#website","url":"https:\/\/rgdeportes.com\/","name":"RG Deportes\u200e","description":"","publisher":{"@id":"https:\/\/rgdeportes.com\/#organization"},"potentialAction":[{"@type":"SearchAction","target":{"@type":"EntryPoint","urlTemplate":"https:\/\/rgdeportes.com\/?s={search_term_string}"},"query-input":"required name=search_term_string"}],"inLanguage":"es"},{"@type":"Organization","@id":"https:\/\/rgdeportes.com\/#organization","name":"RG Deportes","url":"https:\/\/rgdeportes.com\/","logo":{"@type":"ImageObject","inLanguage":"es","@id":"https:\/\/rgdeportes.com\/#\/schema\/logo\/image\/","url":"https:\/\/rgdeportes.com\/wp-content\/uploads\/2020\/09\/Logo.png","contentUrl":"https:\/\/rgdeportes.com\/wp-content\/uploads\/2020\/09\/Logo.png","width":784,"height":552,"caption":"RG Deportes"},"image":{"@id":"https:\/\/rgdeportes.com\/#\/schema\/logo\/image\/"},"sameAs":["https:\/\/www.facebook.com\/RandallGutierrezDeportes\/","https:\/\/www.instagram.com\/randallgutierrezdeportes\/","https:\/\/www.youtube.com\/channel\/UCX4_qbvtnTwoF5t2zNqBDvA"]},{"@type":"Person","@id":"https:\/\/rgdeportes.com\/#\/schema\/person\/91795323fddb335a4fd017bf0e4b1358","name":"Randall Gutierrez","image":{"@type":"ImageObject","inLanguage":"es","@id":"https:\/\/rgdeportes.com\/#\/schema\/person\/image\/","url":"https:\/\/secure.gravatar.com\/avatar\/d0884ea8b9b50bcfad3c0d20049361b5?s=96&d=mm&r=g","contentUrl":"https:\/\/secure.gravatar.com\/avatar\/d0884ea8b9b50bcfad3c0d20049361b5?s=96&d=mm&r=g","caption":"Randall Gutierrez"},"url":"https:\/\/rgdeportes.com\/index.php\/author\/randall\/"}]}},"_links":{"self":[{"href":"https:\/\/rgdeportes.com\/index.php\/wp-json\/wp\/v2\/posts\/5664","targetHints":{"allow":["GET"]}}],"collection":[{"href":"https:\/\/rgdeportes.com\/index.php\/wp-json\/wp\/v2\/posts"}],"about":[{"href":"https:\/\/rgdeportes.com\/index.php\/wp-json\/wp\/v2\/types\/post"}],"author":[{"embeddable":true,"href":"https:\/\/rgdeportes.com\/index.php\/wp-json\/wp\/v2\/users\/2"}],"replies":[{"embeddable":true,"href":"https:\/\/rgdeportes.com\/index.php\/wp-json\/wp\/v2\/comments?post=5664"}],"version-history":[{"count":1,"href":"https:\/\/rgdeportes.com\/index.php\/wp-json\/wp\/v2\/posts\/5664\/revisions"}],"predecessor-version":[{"id":5667,"href":"https:\/\/rgdeportes.com\/index.php\/wp-json\/wp\/v2\/posts\/5664\/revisions\/5667"}],"wp:featuredmedia":[{"embeddable":true,"href":"https:\/\/rgdeportes.com\/index.php\/wp-json\/wp\/v2\/media\/5665"}],"wp:attachment":[{"href":"https:\/\/rgdeportes.com\/index.php\/wp-json\/wp\/v2\/media?parent=5664"}],"wp:term":[{"taxonomy":"category","embeddable":true,"href":"https:\/\/rgdeportes.com\/index.php\/wp-json\/wp\/v2\/categories?post=5664"},{"taxonomy":"post_tag","embeddable":true,"href":"https:\/\/rgdeportes.com\/index.php\/wp-json\/wp\/v2\/tags?post=5664"}],"curies":[{"name":"wp","href":"https:\/\/api.w.org\/{rel}","templated":true}]}}