{"id":5660,"date":"2023-05-12T22:04:33","date_gmt":"2023-05-12T22:04:33","guid":{"rendered":"https:\/\/rgdeportes.com\/?p=5660"},"modified":"2023-05-12T22:04:33","modified_gmt":"2023-05-12T22:04:33","slug":"costa-rica-sede-de-la-copa-internacional-de-estrellas-de-la-gimnasia","status":"publish","type":"post","link":"https:\/\/rgdeportes.com\/index.php\/2023\/05\/12\/costa-rica-sede-de-la-copa-internacional-de-estrellas-de-la-gimnasia\/","title":{"rendered":"Costa Rica sede de la Copa Internacional de Estrellas de la Gimnasia"},"content":{"rendered":"\n<figure class=\"wp-block-image size-full\"><img loading=\"lazy\" decoding=\"async\" width=\"1024\" height=\"682\" src=\"https:\/\/rgdeportes.com\/wp-content\/uploads\/2023\/05\/CopaEstrellasGimnasTicas-3.jpg\" alt=\"\" class=\"wp-image-5661\" srcset=\"https:\/\/rgdeportes.com\/wp-content\/uploads\/2023\/05\/CopaEstrellasGimnasTicas-3.jpg 1024w, https:\/\/rgdeportes.com\/wp-content\/uploads\/2023\/05\/CopaEstrellasGimnasTicas-3-300x200.jpg 300w, https:\/\/rgdeportes.com\/wp-content\/uploads\/2023\/05\/CopaEstrellasGimnasTicas-3-768x512.jpg 768w\" sizes=\"auto, (max-width: 1024px) 100vw, 1024px\" \/><\/figure>\n\n\n\n<p>Costa Rica albergar\u00e1 cerca de 700 atletas para llevar a cabo la <strong>Copa Internacional de Estrellas Gimnas-Ticas 2023 <\/strong>la misma tiene pactada su fecha del <strong>6 al 11 de junio en el Colegio Saint Jude<\/strong> <strong>en la localidad de Santa Ana.<\/strong><\/p>\n\n\n\n<p>Esta ser\u00e1 la edici\u00f3n 19de esta Copa y tendr\u00e1n la participaci\u00f3n de al menos 15 pa\u00edses de Am\u00e9rica.<\/p>\n\n\n\n<p>Tras tres a\u00f1os de no realizarse debido a la pandemia por Covid-19, Costa Rica ser\u00e1 nuevamente sede de la <a href=\"https:\/\/www.clubcarbonell.com\/estrellas_gimnaticas_2023.html\">Copa Internacional de Gimnasia Art\u00edstica Estrellas Gimnas-Ticas<\/a>, organizada por el <a href=\"https:\/\/www.clubcarbonell.com\/\">Club Gimn\u00e1stico Carbonell<\/a>.<\/p>\n\n\n\n<p>Esta Copa es un evento que re\u00fane delegaciones internacionales de diferentes pa\u00edses de la regi\u00f3n. Su primera edici\u00f3n se realiz\u00f3 en el a\u00f1o 2001, con el principal objetivo de darle la posibilidad a los gimnastas costarricenses de participar en un evento internacional, al menos, una vez al a\u00f1o, sin necesidad de que tuvieran que salir del pa\u00eds. La intenci\u00f3n es brindarles una plataforma para que tuvieran roce internacional y se preparasen para otras competencias globales.<\/p>\n\n\n\n<p><strong>Muchas delegaciones dicen presente <\/strong><\/p>\n\n\n\n<figure class=\"wp-block-image size-full\"><img loading=\"lazy\" decoding=\"async\" width=\"1024\" height=\"768\" src=\"https:\/\/rgdeportes.com\/wp-content\/uploads\/2023\/05\/CopaEstrellasGimnasTicas-4.jpg\" alt=\"\" class=\"wp-image-5662\" srcset=\"https:\/\/rgdeportes.com\/wp-content\/uploads\/2023\/05\/CopaEstrellasGimnasTicas-4.jpg 1024w, https:\/\/rgdeportes.com\/wp-content\/uploads\/2023\/05\/CopaEstrellasGimnasTicas-4-300x225.jpg 300w, https:\/\/rgdeportes.com\/wp-content\/uploads\/2023\/05\/CopaEstrellasGimnasTicas-4-768x576.jpg 768w\" sizes=\"auto, (max-width: 1024px) 100vw, 1024px\" \/><\/figure>\n\n\n\n<p>De acuerdo con Carlos Carbonell, co-organizador de la Copa y fundador del Club Gimn\u00e1stico Carbonell, para esta edici\u00f3n se contar\u00e1 con la presencia de delegaciones de Costa Rica, Ecuador, Per\u00fa, Guatemala, Honduras, M\u00e9xico, Estados Unidos, Panam\u00e1, Nicaragua, El Salvador, Argentina, Chile, Venezuela, Trinidad y Tobago, Estados Unidos, Rep\u00fablica Dominicana, Bolivia, Colombia y Chile. Adem\u00e1s, en total, se espera la participaci\u00f3n de entre 500 y 700 atletas entre los 5 y los 32 a\u00f1os de edad.<\/p>\n\n\n\n<p>\u201cLa caracter\u00edstica de esta competencia es interclub. Por lo tanto, pueden participar todos los clubes que est\u00e1n federados de todos estos pa\u00edses que ya han confirmado su participaci\u00f3n\u201d, recalc\u00f3 Carbonell. Adem\u00e1s, a\u00f1adi\u00f3, las inscripciones de los equipos y atletas finalizar\u00e1 el pr\u00f3ximo 13 de mayo.<\/p>\n\n\n\n<p><strong>Din\u00e1mica de la competencia<\/strong><\/p>\n\n\n\n<p>Luisa G\u00f3mez, co-organizadora de la Copa, explic\u00f3 que la competencia ser\u00e1 de gimnasia art\u00edstica masculina y femenina en tres niveles. Estos ser\u00e1n: Xcel, Fig y USAG, tanto para masculino como femenino.<\/p>\n\n\n\n<p>La competici\u00f3n iniciar\u00e1 el d\u00eda 6 de junio y finalizar\u00e1 el 11 del mismo mes. En los cuatro d\u00edas, las competencias se desarrollar\u00e1n desde las 8:00 a.m. hasta las 8:00 p.m.<\/p>\n\n\n\n<p>\u201cDe acuerdo con la cantidad de atletas que se inscriban, se iniciar\u00e1 por las categor\u00edas y niveles inferiores, terminando con las categor\u00edas y niveles superiores. En la rama femenino participar\u00e1n a partir del nivel 1 hasta nivel Fig. En la rama masculina, lo har\u00e1n a partir del nivel 3 hasta nivel Fig\u201d, coment\u00f3 G\u00f3mez.<\/p>\n\n\n\n<p>A\u00f1adi\u00f3 que para los atletas que est\u00e1n iniciando recientemente en la gimnasia, se incluy\u00f3 una categor\u00eda de promoci\u00f3n tanto en femenino como masculino. Con ello, mencion\u00f3 la co-organizadora de la Copa Estrellas Gimnas-Ticas, se busca darles la oportunidad de participar a aquellos ni\u00f1os que tienen aspiraciones y sue\u00f1os de hacer gimnasia y competir en un torneo internacional.<\/p>\n\n\n\n<p>Por su parte, Carbonell mencion\u00f3 que, conforme se han realizado cada edici\u00f3n de la Copa, se ha notado una evoluci\u00f3n constante en la calidad y nivel competitivo de los atletas que participan en ella.<\/p>\n\n\n\n<p>\u201cPara los gimnastas costarricenses, la Copa Estrellas Gimnas-Ticas se transforma en una forma de proyectarse a nivel nacional e internacional, sobre todo. Esto porque, la preparaci\u00f3n que realizan los atletas para dar su mejor actuaci\u00f3n, es muy alta, lo que los lleva a mejorar bastante su nivel. El roce con atletas internacionales, tambi\u00e9n les permite compartir experiencias y conocimientos que los fortalece. Adem\u00e1s, se logra colocar a Costa Rica como un pa\u00eds referente en este tipo de eventos y competiciones\u201d, mencion\u00f3 Carbonell.<\/p>\n\n\n\n<p>Como uno de los hitos de la Copa Estrellas Gimnas-Ticas, esta fue la primera competencia internacional de Danell Leiva, medallista ol\u00edmpico de la selecci\u00f3n de Estados Unidos en Londres 2012 y R\u00edo 2016.<\/p>\n\n\n\n<p>Adem\u00e1s, en la Copa han competido numerosos gimnastas de todo el continente que se convirtieron en atletas ol\u00edmpicos, incluida la selecci\u00f3n de Cuba liderada por Manrique Larduet, subcampe\u00f3n mundial en Glasgow 2015.<\/p>\n\n\n\n<p>Entre las novedades que trae la edici\u00f3n 19 de la Copa Estrellas Gimnas-Ticas, Carbonell coment\u00f3 que incorporaron mejoras tecnol\u00f3gicas en varias \u00e1reas de la competencia. Entre ellas, En la parte de calificaciones y en los implementos que se estar\u00e1n utilizando durante la Copa.<\/p>\n","protected":false},"excerpt":{"rendered":"<p>Costa Rica albergar\u00e1 cerca de 700 atletas para llevar a cabo la Copa Internacional de Estrellas Gimnas-Ticas 2023 la misma tiene pactada su fecha del 6 al 11 de junio&hellip; <\/p>\n","protected":false},"author":2,"featured_media":5661,"comment_status":"closed","ping_status":"closed","sticky":false,"template":"","format":"standard","meta":{"om_disable_all_campaigns":false,"_monsterinsights_skip_tracking":false,"_monsterinsights_sitenote_active":false,"_monsterinsights_sitenote_note":"","_monsterinsights_sitenote_category":0,"footnotes":""},"categories":[10],"tags":[1748],"class_list":["post-5660","post","type-post","status-publish","format-standard","has-post-thumbnail","hentry","category-in","tag-copagimnastica2023"],"aioseo_notices":[],"yoast_head":"<!-- This site is optimized with the Yoast SEO plugin v21.2 - https:\/\/yoast.com\/wordpress\/plugins\/seo\/ -->\n<title>Costa Rica sede de la Copa Internacional de Estrellas de la Gimnasia - RG Deportes\u200e<\/title>\n<meta name=\"robots\" content=\"index, follow, max-snippet:-1, max-image-preview:large, max-video-preview:-1\" \/>\n<link rel=\"canonical\" href=\"https:\/\/rgdeportes.com\/index.php\/2023\/05\/12\/costa-rica-sede-de-la-copa-internacional-de-estrellas-de-la-gimnasia\/\" \/>\n<meta property=\"og:locale\" content=\"es_ES\" \/>\n<meta property=\"og:type\" content=\"article\" \/>\n<meta property=\"og:title\" content=\"Costa Rica sede de la Copa Internacional de Estrellas de la Gimnasia - RG Deportes\u200e\" \/>\n<meta property=\"og:description\" content=\"Costa Rica albergar\u00e1 cerca de 700 atletas para llevar a cabo la Copa Internacional de Estrellas Gimnas-Ticas 2023 la misma tiene pactada su fecha del 6 al 11 de junio&hellip;\" \/>\n<meta property=\"og:url\" content=\"https:\/\/rgdeportes.com\/index.php\/2023\/05\/12\/costa-rica-sede-de-la-copa-internacional-de-estrellas-de-la-gimnasia\/\" \/>\n<meta property=\"og:site_name\" content=\"RG Deportes\u200e\" \/>\n<meta property=\"article:publisher\" content=\"https:\/\/www.facebook.com\/RandallGutierrezDeportes\/\" \/>\n<meta property=\"article:published_time\" content=\"2023-05-12T22:04:33+00:00\" \/>\n<meta property=\"og:image\" content=\"http:\/\/rgdeportes.com\/wp-content\/uploads\/2023\/05\/CopaEstrellasGimnasTicas-3.jpg\" \/>\n\t<meta property=\"og:image:width\" content=\"1024\" \/>\n\t<meta property=\"og:image:height\" content=\"682\" \/>\n\t<meta property=\"og:image:type\" content=\"image\/jpeg\" \/>\n<meta name=\"author\" content=\"Randall Gutierrez\" \/>\n<meta name=\"twitter:card\" content=\"summary_large_image\" \/>\n<meta name=\"twitter:label1\" content=\"Escrito por\" \/>\n\t<meta name=\"twitter:data1\" content=\"Randall Gutierrez\" \/>\n\t<meta name=\"twitter:label2\" content=\"Tiempo de lectura\" \/>\n\t<meta name=\"twitter:data2\" content=\"4 minutos\" \/>\n<script type=\"application\/ld+json\" class=\"yoast-schema-graph\">{\"@context\":\"https:\/\/schema.org\",\"@graph\":[{\"@type\":\"Article\",\"@id\":\"https:\/\/rgdeportes.com\/index.php\/2023\/05\/12\/costa-rica-sede-de-la-copa-internacional-de-estrellas-de-la-gimnasia\/#article\",\"isPartOf\":{\"@id\":\"https:\/\/rgdeportes.com\/index.php\/2023\/05\/12\/costa-rica-sede-de-la-copa-internacional-de-estrellas-de-la-gimnasia\/\"},\"author\":{\"name\":\"Randall Gutierrez\",\"@id\":\"https:\/\/rgdeportes.com\/#\/schema\/person\/91795323fddb335a4fd017bf0e4b1358\"},\"headline\":\"Costa Rica sede de la Copa Internacional de Estrellas de la Gimnasia\",\"datePublished\":\"2023-05-12T22:04:33+00:00\",\"dateModified\":\"2023-05-12T22:04:33+00:00\",\"mainEntityOfPage\":{\"@id\":\"https:\/\/rgdeportes.com\/index.php\/2023\/05\/12\/costa-rica-sede-de-la-copa-internacional-de-estrellas-de-la-gimnasia\/\"},\"wordCount\":750,\"publisher\":{\"@id\":\"https:\/\/rgdeportes.com\/#organization\"},\"keywords\":[\"#CopaGimnastica2023\"],\"articleSection\":[\"Internacionales\"],\"inLanguage\":\"es\"},{\"@type\":\"WebPage\",\"@id\":\"https:\/\/rgdeportes.com\/index.php\/2023\/05\/12\/costa-rica-sede-de-la-copa-internacional-de-estrellas-de-la-gimnasia\/\",\"url\":\"https:\/\/rgdeportes.com\/index.php\/2023\/05\/12\/costa-rica-sede-de-la-copa-internacional-de-estrellas-de-la-gimnasia\/\",\"name\":\"Costa Rica sede de la Copa Internacional de Estrellas de la Gimnasia - RG Deportes\u200e\",\"isPartOf\":{\"@id\":\"https:\/\/rgdeportes.com\/#website\"},\"datePublished\":\"2023-05-12T22:04:33+00:00\",\"dateModified\":\"2023-05-12T22:04:33+00:00\",\"breadcrumb\":{\"@id\":\"https:\/\/rgdeportes.com\/index.php\/2023\/05\/12\/costa-rica-sede-de-la-copa-internacional-de-estrellas-de-la-gimnasia\/#breadcrumb\"},\"inLanguage\":\"es\",\"potentialAction\":[{\"@type\":\"ReadAction\",\"target\":[\"https:\/\/rgdeportes.com\/index.php\/2023\/05\/12\/costa-rica-sede-de-la-copa-internacional-de-estrellas-de-la-gimnasia\/\"]}]},{\"@type\":\"BreadcrumbList\",\"@id\":\"https:\/\/rgdeportes.com\/index.php\/2023\/05\/12\/costa-rica-sede-de-la-copa-internacional-de-estrellas-de-la-gimnasia\/#breadcrumb\",\"itemListElement\":[{\"@type\":\"ListItem\",\"position\":1,\"name\":\"Portada\",\"item\":\"https:\/\/rgdeportes.com\/\"},{\"@type\":\"ListItem\",\"position\":2,\"name\":\"Costa Rica sede de la Copa Internacional de Estrellas de la Gimnasia\"}]},{\"@type\":\"WebSite\",\"@id\":\"https:\/\/rgdeportes.com\/#website\",\"url\":\"https:\/\/rgdeportes.com\/\",\"name\":\"RG Deportes\u200e\",\"description\":\"\",\"publisher\":{\"@id\":\"https:\/\/rgdeportes.com\/#organization\"},\"potentialAction\":[{\"@type\":\"SearchAction\",\"target\":{\"@type\":\"EntryPoint\",\"urlTemplate\":\"https:\/\/rgdeportes.com\/?s={search_term_string}\"},\"query-input\":\"required name=search_term_string\"}],\"inLanguage\":\"es\"},{\"@type\":\"Organization\",\"@id\":\"https:\/\/rgdeportes.com\/#organization\",\"name\":\"RG Deportes\",\"url\":\"https:\/\/rgdeportes.com\/\",\"logo\":{\"@type\":\"ImageObject\",\"inLanguage\":\"es\",\"@id\":\"https:\/\/rgdeportes.com\/#\/schema\/logo\/image\/\",\"url\":\"https:\/\/rgdeportes.com\/wp-content\/uploads\/2020\/09\/Logo.png\",\"contentUrl\":\"https:\/\/rgdeportes.com\/wp-content\/uploads\/2020\/09\/Logo.png\",\"width\":784,\"height\":552,\"caption\":\"RG Deportes\"},\"image\":{\"@id\":\"https:\/\/rgdeportes.com\/#\/schema\/logo\/image\/\"},\"sameAs\":[\"https:\/\/www.facebook.com\/RandallGutierrezDeportes\/\",\"https:\/\/www.instagram.com\/randallgutierrezdeportes\/\",\"https:\/\/www.youtube.com\/channel\/UCX4_qbvtnTwoF5t2zNqBDvA\"]},{\"@type\":\"Person\",\"@id\":\"https:\/\/rgdeportes.com\/#\/schema\/person\/91795323fddb335a4fd017bf0e4b1358\",\"name\":\"Randall Gutierrez\",\"image\":{\"@type\":\"ImageObject\",\"inLanguage\":\"es\",\"@id\":\"https:\/\/rgdeportes.com\/#\/schema\/person\/image\/\",\"url\":\"https:\/\/secure.gravatar.com\/avatar\/d0884ea8b9b50bcfad3c0d20049361b5?s=96&d=mm&r=g\",\"contentUrl\":\"https:\/\/secure.gravatar.com\/avatar\/d0884ea8b9b50bcfad3c0d20049361b5?s=96&d=mm&r=g\",\"caption\":\"Randall Gutierrez\"},\"url\":\"https:\/\/rgdeportes.com\/index.php\/author\/randall\/\"}]}<\/script>\n<!-- \/ Yoast SEO plugin. -->","yoast_head_json":{"title":"Costa Rica sede de la Copa Internacional de Estrellas de la Gimnasia - RG Deportes\u200e","robots":{"index":"index","follow":"follow","max-snippet":"max-snippet:-1","max-image-preview":"max-image-preview:large","max-video-preview":"max-video-preview:-1"},"canonical":"https:\/\/rgdeportes.com\/index.php\/2023\/05\/12\/costa-rica-sede-de-la-copa-internacional-de-estrellas-de-la-gimnasia\/","og_locale":"es_ES","og_type":"article","og_title":"Costa Rica sede de la Copa Internacional de Estrellas de la Gimnasia - RG Deportes\u200e","og_description":"Costa Rica albergar\u00e1 cerca de 700 atletas para llevar a cabo la Copa Internacional de Estrellas Gimnas-Ticas 2023 la misma tiene pactada su fecha del 6 al 11 de junio&hellip;","og_url":"https:\/\/rgdeportes.com\/index.php\/2023\/05\/12\/costa-rica-sede-de-la-copa-internacional-de-estrellas-de-la-gimnasia\/","og_site_name":"RG Deportes\u200e","article_publisher":"https:\/\/www.facebook.com\/RandallGutierrezDeportes\/","article_published_time":"2023-05-12T22:04:33+00:00","og_image":[{"width":1024,"height":682,"url":"http:\/\/rgdeportes.com\/wp-content\/uploads\/2023\/05\/CopaEstrellasGimnasTicas-3.jpg","type":"image\/jpeg"}],"author":"Randall Gutierrez","twitter_card":"summary_large_image","twitter_misc":{"Escrito por":"Randall Gutierrez","Tiempo de lectura":"4 minutos"},"schema":{"@context":"https:\/\/schema.org","@graph":[{"@type":"Article","@id":"https:\/\/rgdeportes.com\/index.php\/2023\/05\/12\/costa-rica-sede-de-la-copa-internacional-de-estrellas-de-la-gimnasia\/#article","isPartOf":{"@id":"https:\/\/rgdeportes.com\/index.php\/2023\/05\/12\/costa-rica-sede-de-la-copa-internacional-de-estrellas-de-la-gimnasia\/"},"author":{"name":"Randall Gutierrez","@id":"https:\/\/rgdeportes.com\/#\/schema\/person\/91795323fddb335a4fd017bf0e4b1358"},"headline":"Costa Rica sede de la Copa Internacional de Estrellas de la Gimnasia","datePublished":"2023-05-12T22:04:33+00:00","dateModified":"2023-05-12T22:04:33+00:00","mainEntityOfPage":{"@id":"https:\/\/rgdeportes.com\/index.php\/2023\/05\/12\/costa-rica-sede-de-la-copa-internacional-de-estrellas-de-la-gimnasia\/"},"wordCount":750,"publisher":{"@id":"https:\/\/rgdeportes.com\/#organization"},"keywords":["#CopaGimnastica2023"],"articleSection":["Internacionales"],"inLanguage":"es"},{"@type":"WebPage","@id":"https:\/\/rgdeportes.com\/index.php\/2023\/05\/12\/costa-rica-sede-de-la-copa-internacional-de-estrellas-de-la-gimnasia\/","url":"https:\/\/rgdeportes.com\/index.php\/2023\/05\/12\/costa-rica-sede-de-la-copa-internacional-de-estrellas-de-la-gimnasia\/","name":"Costa Rica sede de la Copa Internacional de Estrellas de la Gimnasia - RG Deportes\u200e","isPartOf":{"@id":"https:\/\/rgdeportes.com\/#website"},"datePublished":"2023-05-12T22:04:33+00:00","dateModified":"2023-05-12T22:04:33+00:00","breadcrumb":{"@id":"https:\/\/rgdeportes.com\/index.php\/2023\/05\/12\/costa-rica-sede-de-la-copa-internacional-de-estrellas-de-la-gimnasia\/#breadcrumb"},"inLanguage":"es","potentialAction":[{"@type":"ReadAction","target":["https:\/\/rgdeportes.com\/index.php\/2023\/05\/12\/costa-rica-sede-de-la-copa-internacional-de-estrellas-de-la-gimnasia\/"]}]},{"@type":"BreadcrumbList","@id":"https:\/\/rgdeportes.com\/index.php\/2023\/05\/12\/costa-rica-sede-de-la-copa-internacional-de-estrellas-de-la-gimnasia\/#breadcrumb","itemListElement":[{"@type":"ListItem","position":1,"name":"Portada","item":"https:\/\/rgdeportes.com\/"},{"@type":"ListItem","position":2,"name":"Costa Rica sede de la Copa Internacional de Estrellas de la Gimnasia"}]},{"@type":"WebSite","@id":"https:\/\/rgdeportes.com\/#website","url":"https:\/\/rgdeportes.com\/","name":"RG Deportes\u200e","description":"","publisher":{"@id":"https:\/\/rgdeportes.com\/#organization"},"potentialAction":[{"@type":"SearchAction","target":{"@type":"EntryPoint","urlTemplate":"https:\/\/rgdeportes.com\/?s={search_term_string}"},"query-input":"required name=search_term_string"}],"inLanguage":"es"},{"@type":"Organization","@id":"https:\/\/rgdeportes.com\/#organization","name":"RG Deportes","url":"https:\/\/rgdeportes.com\/","logo":{"@type":"ImageObject","inLanguage":"es","@id":"https:\/\/rgdeportes.com\/#\/schema\/logo\/image\/","url":"https:\/\/rgdeportes.com\/wp-content\/uploads\/2020\/09\/Logo.png","contentUrl":"https:\/\/rgdeportes.com\/wp-content\/uploads\/2020\/09\/Logo.png","width":784,"height":552,"caption":"RG Deportes"},"image":{"@id":"https:\/\/rgdeportes.com\/#\/schema\/logo\/image\/"},"sameAs":["https:\/\/www.facebook.com\/RandallGutierrezDeportes\/","https:\/\/www.instagram.com\/randallgutierrezdeportes\/","https:\/\/www.youtube.com\/channel\/UCX4_qbvtnTwoF5t2zNqBDvA"]},{"@type":"Person","@id":"https:\/\/rgdeportes.com\/#\/schema\/person\/91795323fddb335a4fd017bf0e4b1358","name":"Randall Gutierrez","image":{"@type":"ImageObject","inLanguage":"es","@id":"https:\/\/rgdeportes.com\/#\/schema\/person\/image\/","url":"https:\/\/secure.gravatar.com\/avatar\/d0884ea8b9b50bcfad3c0d20049361b5?s=96&d=mm&r=g","contentUrl":"https:\/\/secure.gravatar.com\/avatar\/d0884ea8b9b50bcfad3c0d20049361b5?s=96&d=mm&r=g","caption":"Randall Gutierrez"},"url":"https:\/\/rgdeportes.com\/index.php\/author\/randall\/"}]}},"_links":{"self":[{"href":"https:\/\/rgdeportes.com\/index.php\/wp-json\/wp\/v2\/posts\/5660","targetHints":{"allow":["GET"]}}],"collection":[{"href":"https:\/\/rgdeportes.com\/index.php\/wp-json\/wp\/v2\/posts"}],"about":[{"href":"https:\/\/rgdeportes.com\/index.php\/wp-json\/wp\/v2\/types\/post"}],"author":[{"embeddable":true,"href":"https:\/\/rgdeportes.com\/index.php\/wp-json\/wp\/v2\/users\/2"}],"replies":[{"embeddable":true,"href":"https:\/\/rgdeportes.com\/index.php\/wp-json\/wp\/v2\/comments?post=5660"}],"version-history":[{"count":1,"href":"https:\/\/rgdeportes.com\/index.php\/wp-json\/wp\/v2\/posts\/5660\/revisions"}],"predecessor-version":[{"id":5663,"href":"https:\/\/rgdeportes.com\/index.php\/wp-json\/wp\/v2\/posts\/5660\/revisions\/5663"}],"wp:featuredmedia":[{"embeddable":true,"href":"https:\/\/rgdeportes.com\/index.php\/wp-json\/wp\/v2\/media\/5661"}],"wp:attachment":[{"href":"https:\/\/rgdeportes.com\/index.php\/wp-json\/wp\/v2\/media?parent=5660"}],"wp:term":[{"taxonomy":"category","embeddable":true,"href":"https:\/\/rgdeportes.com\/index.php\/wp-json\/wp\/v2\/categories?post=5660"},{"taxonomy":"post_tag","embeddable":true,"href":"https:\/\/rgdeportes.com\/index.php\/wp-json\/wp\/v2\/tags?post=5660"}],"curies":[{"name":"wp","href":"https:\/\/api.w.org\/{rel}","templated":true}]}}