{"id":5649,"date":"2023-05-11T03:53:08","date_gmt":"2023-05-11T03:53:08","guid":{"rendered":"https:\/\/rgdeportes.com\/?p=5649"},"modified":"2023-05-11T03:53:09","modified_gmt":"2023-05-11T03:53:09","slug":"nuevamente-marcel-hernandez-le-arruina-la-celebracion-a-su-ex-equipo-alajuelense","status":"publish","type":"post","link":"https:\/\/rgdeportes.com\/index.php\/2023\/05\/11\/nuevamente-marcel-hernandez-le-arruina-la-celebracion-a-su-ex-equipo-alajuelense\/","title":{"rendered":"Nuevamente Marcel Hern\u00e1ndez le arruina la celebraci\u00f3n a su ex equipo Alajuelense"},"content":{"rendered":"\n<figure class=\"wp-block-image size-large\"><img loading=\"lazy\" decoding=\"async\" width=\"1024\" height=\"682\" src=\"https:\/\/rgdeportes.com\/wp-content\/uploads\/2023\/05\/WhatsApp-Image-2023-05-10-at-8.49.09-PM-1-1024x682.jpeg\" alt=\"\" class=\"wp-image-5651\" srcset=\"https:\/\/rgdeportes.com\/wp-content\/uploads\/2023\/05\/WhatsApp-Image-2023-05-10-at-8.49.09-PM-1-1024x682.jpeg 1024w, https:\/\/rgdeportes.com\/wp-content\/uploads\/2023\/05\/WhatsApp-Image-2023-05-10-at-8.49.09-PM-1-300x200.jpeg 300w, https:\/\/rgdeportes.com\/wp-content\/uploads\/2023\/05\/WhatsApp-Image-2023-05-10-at-8.49.09-PM-1-768x512.jpeg 768w, https:\/\/rgdeportes.com\/wp-content\/uploads\/2023\/05\/WhatsApp-Image-2023-05-10-at-8.49.09-PM-1-1536x1023.jpeg 1536w, https:\/\/rgdeportes.com\/wp-content\/uploads\/2023\/05\/WhatsApp-Image-2023-05-10-at-8.49.09-PM-1.jpeg 1600w\" sizes=\"auto, (max-width: 1024px) 100vw, 1024px\" \/><\/figure>\n\n\n\n<p>Noche de semifinales en el \u201cFello\u201d Meza el primer duelo de esta etapa. Los protagonistas <strong>Cartagin\u00e9s<\/strong> y <strong>Alajuelense<\/strong> una provincia brumosa que presagiaba una noche de futbol nacional.<\/p>\n\n\n\n<p>En las primeras acciones Alajuelense demostr\u00f3 que su consigna era buscar el partido mientras los locales esperaban con un juego m\u00e1s reservado.<\/p>\n\n\n\n<p>Alajuelense se adelantar\u00eda en el marcador con un <strong>gol maradoniano<\/strong> de su siempre efectivo extremo Carlos Mora.<\/p>\n\n\n\n<p>La afici\u00f3n brumosa no dejaba de alentar al ritmo de cantos emblem\u00e1ticos de la centenaria instituci\u00f3n. El siempre goleador <strong>Marcel Hern\u00e1ndez<\/strong> le dar\u00eda la paridad en el marcador a su equipo y una vez m\u00e1s afloraba en el coraz\u00f3n de los manudos la historia de un ex.<\/p>\n\n\n\n<p>El juego mantuvo a los aficionados brumosos y manudos al borde de su asiento. Nuevamente Alajuelense se adelantar\u00eda en el marcador con el <strong>siempre desequilibrante Carlos Mora<\/strong>.<\/p>\n\n\n\n<p>Locales y visitantes se ir\u00edan al descanso con un 1-2 moment\u00e1neo en la casa blanquiazul.<\/p>\n\n\n\n<p>En la complementaria el escenario ser\u00eda un <strong>Cartagin\u00e9s buscando el empate<\/strong> y un Alajuelense manejando el resultado para la vuelta en su casa.<\/p>\n\n\n\n<p>Los minutos expirar\u00edan con el <strong>frio particular de la Vieja Metr\u00f3poli<\/strong>, pero cuando todo parec\u00eda definido el central Juan Gabriel Calder\u00f3n pitar\u00eda penal en favor de los locales.<\/p>\n\n\n\n<p>Nuevamente el cubano Marcel Hern\u00e1ndez desde los once pasos le dar\u00eda la paridad a los locales.<\/p>\n\n\n\n<p>Con la moneda en el aire cerrar\u00eda el primer cap\u00edtulo de esta serie esperando volver a las acciones el pr\u00f3ximo s\u00e1bado en el Morera Soto.<\/p>\n\n\n\n<figure class=\"wp-block-image size-large\"><img loading=\"lazy\" decoding=\"async\" width=\"1024\" height=\"682\" src=\"https:\/\/rgdeportes.com\/wp-content\/uploads\/2023\/05\/image-1024x682.png\" alt=\"\" class=\"wp-image-5652\" srcset=\"https:\/\/rgdeportes.com\/wp-content\/uploads\/2023\/05\/image-1024x682.png 1024w, https:\/\/rgdeportes.com\/wp-content\/uploads\/2023\/05\/image-300x200.png 300w, https:\/\/rgdeportes.com\/wp-content\/uploads\/2023\/05\/image-768x512.png 768w, https:\/\/rgdeportes.com\/wp-content\/uploads\/2023\/05\/image-1536x1023.png 1536w, https:\/\/rgdeportes.com\/wp-content\/uploads\/2023\/05\/image.png 1600w\" sizes=\"auto, (max-width: 1024px) 100vw, 1024px\" \/><\/figure>\n","protected":false},"excerpt":{"rendered":"<p>Noche de semifinales en el \u201cFello\u201d Meza el primer duelo de esta etapa. Los protagonistas Cartagin\u00e9s y Alajuelense una provincia brumosa que presagiaba una noche de futbol nacional. En las&hellip; <\/p>\n","protected":false},"author":4,"featured_media":5650,"comment_status":"closed","ping_status":"closed","sticky":false,"template":"","format":"standard","meta":{"om_disable_all_campaigns":false,"_monsterinsights_skip_tracking":false,"_monsterinsights_sitenote_active":false,"_monsterinsights_sitenote_note":"","_monsterinsights_sitenote_category":0,"footnotes":""},"categories":[11,5],"tags":[],"class_list":["post-5649","post","type-post","status-publish","format-standard","has-post-thumbnail","hentry","category-de","category-ft"],"aioseo_notices":[],"yoast_head":"<!-- This site is optimized with the Yoast SEO plugin v21.2 - https:\/\/yoast.com\/wordpress\/plugins\/seo\/ -->\n<title>Nuevamente Marcel Hern\u00e1ndez le arruina la celebraci\u00f3n a su ex equipo Alajuelense - RG Deportes\u200e<\/title>\n<meta name=\"robots\" content=\"index, follow, max-snippet:-1, max-image-preview:large, max-video-preview:-1\" \/>\n<link rel=\"canonical\" href=\"https:\/\/rgdeportes.com\/index.php\/2023\/05\/11\/nuevamente-marcel-hernandez-le-arruina-la-celebracion-a-su-ex-equipo-alajuelense\/\" \/>\n<meta property=\"og:locale\" content=\"es_ES\" \/>\n<meta property=\"og:type\" content=\"article\" \/>\n<meta property=\"og:title\" content=\"Nuevamente Marcel Hern\u00e1ndez le arruina la celebraci\u00f3n a su ex equipo Alajuelense - RG Deportes\u200e\" \/>\n<meta property=\"og:description\" content=\"Noche de semifinales en el \u201cFello\u201d Meza el primer duelo de esta etapa. Los protagonistas Cartagin\u00e9s y Alajuelense una provincia brumosa que presagiaba una noche de futbol nacional. En las&hellip;\" \/>\n<meta property=\"og:url\" content=\"https:\/\/rgdeportes.com\/index.php\/2023\/05\/11\/nuevamente-marcel-hernandez-le-arruina-la-celebracion-a-su-ex-equipo-alajuelense\/\" \/>\n<meta property=\"og:site_name\" content=\"RG Deportes\u200e\" \/>\n<meta property=\"article:publisher\" content=\"https:\/\/www.facebook.com\/RandallGutierrezDeportes\/\" \/>\n<meta property=\"article:published_time\" content=\"2023-05-11T03:53:08+00:00\" \/>\n<meta property=\"article:modified_time\" content=\"2023-05-11T03:53:09+00:00\" \/>\n<meta property=\"og:image\" content=\"http:\/\/rgdeportes.com\/wp-content\/uploads\/2023\/05\/WhatsApp-Image-2023-05-10-at-8.49.09-PM.jpeg\" \/>\n\t<meta property=\"og:image:width\" content=\"1600\" \/>\n\t<meta property=\"og:image:height\" content=\"1066\" \/>\n\t<meta property=\"og:image:type\" content=\"image\/jpeg\" \/>\n<meta name=\"author\" content=\"\u00c1lvaro Rodr\u00edguez\" \/>\n<meta name=\"twitter:card\" content=\"summary_large_image\" \/>\n<meta name=\"twitter:label1\" content=\"Escrito por\" \/>\n\t<meta name=\"twitter:data1\" content=\"\u00c1lvaro Rodr\u00edguez\" \/>\n\t<meta name=\"twitter:label2\" content=\"Tiempo de lectura\" \/>\n\t<meta name=\"twitter:data2\" content=\"2 minutos\" \/>\n<script type=\"application\/ld+json\" class=\"yoast-schema-graph\">{\"@context\":\"https:\/\/schema.org\",\"@graph\":[{\"@type\":\"Article\",\"@id\":\"https:\/\/rgdeportes.com\/index.php\/2023\/05\/11\/nuevamente-marcel-hernandez-le-arruina-la-celebracion-a-su-ex-equipo-alajuelense\/#article\",\"isPartOf\":{\"@id\":\"https:\/\/rgdeportes.com\/index.php\/2023\/05\/11\/nuevamente-marcel-hernandez-le-arruina-la-celebracion-a-su-ex-equipo-alajuelense\/\"},\"author\":{\"name\":\"\u00c1lvaro Rodr\u00edguez\",\"@id\":\"https:\/\/rgdeportes.com\/#\/schema\/person\/22baed8a6fd19167e537963f85575550\"},\"headline\":\"Nuevamente Marcel Hern\u00e1ndez le arruina la celebraci\u00f3n a su ex equipo Alajuelense\",\"datePublished\":\"2023-05-11T03:53:08+00:00\",\"dateModified\":\"2023-05-11T03:53:09+00:00\",\"mainEntityOfPage\":{\"@id\":\"https:\/\/rgdeportes.com\/index.php\/2023\/05\/11\/nuevamente-marcel-hernandez-le-arruina-la-celebracion-a-su-ex-equipo-alajuelense\/\"},\"wordCount\":288,\"publisher\":{\"@id\":\"https:\/\/rgdeportes.com\/#organization\"},\"articleSection\":[\"Deporte\",\"F\u00fatbol\"],\"inLanguage\":\"es\"},{\"@type\":\"WebPage\",\"@id\":\"https:\/\/rgdeportes.com\/index.php\/2023\/05\/11\/nuevamente-marcel-hernandez-le-arruina-la-celebracion-a-su-ex-equipo-alajuelense\/\",\"url\":\"https:\/\/rgdeportes.com\/index.php\/2023\/05\/11\/nuevamente-marcel-hernandez-le-arruina-la-celebracion-a-su-ex-equipo-alajuelense\/\",\"name\":\"Nuevamente Marcel Hern\u00e1ndez le arruina la celebraci\u00f3n a su ex equipo Alajuelense - RG Deportes\u200e\",\"isPartOf\":{\"@id\":\"https:\/\/rgdeportes.com\/#website\"},\"datePublished\":\"2023-05-11T03:53:08+00:00\",\"dateModified\":\"2023-05-11T03:53:09+00:00\",\"breadcrumb\":{\"@id\":\"https:\/\/rgdeportes.com\/index.php\/2023\/05\/11\/nuevamente-marcel-hernandez-le-arruina-la-celebracion-a-su-ex-equipo-alajuelense\/#breadcrumb\"},\"inLanguage\":\"es\",\"potentialAction\":[{\"@type\":\"ReadAction\",\"target\":[\"https:\/\/rgdeportes.com\/index.php\/2023\/05\/11\/nuevamente-marcel-hernandez-le-arruina-la-celebracion-a-su-ex-equipo-alajuelense\/\"]}]},{\"@type\":\"BreadcrumbList\",\"@id\":\"https:\/\/rgdeportes.com\/index.php\/2023\/05\/11\/nuevamente-marcel-hernandez-le-arruina-la-celebracion-a-su-ex-equipo-alajuelense\/#breadcrumb\",\"itemListElement\":[{\"@type\":\"ListItem\",\"position\":1,\"name\":\"Portada\",\"item\":\"https:\/\/rgdeportes.com\/\"},{\"@type\":\"ListItem\",\"position\":2,\"name\":\"Nuevamente Marcel Hern\u00e1ndez le arruina la celebraci\u00f3n a su ex equipo Alajuelense\"}]},{\"@type\":\"WebSite\",\"@id\":\"https:\/\/rgdeportes.com\/#website\",\"url\":\"https:\/\/rgdeportes.com\/\",\"name\":\"RG Deportes\u200e\",\"description\":\"\",\"publisher\":{\"@id\":\"https:\/\/rgdeportes.com\/#organization\"},\"potentialAction\":[{\"@type\":\"SearchAction\",\"target\":{\"@type\":\"EntryPoint\",\"urlTemplate\":\"https:\/\/rgdeportes.com\/?s={search_term_string}\"},\"query-input\":\"required name=search_term_string\"}],\"inLanguage\":\"es\"},{\"@type\":\"Organization\",\"@id\":\"https:\/\/rgdeportes.com\/#organization\",\"name\":\"RG Deportes\",\"url\":\"https:\/\/rgdeportes.com\/\",\"logo\":{\"@type\":\"ImageObject\",\"inLanguage\":\"es\",\"@id\":\"https:\/\/rgdeportes.com\/#\/schema\/logo\/image\/\",\"url\":\"https:\/\/rgdeportes.com\/wp-content\/uploads\/2020\/09\/Logo.png\",\"contentUrl\":\"https:\/\/rgdeportes.com\/wp-content\/uploads\/2020\/09\/Logo.png\",\"width\":784,\"height\":552,\"caption\":\"RG Deportes\"},\"image\":{\"@id\":\"https:\/\/rgdeportes.com\/#\/schema\/logo\/image\/\"},\"sameAs\":[\"https:\/\/www.facebook.com\/RandallGutierrezDeportes\/\",\"https:\/\/www.instagram.com\/randallgutierrezdeportes\/\",\"https:\/\/www.youtube.com\/channel\/UCX4_qbvtnTwoF5t2zNqBDvA\"]},{\"@type\":\"Person\",\"@id\":\"https:\/\/rgdeportes.com\/#\/schema\/person\/22baed8a6fd19167e537963f85575550\",\"name\":\"\u00c1lvaro Rodr\u00edguez\",\"image\":{\"@type\":\"ImageObject\",\"inLanguage\":\"es\",\"@id\":\"https:\/\/rgdeportes.com\/#\/schema\/person\/image\/\",\"url\":\"https:\/\/secure.gravatar.com\/avatar\/b4dcc01bbec28f294af5f64a905a0a53?s=96&d=mm&r=g\",\"contentUrl\":\"https:\/\/secure.gravatar.com\/avatar\/b4dcc01bbec28f294af5f64a905a0a53?s=96&d=mm&r=g\",\"caption\":\"\u00c1lvaro Rodr\u00edguez\"},\"url\":\"https:\/\/rgdeportes.com\/index.php\/author\/arodriguez\/\"}]}<\/script>\n<!-- \/ Yoast SEO plugin. -->","yoast_head_json":{"title":"Nuevamente Marcel Hern\u00e1ndez le arruina la celebraci\u00f3n a su ex equipo Alajuelense - RG Deportes\u200e","robots":{"index":"index","follow":"follow","max-snippet":"max-snippet:-1","max-image-preview":"max-image-preview:large","max-video-preview":"max-video-preview:-1"},"canonical":"https:\/\/rgdeportes.com\/index.php\/2023\/05\/11\/nuevamente-marcel-hernandez-le-arruina-la-celebracion-a-su-ex-equipo-alajuelense\/","og_locale":"es_ES","og_type":"article","og_title":"Nuevamente Marcel Hern\u00e1ndez le arruina la celebraci\u00f3n a su ex equipo Alajuelense - RG Deportes\u200e","og_description":"Noche de semifinales en el \u201cFello\u201d Meza el primer duelo de esta etapa. Los protagonistas Cartagin\u00e9s y Alajuelense una provincia brumosa que presagiaba una noche de futbol nacional. En las&hellip;","og_url":"https:\/\/rgdeportes.com\/index.php\/2023\/05\/11\/nuevamente-marcel-hernandez-le-arruina-la-celebracion-a-su-ex-equipo-alajuelense\/","og_site_name":"RG Deportes\u200e","article_publisher":"https:\/\/www.facebook.com\/RandallGutierrezDeportes\/","article_published_time":"2023-05-11T03:53:08+00:00","article_modified_time":"2023-05-11T03:53:09+00:00","og_image":[{"width":1600,"height":1066,"url":"http:\/\/rgdeportes.com\/wp-content\/uploads\/2023\/05\/WhatsApp-Image-2023-05-10-at-8.49.09-PM.jpeg","type":"image\/jpeg"}],"author":"\u00c1lvaro Rodr\u00edguez","twitter_card":"summary_large_image","twitter_misc":{"Escrito por":"\u00c1lvaro Rodr\u00edguez","Tiempo de lectura":"2 minutos"},"schema":{"@context":"https:\/\/schema.org","@graph":[{"@type":"Article","@id":"https:\/\/rgdeportes.com\/index.php\/2023\/05\/11\/nuevamente-marcel-hernandez-le-arruina-la-celebracion-a-su-ex-equipo-alajuelense\/#article","isPartOf":{"@id":"https:\/\/rgdeportes.com\/index.php\/2023\/05\/11\/nuevamente-marcel-hernandez-le-arruina-la-celebracion-a-su-ex-equipo-alajuelense\/"},"author":{"name":"\u00c1lvaro Rodr\u00edguez","@id":"https:\/\/rgdeportes.com\/#\/schema\/person\/22baed8a6fd19167e537963f85575550"},"headline":"Nuevamente Marcel Hern\u00e1ndez le arruina la celebraci\u00f3n a su ex equipo Alajuelense","datePublished":"2023-05-11T03:53:08+00:00","dateModified":"2023-05-11T03:53:09+00:00","mainEntityOfPage":{"@id":"https:\/\/rgdeportes.com\/index.php\/2023\/05\/11\/nuevamente-marcel-hernandez-le-arruina-la-celebracion-a-su-ex-equipo-alajuelense\/"},"wordCount":288,"publisher":{"@id":"https:\/\/rgdeportes.com\/#organization"},"articleSection":["Deporte","F\u00fatbol"],"inLanguage":"es"},{"@type":"WebPage","@id":"https:\/\/rgdeportes.com\/index.php\/2023\/05\/11\/nuevamente-marcel-hernandez-le-arruina-la-celebracion-a-su-ex-equipo-alajuelense\/","url":"https:\/\/rgdeportes.com\/index.php\/2023\/05\/11\/nuevamente-marcel-hernandez-le-arruina-la-celebracion-a-su-ex-equipo-alajuelense\/","name":"Nuevamente Marcel Hern\u00e1ndez le arruina la celebraci\u00f3n a su ex equipo Alajuelense - RG Deportes\u200e","isPartOf":{"@id":"https:\/\/rgdeportes.com\/#website"},"datePublished":"2023-05-11T03:53:08+00:00","dateModified":"2023-05-11T03:53:09+00:00","breadcrumb":{"@id":"https:\/\/rgdeportes.com\/index.php\/2023\/05\/11\/nuevamente-marcel-hernandez-le-arruina-la-celebracion-a-su-ex-equipo-alajuelense\/#breadcrumb"},"inLanguage":"es","potentialAction":[{"@type":"ReadAction","target":["https:\/\/rgdeportes.com\/index.php\/2023\/05\/11\/nuevamente-marcel-hernandez-le-arruina-la-celebracion-a-su-ex-equipo-alajuelense\/"]}]},{"@type":"BreadcrumbList","@id":"https:\/\/rgdeportes.com\/index.php\/2023\/05\/11\/nuevamente-marcel-hernandez-le-arruina-la-celebracion-a-su-ex-equipo-alajuelense\/#breadcrumb","itemListElement":[{"@type":"ListItem","position":1,"name":"Portada","item":"https:\/\/rgdeportes.com\/"},{"@type":"ListItem","position":2,"name":"Nuevamente Marcel Hern\u00e1ndez le arruina la celebraci\u00f3n a su ex equipo Alajuelense"}]},{"@type":"WebSite","@id":"https:\/\/rgdeportes.com\/#website","url":"https:\/\/rgdeportes.com\/","name":"RG Deportes\u200e","description":"","publisher":{"@id":"https:\/\/rgdeportes.com\/#organization"},"potentialAction":[{"@type":"SearchAction","target":{"@type":"EntryPoint","urlTemplate":"https:\/\/rgdeportes.com\/?s={search_term_string}"},"query-input":"required name=search_term_string"}],"inLanguage":"es"},{"@type":"Organization","@id":"https:\/\/rgdeportes.com\/#organization","name":"RG Deportes","url":"https:\/\/rgdeportes.com\/","logo":{"@type":"ImageObject","inLanguage":"es","@id":"https:\/\/rgdeportes.com\/#\/schema\/logo\/image\/","url":"https:\/\/rgdeportes.com\/wp-content\/uploads\/2020\/09\/Logo.png","contentUrl":"https:\/\/rgdeportes.com\/wp-content\/uploads\/2020\/09\/Logo.png","width":784,"height":552,"caption":"RG Deportes"},"image":{"@id":"https:\/\/rgdeportes.com\/#\/schema\/logo\/image\/"},"sameAs":["https:\/\/www.facebook.com\/RandallGutierrezDeportes\/","https:\/\/www.instagram.com\/randallgutierrezdeportes\/","https:\/\/www.youtube.com\/channel\/UCX4_qbvtnTwoF5t2zNqBDvA"]},{"@type":"Person","@id":"https:\/\/rgdeportes.com\/#\/schema\/person\/22baed8a6fd19167e537963f85575550","name":"\u00c1lvaro Rodr\u00edguez","image":{"@type":"ImageObject","inLanguage":"es","@id":"https:\/\/rgdeportes.com\/#\/schema\/person\/image\/","url":"https:\/\/secure.gravatar.com\/avatar\/b4dcc01bbec28f294af5f64a905a0a53?s=96&d=mm&r=g","contentUrl":"https:\/\/secure.gravatar.com\/avatar\/b4dcc01bbec28f294af5f64a905a0a53?s=96&d=mm&r=g","caption":"\u00c1lvaro Rodr\u00edguez"},"url":"https:\/\/rgdeportes.com\/index.php\/author\/arodriguez\/"}]}},"_links":{"self":[{"href":"https:\/\/rgdeportes.com\/index.php\/wp-json\/wp\/v2\/posts\/5649","targetHints":{"allow":["GET"]}}],"collection":[{"href":"https:\/\/rgdeportes.com\/index.php\/wp-json\/wp\/v2\/posts"}],"about":[{"href":"https:\/\/rgdeportes.com\/index.php\/wp-json\/wp\/v2\/types\/post"}],"author":[{"embeddable":true,"href":"https:\/\/rgdeportes.com\/index.php\/wp-json\/wp\/v2\/users\/4"}],"replies":[{"embeddable":true,"href":"https:\/\/rgdeportes.com\/index.php\/wp-json\/wp\/v2\/comments?post=5649"}],"version-history":[{"count":1,"href":"https:\/\/rgdeportes.com\/index.php\/wp-json\/wp\/v2\/posts\/5649\/revisions"}],"predecessor-version":[{"id":5653,"href":"https:\/\/rgdeportes.com\/index.php\/wp-json\/wp\/v2\/posts\/5649\/revisions\/5653"}],"wp:featuredmedia":[{"embeddable":true,"href":"https:\/\/rgdeportes.com\/index.php\/wp-json\/wp\/v2\/media\/5650"}],"wp:attachment":[{"href":"https:\/\/rgdeportes.com\/index.php\/wp-json\/wp\/v2\/media?parent=5649"}],"wp:term":[{"taxonomy":"category","embeddable":true,"href":"https:\/\/rgdeportes.com\/index.php\/wp-json\/wp\/v2\/categories?post=5649"},{"taxonomy":"post_tag","embeddable":true,"href":"https:\/\/rgdeportes.com\/index.php\/wp-json\/wp\/v2\/tags?post=5649"}],"curies":[{"name":"wp","href":"https:\/\/api.w.org\/{rel}","templated":true}]}}