{"id":5640,"date":"2023-05-10T04:22:44","date_gmt":"2023-05-10T04:22:44","guid":{"rendered":"https:\/\/rgdeportes.com\/?p=5640"},"modified":"2023-05-10T04:23:08","modified_gmt":"2023-05-10T04:23:08","slug":"junio-tendra-exhibicion-del-4x4-en-el-expo-off-road-2023","status":"publish","type":"post","link":"https:\/\/rgdeportes.com\/index.php\/2023\/05\/10\/junio-tendra-exhibicion-del-4x4-en-el-expo-off-road-2023\/","title":{"rendered":"Junio tendr\u00e1 exhibici\u00f3n del 4X4 en el Expo Off Road 2023"},"content":{"rendered":"\n<figure class=\"wp-block-image size-large\"><img loading=\"lazy\" decoding=\"async\" width=\"1024\" height=\"576\" src=\"https:\/\/rgdeportes.com\/wp-content\/uploads\/2023\/05\/Expo-2--1024x576.jpg\" alt=\"\" class=\"wp-image-5641\" srcset=\"https:\/\/rgdeportes.com\/wp-content\/uploads\/2023\/05\/Expo-2--1024x576.jpg 1024w, https:\/\/rgdeportes.com\/wp-content\/uploads\/2023\/05\/Expo-2--300x169.jpg 300w, https:\/\/rgdeportes.com\/wp-content\/uploads\/2023\/05\/Expo-2--768x432.jpg 768w, https:\/\/rgdeportes.com\/wp-content\/uploads\/2023\/05\/Expo-2-.jpg 1280w\" sizes=\"auto, (max-width: 1024px) 100vw, 1024px\" \/><\/figure>\n\n\n\n<p>Los amantes del 4&#215;4 tendr\u00e1n una excelente opci\u00f3n para ponerse al d\u00eda con las novedades del sector en la edici\u00f3n 2023 de la Expo Off Road, que tendr\u00e1 lugar los pr\u00f3ximos 3 y 4 de junio en el Centro de Eventos Pedregal.<\/p>\n\n\n\n<p>La feria ofrecer\u00e1 al p\u00fablico exhibiciones de veh\u00edculos, repuestos, maquinaria, accesorios de todo tipo para la pr\u00e1ctica del overland y 4&#215;4, una excelente oportunidad para ponerse al d\u00eda con las principales tendencias de este estilo de vida. Estar\u00e1n presentes las mejores marcas y distribuidores del mercado nacional e internacional.<\/p>\n\n\n\n<p>En el evento habr\u00e1 actividades complementarias, m\u00fasica y comidas y es una muy buena ocasi\u00f3n para disfrutar en familia.<\/p>\n\n\n\n<p>Tambi\u00e9n dentro del evento se realizar\u00e1 el famoso WekFest un \u201ccar show\u201d d\u00f3nde podr\u00e1n apreciarse de cerca veh\u00edculos de alta gama, m\u00fasculo americano, JDM, stance, street racing en fin proyectos \u00fanicos y emblem\u00e1ticos del pa\u00eds.<\/p>\n\n\n\n<p><strong>Una gran oportunidad para los amantes de los 4&#215;4<\/strong><\/p>\n\n\n\n<figure class=\"wp-block-image size-large\"><img loading=\"lazy\" decoding=\"async\" width=\"1024\" height=\"682\" src=\"https:\/\/rgdeportes.com\/wp-content\/uploads\/2023\/05\/Expo-1--1024x682.jpg\" alt=\"\" class=\"wp-image-5642\" srcset=\"https:\/\/rgdeportes.com\/wp-content\/uploads\/2023\/05\/Expo-1--1024x682.jpg 1024w, https:\/\/rgdeportes.com\/wp-content\/uploads\/2023\/05\/Expo-1--300x200.jpg 300w, https:\/\/rgdeportes.com\/wp-content\/uploads\/2023\/05\/Expo-1--768x512.jpg 768w, https:\/\/rgdeportes.com\/wp-content\/uploads\/2023\/05\/Expo-1-.jpg 1280w\" sizes=\"auto, (max-width: 1024px) 100vw, 1024px\" \/><\/figure>\n\n\n\n<p><em>\u201cLa Expo Off Road 2023 es la oportunidad perfecta para que los aficionados del 4&#215;4 se re\u00fanan y disfruten de todo lo relacionado con este apasionante mundo. En este evento, podr\u00e1n conocer a los mejores expositores de la industria del 4&#215;4 y ver las \u00faltimas innovaciones y tecnolog\u00edas del mercado. Adem\u00e1s, los visitantes tendr\u00e1n la oportunidad de admirar de cerca veh\u00edculos espectaculares en el car show, construidos exclusivamente para el show, conocer a sus due\u00f1os y aprender sobre las modificaciones y mejoras realizadas\u201d, <\/em>manifest\u00f3 Steve Monterrosa, representante de la productora Monterrosa Producciones, organizadora del evento.<\/p>\n\n\n\n<p>La feria abre sus puertas 10 am y cierra a las 8 pm, las entradas tienen un valor de \u20a15500 por d\u00eda y se pueden ir reservando en la p\u00e1gina oficial de EXPO OFF ROAD o WEKFEST en redes sociales.<\/p>\n\n\n\n<p>Los interesados tambi\u00e9n pueden visitar las redes sociales de @ExpoOffRoad para obtener m\u00e1s informaci\u00f3n.<\/p>\n\n\n\n<p><strong>S\u00edntesis:<\/strong> Expo Off Road &amp; Wekfest 2023<\/p>\n\n\n\n<p><strong>Fechas:<\/strong> 3 y 4 de junio, 2023<\/p>\n\n\n\n<p><strong>Horario:<\/strong> De 10 am a 8 pm&nbsp;<strong>Valor de la entrada:<\/strong> \u20a15500 por d\u00eda<\/p>\n","protected":false},"excerpt":{"rendered":"<p>Los amantes del 4&#215;4 tendr\u00e1n una excelente opci\u00f3n para ponerse al d\u00eda con las novedades del sector en la edici\u00f3n 2023 de la Expo Off Road, que tendr\u00e1 lugar los&hellip; <\/p>\n","protected":false},"author":2,"featured_media":5641,"comment_status":"closed","ping_status":"closed","sticky":false,"template":"","format":"standard","meta":{"om_disable_all_campaigns":false,"_monsterinsights_skip_tracking":false,"_monsterinsights_sitenote_active":false,"_monsterinsights_sitenote_note":"","_monsterinsights_sitenote_category":0,"footnotes":""},"categories":[524],"tags":[1745],"class_list":["post-5640","post","type-post","status-publish","format-standard","has-post-thumbnail","hentry","category-ddm","tag-4x4motores"],"aioseo_notices":[],"yoast_head":"<!-- This site is optimized with the Yoast SEO plugin v21.2 - https:\/\/yoast.com\/wordpress\/plugins\/seo\/ -->\n<title>Junio tendr\u00e1 exhibici\u00f3n del 4X4 en el Expo Off Road 2023 - RG Deportes\u200e<\/title>\n<meta name=\"robots\" content=\"index, follow, max-snippet:-1, max-image-preview:large, max-video-preview:-1\" \/>\n<link rel=\"canonical\" href=\"https:\/\/rgdeportes.com\/index.php\/2023\/05\/10\/junio-tendra-exhibicion-del-4x4-en-el-expo-off-road-2023\/\" \/>\n<meta property=\"og:locale\" content=\"es_ES\" \/>\n<meta property=\"og:type\" content=\"article\" \/>\n<meta property=\"og:title\" content=\"Junio tendr\u00e1 exhibici\u00f3n del 4X4 en el Expo Off Road 2023 - RG Deportes\u200e\" \/>\n<meta property=\"og:description\" content=\"Los amantes del 4&#215;4 tendr\u00e1n una excelente opci\u00f3n para ponerse al d\u00eda con las novedades del sector en la edici\u00f3n 2023 de la Expo Off Road, que tendr\u00e1 lugar los&hellip;\" \/>\n<meta property=\"og:url\" content=\"https:\/\/rgdeportes.com\/index.php\/2023\/05\/10\/junio-tendra-exhibicion-del-4x4-en-el-expo-off-road-2023\/\" \/>\n<meta property=\"og:site_name\" content=\"RG Deportes\u200e\" \/>\n<meta property=\"article:publisher\" content=\"https:\/\/www.facebook.com\/RandallGutierrezDeportes\/\" \/>\n<meta property=\"article:published_time\" content=\"2023-05-10T04:22:44+00:00\" \/>\n<meta property=\"article:modified_time\" content=\"2023-05-10T04:23:08+00:00\" \/>\n<meta property=\"og:image\" content=\"http:\/\/rgdeportes.com\/wp-content\/uploads\/2023\/05\/Expo-2-.jpg\" \/>\n\t<meta property=\"og:image:width\" content=\"1280\" \/>\n\t<meta property=\"og:image:height\" content=\"720\" \/>\n\t<meta property=\"og:image:type\" content=\"image\/jpeg\" \/>\n<meta name=\"author\" content=\"Randall Gutierrez\" \/>\n<meta name=\"twitter:card\" content=\"summary_large_image\" \/>\n<meta name=\"twitter:label1\" content=\"Escrito por\" \/>\n\t<meta name=\"twitter:data1\" content=\"Randall Gutierrez\" \/>\n\t<meta name=\"twitter:label2\" content=\"Tiempo de lectura\" \/>\n\t<meta name=\"twitter:data2\" content=\"2 minutos\" \/>\n<script type=\"application\/ld+json\" class=\"yoast-schema-graph\">{\"@context\":\"https:\/\/schema.org\",\"@graph\":[{\"@type\":\"Article\",\"@id\":\"https:\/\/rgdeportes.com\/index.php\/2023\/05\/10\/junio-tendra-exhibicion-del-4x4-en-el-expo-off-road-2023\/#article\",\"isPartOf\":{\"@id\":\"https:\/\/rgdeportes.com\/index.php\/2023\/05\/10\/junio-tendra-exhibicion-del-4x4-en-el-expo-off-road-2023\/\"},\"author\":{\"name\":\"Randall Gutierrez\",\"@id\":\"https:\/\/rgdeportes.com\/#\/schema\/person\/91795323fddb335a4fd017bf0e4b1358\"},\"headline\":\"Junio tendr\u00e1 exhibici\u00f3n del 4X4 en el Expo Off Road 2023\",\"datePublished\":\"2023-05-10T04:22:44+00:00\",\"dateModified\":\"2023-05-10T04:23:08+00:00\",\"mainEntityOfPage\":{\"@id\":\"https:\/\/rgdeportes.com\/index.php\/2023\/05\/10\/junio-tendra-exhibicion-del-4x4-en-el-expo-off-road-2023\/\"},\"wordCount\":362,\"publisher\":{\"@id\":\"https:\/\/rgdeportes.com\/#organization\"},\"keywords\":[\"4X4Motores\"],\"articleSection\":[\"Deportes de motor\"],\"inLanguage\":\"es\"},{\"@type\":\"WebPage\",\"@id\":\"https:\/\/rgdeportes.com\/index.php\/2023\/05\/10\/junio-tendra-exhibicion-del-4x4-en-el-expo-off-road-2023\/\",\"url\":\"https:\/\/rgdeportes.com\/index.php\/2023\/05\/10\/junio-tendra-exhibicion-del-4x4-en-el-expo-off-road-2023\/\",\"name\":\"Junio tendr\u00e1 exhibici\u00f3n del 4X4 en el Expo Off Road 2023 - RG Deportes\u200e\",\"isPartOf\":{\"@id\":\"https:\/\/rgdeportes.com\/#website\"},\"datePublished\":\"2023-05-10T04:22:44+00:00\",\"dateModified\":\"2023-05-10T04:23:08+00:00\",\"breadcrumb\":{\"@id\":\"https:\/\/rgdeportes.com\/index.php\/2023\/05\/10\/junio-tendra-exhibicion-del-4x4-en-el-expo-off-road-2023\/#breadcrumb\"},\"inLanguage\":\"es\",\"potentialAction\":[{\"@type\":\"ReadAction\",\"target\":[\"https:\/\/rgdeportes.com\/index.php\/2023\/05\/10\/junio-tendra-exhibicion-del-4x4-en-el-expo-off-road-2023\/\"]}]},{\"@type\":\"BreadcrumbList\",\"@id\":\"https:\/\/rgdeportes.com\/index.php\/2023\/05\/10\/junio-tendra-exhibicion-del-4x4-en-el-expo-off-road-2023\/#breadcrumb\",\"itemListElement\":[{\"@type\":\"ListItem\",\"position\":1,\"name\":\"Portada\",\"item\":\"https:\/\/rgdeportes.com\/\"},{\"@type\":\"ListItem\",\"position\":2,\"name\":\"Junio tendr\u00e1 exhibici\u00f3n del 4X4 en el Expo Off Road 2023\"}]},{\"@type\":\"WebSite\",\"@id\":\"https:\/\/rgdeportes.com\/#website\",\"url\":\"https:\/\/rgdeportes.com\/\",\"name\":\"RG Deportes\u200e\",\"description\":\"\",\"publisher\":{\"@id\":\"https:\/\/rgdeportes.com\/#organization\"},\"potentialAction\":[{\"@type\":\"SearchAction\",\"target\":{\"@type\":\"EntryPoint\",\"urlTemplate\":\"https:\/\/rgdeportes.com\/?s={search_term_string}\"},\"query-input\":\"required name=search_term_string\"}],\"inLanguage\":\"es\"},{\"@type\":\"Organization\",\"@id\":\"https:\/\/rgdeportes.com\/#organization\",\"name\":\"RG Deportes\",\"url\":\"https:\/\/rgdeportes.com\/\",\"logo\":{\"@type\":\"ImageObject\",\"inLanguage\":\"es\",\"@id\":\"https:\/\/rgdeportes.com\/#\/schema\/logo\/image\/\",\"url\":\"https:\/\/rgdeportes.com\/wp-content\/uploads\/2020\/09\/Logo.png\",\"contentUrl\":\"https:\/\/rgdeportes.com\/wp-content\/uploads\/2020\/09\/Logo.png\",\"width\":784,\"height\":552,\"caption\":\"RG Deportes\"},\"image\":{\"@id\":\"https:\/\/rgdeportes.com\/#\/schema\/logo\/image\/\"},\"sameAs\":[\"https:\/\/www.facebook.com\/RandallGutierrezDeportes\/\",\"https:\/\/www.instagram.com\/randallgutierrezdeportes\/\",\"https:\/\/www.youtube.com\/channel\/UCX4_qbvtnTwoF5t2zNqBDvA\"]},{\"@type\":\"Person\",\"@id\":\"https:\/\/rgdeportes.com\/#\/schema\/person\/91795323fddb335a4fd017bf0e4b1358\",\"name\":\"Randall Gutierrez\",\"image\":{\"@type\":\"ImageObject\",\"inLanguage\":\"es\",\"@id\":\"https:\/\/rgdeportes.com\/#\/schema\/person\/image\/\",\"url\":\"https:\/\/secure.gravatar.com\/avatar\/d0884ea8b9b50bcfad3c0d20049361b5?s=96&d=mm&r=g\",\"contentUrl\":\"https:\/\/secure.gravatar.com\/avatar\/d0884ea8b9b50bcfad3c0d20049361b5?s=96&d=mm&r=g\",\"caption\":\"Randall Gutierrez\"},\"url\":\"https:\/\/rgdeportes.com\/index.php\/author\/randall\/\"}]}<\/script>\n<!-- \/ Yoast SEO plugin. -->","yoast_head_json":{"title":"Junio tendr\u00e1 exhibici\u00f3n del 4X4 en el Expo Off Road 2023 - RG Deportes\u200e","robots":{"index":"index","follow":"follow","max-snippet":"max-snippet:-1","max-image-preview":"max-image-preview:large","max-video-preview":"max-video-preview:-1"},"canonical":"https:\/\/rgdeportes.com\/index.php\/2023\/05\/10\/junio-tendra-exhibicion-del-4x4-en-el-expo-off-road-2023\/","og_locale":"es_ES","og_type":"article","og_title":"Junio tendr\u00e1 exhibici\u00f3n del 4X4 en el Expo Off Road 2023 - RG Deportes\u200e","og_description":"Los amantes del 4&#215;4 tendr\u00e1n una excelente opci\u00f3n para ponerse al d\u00eda con las novedades del sector en la edici\u00f3n 2023 de la Expo Off Road, que tendr\u00e1 lugar los&hellip;","og_url":"https:\/\/rgdeportes.com\/index.php\/2023\/05\/10\/junio-tendra-exhibicion-del-4x4-en-el-expo-off-road-2023\/","og_site_name":"RG Deportes\u200e","article_publisher":"https:\/\/www.facebook.com\/RandallGutierrezDeportes\/","article_published_time":"2023-05-10T04:22:44+00:00","article_modified_time":"2023-05-10T04:23:08+00:00","og_image":[{"width":1280,"height":720,"url":"http:\/\/rgdeportes.com\/wp-content\/uploads\/2023\/05\/Expo-2-.jpg","type":"image\/jpeg"}],"author":"Randall Gutierrez","twitter_card":"summary_large_image","twitter_misc":{"Escrito por":"Randall Gutierrez","Tiempo de lectura":"2 minutos"},"schema":{"@context":"https:\/\/schema.org","@graph":[{"@type":"Article","@id":"https:\/\/rgdeportes.com\/index.php\/2023\/05\/10\/junio-tendra-exhibicion-del-4x4-en-el-expo-off-road-2023\/#article","isPartOf":{"@id":"https:\/\/rgdeportes.com\/index.php\/2023\/05\/10\/junio-tendra-exhibicion-del-4x4-en-el-expo-off-road-2023\/"},"author":{"name":"Randall Gutierrez","@id":"https:\/\/rgdeportes.com\/#\/schema\/person\/91795323fddb335a4fd017bf0e4b1358"},"headline":"Junio tendr\u00e1 exhibici\u00f3n del 4X4 en el Expo Off Road 2023","datePublished":"2023-05-10T04:22:44+00:00","dateModified":"2023-05-10T04:23:08+00:00","mainEntityOfPage":{"@id":"https:\/\/rgdeportes.com\/index.php\/2023\/05\/10\/junio-tendra-exhibicion-del-4x4-en-el-expo-off-road-2023\/"},"wordCount":362,"publisher":{"@id":"https:\/\/rgdeportes.com\/#organization"},"keywords":["4X4Motores"],"articleSection":["Deportes de motor"],"inLanguage":"es"},{"@type":"WebPage","@id":"https:\/\/rgdeportes.com\/index.php\/2023\/05\/10\/junio-tendra-exhibicion-del-4x4-en-el-expo-off-road-2023\/","url":"https:\/\/rgdeportes.com\/index.php\/2023\/05\/10\/junio-tendra-exhibicion-del-4x4-en-el-expo-off-road-2023\/","name":"Junio tendr\u00e1 exhibici\u00f3n del 4X4 en el Expo Off Road 2023 - RG Deportes\u200e","isPartOf":{"@id":"https:\/\/rgdeportes.com\/#website"},"datePublished":"2023-05-10T04:22:44+00:00","dateModified":"2023-05-10T04:23:08+00:00","breadcrumb":{"@id":"https:\/\/rgdeportes.com\/index.php\/2023\/05\/10\/junio-tendra-exhibicion-del-4x4-en-el-expo-off-road-2023\/#breadcrumb"},"inLanguage":"es","potentialAction":[{"@type":"ReadAction","target":["https:\/\/rgdeportes.com\/index.php\/2023\/05\/10\/junio-tendra-exhibicion-del-4x4-en-el-expo-off-road-2023\/"]}]},{"@type":"BreadcrumbList","@id":"https:\/\/rgdeportes.com\/index.php\/2023\/05\/10\/junio-tendra-exhibicion-del-4x4-en-el-expo-off-road-2023\/#breadcrumb","itemListElement":[{"@type":"ListItem","position":1,"name":"Portada","item":"https:\/\/rgdeportes.com\/"},{"@type":"ListItem","position":2,"name":"Junio tendr\u00e1 exhibici\u00f3n del 4X4 en el Expo Off Road 2023"}]},{"@type":"WebSite","@id":"https:\/\/rgdeportes.com\/#website","url":"https:\/\/rgdeportes.com\/","name":"RG Deportes\u200e","description":"","publisher":{"@id":"https:\/\/rgdeportes.com\/#organization"},"potentialAction":[{"@type":"SearchAction","target":{"@type":"EntryPoint","urlTemplate":"https:\/\/rgdeportes.com\/?s={search_term_string}"},"query-input":"required name=search_term_string"}],"inLanguage":"es"},{"@type":"Organization","@id":"https:\/\/rgdeportes.com\/#organization","name":"RG Deportes","url":"https:\/\/rgdeportes.com\/","logo":{"@type":"ImageObject","inLanguage":"es","@id":"https:\/\/rgdeportes.com\/#\/schema\/logo\/image\/","url":"https:\/\/rgdeportes.com\/wp-content\/uploads\/2020\/09\/Logo.png","contentUrl":"https:\/\/rgdeportes.com\/wp-content\/uploads\/2020\/09\/Logo.png","width":784,"height":552,"caption":"RG Deportes"},"image":{"@id":"https:\/\/rgdeportes.com\/#\/schema\/logo\/image\/"},"sameAs":["https:\/\/www.facebook.com\/RandallGutierrezDeportes\/","https:\/\/www.instagram.com\/randallgutierrezdeportes\/","https:\/\/www.youtube.com\/channel\/UCX4_qbvtnTwoF5t2zNqBDvA"]},{"@type":"Person","@id":"https:\/\/rgdeportes.com\/#\/schema\/person\/91795323fddb335a4fd017bf0e4b1358","name":"Randall Gutierrez","image":{"@type":"ImageObject","inLanguage":"es","@id":"https:\/\/rgdeportes.com\/#\/schema\/person\/image\/","url":"https:\/\/secure.gravatar.com\/avatar\/d0884ea8b9b50bcfad3c0d20049361b5?s=96&d=mm&r=g","contentUrl":"https:\/\/secure.gravatar.com\/avatar\/d0884ea8b9b50bcfad3c0d20049361b5?s=96&d=mm&r=g","caption":"Randall Gutierrez"},"url":"https:\/\/rgdeportes.com\/index.php\/author\/randall\/"}]}},"_links":{"self":[{"href":"https:\/\/rgdeportes.com\/index.php\/wp-json\/wp\/v2\/posts\/5640","targetHints":{"allow":["GET"]}}],"collection":[{"href":"https:\/\/rgdeportes.com\/index.php\/wp-json\/wp\/v2\/posts"}],"about":[{"href":"https:\/\/rgdeportes.com\/index.php\/wp-json\/wp\/v2\/types\/post"}],"author":[{"embeddable":true,"href":"https:\/\/rgdeportes.com\/index.php\/wp-json\/wp\/v2\/users\/2"}],"replies":[{"embeddable":true,"href":"https:\/\/rgdeportes.com\/index.php\/wp-json\/wp\/v2\/comments?post=5640"}],"version-history":[{"count":2,"href":"https:\/\/rgdeportes.com\/index.php\/wp-json\/wp\/v2\/posts\/5640\/revisions"}],"predecessor-version":[{"id":5644,"href":"https:\/\/rgdeportes.com\/index.php\/wp-json\/wp\/v2\/posts\/5640\/revisions\/5644"}],"wp:featuredmedia":[{"embeddable":true,"href":"https:\/\/rgdeportes.com\/index.php\/wp-json\/wp\/v2\/media\/5641"}],"wp:attachment":[{"href":"https:\/\/rgdeportes.com\/index.php\/wp-json\/wp\/v2\/media?parent=5640"}],"wp:term":[{"taxonomy":"category","embeddable":true,"href":"https:\/\/rgdeportes.com\/index.php\/wp-json\/wp\/v2\/categories?post=5640"},{"taxonomy":"post_tag","embeddable":true,"href":"https:\/\/rgdeportes.com\/index.php\/wp-json\/wp\/v2\/tags?post=5640"}],"curies":[{"name":"wp","href":"https:\/\/api.w.org\/{rel}","templated":true}]}}