{"id":5636,"date":"2023-05-10T03:06:05","date_gmt":"2023-05-10T03:06:05","guid":{"rendered":"https:\/\/rgdeportes.com\/?p=5636"},"modified":"2023-05-10T03:06:07","modified_gmt":"2023-05-10T03:06:07","slug":"costa-rica-campeon-del-atletismo-centroamericano","status":"publish","type":"post","link":"https:\/\/rgdeportes.com\/index.php\/2023\/05\/10\/costa-rica-campeon-del-atletismo-centroamericano\/","title":{"rendered":"Costa Rica Campe\u00f3n del Atletismo Centroamericano"},"content":{"rendered":"\n<figure class=\"wp-block-image size-large\"><img loading=\"lazy\" decoding=\"async\" width=\"1024\" height=\"683\" src=\"https:\/\/rgdeportes.com\/wp-content\/uploads\/2023\/05\/IMG_7925-1024x683.jpg\" alt=\"\" class=\"wp-image-5637\" srcset=\"https:\/\/rgdeportes.com\/wp-content\/uploads\/2023\/05\/IMG_7925-1024x683.jpg 1024w, https:\/\/rgdeportes.com\/wp-content\/uploads\/2023\/05\/IMG_7925-300x200.jpg 300w, https:\/\/rgdeportes.com\/wp-content\/uploads\/2023\/05\/IMG_7925-768x512.jpg 768w, https:\/\/rgdeportes.com\/wp-content\/uploads\/2023\/05\/IMG_7925-1536x1024.jpg 1536w, https:\/\/rgdeportes.com\/wp-content\/uploads\/2023\/05\/IMG_7925-2048x1365.jpg 2048w\" sizes=\"auto, (max-width: 1024px) 100vw, 1024px\" \/><\/figure>\n\n\n\n<p>La Selecci\u00f3n Mayor de Atletismo de Costa Rica, conquist\u00f3 este fin de semana el t\u00edtulo del XXXIII Campeonato Centroamericano Mayor de Atletismo, luego de alcanzar un total de 43 medallas entre Oro, Plata y Bronce destac\u00e1ndose como uno de los pa\u00edses con m\u00e1s t\u00edtulos del \u00e1rea,<\/p>\n\n\n\n<p>Pese algunas ausencias ticas ya conocidas, Andrea Vargas Mena en los 100 metros con Vallas 0.84, Daniel Rojas Guti\u00e9rrez en los 400 metros con Vallas 0.76, Josu\u00e9 Murcia y Juan Diego Castro Villalobos en 800 y 1500, los ticos lograron alzarse con el trofeo de Campe\u00f3n Absoluto del certamen, enfrentando a selecciones muy calificadas en la velocidad, fondo, medio fondo, Saltos y los Lanzamientos.<\/p>\n\n\n\n<p>FECOA aprovecho esta convocatoria para el centroamericano mayor, la oportunidad de integrar algunos atletas j\u00f3venes de proyecci\u00f3n en las categor\u00edas U-18 y U-20 y as\u00ed tuvieran la oportunidad de participar en un fogueo de alto nivel de cara al Campeonato Centroamericano U-18 y U-20 y el Campeonato Panamericano U-20*.<\/p>\n\n\n\n<p>Los nacionales sacaron provecho del trabajo de equipo, la uni\u00f3n de grupo en conjunto con sus entrenadores que les permiti\u00f3 sacar lo mejor de cada uno para aportar a la tabla de medallas, creciendo y mejorando de cara a los nuevos retos que se avecinan y el deseo siempre de dejar el nombre de Costa Rica en lo m\u00e1s alto, construir personas de bien que sean ejemplo para los j\u00f3venes de su comunidad y del pa\u00eds.<\/p>\n\n\n\n<p>Para algunos entrenadores este Campeonato Centroamericano ha dejado conclusiones muy positivas, evidencia el ascenso de algunos pa\u00edses que sorprendieron en algunas pruebas tanto de fondo, medio fondo como velocidad y campo, y que deja claro donde hay que seguir trabajando para mejorar y alcanzar los retos que se han marcado en el \u00e1rea.<\/p>\n\n\n\n<p>El centroamericano cerr\u00f3 con resultados muy positivos, con siete nuevos r\u00e9cords, dos de ellos alcanzados por dos atletas de Costa Rica, dos de Guatemala, uno de El Salvador, uno de Panam\u00e1 y uno de Honduras.<\/p>\n\n\n\n<p><strong>Detalle por g\u00e9nero.<\/strong><\/p>\n\n\n\n<figure class=\"wp-block-image size-large\"><img loading=\"lazy\" decoding=\"async\" width=\"1024\" height=\"683\" src=\"https:\/\/rgdeportes.com\/wp-content\/uploads\/2023\/05\/IMG_7902-1024x683.jpg\" alt=\"\" class=\"wp-image-5638\" srcset=\"https:\/\/rgdeportes.com\/wp-content\/uploads\/2023\/05\/IMG_7902-1024x683.jpg 1024w, https:\/\/rgdeportes.com\/wp-content\/uploads\/2023\/05\/IMG_7902-300x200.jpg 300w, https:\/\/rgdeportes.com\/wp-content\/uploads\/2023\/05\/IMG_7902-768x512.jpg 768w, https:\/\/rgdeportes.com\/wp-content\/uploads\/2023\/05\/IMG_7902-1536x1024.jpg 1536w, https:\/\/rgdeportes.com\/wp-content\/uploads\/2023\/05\/IMG_7902-2048x1365.jpg 2048w\" sizes=\"auto, (max-width: 1024px) 100vw, 1024px\" \/><\/figure>\n\n\n\n<p>En los reconocimientos por g\u00e9nero en Femenino Costa Rica se alz\u00f3 con el primer lugar con 10 medallas de Oro, 7 de Plata y 8 de Bronce, segundo para Guatemala con 4 de Oro, 5 de Plata y 2 de Bronce y el tercer puesto fue para Panam\u00e1 con 4 de Oro 4 de Plata y 3 de Bronce.<\/p>\n\n\n\n<p>En masculino, Panam\u00e1 cerr\u00f3 primero con 7 medallas de Oro alcanzadas, 1 de Plata y 4 de Bronce, seguido por Costa Rica con 6 de Oro, 9 de Plata y 3 de bronce, para el segundo puesto, y tercero fue para Guatemala con 5 de Oro 5 de Plata y 6 de Bronce.<\/p>\n\n\n\n<p>A nivel Absoluto los ticos se alzaron con el primer lugar con 16 medallas de Oro, 16 de Plata y 11 de Bronce seguido de Panam\u00e1 con 11 de Oro, 5 de Plata y 7 de Bronce y en el tercer puesto Guatemala con 9 de Oro, 10 de Plata y 8 de Bronce.<\/p>\n\n\n\n<p>Ahora la comisi\u00f3n t\u00e9cnica de la FECOA, enfoca su mirada a confirmar la lista de atletas clasificados a los Juegos Centroamericanos y del Caribe a realizarse en El Salvador, del 23 de junio al 8 de julio 2003 y al pr\u00f3ximo Campeonato Mayor de NACAC donde Costa Rica se medir\u00e1 a lo Mejor del Atletismo Latinoamericano.<\/p>\n","protected":false},"excerpt":{"rendered":"<p>La Selecci\u00f3n Mayor de Atletismo de Costa Rica, conquist\u00f3 este fin de semana el t\u00edtulo del XXXIII Campeonato Centroamericano Mayor de Atletismo, luego de alcanzar un total de 43 medallas&hellip; <\/p>\n","protected":false},"author":2,"featured_media":5637,"comment_status":"closed","ping_status":"closed","sticky":false,"template":"","format":"standard","meta":{"om_disable_all_campaigns":false,"_monsterinsights_skip_tracking":false,"_monsterinsights_sitenote_active":false,"_monsterinsights_sitenote_note":"","_monsterinsights_sitenote_category":0,"footnotes":""},"categories":[11,9],"tags":[1744],"class_list":["post-5636","post","type-post","status-publish","format-standard","has-post-thumbnail","hentry","category-de","category-na","tag-atletismocostaricacentroamerica"],"aioseo_notices":[],"yoast_head":"<!-- This site is optimized with the Yoast SEO plugin v21.2 - https:\/\/yoast.com\/wordpress\/plugins\/seo\/ -->\n<title>Costa Rica Campe\u00f3n del Atletismo Centroamericano - RG Deportes\u200e<\/title>\n<meta name=\"robots\" content=\"index, follow, max-snippet:-1, max-image-preview:large, max-video-preview:-1\" \/>\n<link rel=\"canonical\" href=\"https:\/\/rgdeportes.com\/index.php\/2023\/05\/10\/costa-rica-campeon-del-atletismo-centroamericano\/\" \/>\n<meta property=\"og:locale\" content=\"es_ES\" \/>\n<meta property=\"og:type\" content=\"article\" \/>\n<meta property=\"og:title\" content=\"Costa Rica Campe\u00f3n del Atletismo Centroamericano - RG Deportes\u200e\" \/>\n<meta property=\"og:description\" content=\"La Selecci\u00f3n Mayor de Atletismo de Costa Rica, conquist\u00f3 este fin de semana el t\u00edtulo del XXXIII Campeonato Centroamericano Mayor de Atletismo, luego de alcanzar un total de 43 medallas&hellip;\" \/>\n<meta property=\"og:url\" content=\"https:\/\/rgdeportes.com\/index.php\/2023\/05\/10\/costa-rica-campeon-del-atletismo-centroamericano\/\" \/>\n<meta property=\"og:site_name\" content=\"RG Deportes\u200e\" \/>\n<meta property=\"article:publisher\" content=\"https:\/\/www.facebook.com\/RandallGutierrezDeportes\/\" \/>\n<meta property=\"article:published_time\" content=\"2023-05-10T03:06:05+00:00\" \/>\n<meta property=\"article:modified_time\" content=\"2023-05-10T03:06:07+00:00\" \/>\n<meta property=\"og:image\" content=\"http:\/\/rgdeportes.com\/wp-content\/uploads\/2023\/05\/IMG_7925-scaled.jpg\" \/>\n\t<meta property=\"og:image:width\" content=\"2560\" \/>\n\t<meta property=\"og:image:height\" content=\"1707\" \/>\n\t<meta property=\"og:image:type\" content=\"image\/jpeg\" \/>\n<meta name=\"author\" content=\"Randall Gutierrez\" \/>\n<meta name=\"twitter:card\" content=\"summary_large_image\" \/>\n<meta name=\"twitter:label1\" content=\"Escrito por\" \/>\n\t<meta name=\"twitter:data1\" content=\"Randall Gutierrez\" \/>\n\t<meta name=\"twitter:label2\" content=\"Tiempo de lectura\" \/>\n\t<meta name=\"twitter:data2\" content=\"3 minutos\" \/>\n<script type=\"application\/ld+json\" class=\"yoast-schema-graph\">{\"@context\":\"https:\/\/schema.org\",\"@graph\":[{\"@type\":\"Article\",\"@id\":\"https:\/\/rgdeportes.com\/index.php\/2023\/05\/10\/costa-rica-campeon-del-atletismo-centroamericano\/#article\",\"isPartOf\":{\"@id\":\"https:\/\/rgdeportes.com\/index.php\/2023\/05\/10\/costa-rica-campeon-del-atletismo-centroamericano\/\"},\"author\":{\"name\":\"Randall Gutierrez\",\"@id\":\"https:\/\/rgdeportes.com\/#\/schema\/person\/91795323fddb335a4fd017bf0e4b1358\"},\"headline\":\"Costa Rica Campe\u00f3n del Atletismo Centroamericano\",\"datePublished\":\"2023-05-10T03:06:05+00:00\",\"dateModified\":\"2023-05-10T03:06:07+00:00\",\"mainEntityOfPage\":{\"@id\":\"https:\/\/rgdeportes.com\/index.php\/2023\/05\/10\/costa-rica-campeon-del-atletismo-centroamericano\/\"},\"wordCount\":540,\"publisher\":{\"@id\":\"https:\/\/rgdeportes.com\/#organization\"},\"keywords\":[\"#AtletismoCostaRicaCentroamerica\"],\"articleSection\":[\"Deporte\",\"Nacionales\"],\"inLanguage\":\"es\"},{\"@type\":\"WebPage\",\"@id\":\"https:\/\/rgdeportes.com\/index.php\/2023\/05\/10\/costa-rica-campeon-del-atletismo-centroamericano\/\",\"url\":\"https:\/\/rgdeportes.com\/index.php\/2023\/05\/10\/costa-rica-campeon-del-atletismo-centroamericano\/\",\"name\":\"Costa Rica Campe\u00f3n del Atletismo Centroamericano - RG Deportes\u200e\",\"isPartOf\":{\"@id\":\"https:\/\/rgdeportes.com\/#website\"},\"datePublished\":\"2023-05-10T03:06:05+00:00\",\"dateModified\":\"2023-05-10T03:06:07+00:00\",\"breadcrumb\":{\"@id\":\"https:\/\/rgdeportes.com\/index.php\/2023\/05\/10\/costa-rica-campeon-del-atletismo-centroamericano\/#breadcrumb\"},\"inLanguage\":\"es\",\"potentialAction\":[{\"@type\":\"ReadAction\",\"target\":[\"https:\/\/rgdeportes.com\/index.php\/2023\/05\/10\/costa-rica-campeon-del-atletismo-centroamericano\/\"]}]},{\"@type\":\"BreadcrumbList\",\"@id\":\"https:\/\/rgdeportes.com\/index.php\/2023\/05\/10\/costa-rica-campeon-del-atletismo-centroamericano\/#breadcrumb\",\"itemListElement\":[{\"@type\":\"ListItem\",\"position\":1,\"name\":\"Portada\",\"item\":\"https:\/\/rgdeportes.com\/\"},{\"@type\":\"ListItem\",\"position\":2,\"name\":\"Costa Rica Campe\u00f3n del Atletismo Centroamericano\"}]},{\"@type\":\"WebSite\",\"@id\":\"https:\/\/rgdeportes.com\/#website\",\"url\":\"https:\/\/rgdeportes.com\/\",\"name\":\"RG Deportes\u200e\",\"description\":\"\",\"publisher\":{\"@id\":\"https:\/\/rgdeportes.com\/#organization\"},\"potentialAction\":[{\"@type\":\"SearchAction\",\"target\":{\"@type\":\"EntryPoint\",\"urlTemplate\":\"https:\/\/rgdeportes.com\/?s={search_term_string}\"},\"query-input\":\"required name=search_term_string\"}],\"inLanguage\":\"es\"},{\"@type\":\"Organization\",\"@id\":\"https:\/\/rgdeportes.com\/#organization\",\"name\":\"RG Deportes\",\"url\":\"https:\/\/rgdeportes.com\/\",\"logo\":{\"@type\":\"ImageObject\",\"inLanguage\":\"es\",\"@id\":\"https:\/\/rgdeportes.com\/#\/schema\/logo\/image\/\",\"url\":\"https:\/\/rgdeportes.com\/wp-content\/uploads\/2020\/09\/Logo.png\",\"contentUrl\":\"https:\/\/rgdeportes.com\/wp-content\/uploads\/2020\/09\/Logo.png\",\"width\":784,\"height\":552,\"caption\":\"RG Deportes\"},\"image\":{\"@id\":\"https:\/\/rgdeportes.com\/#\/schema\/logo\/image\/\"},\"sameAs\":[\"https:\/\/www.facebook.com\/RandallGutierrezDeportes\/\",\"https:\/\/www.instagram.com\/randallgutierrezdeportes\/\",\"https:\/\/www.youtube.com\/channel\/UCX4_qbvtnTwoF5t2zNqBDvA\"]},{\"@type\":\"Person\",\"@id\":\"https:\/\/rgdeportes.com\/#\/schema\/person\/91795323fddb335a4fd017bf0e4b1358\",\"name\":\"Randall Gutierrez\",\"image\":{\"@type\":\"ImageObject\",\"inLanguage\":\"es\",\"@id\":\"https:\/\/rgdeportes.com\/#\/schema\/person\/image\/\",\"url\":\"https:\/\/secure.gravatar.com\/avatar\/d0884ea8b9b50bcfad3c0d20049361b5?s=96&d=mm&r=g\",\"contentUrl\":\"https:\/\/secure.gravatar.com\/avatar\/d0884ea8b9b50bcfad3c0d20049361b5?s=96&d=mm&r=g\",\"caption\":\"Randall Gutierrez\"},\"url\":\"https:\/\/rgdeportes.com\/index.php\/author\/randall\/\"}]}<\/script>\n<!-- \/ Yoast SEO plugin. -->","yoast_head_json":{"title":"Costa Rica Campe\u00f3n del Atletismo Centroamericano - RG Deportes\u200e","robots":{"index":"index","follow":"follow","max-snippet":"max-snippet:-1","max-image-preview":"max-image-preview:large","max-video-preview":"max-video-preview:-1"},"canonical":"https:\/\/rgdeportes.com\/index.php\/2023\/05\/10\/costa-rica-campeon-del-atletismo-centroamericano\/","og_locale":"es_ES","og_type":"article","og_title":"Costa Rica Campe\u00f3n del Atletismo Centroamericano - RG Deportes\u200e","og_description":"La Selecci\u00f3n Mayor de Atletismo de Costa Rica, conquist\u00f3 este fin de semana el t\u00edtulo del XXXIII Campeonato Centroamericano Mayor de Atletismo, luego de alcanzar un total de 43 medallas&hellip;","og_url":"https:\/\/rgdeportes.com\/index.php\/2023\/05\/10\/costa-rica-campeon-del-atletismo-centroamericano\/","og_site_name":"RG Deportes\u200e","article_publisher":"https:\/\/www.facebook.com\/RandallGutierrezDeportes\/","article_published_time":"2023-05-10T03:06:05+00:00","article_modified_time":"2023-05-10T03:06:07+00:00","og_image":[{"width":2560,"height":1707,"url":"http:\/\/rgdeportes.com\/wp-content\/uploads\/2023\/05\/IMG_7925-scaled.jpg","type":"image\/jpeg"}],"author":"Randall Gutierrez","twitter_card":"summary_large_image","twitter_misc":{"Escrito por":"Randall Gutierrez","Tiempo de lectura":"3 minutos"},"schema":{"@context":"https:\/\/schema.org","@graph":[{"@type":"Article","@id":"https:\/\/rgdeportes.com\/index.php\/2023\/05\/10\/costa-rica-campeon-del-atletismo-centroamericano\/#article","isPartOf":{"@id":"https:\/\/rgdeportes.com\/index.php\/2023\/05\/10\/costa-rica-campeon-del-atletismo-centroamericano\/"},"author":{"name":"Randall Gutierrez","@id":"https:\/\/rgdeportes.com\/#\/schema\/person\/91795323fddb335a4fd017bf0e4b1358"},"headline":"Costa Rica Campe\u00f3n del Atletismo Centroamericano","datePublished":"2023-05-10T03:06:05+00:00","dateModified":"2023-05-10T03:06:07+00:00","mainEntityOfPage":{"@id":"https:\/\/rgdeportes.com\/index.php\/2023\/05\/10\/costa-rica-campeon-del-atletismo-centroamericano\/"},"wordCount":540,"publisher":{"@id":"https:\/\/rgdeportes.com\/#organization"},"keywords":["#AtletismoCostaRicaCentroamerica"],"articleSection":["Deporte","Nacionales"],"inLanguage":"es"},{"@type":"WebPage","@id":"https:\/\/rgdeportes.com\/index.php\/2023\/05\/10\/costa-rica-campeon-del-atletismo-centroamericano\/","url":"https:\/\/rgdeportes.com\/index.php\/2023\/05\/10\/costa-rica-campeon-del-atletismo-centroamericano\/","name":"Costa Rica Campe\u00f3n del Atletismo Centroamericano - RG Deportes\u200e","isPartOf":{"@id":"https:\/\/rgdeportes.com\/#website"},"datePublished":"2023-05-10T03:06:05+00:00","dateModified":"2023-05-10T03:06:07+00:00","breadcrumb":{"@id":"https:\/\/rgdeportes.com\/index.php\/2023\/05\/10\/costa-rica-campeon-del-atletismo-centroamericano\/#breadcrumb"},"inLanguage":"es","potentialAction":[{"@type":"ReadAction","target":["https:\/\/rgdeportes.com\/index.php\/2023\/05\/10\/costa-rica-campeon-del-atletismo-centroamericano\/"]}]},{"@type":"BreadcrumbList","@id":"https:\/\/rgdeportes.com\/index.php\/2023\/05\/10\/costa-rica-campeon-del-atletismo-centroamericano\/#breadcrumb","itemListElement":[{"@type":"ListItem","position":1,"name":"Portada","item":"https:\/\/rgdeportes.com\/"},{"@type":"ListItem","position":2,"name":"Costa Rica Campe\u00f3n del Atletismo Centroamericano"}]},{"@type":"WebSite","@id":"https:\/\/rgdeportes.com\/#website","url":"https:\/\/rgdeportes.com\/","name":"RG Deportes\u200e","description":"","publisher":{"@id":"https:\/\/rgdeportes.com\/#organization"},"potentialAction":[{"@type":"SearchAction","target":{"@type":"EntryPoint","urlTemplate":"https:\/\/rgdeportes.com\/?s={search_term_string}"},"query-input":"required name=search_term_string"}],"inLanguage":"es"},{"@type":"Organization","@id":"https:\/\/rgdeportes.com\/#organization","name":"RG Deportes","url":"https:\/\/rgdeportes.com\/","logo":{"@type":"ImageObject","inLanguage":"es","@id":"https:\/\/rgdeportes.com\/#\/schema\/logo\/image\/","url":"https:\/\/rgdeportes.com\/wp-content\/uploads\/2020\/09\/Logo.png","contentUrl":"https:\/\/rgdeportes.com\/wp-content\/uploads\/2020\/09\/Logo.png","width":784,"height":552,"caption":"RG Deportes"},"image":{"@id":"https:\/\/rgdeportes.com\/#\/schema\/logo\/image\/"},"sameAs":["https:\/\/www.facebook.com\/RandallGutierrezDeportes\/","https:\/\/www.instagram.com\/randallgutierrezdeportes\/","https:\/\/www.youtube.com\/channel\/UCX4_qbvtnTwoF5t2zNqBDvA"]},{"@type":"Person","@id":"https:\/\/rgdeportes.com\/#\/schema\/person\/91795323fddb335a4fd017bf0e4b1358","name":"Randall Gutierrez","image":{"@type":"ImageObject","inLanguage":"es","@id":"https:\/\/rgdeportes.com\/#\/schema\/person\/image\/","url":"https:\/\/secure.gravatar.com\/avatar\/d0884ea8b9b50bcfad3c0d20049361b5?s=96&d=mm&r=g","contentUrl":"https:\/\/secure.gravatar.com\/avatar\/d0884ea8b9b50bcfad3c0d20049361b5?s=96&d=mm&r=g","caption":"Randall Gutierrez"},"url":"https:\/\/rgdeportes.com\/index.php\/author\/randall\/"}]}},"_links":{"self":[{"href":"https:\/\/rgdeportes.com\/index.php\/wp-json\/wp\/v2\/posts\/5636","targetHints":{"allow":["GET"]}}],"collection":[{"href":"https:\/\/rgdeportes.com\/index.php\/wp-json\/wp\/v2\/posts"}],"about":[{"href":"https:\/\/rgdeportes.com\/index.php\/wp-json\/wp\/v2\/types\/post"}],"author":[{"embeddable":true,"href":"https:\/\/rgdeportes.com\/index.php\/wp-json\/wp\/v2\/users\/2"}],"replies":[{"embeddable":true,"href":"https:\/\/rgdeportes.com\/index.php\/wp-json\/wp\/v2\/comments?post=5636"}],"version-history":[{"count":1,"href":"https:\/\/rgdeportes.com\/index.php\/wp-json\/wp\/v2\/posts\/5636\/revisions"}],"predecessor-version":[{"id":5639,"href":"https:\/\/rgdeportes.com\/index.php\/wp-json\/wp\/v2\/posts\/5636\/revisions\/5639"}],"wp:featuredmedia":[{"embeddable":true,"href":"https:\/\/rgdeportes.com\/index.php\/wp-json\/wp\/v2\/media\/5637"}],"wp:attachment":[{"href":"https:\/\/rgdeportes.com\/index.php\/wp-json\/wp\/v2\/media?parent=5636"}],"wp:term":[{"taxonomy":"category","embeddable":true,"href":"https:\/\/rgdeportes.com\/index.php\/wp-json\/wp\/v2\/categories?post=5636"},{"taxonomy":"post_tag","embeddable":true,"href":"https:\/\/rgdeportes.com\/index.php\/wp-json\/wp\/v2\/tags?post=5636"}],"curies":[{"name":"wp","href":"https:\/\/api.w.org\/{rel}","templated":true}]}}