{"id":5302,"date":"2023-04-08T22:43:58","date_gmt":"2023-04-08T22:43:58","guid":{"rendered":"https:\/\/rgdeportes.com\/?p=5302"},"modified":"2023-04-08T22:44:18","modified_gmt":"2023-04-08T22:44:18","slug":"maricruz-ortiz-deja-en-alto-el-racquetball-nacional","status":"publish","type":"post","link":"https:\/\/rgdeportes.com\/index.php\/2023\/04\/08\/maricruz-ortiz-deja-en-alto-el-racquetball-nacional\/","title":{"rendered":"Maricruz Ortiz deja en alto el Racquetball Nacional"},"content":{"rendered":"\n<figure class=\"wp-block-image size-large\"><img loading=\"lazy\" decoding=\"async\" width=\"819\" height=\"1024\" src=\"https:\/\/rgdeportes.com\/wp-content\/uploads\/2023\/04\/FB_IMG_1680993521302-819x1024.jpg\" alt=\"\" class=\"wp-image-5303\" srcset=\"https:\/\/rgdeportes.com\/wp-content\/uploads\/2023\/04\/FB_IMG_1680993521302-819x1024.jpg 819w, https:\/\/rgdeportes.com\/wp-content\/uploads\/2023\/04\/FB_IMG_1680993521302-240x300.jpg 240w, https:\/\/rgdeportes.com\/wp-content\/uploads\/2023\/04\/FB_IMG_1680993521302-768x960.jpg 768w, https:\/\/rgdeportes.com\/wp-content\/uploads\/2023\/04\/FB_IMG_1680993521302.jpg 1080w\" sizes=\"auto, (max-width: 819px) 100vw, 819px\" \/><\/figure>\n\n\n\n<p>El Racquetball Nacional es noticia, esto tras darse a conocer que la joven raquetbolista costarricense Maricruz Ortiz Ulloa de 20 a\u00f1os hace historia en Guatemala, tras la obtenci\u00f3n la primera medalla panamericana mayor femenina, despu\u00e9s de concluir tercera el torneo continental. <\/p>\n\n\n\n<p>(Foto &#8211; Federaci\u00f3n Costarricense de Racquetball). <\/p>\n","protected":false},"excerpt":{"rendered":"<p>El Racquetball Nacional es noticia, esto tras darse a conocer que la joven raquetbolista costarricense Maricruz Ortiz Ulloa de 20 a\u00f1os hace historia en Guatemala, tras la obtenci\u00f3n la primera&hellip; <\/p>\n","protected":false},"author":2,"featured_media":5303,"comment_status":"closed","ping_status":"closed","sticky":false,"template":"","format":"standard","meta":{"om_disable_all_campaigns":false,"_monsterinsights_skip_tracking":false,"_monsterinsights_sitenote_active":false,"_monsterinsights_sitenote_note":"","_monsterinsights_sitenote_category":0,"footnotes":""},"categories":[11],"tags":[1648],"class_list":["post-5302","post","type-post","status-publish","format-standard","has-post-thumbnail","hentry","category-de","tag-maricruzortizracquetball"],"aioseo_notices":[],"yoast_head":"<!-- This site is optimized with the Yoast SEO plugin v21.2 - https:\/\/yoast.com\/wordpress\/plugins\/seo\/ -->\n<title>Maricruz Ortiz deja en alto el Racquetball Nacional - RG Deportes\u200e<\/title>\n<meta name=\"robots\" content=\"index, follow, max-snippet:-1, max-image-preview:large, max-video-preview:-1\" \/>\n<link rel=\"canonical\" href=\"https:\/\/rgdeportes.com\/index.php\/2023\/04\/08\/maricruz-ortiz-deja-en-alto-el-racquetball-nacional\/\" \/>\n<meta property=\"og:locale\" content=\"es_ES\" \/>\n<meta property=\"og:type\" content=\"article\" \/>\n<meta property=\"og:title\" content=\"Maricruz Ortiz deja en alto el Racquetball Nacional - RG Deportes\u200e\" \/>\n<meta property=\"og:description\" content=\"El Racquetball Nacional es noticia, esto tras darse a conocer que la joven raquetbolista costarricense Maricruz Ortiz Ulloa de 20 a\u00f1os hace historia en Guatemala, tras la obtenci\u00f3n la primera&hellip;\" \/>\n<meta property=\"og:url\" content=\"https:\/\/rgdeportes.com\/index.php\/2023\/04\/08\/maricruz-ortiz-deja-en-alto-el-racquetball-nacional\/\" \/>\n<meta property=\"og:site_name\" content=\"RG Deportes\u200e\" \/>\n<meta property=\"article:publisher\" content=\"https:\/\/www.facebook.com\/RandallGutierrezDeportes\/\" \/>\n<meta property=\"article:published_time\" content=\"2023-04-08T22:43:58+00:00\" \/>\n<meta property=\"article:modified_time\" content=\"2023-04-08T22:44:18+00:00\" \/>\n<meta property=\"og:image\" content=\"http:\/\/rgdeportes.com\/wp-content\/uploads\/2023\/04\/FB_IMG_1680993521302.jpg\" \/>\n\t<meta property=\"og:image:width\" content=\"1080\" \/>\n\t<meta property=\"og:image:height\" content=\"1350\" \/>\n\t<meta property=\"og:image:type\" content=\"image\/jpeg\" \/>\n<meta name=\"author\" content=\"Randall Gutierrez\" \/>\n<meta name=\"twitter:card\" content=\"summary_large_image\" \/>\n<meta name=\"twitter:label1\" content=\"Escrito por\" \/>\n\t<meta name=\"twitter:data1\" content=\"Randall Gutierrez\" \/>\n\t<meta name=\"twitter:label2\" content=\"Tiempo de lectura\" \/>\n\t<meta name=\"twitter:data2\" content=\"1 minuto\" \/>\n<script type=\"application\/ld+json\" class=\"yoast-schema-graph\">{\"@context\":\"https:\/\/schema.org\",\"@graph\":[{\"@type\":\"Article\",\"@id\":\"https:\/\/rgdeportes.com\/index.php\/2023\/04\/08\/maricruz-ortiz-deja-en-alto-el-racquetball-nacional\/#article\",\"isPartOf\":{\"@id\":\"https:\/\/rgdeportes.com\/index.php\/2023\/04\/08\/maricruz-ortiz-deja-en-alto-el-racquetball-nacional\/\"},\"author\":{\"name\":\"Randall Gutierrez\",\"@id\":\"https:\/\/rgdeportes.com\/#\/schema\/person\/91795323fddb335a4fd017bf0e4b1358\"},\"headline\":\"Maricruz Ortiz deja en alto el Racquetball Nacional\",\"datePublished\":\"2023-04-08T22:43:58+00:00\",\"dateModified\":\"2023-04-08T22:44:18+00:00\",\"mainEntityOfPage\":{\"@id\":\"https:\/\/rgdeportes.com\/index.php\/2023\/04\/08\/maricruz-ortiz-deja-en-alto-el-racquetball-nacional\/\"},\"wordCount\":58,\"publisher\":{\"@id\":\"https:\/\/rgdeportes.com\/#organization\"},\"keywords\":[\"#MaricruzOrtizRacquetball\"],\"articleSection\":[\"Deporte\"],\"inLanguage\":\"es\"},{\"@type\":\"WebPage\",\"@id\":\"https:\/\/rgdeportes.com\/index.php\/2023\/04\/08\/maricruz-ortiz-deja-en-alto-el-racquetball-nacional\/\",\"url\":\"https:\/\/rgdeportes.com\/index.php\/2023\/04\/08\/maricruz-ortiz-deja-en-alto-el-racquetball-nacional\/\",\"name\":\"Maricruz Ortiz deja en alto el Racquetball Nacional - RG Deportes\u200e\",\"isPartOf\":{\"@id\":\"https:\/\/rgdeportes.com\/#website\"},\"datePublished\":\"2023-04-08T22:43:58+00:00\",\"dateModified\":\"2023-04-08T22:44:18+00:00\",\"breadcrumb\":{\"@id\":\"https:\/\/rgdeportes.com\/index.php\/2023\/04\/08\/maricruz-ortiz-deja-en-alto-el-racquetball-nacional\/#breadcrumb\"},\"inLanguage\":\"es\",\"potentialAction\":[{\"@type\":\"ReadAction\",\"target\":[\"https:\/\/rgdeportes.com\/index.php\/2023\/04\/08\/maricruz-ortiz-deja-en-alto-el-racquetball-nacional\/\"]}]},{\"@type\":\"BreadcrumbList\",\"@id\":\"https:\/\/rgdeportes.com\/index.php\/2023\/04\/08\/maricruz-ortiz-deja-en-alto-el-racquetball-nacional\/#breadcrumb\",\"itemListElement\":[{\"@type\":\"ListItem\",\"position\":1,\"name\":\"Portada\",\"item\":\"https:\/\/rgdeportes.com\/\"},{\"@type\":\"ListItem\",\"position\":2,\"name\":\"Maricruz Ortiz deja en alto el Racquetball Nacional\"}]},{\"@type\":\"WebSite\",\"@id\":\"https:\/\/rgdeportes.com\/#website\",\"url\":\"https:\/\/rgdeportes.com\/\",\"name\":\"RG Deportes\u200e\",\"description\":\"\",\"publisher\":{\"@id\":\"https:\/\/rgdeportes.com\/#organization\"},\"potentialAction\":[{\"@type\":\"SearchAction\",\"target\":{\"@type\":\"EntryPoint\",\"urlTemplate\":\"https:\/\/rgdeportes.com\/?s={search_term_string}\"},\"query-input\":\"required name=search_term_string\"}],\"inLanguage\":\"es\"},{\"@type\":\"Organization\",\"@id\":\"https:\/\/rgdeportes.com\/#organization\",\"name\":\"RG Deportes\",\"url\":\"https:\/\/rgdeportes.com\/\",\"logo\":{\"@type\":\"ImageObject\",\"inLanguage\":\"es\",\"@id\":\"https:\/\/rgdeportes.com\/#\/schema\/logo\/image\/\",\"url\":\"https:\/\/rgdeportes.com\/wp-content\/uploads\/2020\/09\/Logo.png\",\"contentUrl\":\"https:\/\/rgdeportes.com\/wp-content\/uploads\/2020\/09\/Logo.png\",\"width\":784,\"height\":552,\"caption\":\"RG Deportes\"},\"image\":{\"@id\":\"https:\/\/rgdeportes.com\/#\/schema\/logo\/image\/\"},\"sameAs\":[\"https:\/\/www.facebook.com\/RandallGutierrezDeportes\/\",\"https:\/\/www.instagram.com\/randallgutierrezdeportes\/\",\"https:\/\/www.youtube.com\/channel\/UCX4_qbvtnTwoF5t2zNqBDvA\"]},{\"@type\":\"Person\",\"@id\":\"https:\/\/rgdeportes.com\/#\/schema\/person\/91795323fddb335a4fd017bf0e4b1358\",\"name\":\"Randall Gutierrez\",\"image\":{\"@type\":\"ImageObject\",\"inLanguage\":\"es\",\"@id\":\"https:\/\/rgdeportes.com\/#\/schema\/person\/image\/\",\"url\":\"https:\/\/secure.gravatar.com\/avatar\/d0884ea8b9b50bcfad3c0d20049361b5?s=96&d=mm&r=g\",\"contentUrl\":\"https:\/\/secure.gravatar.com\/avatar\/d0884ea8b9b50bcfad3c0d20049361b5?s=96&d=mm&r=g\",\"caption\":\"Randall Gutierrez\"},\"url\":\"https:\/\/rgdeportes.com\/index.php\/author\/randall\/\"}]}<\/script>\n<!-- \/ Yoast SEO plugin. -->","yoast_head_json":{"title":"Maricruz Ortiz deja en alto el Racquetball Nacional - RG Deportes\u200e","robots":{"index":"index","follow":"follow","max-snippet":"max-snippet:-1","max-image-preview":"max-image-preview:large","max-video-preview":"max-video-preview:-1"},"canonical":"https:\/\/rgdeportes.com\/index.php\/2023\/04\/08\/maricruz-ortiz-deja-en-alto-el-racquetball-nacional\/","og_locale":"es_ES","og_type":"article","og_title":"Maricruz Ortiz deja en alto el Racquetball Nacional - RG Deportes\u200e","og_description":"El Racquetball Nacional es noticia, esto tras darse a conocer que la joven raquetbolista costarricense Maricruz Ortiz Ulloa de 20 a\u00f1os hace historia en Guatemala, tras la obtenci\u00f3n la primera&hellip;","og_url":"https:\/\/rgdeportes.com\/index.php\/2023\/04\/08\/maricruz-ortiz-deja-en-alto-el-racquetball-nacional\/","og_site_name":"RG Deportes\u200e","article_publisher":"https:\/\/www.facebook.com\/RandallGutierrezDeportes\/","article_published_time":"2023-04-08T22:43:58+00:00","article_modified_time":"2023-04-08T22:44:18+00:00","og_image":[{"width":1080,"height":1350,"url":"http:\/\/rgdeportes.com\/wp-content\/uploads\/2023\/04\/FB_IMG_1680993521302.jpg","type":"image\/jpeg"}],"author":"Randall Gutierrez","twitter_card":"summary_large_image","twitter_misc":{"Escrito por":"Randall Gutierrez","Tiempo de lectura":"1 minuto"},"schema":{"@context":"https:\/\/schema.org","@graph":[{"@type":"Article","@id":"https:\/\/rgdeportes.com\/index.php\/2023\/04\/08\/maricruz-ortiz-deja-en-alto-el-racquetball-nacional\/#article","isPartOf":{"@id":"https:\/\/rgdeportes.com\/index.php\/2023\/04\/08\/maricruz-ortiz-deja-en-alto-el-racquetball-nacional\/"},"author":{"name":"Randall Gutierrez","@id":"https:\/\/rgdeportes.com\/#\/schema\/person\/91795323fddb335a4fd017bf0e4b1358"},"headline":"Maricruz Ortiz deja en alto el Racquetball Nacional","datePublished":"2023-04-08T22:43:58+00:00","dateModified":"2023-04-08T22:44:18+00:00","mainEntityOfPage":{"@id":"https:\/\/rgdeportes.com\/index.php\/2023\/04\/08\/maricruz-ortiz-deja-en-alto-el-racquetball-nacional\/"},"wordCount":58,"publisher":{"@id":"https:\/\/rgdeportes.com\/#organization"},"keywords":["#MaricruzOrtizRacquetball"],"articleSection":["Deporte"],"inLanguage":"es"},{"@type":"WebPage","@id":"https:\/\/rgdeportes.com\/index.php\/2023\/04\/08\/maricruz-ortiz-deja-en-alto-el-racquetball-nacional\/","url":"https:\/\/rgdeportes.com\/index.php\/2023\/04\/08\/maricruz-ortiz-deja-en-alto-el-racquetball-nacional\/","name":"Maricruz Ortiz deja en alto el Racquetball Nacional - RG Deportes\u200e","isPartOf":{"@id":"https:\/\/rgdeportes.com\/#website"},"datePublished":"2023-04-08T22:43:58+00:00","dateModified":"2023-04-08T22:44:18+00:00","breadcrumb":{"@id":"https:\/\/rgdeportes.com\/index.php\/2023\/04\/08\/maricruz-ortiz-deja-en-alto-el-racquetball-nacional\/#breadcrumb"},"inLanguage":"es","potentialAction":[{"@type":"ReadAction","target":["https:\/\/rgdeportes.com\/index.php\/2023\/04\/08\/maricruz-ortiz-deja-en-alto-el-racquetball-nacional\/"]}]},{"@type":"BreadcrumbList","@id":"https:\/\/rgdeportes.com\/index.php\/2023\/04\/08\/maricruz-ortiz-deja-en-alto-el-racquetball-nacional\/#breadcrumb","itemListElement":[{"@type":"ListItem","position":1,"name":"Portada","item":"https:\/\/rgdeportes.com\/"},{"@type":"ListItem","position":2,"name":"Maricruz Ortiz deja en alto el Racquetball Nacional"}]},{"@type":"WebSite","@id":"https:\/\/rgdeportes.com\/#website","url":"https:\/\/rgdeportes.com\/","name":"RG Deportes\u200e","description":"","publisher":{"@id":"https:\/\/rgdeportes.com\/#organization"},"potentialAction":[{"@type":"SearchAction","target":{"@type":"EntryPoint","urlTemplate":"https:\/\/rgdeportes.com\/?s={search_term_string}"},"query-input":"required name=search_term_string"}],"inLanguage":"es"},{"@type":"Organization","@id":"https:\/\/rgdeportes.com\/#organization","name":"RG Deportes","url":"https:\/\/rgdeportes.com\/","logo":{"@type":"ImageObject","inLanguage":"es","@id":"https:\/\/rgdeportes.com\/#\/schema\/logo\/image\/","url":"https:\/\/rgdeportes.com\/wp-content\/uploads\/2020\/09\/Logo.png","contentUrl":"https:\/\/rgdeportes.com\/wp-content\/uploads\/2020\/09\/Logo.png","width":784,"height":552,"caption":"RG Deportes"},"image":{"@id":"https:\/\/rgdeportes.com\/#\/schema\/logo\/image\/"},"sameAs":["https:\/\/www.facebook.com\/RandallGutierrezDeportes\/","https:\/\/www.instagram.com\/randallgutierrezdeportes\/","https:\/\/www.youtube.com\/channel\/UCX4_qbvtnTwoF5t2zNqBDvA"]},{"@type":"Person","@id":"https:\/\/rgdeportes.com\/#\/schema\/person\/91795323fddb335a4fd017bf0e4b1358","name":"Randall Gutierrez","image":{"@type":"ImageObject","inLanguage":"es","@id":"https:\/\/rgdeportes.com\/#\/schema\/person\/image\/","url":"https:\/\/secure.gravatar.com\/avatar\/d0884ea8b9b50bcfad3c0d20049361b5?s=96&d=mm&r=g","contentUrl":"https:\/\/secure.gravatar.com\/avatar\/d0884ea8b9b50bcfad3c0d20049361b5?s=96&d=mm&r=g","caption":"Randall Gutierrez"},"url":"https:\/\/rgdeportes.com\/index.php\/author\/randall\/"}]}},"_links":{"self":[{"href":"https:\/\/rgdeportes.com\/index.php\/wp-json\/wp\/v2\/posts\/5302","targetHints":{"allow":["GET"]}}],"collection":[{"href":"https:\/\/rgdeportes.com\/index.php\/wp-json\/wp\/v2\/posts"}],"about":[{"href":"https:\/\/rgdeportes.com\/index.php\/wp-json\/wp\/v2\/types\/post"}],"author":[{"embeddable":true,"href":"https:\/\/rgdeportes.com\/index.php\/wp-json\/wp\/v2\/users\/2"}],"replies":[{"embeddable":true,"href":"https:\/\/rgdeportes.com\/index.php\/wp-json\/wp\/v2\/comments?post=5302"}],"version-history":[{"count":1,"href":"https:\/\/rgdeportes.com\/index.php\/wp-json\/wp\/v2\/posts\/5302\/revisions"}],"predecessor-version":[{"id":5304,"href":"https:\/\/rgdeportes.com\/index.php\/wp-json\/wp\/v2\/posts\/5302\/revisions\/5304"}],"wp:featuredmedia":[{"embeddable":true,"href":"https:\/\/rgdeportes.com\/index.php\/wp-json\/wp\/v2\/media\/5303"}],"wp:attachment":[{"href":"https:\/\/rgdeportes.com\/index.php\/wp-json\/wp\/v2\/media?parent=5302"}],"wp:term":[{"taxonomy":"category","embeddable":true,"href":"https:\/\/rgdeportes.com\/index.php\/wp-json\/wp\/v2\/categories?post=5302"},{"taxonomy":"post_tag","embeddable":true,"href":"https:\/\/rgdeportes.com\/index.php\/wp-json\/wp\/v2\/tags?post=5302"}],"curies":[{"name":"wp","href":"https:\/\/api.w.org\/{rel}","templated":true}]}}