{"id":4616,"date":"2023-02-01T19:40:26","date_gmt":"2023-02-01T19:40:26","guid":{"rendered":"https:\/\/rgdeportes.com\/?p=4616"},"modified":"2023-02-01T19:40:28","modified_gmt":"2023-02-01T19:40:28","slug":"tiro-con-arco-resalto-gran-participacion-en-los-juegos-deportivos-nacionales","status":"publish","type":"post","link":"https:\/\/rgdeportes.com\/index.php\/2023\/02\/01\/tiro-con-arco-resalto-gran-participacion-en-los-juegos-deportivos-nacionales\/","title":{"rendered":"Tiro con Arco resalt\u00f3 gran participaci\u00f3n en los Juegos Deportivos Nacionales"},"content":{"rendered":"\n<figure class=\"wp-block-image size-large\"><img loading=\"lazy\" decoding=\"async\" width=\"1024\" height=\"683\" src=\"https:\/\/rgdeportes.com\/wp-content\/uploads\/2023\/02\/FB_IMG_1675279646286-1024x683.jpg\" alt=\"\" class=\"wp-image-4617\" srcset=\"https:\/\/rgdeportes.com\/wp-content\/uploads\/2023\/02\/FB_IMG_1675279646286-1024x683.jpg 1024w, https:\/\/rgdeportes.com\/wp-content\/uploads\/2023\/02\/FB_IMG_1675279646286-300x200.jpg 300w, https:\/\/rgdeportes.com\/wp-content\/uploads\/2023\/02\/FB_IMG_1675279646286-768x512.jpg 768w, https:\/\/rgdeportes.com\/wp-content\/uploads\/2023\/02\/FB_IMG_1675279646286.jpg 1080w\" sizes=\"auto, (max-width: 1024px) 100vw, 1024px\" \/><\/figure>\n\n\n\n<p>Una de las disciplinas que resalt\u00f3 en las justas de los Juegos Deportivos Nacionales Icoder 2022-2023 fue el Tiro con Arco, esto por la gran cantidad de atletas que se dieron cita durante sus d\u00edas de pruebas en la b\u00fasqueda de preseas durante el pasado 28 y 29 de enero. <\/p>\n\n\n\n<p>De esta manera la Federaci\u00f3n Deportiva de Tiro con Arco de Costa Rica desea felicitar y agradecer a todos los atletas, entrenadores y los CCDR que participaron en esta edici\u00f3n de Juegos Deportivos Nacionales.<\/p>\n\n\n\n<figure class=\"wp-block-image size-large\"><img loading=\"lazy\" decoding=\"async\" width=\"1024\" height=\"768\" src=\"https:\/\/rgdeportes.com\/wp-content\/uploads\/2023\/02\/FB_IMG_1675280100939-1024x768.jpg\" alt=\"\" class=\"wp-image-4618\" srcset=\"https:\/\/rgdeportes.com\/wp-content\/uploads\/2023\/02\/FB_IMG_1675280100939-1024x768.jpg 1024w, https:\/\/rgdeportes.com\/wp-content\/uploads\/2023\/02\/FB_IMG_1675280100939-300x225.jpg 300w, https:\/\/rgdeportes.com\/wp-content\/uploads\/2023\/02\/FB_IMG_1675280100939-768x576.jpg 768w, https:\/\/rgdeportes.com\/wp-content\/uploads\/2023\/02\/FB_IMG_1675280100939.jpg 1040w\" sizes=\"auto, (max-width: 1024px) 100vw, 1024px\" \/><\/figure>\n\n\n\n<p>Tambi\u00e9n la Federaci\u00f3n Deportiva de Tiro con Arco, agradeci\u00f3 a las familias que con su presencia y colaboraci\u00f3n contribuyeron a los JDN. <\/p>\n\n\n\n<p>As\u00ed mismo, queremos expresar nuestro agradecimiento al Instituto Costarricense del Deporte y la Recreaci\u00f3n, Icoder y a la Municipalidad de Sarch\u00ed por la oportunidad de continuar con nuestro crecimiento como deporte para el pa\u00eds, as\u00ed como todo el apoyo brindado durante el evento.<\/p>\n\n\n\n<p>(Fotos &#8211; Luis Cascante y Gerardo Vasquez Herrera).<\/p>\n","protected":false},"excerpt":{"rendered":"<p>Una de las disciplinas que resalt\u00f3 en las justas de los Juegos Deportivos Nacionales Icoder 2022-2023 fue el Tiro con Arco, esto por la gran cantidad de atletas que se&hellip; <\/p>\n","protected":false},"author":2,"featured_media":4617,"comment_status":"closed","ping_status":"closed","sticky":false,"template":"","format":"standard","meta":{"om_disable_all_campaigns":false,"_monsterinsights_skip_tracking":false,"_monsterinsights_sitenote_active":false,"_monsterinsights_sitenote_note":"","_monsterinsights_sitenote_category":0,"footnotes":""},"categories":[4],"tags":[1412],"class_list":["post-4616","post","type-post","status-publish","format-standard","has-post-thumbnail","hentry","category-noticias","tag-tiroconarcojuegosnacionales"],"aioseo_notices":[],"yoast_head":"<!-- This site is optimized with the Yoast SEO plugin v21.2 - https:\/\/yoast.com\/wordpress\/plugins\/seo\/ -->\n<title>Tiro con Arco resalt\u00f3 gran participaci\u00f3n en los Juegos Deportivos Nacionales - RG Deportes\u200e<\/title>\n<meta name=\"robots\" content=\"index, follow, max-snippet:-1, max-image-preview:large, max-video-preview:-1\" \/>\n<link rel=\"canonical\" href=\"https:\/\/rgdeportes.com\/index.php\/2023\/02\/01\/tiro-con-arco-resalto-gran-participacion-en-los-juegos-deportivos-nacionales\/\" \/>\n<meta property=\"og:locale\" content=\"es_ES\" \/>\n<meta property=\"og:type\" content=\"article\" \/>\n<meta property=\"og:title\" content=\"Tiro con Arco resalt\u00f3 gran participaci\u00f3n en los Juegos Deportivos Nacionales - RG Deportes\u200e\" \/>\n<meta property=\"og:description\" content=\"Una de las disciplinas que resalt\u00f3 en las justas de los Juegos Deportivos Nacionales Icoder 2022-2023 fue el Tiro con Arco, esto por la gran cantidad de atletas que se&hellip;\" \/>\n<meta property=\"og:url\" content=\"https:\/\/rgdeportes.com\/index.php\/2023\/02\/01\/tiro-con-arco-resalto-gran-participacion-en-los-juegos-deportivos-nacionales\/\" \/>\n<meta property=\"og:site_name\" content=\"RG Deportes\u200e\" \/>\n<meta property=\"article:publisher\" content=\"https:\/\/www.facebook.com\/RandallGutierrezDeportes\/\" \/>\n<meta property=\"article:published_time\" content=\"2023-02-01T19:40:26+00:00\" \/>\n<meta property=\"article:modified_time\" content=\"2023-02-01T19:40:28+00:00\" \/>\n<meta property=\"og:image\" content=\"http:\/\/rgdeportes.com\/wp-content\/uploads\/2023\/02\/FB_IMG_1675279646286.jpg\" \/>\n\t<meta property=\"og:image:width\" content=\"1080\" \/>\n\t<meta property=\"og:image:height\" content=\"720\" \/>\n\t<meta property=\"og:image:type\" content=\"image\/jpeg\" \/>\n<meta name=\"author\" content=\"Randall Gutierrez\" \/>\n<meta name=\"twitter:card\" content=\"summary_large_image\" \/>\n<meta name=\"twitter:label1\" content=\"Escrito por\" \/>\n\t<meta name=\"twitter:data1\" content=\"Randall Gutierrez\" \/>\n\t<meta name=\"twitter:label2\" content=\"Tiempo de lectura\" \/>\n\t<meta name=\"twitter:data2\" content=\"2 minutos\" \/>\n<script type=\"application\/ld+json\" class=\"yoast-schema-graph\">{\"@context\":\"https:\/\/schema.org\",\"@graph\":[{\"@type\":\"Article\",\"@id\":\"https:\/\/rgdeportes.com\/index.php\/2023\/02\/01\/tiro-con-arco-resalto-gran-participacion-en-los-juegos-deportivos-nacionales\/#article\",\"isPartOf\":{\"@id\":\"https:\/\/rgdeportes.com\/index.php\/2023\/02\/01\/tiro-con-arco-resalto-gran-participacion-en-los-juegos-deportivos-nacionales\/\"},\"author\":{\"name\":\"Randall Gutierrez\",\"@id\":\"https:\/\/rgdeportes.com\/#\/schema\/person\/91795323fddb335a4fd017bf0e4b1358\"},\"headline\":\"Tiro con Arco resalt\u00f3 gran participaci\u00f3n en los Juegos Deportivos Nacionales\",\"datePublished\":\"2023-02-01T19:40:26+00:00\",\"dateModified\":\"2023-02-01T19:40:28+00:00\",\"mainEntityOfPage\":{\"@id\":\"https:\/\/rgdeportes.com\/index.php\/2023\/02\/01\/tiro-con-arco-resalto-gran-participacion-en-los-juegos-deportivos-nacionales\/\"},\"wordCount\":176,\"publisher\":{\"@id\":\"https:\/\/rgdeportes.com\/#organization\"},\"keywords\":[\"#TiroconArcoJuegosNacionales\"],\"articleSection\":[\"Noticias\"],\"inLanguage\":\"es\"},{\"@type\":\"WebPage\",\"@id\":\"https:\/\/rgdeportes.com\/index.php\/2023\/02\/01\/tiro-con-arco-resalto-gran-participacion-en-los-juegos-deportivos-nacionales\/\",\"url\":\"https:\/\/rgdeportes.com\/index.php\/2023\/02\/01\/tiro-con-arco-resalto-gran-participacion-en-los-juegos-deportivos-nacionales\/\",\"name\":\"Tiro con Arco resalt\u00f3 gran participaci\u00f3n en los Juegos Deportivos Nacionales - RG Deportes\u200e\",\"isPartOf\":{\"@id\":\"https:\/\/rgdeportes.com\/#website\"},\"datePublished\":\"2023-02-01T19:40:26+00:00\",\"dateModified\":\"2023-02-01T19:40:28+00:00\",\"breadcrumb\":{\"@id\":\"https:\/\/rgdeportes.com\/index.php\/2023\/02\/01\/tiro-con-arco-resalto-gran-participacion-en-los-juegos-deportivos-nacionales\/#breadcrumb\"},\"inLanguage\":\"es\",\"potentialAction\":[{\"@type\":\"ReadAction\",\"target\":[\"https:\/\/rgdeportes.com\/index.php\/2023\/02\/01\/tiro-con-arco-resalto-gran-participacion-en-los-juegos-deportivos-nacionales\/\"]}]},{\"@type\":\"BreadcrumbList\",\"@id\":\"https:\/\/rgdeportes.com\/index.php\/2023\/02\/01\/tiro-con-arco-resalto-gran-participacion-en-los-juegos-deportivos-nacionales\/#breadcrumb\",\"itemListElement\":[{\"@type\":\"ListItem\",\"position\":1,\"name\":\"Portada\",\"item\":\"https:\/\/rgdeportes.com\/\"},{\"@type\":\"ListItem\",\"position\":2,\"name\":\"Tiro con Arco resalt\u00f3 gran participaci\u00f3n en los Juegos Deportivos Nacionales\"}]},{\"@type\":\"WebSite\",\"@id\":\"https:\/\/rgdeportes.com\/#website\",\"url\":\"https:\/\/rgdeportes.com\/\",\"name\":\"RG Deportes\u200e\",\"description\":\"\",\"publisher\":{\"@id\":\"https:\/\/rgdeportes.com\/#organization\"},\"potentialAction\":[{\"@type\":\"SearchAction\",\"target\":{\"@type\":\"EntryPoint\",\"urlTemplate\":\"https:\/\/rgdeportes.com\/?s={search_term_string}\"},\"query-input\":\"required name=search_term_string\"}],\"inLanguage\":\"es\"},{\"@type\":\"Organization\",\"@id\":\"https:\/\/rgdeportes.com\/#organization\",\"name\":\"RG Deportes\",\"url\":\"https:\/\/rgdeportes.com\/\",\"logo\":{\"@type\":\"ImageObject\",\"inLanguage\":\"es\",\"@id\":\"https:\/\/rgdeportes.com\/#\/schema\/logo\/image\/\",\"url\":\"https:\/\/rgdeportes.com\/wp-content\/uploads\/2020\/09\/Logo.png\",\"contentUrl\":\"https:\/\/rgdeportes.com\/wp-content\/uploads\/2020\/09\/Logo.png\",\"width\":784,\"height\":552,\"caption\":\"RG Deportes\"},\"image\":{\"@id\":\"https:\/\/rgdeportes.com\/#\/schema\/logo\/image\/\"},\"sameAs\":[\"https:\/\/www.facebook.com\/RandallGutierrezDeportes\/\",\"https:\/\/www.instagram.com\/randallgutierrezdeportes\/\",\"https:\/\/www.youtube.com\/channel\/UCX4_qbvtnTwoF5t2zNqBDvA\"]},{\"@type\":\"Person\",\"@id\":\"https:\/\/rgdeportes.com\/#\/schema\/person\/91795323fddb335a4fd017bf0e4b1358\",\"name\":\"Randall Gutierrez\",\"image\":{\"@type\":\"ImageObject\",\"inLanguage\":\"es\",\"@id\":\"https:\/\/rgdeportes.com\/#\/schema\/person\/image\/\",\"url\":\"https:\/\/secure.gravatar.com\/avatar\/d0884ea8b9b50bcfad3c0d20049361b5?s=96&d=mm&r=g\",\"contentUrl\":\"https:\/\/secure.gravatar.com\/avatar\/d0884ea8b9b50bcfad3c0d20049361b5?s=96&d=mm&r=g\",\"caption\":\"Randall Gutierrez\"},\"url\":\"https:\/\/rgdeportes.com\/index.php\/author\/randall\/\"}]}<\/script>\n<!-- \/ Yoast SEO plugin. -->","yoast_head_json":{"title":"Tiro con Arco resalt\u00f3 gran participaci\u00f3n en los Juegos Deportivos Nacionales - RG Deportes\u200e","robots":{"index":"index","follow":"follow","max-snippet":"max-snippet:-1","max-image-preview":"max-image-preview:large","max-video-preview":"max-video-preview:-1"},"canonical":"https:\/\/rgdeportes.com\/index.php\/2023\/02\/01\/tiro-con-arco-resalto-gran-participacion-en-los-juegos-deportivos-nacionales\/","og_locale":"es_ES","og_type":"article","og_title":"Tiro con Arco resalt\u00f3 gran participaci\u00f3n en los Juegos Deportivos Nacionales - RG Deportes\u200e","og_description":"Una de las disciplinas que resalt\u00f3 en las justas de los Juegos Deportivos Nacionales Icoder 2022-2023 fue el Tiro con Arco, esto por la gran cantidad de atletas que se&hellip;","og_url":"https:\/\/rgdeportes.com\/index.php\/2023\/02\/01\/tiro-con-arco-resalto-gran-participacion-en-los-juegos-deportivos-nacionales\/","og_site_name":"RG Deportes\u200e","article_publisher":"https:\/\/www.facebook.com\/RandallGutierrezDeportes\/","article_published_time":"2023-02-01T19:40:26+00:00","article_modified_time":"2023-02-01T19:40:28+00:00","og_image":[{"width":1080,"height":720,"url":"http:\/\/rgdeportes.com\/wp-content\/uploads\/2023\/02\/FB_IMG_1675279646286.jpg","type":"image\/jpeg"}],"author":"Randall Gutierrez","twitter_card":"summary_large_image","twitter_misc":{"Escrito por":"Randall Gutierrez","Tiempo de lectura":"2 minutos"},"schema":{"@context":"https:\/\/schema.org","@graph":[{"@type":"Article","@id":"https:\/\/rgdeportes.com\/index.php\/2023\/02\/01\/tiro-con-arco-resalto-gran-participacion-en-los-juegos-deportivos-nacionales\/#article","isPartOf":{"@id":"https:\/\/rgdeportes.com\/index.php\/2023\/02\/01\/tiro-con-arco-resalto-gran-participacion-en-los-juegos-deportivos-nacionales\/"},"author":{"name":"Randall Gutierrez","@id":"https:\/\/rgdeportes.com\/#\/schema\/person\/91795323fddb335a4fd017bf0e4b1358"},"headline":"Tiro con Arco resalt\u00f3 gran participaci\u00f3n en los Juegos Deportivos Nacionales","datePublished":"2023-02-01T19:40:26+00:00","dateModified":"2023-02-01T19:40:28+00:00","mainEntityOfPage":{"@id":"https:\/\/rgdeportes.com\/index.php\/2023\/02\/01\/tiro-con-arco-resalto-gran-participacion-en-los-juegos-deportivos-nacionales\/"},"wordCount":176,"publisher":{"@id":"https:\/\/rgdeportes.com\/#organization"},"keywords":["#TiroconArcoJuegosNacionales"],"articleSection":["Noticias"],"inLanguage":"es"},{"@type":"WebPage","@id":"https:\/\/rgdeportes.com\/index.php\/2023\/02\/01\/tiro-con-arco-resalto-gran-participacion-en-los-juegos-deportivos-nacionales\/","url":"https:\/\/rgdeportes.com\/index.php\/2023\/02\/01\/tiro-con-arco-resalto-gran-participacion-en-los-juegos-deportivos-nacionales\/","name":"Tiro con Arco resalt\u00f3 gran participaci\u00f3n en los Juegos Deportivos Nacionales - RG Deportes\u200e","isPartOf":{"@id":"https:\/\/rgdeportes.com\/#website"},"datePublished":"2023-02-01T19:40:26+00:00","dateModified":"2023-02-01T19:40:28+00:00","breadcrumb":{"@id":"https:\/\/rgdeportes.com\/index.php\/2023\/02\/01\/tiro-con-arco-resalto-gran-participacion-en-los-juegos-deportivos-nacionales\/#breadcrumb"},"inLanguage":"es","potentialAction":[{"@type":"ReadAction","target":["https:\/\/rgdeportes.com\/index.php\/2023\/02\/01\/tiro-con-arco-resalto-gran-participacion-en-los-juegos-deportivos-nacionales\/"]}]},{"@type":"BreadcrumbList","@id":"https:\/\/rgdeportes.com\/index.php\/2023\/02\/01\/tiro-con-arco-resalto-gran-participacion-en-los-juegos-deportivos-nacionales\/#breadcrumb","itemListElement":[{"@type":"ListItem","position":1,"name":"Portada","item":"https:\/\/rgdeportes.com\/"},{"@type":"ListItem","position":2,"name":"Tiro con Arco resalt\u00f3 gran participaci\u00f3n en los Juegos Deportivos Nacionales"}]},{"@type":"WebSite","@id":"https:\/\/rgdeportes.com\/#website","url":"https:\/\/rgdeportes.com\/","name":"RG Deportes\u200e","description":"","publisher":{"@id":"https:\/\/rgdeportes.com\/#organization"},"potentialAction":[{"@type":"SearchAction","target":{"@type":"EntryPoint","urlTemplate":"https:\/\/rgdeportes.com\/?s={search_term_string}"},"query-input":"required name=search_term_string"}],"inLanguage":"es"},{"@type":"Organization","@id":"https:\/\/rgdeportes.com\/#organization","name":"RG Deportes","url":"https:\/\/rgdeportes.com\/","logo":{"@type":"ImageObject","inLanguage":"es","@id":"https:\/\/rgdeportes.com\/#\/schema\/logo\/image\/","url":"https:\/\/rgdeportes.com\/wp-content\/uploads\/2020\/09\/Logo.png","contentUrl":"https:\/\/rgdeportes.com\/wp-content\/uploads\/2020\/09\/Logo.png","width":784,"height":552,"caption":"RG Deportes"},"image":{"@id":"https:\/\/rgdeportes.com\/#\/schema\/logo\/image\/"},"sameAs":["https:\/\/www.facebook.com\/RandallGutierrezDeportes\/","https:\/\/www.instagram.com\/randallgutierrezdeportes\/","https:\/\/www.youtube.com\/channel\/UCX4_qbvtnTwoF5t2zNqBDvA"]},{"@type":"Person","@id":"https:\/\/rgdeportes.com\/#\/schema\/person\/91795323fddb335a4fd017bf0e4b1358","name":"Randall Gutierrez","image":{"@type":"ImageObject","inLanguage":"es","@id":"https:\/\/rgdeportes.com\/#\/schema\/person\/image\/","url":"https:\/\/secure.gravatar.com\/avatar\/d0884ea8b9b50bcfad3c0d20049361b5?s=96&d=mm&r=g","contentUrl":"https:\/\/secure.gravatar.com\/avatar\/d0884ea8b9b50bcfad3c0d20049361b5?s=96&d=mm&r=g","caption":"Randall Gutierrez"},"url":"https:\/\/rgdeportes.com\/index.php\/author\/randall\/"}]}},"_links":{"self":[{"href":"https:\/\/rgdeportes.com\/index.php\/wp-json\/wp\/v2\/posts\/4616","targetHints":{"allow":["GET"]}}],"collection":[{"href":"https:\/\/rgdeportes.com\/index.php\/wp-json\/wp\/v2\/posts"}],"about":[{"href":"https:\/\/rgdeportes.com\/index.php\/wp-json\/wp\/v2\/types\/post"}],"author":[{"embeddable":true,"href":"https:\/\/rgdeportes.com\/index.php\/wp-json\/wp\/v2\/users\/2"}],"replies":[{"embeddable":true,"href":"https:\/\/rgdeportes.com\/index.php\/wp-json\/wp\/v2\/comments?post=4616"}],"version-history":[{"count":1,"href":"https:\/\/rgdeportes.com\/index.php\/wp-json\/wp\/v2\/posts\/4616\/revisions"}],"predecessor-version":[{"id":4619,"href":"https:\/\/rgdeportes.com\/index.php\/wp-json\/wp\/v2\/posts\/4616\/revisions\/4619"}],"wp:featuredmedia":[{"embeddable":true,"href":"https:\/\/rgdeportes.com\/index.php\/wp-json\/wp\/v2\/media\/4617"}],"wp:attachment":[{"href":"https:\/\/rgdeportes.com\/index.php\/wp-json\/wp\/v2\/media?parent=4616"}],"wp:term":[{"taxonomy":"category","embeddable":true,"href":"https:\/\/rgdeportes.com\/index.php\/wp-json\/wp\/v2\/categories?post=4616"},{"taxonomy":"post_tag","embeddable":true,"href":"https:\/\/rgdeportes.com\/index.php\/wp-json\/wp\/v2\/tags?post=4616"}],"curies":[{"name":"wp","href":"https:\/\/api.w.org\/{rel}","templated":true}]}}