{"id":4459,"date":"2023-01-19T18:43:53","date_gmt":"2023-01-19T18:43:53","guid":{"rendered":"https:\/\/rgdeportes.com\/?p=4459"},"modified":"2023-01-19T18:43:54","modified_gmt":"2023-01-19T18:43:54","slug":"arturo-murillo-sello-su-temporada-en-la-cima-del-campeonato-nacional-de-rally","status":"publish","type":"post","link":"https:\/\/rgdeportes.com\/index.php\/2023\/01\/19\/arturo-murillo-sello-su-temporada-en-la-cima-del-campeonato-nacional-de-rally\/","title":{"rendered":"Arturo Murillo sell\u00f3 su temporada en la cima del Campeonato Nacional de Rally"},"content":{"rendered":"\n<p><\/p>\n\n\n\n<p><\/p>\n\n\n\n<figure class=\"wp-block-image size-full\"><img loading=\"lazy\" decoding=\"async\" width=\"1024\" height=\"625\" src=\"https:\/\/rgdeportes.com\/wp-content\/uploads\/2023\/01\/Screen-Shot-2023-01-17-at-09.38.54.png\" alt=\"\" class=\"wp-image-4460\" srcset=\"https:\/\/rgdeportes.com\/wp-content\/uploads\/2023\/01\/Screen-Shot-2023-01-17-at-09.38.54.png 1024w, https:\/\/rgdeportes.com\/wp-content\/uploads\/2023\/01\/Screen-Shot-2023-01-17-at-09.38.54-300x183.png 300w, https:\/\/rgdeportes.com\/wp-content\/uploads\/2023\/01\/Screen-Shot-2023-01-17-at-09.38.54-768x469.png 768w\" sizes=\"auto, (max-width: 1024px) 100vw, 1024px\" \/><\/figure>\n\n\n\n<p><\/p>\n\n\n\n<p>El Campeonato Nacional de Rally culmin\u00f3 su temporada 2022 el pasado fin de semana con el desarrollo de las dos \u00faltimas fechas que estaban pendientes del a\u00f1o anterior, y con las que se determinaron los campeones nacionales en las diferentes categor\u00edas.<\/p>\n\n\n\n<p>La prueba se desarroll\u00f3 durante s\u00e1bado y domingo en la finca Upala Agr\u00edcola en la localidad de Upala en Alajuela, y cont\u00f3 con muy buena participaci\u00f3n de tripulaciones. Debido a la lluvia la Asociaci\u00f3n Organizadora de Rallies (AORA) debi\u00f3 realizar algunos cambios en la ruta del rally pero aun as\u00ed se cumpli\u00f3 con una jornada muy competitiva y el clima permiti\u00f3 desarrollar la competencia de la mejor manera. Se report\u00f3 lluvia en algunos momentos que pusieron el terreno un tanto resbaloso.<\/p>\n\n\n\n<p>Luego de la jornada y gracias a las victorias que obtuvo s\u00e1bado y domingo el piloto Arturo Murillo se dej\u00f3 los t\u00edtulos nacionales en las clasificaciones Absoluta y N4 con registro de 60 y 61 puntos, respectivamente.<\/p>\n\n\n\n<p>En el apartado de copilotos y por la clasificaci\u00f3n Absoluta el cetro nacional qued\u00f3 en manos de Guillermo Esquivel gracias a una sumatoria total de 36 unidades. &nbsp;En la N4 el t\u00edtulo de copilotos fue para Beatriz Castillo con 42 unidades<\/p>\n\n\n\n<p>En la N3 el campe\u00f3n nacional es Elder Elizondo gracias a 45 unidades durante la temporada, en estas dos fechas obtuvo dos segundos lugares junto a Mar\u00eda Luisa Fabres, quien qued\u00f3 campeona en la &nbsp;clasificaci\u00f3n de copilotos de esta categor\u00eda.<\/p>\n\n\n\n<p>La dupla de Jose David Quesada y Mauricio Rojas obtuvo el cetro nacional en la clase N2, en pilotos y copilotos, respectivamente. Las puntuaciones fueron de 45 puntos para cada uno.<\/p>\n\n\n\n<p>Los podios en N4, N3, N4 y Absoluta cerraron as\u00ed:<\/p>\n\n\n\n<p><strong>Absoluta (pilotos)<\/strong><\/p>\n\n\n\n<ol class=\"wp-block-list\">\n<li>Arturo Murillo 60 puntos<\/li>\n\n\n\n<li>Edgardo Mora 36 puntos<\/li>\n\n\n\n<li>Marlon Murillo 24 puntos<\/li>\n<\/ol>\n\n\n\n<p><strong>Absoluta (copilotos)<\/strong><\/p>\n\n\n\n<ol class=\"wp-block-list\">\n<li>Guillermo Esquivel 36 puntos<\/li>\n\n\n\n<li>Jacobo Murillo 26 puntos<\/li>\n\n\n\n<li>Beatriz Castillo 24 puntos<\/li>\n<\/ol>\n\n\n\n<p><strong>Clase N4 (pilotos)<\/strong><\/p>\n\n\n\n<ol class=\"wp-block-list\">\n<li>Arturo Murillo 61 puntos<\/li>\n\n\n\n<li>Marlon Murillo 42 puntos<\/li>\n\n\n\n<li>Edgardo Mora 40 puntos<\/li>\n<\/ol>\n\n\n\n<p><strong>Clase N4 (copilotos)<\/strong><\/p>\n\n\n\n<ol class=\"wp-block-list\">\n<li>Beatriz Castillo 42 puntos<\/li>\n\n\n\n<li>Guillermo Esquivel 40 puntos<\/li>\n\n\n\n<li>V\u00edctor Murillo 26 puntos<\/li>\n<\/ol>\n\n\n\n<p><strong>Clase N3 &nbsp;(pilotos)<\/strong><\/p>\n\n\n\n<ol class=\"wp-block-list\">\n<li>Elder Elizondo 45 puntos<\/li>\n\n\n\n<li>Hugo Castillo 30 puntos<\/li>\n\n\n\n<li>Lisandro Chaves 30 puntos<\/li>\n<\/ol>\n\n\n\n<p><strong>Clase N3 &nbsp;(copilotos)<\/strong><\/p>\n\n\n\n<ol class=\"wp-block-list\">\n<li>Mar\u00eda Luisa Fabres 45 puntos<\/li>\n\n\n\n<li>Kristel Castillo 30 puntos<\/li>\n\n\n\n<li>Tomas Murua 26 puntos<\/li>\n<\/ol>\n\n\n\n<p><strong>Clase N2 &nbsp;(pilotos)<\/strong><\/p>\n\n\n\n<ol class=\"wp-block-list\">\n<li>Jos\u00e9 David Quesada 45 puntos<\/li>\n\n\n\n<li>Cesar Ugalde 38 puntos<\/li>\n\n\n\n<li>Albin Sand\u00ed 31 puntos<\/li>\n<\/ol>\n\n\n\n<p><strong>Clase N2 &nbsp;(copilotos)<\/strong><\/p>\n\n\n\n<ol class=\"wp-block-list\">\n<li>Mauricio Rojas 45 puntos<\/li>\n\n\n\n<li>Jos\u00e9 Fallas 31 puntos<\/li>\n\n\n\n<li>Luis Villamil 24 puntos<\/li>\n<\/ol>\n\n\n\n<p>La jornada en Upala tambi\u00e9n defini\u00f3 a los campeones en la divisi\u00f3n Open, donde destacaron Jeffrey y Minor Castillo con 65 unidades. En Side by Side los campeones fueron Mauricio Madrigal y Diego Uma\u00f1a en pilotos y copilotos con 44 unidades.<\/p>\n\n\n\n<p><strong><em>\u201cQueremos dar un gran agradecimiento a la comunidad de Upala por todo el apoyo que nos dieron para realizar el evento y adem\u00e1s por la presencia de tanto p\u00fablico en el rally, eso nos motiva mucho y desde ya planeamos hacer la segunda fecha del 2023 en ese mismo escenario. Estamos muy agradecidos con los personeros de la Finca Upala Agr\u00edcola, nos dieron un gran apoyo, as\u00ed como los patrocinadores que estuvieron con nosotros durante esta temporada\u201d<\/em><\/strong> dijo Eduardo Corrales, presidente de la Asociaci\u00f3n Organizadora de Rallies (AORA).<\/p>\n\n\n\n<p>El Campeonato Nacional de Rally 2022 es organizado por la AORA y cuenta con el aval de la Federaci\u00f3n Costarricense de los Motores (FECOM) y el Autom\u00f3vil Club de Costa Rica.<\/p>\n\n\n\n<p>(Foto &#8211; MJ Comunicaci\u00f3n). <\/p>\n","protected":false},"excerpt":{"rendered":"<p>El Campeonato Nacional de Rally culmin\u00f3 su temporada 2022 el pasado fin de semana con el desarrollo de las dos \u00faltimas fechas que estaban pendientes del a\u00f1o anterior, y con&hellip; <\/p>\n","protected":false},"author":2,"featured_media":4460,"comment_status":"closed","ping_status":"closed","sticky":false,"template":"","format":"standard","meta":{"om_disable_all_campaigns":false,"_monsterinsights_skip_tracking":false,"_monsterinsights_sitenote_active":false,"_monsterinsights_sitenote_note":"","_monsterinsights_sitenote_category":0,"footnotes":""},"categories":[524,4],"tags":[1359,1358],"class_list":["post-4459","post","type-post","status-publish","format-standard","has-post-thumbnail","hentry","category-ddm","category-noticias","tag-arturonurillo","tag-campeonatorallynacional2022"],"aioseo_notices":[],"yoast_head":"<!-- This site is optimized with the Yoast SEO plugin v21.2 - https:\/\/yoast.com\/wordpress\/plugins\/seo\/ -->\n<title>Arturo Murillo sell\u00f3 su temporada en la cima del Campeonato Nacional de Rally - RG Deportes\u200e<\/title>\n<meta name=\"robots\" content=\"index, follow, max-snippet:-1, max-image-preview:large, max-video-preview:-1\" \/>\n<link rel=\"canonical\" href=\"https:\/\/rgdeportes.com\/index.php\/2023\/01\/19\/arturo-murillo-sello-su-temporada-en-la-cima-del-campeonato-nacional-de-rally\/\" \/>\n<meta property=\"og:locale\" content=\"es_ES\" \/>\n<meta property=\"og:type\" content=\"article\" \/>\n<meta property=\"og:title\" content=\"Arturo Murillo sell\u00f3 su temporada en la cima del Campeonato Nacional de Rally - RG Deportes\u200e\" \/>\n<meta property=\"og:description\" content=\"El Campeonato Nacional de Rally culmin\u00f3 su temporada 2022 el pasado fin de semana con el desarrollo de las dos \u00faltimas fechas que estaban pendientes del a\u00f1o anterior, y con&hellip;\" \/>\n<meta property=\"og:url\" content=\"https:\/\/rgdeportes.com\/index.php\/2023\/01\/19\/arturo-murillo-sello-su-temporada-en-la-cima-del-campeonato-nacional-de-rally\/\" \/>\n<meta property=\"og:site_name\" content=\"RG Deportes\u200e\" \/>\n<meta property=\"article:publisher\" content=\"https:\/\/www.facebook.com\/RandallGutierrezDeportes\/\" \/>\n<meta property=\"article:published_time\" content=\"2023-01-19T18:43:53+00:00\" \/>\n<meta property=\"article:modified_time\" content=\"2023-01-19T18:43:54+00:00\" \/>\n<meta property=\"og:image\" content=\"http:\/\/rgdeportes.com\/wp-content\/uploads\/2023\/01\/Screen-Shot-2023-01-17-at-09.38.54.png\" \/>\n\t<meta property=\"og:image:width\" content=\"1024\" \/>\n\t<meta property=\"og:image:height\" content=\"625\" \/>\n\t<meta property=\"og:image:type\" content=\"image\/png\" \/>\n<meta name=\"author\" content=\"Randall Gutierrez\" \/>\n<meta name=\"twitter:card\" content=\"summary_large_image\" \/>\n<meta name=\"twitter:label1\" content=\"Escrito por\" \/>\n\t<meta name=\"twitter:data1\" content=\"Randall Gutierrez\" \/>\n\t<meta name=\"twitter:label2\" content=\"Tiempo de lectura\" \/>\n\t<meta name=\"twitter:data2\" content=\"3 minutos\" \/>\n<script type=\"application\/ld+json\" class=\"yoast-schema-graph\">{\"@context\":\"https:\/\/schema.org\",\"@graph\":[{\"@type\":\"Article\",\"@id\":\"https:\/\/rgdeportes.com\/index.php\/2023\/01\/19\/arturo-murillo-sello-su-temporada-en-la-cima-del-campeonato-nacional-de-rally\/#article\",\"isPartOf\":{\"@id\":\"https:\/\/rgdeportes.com\/index.php\/2023\/01\/19\/arturo-murillo-sello-su-temporada-en-la-cima-del-campeonato-nacional-de-rally\/\"},\"author\":{\"name\":\"Randall Gutierrez\",\"@id\":\"https:\/\/rgdeportes.com\/#\/schema\/person\/91795323fddb335a4fd017bf0e4b1358\"},\"headline\":\"Arturo Murillo sell\u00f3 su temporada en la cima del Campeonato Nacional de Rally\",\"datePublished\":\"2023-01-19T18:43:53+00:00\",\"dateModified\":\"2023-01-19T18:43:54+00:00\",\"mainEntityOfPage\":{\"@id\":\"https:\/\/rgdeportes.com\/index.php\/2023\/01\/19\/arturo-murillo-sello-su-temporada-en-la-cima-del-campeonato-nacional-de-rally\/\"},\"wordCount\":575,\"publisher\":{\"@id\":\"https:\/\/rgdeportes.com\/#organization\"},\"keywords\":[\"#ArturoNurillo\",\"#CampeonatoRallyNacional2022\"],\"articleSection\":[\"Deportes de motor\",\"Noticias\"],\"inLanguage\":\"es\"},{\"@type\":\"WebPage\",\"@id\":\"https:\/\/rgdeportes.com\/index.php\/2023\/01\/19\/arturo-murillo-sello-su-temporada-en-la-cima-del-campeonato-nacional-de-rally\/\",\"url\":\"https:\/\/rgdeportes.com\/index.php\/2023\/01\/19\/arturo-murillo-sello-su-temporada-en-la-cima-del-campeonato-nacional-de-rally\/\",\"name\":\"Arturo Murillo sell\u00f3 su temporada en la cima del Campeonato Nacional de Rally - RG Deportes\u200e\",\"isPartOf\":{\"@id\":\"https:\/\/rgdeportes.com\/#website\"},\"datePublished\":\"2023-01-19T18:43:53+00:00\",\"dateModified\":\"2023-01-19T18:43:54+00:00\",\"breadcrumb\":{\"@id\":\"https:\/\/rgdeportes.com\/index.php\/2023\/01\/19\/arturo-murillo-sello-su-temporada-en-la-cima-del-campeonato-nacional-de-rally\/#breadcrumb\"},\"inLanguage\":\"es\",\"potentialAction\":[{\"@type\":\"ReadAction\",\"target\":[\"https:\/\/rgdeportes.com\/index.php\/2023\/01\/19\/arturo-murillo-sello-su-temporada-en-la-cima-del-campeonato-nacional-de-rally\/\"]}]},{\"@type\":\"BreadcrumbList\",\"@id\":\"https:\/\/rgdeportes.com\/index.php\/2023\/01\/19\/arturo-murillo-sello-su-temporada-en-la-cima-del-campeonato-nacional-de-rally\/#breadcrumb\",\"itemListElement\":[{\"@type\":\"ListItem\",\"position\":1,\"name\":\"Portada\",\"item\":\"https:\/\/rgdeportes.com\/\"},{\"@type\":\"ListItem\",\"position\":2,\"name\":\"Arturo Murillo sell\u00f3 su temporada en la cima del Campeonato Nacional de Rally\"}]},{\"@type\":\"WebSite\",\"@id\":\"https:\/\/rgdeportes.com\/#website\",\"url\":\"https:\/\/rgdeportes.com\/\",\"name\":\"RG Deportes\u200e\",\"description\":\"\",\"publisher\":{\"@id\":\"https:\/\/rgdeportes.com\/#organization\"},\"potentialAction\":[{\"@type\":\"SearchAction\",\"target\":{\"@type\":\"EntryPoint\",\"urlTemplate\":\"https:\/\/rgdeportes.com\/?s={search_term_string}\"},\"query-input\":\"required name=search_term_string\"}],\"inLanguage\":\"es\"},{\"@type\":\"Organization\",\"@id\":\"https:\/\/rgdeportes.com\/#organization\",\"name\":\"RG Deportes\",\"url\":\"https:\/\/rgdeportes.com\/\",\"logo\":{\"@type\":\"ImageObject\",\"inLanguage\":\"es\",\"@id\":\"https:\/\/rgdeportes.com\/#\/schema\/logo\/image\/\",\"url\":\"https:\/\/rgdeportes.com\/wp-content\/uploads\/2020\/09\/Logo.png\",\"contentUrl\":\"https:\/\/rgdeportes.com\/wp-content\/uploads\/2020\/09\/Logo.png\",\"width\":784,\"height\":552,\"caption\":\"RG Deportes\"},\"image\":{\"@id\":\"https:\/\/rgdeportes.com\/#\/schema\/logo\/image\/\"},\"sameAs\":[\"https:\/\/www.facebook.com\/RandallGutierrezDeportes\/\",\"https:\/\/www.instagram.com\/randallgutierrezdeportes\/\",\"https:\/\/www.youtube.com\/channel\/UCX4_qbvtnTwoF5t2zNqBDvA\"]},{\"@type\":\"Person\",\"@id\":\"https:\/\/rgdeportes.com\/#\/schema\/person\/91795323fddb335a4fd017bf0e4b1358\",\"name\":\"Randall Gutierrez\",\"image\":{\"@type\":\"ImageObject\",\"inLanguage\":\"es\",\"@id\":\"https:\/\/rgdeportes.com\/#\/schema\/person\/image\/\",\"url\":\"https:\/\/secure.gravatar.com\/avatar\/d0884ea8b9b50bcfad3c0d20049361b5?s=96&d=mm&r=g\",\"contentUrl\":\"https:\/\/secure.gravatar.com\/avatar\/d0884ea8b9b50bcfad3c0d20049361b5?s=96&d=mm&r=g\",\"caption\":\"Randall Gutierrez\"},\"url\":\"https:\/\/rgdeportes.com\/index.php\/author\/randall\/\"}]}<\/script>\n<!-- \/ Yoast SEO plugin. -->","yoast_head_json":{"title":"Arturo Murillo sell\u00f3 su temporada en la cima del Campeonato Nacional de Rally - RG Deportes\u200e","robots":{"index":"index","follow":"follow","max-snippet":"max-snippet:-1","max-image-preview":"max-image-preview:large","max-video-preview":"max-video-preview:-1"},"canonical":"https:\/\/rgdeportes.com\/index.php\/2023\/01\/19\/arturo-murillo-sello-su-temporada-en-la-cima-del-campeonato-nacional-de-rally\/","og_locale":"es_ES","og_type":"article","og_title":"Arturo Murillo sell\u00f3 su temporada en la cima del Campeonato Nacional de Rally - RG Deportes\u200e","og_description":"El Campeonato Nacional de Rally culmin\u00f3 su temporada 2022 el pasado fin de semana con el desarrollo de las dos \u00faltimas fechas que estaban pendientes del a\u00f1o anterior, y con&hellip;","og_url":"https:\/\/rgdeportes.com\/index.php\/2023\/01\/19\/arturo-murillo-sello-su-temporada-en-la-cima-del-campeonato-nacional-de-rally\/","og_site_name":"RG Deportes\u200e","article_publisher":"https:\/\/www.facebook.com\/RandallGutierrezDeportes\/","article_published_time":"2023-01-19T18:43:53+00:00","article_modified_time":"2023-01-19T18:43:54+00:00","og_image":[{"width":1024,"height":625,"url":"http:\/\/rgdeportes.com\/wp-content\/uploads\/2023\/01\/Screen-Shot-2023-01-17-at-09.38.54.png","type":"image\/png"}],"author":"Randall Gutierrez","twitter_card":"summary_large_image","twitter_misc":{"Escrito por":"Randall Gutierrez","Tiempo de lectura":"3 minutos"},"schema":{"@context":"https:\/\/schema.org","@graph":[{"@type":"Article","@id":"https:\/\/rgdeportes.com\/index.php\/2023\/01\/19\/arturo-murillo-sello-su-temporada-en-la-cima-del-campeonato-nacional-de-rally\/#article","isPartOf":{"@id":"https:\/\/rgdeportes.com\/index.php\/2023\/01\/19\/arturo-murillo-sello-su-temporada-en-la-cima-del-campeonato-nacional-de-rally\/"},"author":{"name":"Randall Gutierrez","@id":"https:\/\/rgdeportes.com\/#\/schema\/person\/91795323fddb335a4fd017bf0e4b1358"},"headline":"Arturo Murillo sell\u00f3 su temporada en la cima del Campeonato Nacional de Rally","datePublished":"2023-01-19T18:43:53+00:00","dateModified":"2023-01-19T18:43:54+00:00","mainEntityOfPage":{"@id":"https:\/\/rgdeportes.com\/index.php\/2023\/01\/19\/arturo-murillo-sello-su-temporada-en-la-cima-del-campeonato-nacional-de-rally\/"},"wordCount":575,"publisher":{"@id":"https:\/\/rgdeportes.com\/#organization"},"keywords":["#ArturoNurillo","#CampeonatoRallyNacional2022"],"articleSection":["Deportes de motor","Noticias"],"inLanguage":"es"},{"@type":"WebPage","@id":"https:\/\/rgdeportes.com\/index.php\/2023\/01\/19\/arturo-murillo-sello-su-temporada-en-la-cima-del-campeonato-nacional-de-rally\/","url":"https:\/\/rgdeportes.com\/index.php\/2023\/01\/19\/arturo-murillo-sello-su-temporada-en-la-cima-del-campeonato-nacional-de-rally\/","name":"Arturo Murillo sell\u00f3 su temporada en la cima del Campeonato Nacional de Rally - RG Deportes\u200e","isPartOf":{"@id":"https:\/\/rgdeportes.com\/#website"},"datePublished":"2023-01-19T18:43:53+00:00","dateModified":"2023-01-19T18:43:54+00:00","breadcrumb":{"@id":"https:\/\/rgdeportes.com\/index.php\/2023\/01\/19\/arturo-murillo-sello-su-temporada-en-la-cima-del-campeonato-nacional-de-rally\/#breadcrumb"},"inLanguage":"es","potentialAction":[{"@type":"ReadAction","target":["https:\/\/rgdeportes.com\/index.php\/2023\/01\/19\/arturo-murillo-sello-su-temporada-en-la-cima-del-campeonato-nacional-de-rally\/"]}]},{"@type":"BreadcrumbList","@id":"https:\/\/rgdeportes.com\/index.php\/2023\/01\/19\/arturo-murillo-sello-su-temporada-en-la-cima-del-campeonato-nacional-de-rally\/#breadcrumb","itemListElement":[{"@type":"ListItem","position":1,"name":"Portada","item":"https:\/\/rgdeportes.com\/"},{"@type":"ListItem","position":2,"name":"Arturo Murillo sell\u00f3 su temporada en la cima del Campeonato Nacional de Rally"}]},{"@type":"WebSite","@id":"https:\/\/rgdeportes.com\/#website","url":"https:\/\/rgdeportes.com\/","name":"RG Deportes\u200e","description":"","publisher":{"@id":"https:\/\/rgdeportes.com\/#organization"},"potentialAction":[{"@type":"SearchAction","target":{"@type":"EntryPoint","urlTemplate":"https:\/\/rgdeportes.com\/?s={search_term_string}"},"query-input":"required name=search_term_string"}],"inLanguage":"es"},{"@type":"Organization","@id":"https:\/\/rgdeportes.com\/#organization","name":"RG Deportes","url":"https:\/\/rgdeportes.com\/","logo":{"@type":"ImageObject","inLanguage":"es","@id":"https:\/\/rgdeportes.com\/#\/schema\/logo\/image\/","url":"https:\/\/rgdeportes.com\/wp-content\/uploads\/2020\/09\/Logo.png","contentUrl":"https:\/\/rgdeportes.com\/wp-content\/uploads\/2020\/09\/Logo.png","width":784,"height":552,"caption":"RG Deportes"},"image":{"@id":"https:\/\/rgdeportes.com\/#\/schema\/logo\/image\/"},"sameAs":["https:\/\/www.facebook.com\/RandallGutierrezDeportes\/","https:\/\/www.instagram.com\/randallgutierrezdeportes\/","https:\/\/www.youtube.com\/channel\/UCX4_qbvtnTwoF5t2zNqBDvA"]},{"@type":"Person","@id":"https:\/\/rgdeportes.com\/#\/schema\/person\/91795323fddb335a4fd017bf0e4b1358","name":"Randall Gutierrez","image":{"@type":"ImageObject","inLanguage":"es","@id":"https:\/\/rgdeportes.com\/#\/schema\/person\/image\/","url":"https:\/\/secure.gravatar.com\/avatar\/d0884ea8b9b50bcfad3c0d20049361b5?s=96&d=mm&r=g","contentUrl":"https:\/\/secure.gravatar.com\/avatar\/d0884ea8b9b50bcfad3c0d20049361b5?s=96&d=mm&r=g","caption":"Randall Gutierrez"},"url":"https:\/\/rgdeportes.com\/index.php\/author\/randall\/"}]}},"_links":{"self":[{"href":"https:\/\/rgdeportes.com\/index.php\/wp-json\/wp\/v2\/posts\/4459","targetHints":{"allow":["GET"]}}],"collection":[{"href":"https:\/\/rgdeportes.com\/index.php\/wp-json\/wp\/v2\/posts"}],"about":[{"href":"https:\/\/rgdeportes.com\/index.php\/wp-json\/wp\/v2\/types\/post"}],"author":[{"embeddable":true,"href":"https:\/\/rgdeportes.com\/index.php\/wp-json\/wp\/v2\/users\/2"}],"replies":[{"embeddable":true,"href":"https:\/\/rgdeportes.com\/index.php\/wp-json\/wp\/v2\/comments?post=4459"}],"version-history":[{"count":1,"href":"https:\/\/rgdeportes.com\/index.php\/wp-json\/wp\/v2\/posts\/4459\/revisions"}],"predecessor-version":[{"id":4461,"href":"https:\/\/rgdeportes.com\/index.php\/wp-json\/wp\/v2\/posts\/4459\/revisions\/4461"}],"wp:featuredmedia":[{"embeddable":true,"href":"https:\/\/rgdeportes.com\/index.php\/wp-json\/wp\/v2\/media\/4460"}],"wp:attachment":[{"href":"https:\/\/rgdeportes.com\/index.php\/wp-json\/wp\/v2\/media?parent=4459"}],"wp:term":[{"taxonomy":"category","embeddable":true,"href":"https:\/\/rgdeportes.com\/index.php\/wp-json\/wp\/v2\/categories?post=4459"},{"taxonomy":"post_tag","embeddable":true,"href":"https:\/\/rgdeportes.com\/index.php\/wp-json\/wp\/v2\/tags?post=4459"}],"curies":[{"name":"wp","href":"https:\/\/api.w.org\/{rel}","templated":true}]}}