{"id":3316,"date":"2022-03-19T03:28:25","date_gmt":"2022-03-19T03:28:25","guid":{"rendered":"http:\/\/rgdeportes.com\/?p=3316"},"modified":"2022-03-19T03:28:26","modified_gmt":"2022-03-19T03:28:26","slug":"primer-torneo-de-racquetball-2022-desde-el-san-jose-indoor-club","status":"publish","type":"post","link":"https:\/\/rgdeportes.com\/index.php\/2022\/03\/19\/primer-torneo-de-racquetball-2022-desde-el-san-jose-indoor-club\/","title":{"rendered":"Primer Torneo de Racquetball 2022 desde el San Jos\u00e9 Indoor Club"},"content":{"rendered":"\n<figure class=\"wp-block-gallery columns-1 is-cropped wp-block-gallery-1 is-layout-flex wp-block-gallery-is-layout-flex\"><ul class=\"blocks-gallery-grid\"><li class=\"blocks-gallery-item\"><figure><img loading=\"lazy\" decoding=\"async\" width=\"701\" height=\"752\" src=\"http:\/\/rgdeportes.com\/wp-content\/uploads\/2022\/03\/FB_IMG_1647658608843.jpg\" alt=\"\" data-id=\"3317\" data-full-url=\"http:\/\/rgdeportes.com\/wp-content\/uploads\/2022\/03\/FB_IMG_1647658608843.jpg\" data-link=\"http:\/\/rgdeportes.com\/?attachment_id=3317\" class=\"wp-image-3317\" srcset=\"https:\/\/rgdeportes.com\/wp-content\/uploads\/2022\/03\/FB_IMG_1647658608843.jpg 701w, https:\/\/rgdeportes.com\/wp-content\/uploads\/2022\/03\/FB_IMG_1647658608843-280x300.jpg 280w\" sizes=\"auto, (max-width: 701px) 100vw, 701px\" \/><\/figure><\/li><\/ul><\/figure>\n\n\n\n<p>La <strong><em>Federaci\u00f3n Costarricense de Racquetball<\/em><\/strong> inform\u00f3 durante esta semana que se llevar\u00e1 a cabo el <strong><em>\u00abPrimer Torneo de Racquetbal<\/em><\/strong><em><strong>l 2022&#8243; <\/strong><\/em>iniciando desde el <em><strong>26 de marzo al 2 de abril <\/strong><\/em>desde las instalaciones del <strong><em>San Jos\u00e9 Indoor Club.<\/em><\/strong><\/p>\n\n\n\n<p>Las categor\u00edas a competir son:<\/p>\n\n\n\n<p><strong>Singles<\/strong><\/p>\n\n\n\n<p>AA &#8211; A, B, C y Novatos.<\/p>\n\n\n\n<p><strong>Femenino<\/strong><\/p>\n\n\n\n<p>U12, U10, +35, +50.<\/p>\n\n\n\n<p><strong>Dobles <\/strong><\/p>\n\n\n\n<p>Open (Categor\u00eda AA &#8211; A)<\/p>\n\n\n\n<p>A (Categor\u00eda B &#8211; C)<\/p>\n\n\n\n<p>C (Categor\u00eda Junior)<\/p>\n\n\n\n<p>Adem\u00e1s se abrir\u00e1 la <strong>Categor\u00eda Dobles Mixtos <\/strong>esto en virtud que ya es una <strong>Categor\u00eda Oficial de la Federaci\u00f3n Internacional de Racquetball (IRF) <\/strong>donde la misma se podr\u00e1 competir en los <strong>Panamericanos y Mundiales Junior y Mayores.<\/strong><\/p>\n\n\n\n<p>(Foto \u00abArchivo\u00bb Federaci\u00f3n Costarricense de Racquetball). <\/p>\n\n\n\n<p><\/p>\n","protected":false},"excerpt":{"rendered":"<p>La Federaci\u00f3n Costarricense de Racquetball inform\u00f3 durante esta semana que se llevar\u00e1 a cabo el \u00abPrimer Torneo de Racquetball 2022&#8243; iniciando desde el 26 de marzo al 2 de abril&hellip; <\/p>\n","protected":false},"author":2,"featured_media":3317,"comment_status":"open","ping_status":"open","sticky":false,"template":"","format":"standard","meta":{"om_disable_all_campaigns":false,"_monsterinsights_skip_tracking":false,"_monsterinsights_sitenote_active":false,"_monsterinsights_sitenote_note":"","_monsterinsights_sitenote_category":0,"footnotes":""},"categories":[9,13],"tags":[920,919],"class_list":["post-3316","post","type-post","status-publish","format-standard","has-post-thumbnail","hentry","category-na","category-od","tag-racquetballsanjose","tag-torneoracquetball2022"],"aioseo_notices":[],"yoast_head":"<!-- This site is optimized with the Yoast SEO plugin v21.2 - https:\/\/yoast.com\/wordpress\/plugins\/seo\/ -->\n<title>Primer Torneo de Racquetball 2022 desde el San Jos\u00e9 Indoor Club - RG Deportes\u200e<\/title>\n<meta name=\"robots\" content=\"index, follow, max-snippet:-1, max-image-preview:large, max-video-preview:-1\" \/>\n<link rel=\"canonical\" href=\"https:\/\/rgdeportes.com\/index.php\/2022\/03\/19\/primer-torneo-de-racquetball-2022-desde-el-san-jose-indoor-club\/\" \/>\n<meta property=\"og:locale\" content=\"es_ES\" \/>\n<meta property=\"og:type\" content=\"article\" \/>\n<meta property=\"og:title\" content=\"Primer Torneo de Racquetball 2022 desde el San Jos\u00e9 Indoor Club - RG Deportes\u200e\" \/>\n<meta property=\"og:description\" content=\"La Federaci\u00f3n Costarricense de Racquetball inform\u00f3 durante esta semana que se llevar\u00e1 a cabo el \u00abPrimer Torneo de Racquetball 2022&#8243; iniciando desde el 26 de marzo al 2 de abril&hellip;\" \/>\n<meta property=\"og:url\" content=\"https:\/\/rgdeportes.com\/index.php\/2022\/03\/19\/primer-torneo-de-racquetball-2022-desde-el-san-jose-indoor-club\/\" \/>\n<meta property=\"og:site_name\" content=\"RG Deportes\u200e\" \/>\n<meta property=\"article:publisher\" content=\"https:\/\/www.facebook.com\/RandallGutierrezDeportes\/\" \/>\n<meta property=\"article:published_time\" content=\"2022-03-19T03:28:25+00:00\" \/>\n<meta property=\"article:modified_time\" content=\"2022-03-19T03:28:26+00:00\" \/>\n<meta property=\"og:image\" content=\"https:\/\/rgdeportes.com\/wp-content\/uploads\/2022\/03\/FB_IMG_1647658608843.jpg\" \/>\n\t<meta property=\"og:image:width\" content=\"701\" \/>\n\t<meta property=\"og:image:height\" content=\"752\" \/>\n\t<meta property=\"og:image:type\" content=\"image\/jpeg\" \/>\n<meta name=\"author\" content=\"Randall Gutierrez\" \/>\n<meta name=\"twitter:card\" content=\"summary_large_image\" \/>\n<meta name=\"twitter:label1\" content=\"Escrito por\" \/>\n\t<meta name=\"twitter:data1\" content=\"Randall Gutierrez\" \/>\n\t<meta name=\"twitter:label2\" content=\"Tiempo de lectura\" \/>\n\t<meta name=\"twitter:data2\" content=\"1 minuto\" \/>\n<script type=\"application\/ld+json\" class=\"yoast-schema-graph\">{\"@context\":\"https:\/\/schema.org\",\"@graph\":[{\"@type\":\"Article\",\"@id\":\"https:\/\/rgdeportes.com\/index.php\/2022\/03\/19\/primer-torneo-de-racquetball-2022-desde-el-san-jose-indoor-club\/#article\",\"isPartOf\":{\"@id\":\"https:\/\/rgdeportes.com\/index.php\/2022\/03\/19\/primer-torneo-de-racquetball-2022-desde-el-san-jose-indoor-club\/\"},\"author\":{\"name\":\"Randall Gutierrez\",\"@id\":\"https:\/\/rgdeportes.com\/#\/schema\/person\/91795323fddb335a4fd017bf0e4b1358\"},\"headline\":\"Primer Torneo de Racquetball 2022 desde el San Jos\u00e9 Indoor Club\",\"datePublished\":\"2022-03-19T03:28:25+00:00\",\"dateModified\":\"2022-03-19T03:28:26+00:00\",\"mainEntityOfPage\":{\"@id\":\"https:\/\/rgdeportes.com\/index.php\/2022\/03\/19\/primer-torneo-de-racquetball-2022-desde-el-san-jose-indoor-club\/\"},\"wordCount\":129,\"commentCount\":0,\"publisher\":{\"@id\":\"https:\/\/rgdeportes.com\/#organization\"},\"keywords\":[\"#RacquetballSanJos\u00e9\",\"#TorneoRacquetball2022\"],\"articleSection\":[\"Nacionales\",\"Otros deportes\"],\"inLanguage\":\"es\",\"potentialAction\":[{\"@type\":\"CommentAction\",\"name\":\"Comment\",\"target\":[\"https:\/\/rgdeportes.com\/index.php\/2022\/03\/19\/primer-torneo-de-racquetball-2022-desde-el-san-jose-indoor-club\/#respond\"]}]},{\"@type\":\"WebPage\",\"@id\":\"https:\/\/rgdeportes.com\/index.php\/2022\/03\/19\/primer-torneo-de-racquetball-2022-desde-el-san-jose-indoor-club\/\",\"url\":\"https:\/\/rgdeportes.com\/index.php\/2022\/03\/19\/primer-torneo-de-racquetball-2022-desde-el-san-jose-indoor-club\/\",\"name\":\"Primer Torneo de Racquetball 2022 desde el San Jos\u00e9 Indoor Club - RG Deportes\u200e\",\"isPartOf\":{\"@id\":\"https:\/\/rgdeportes.com\/#website\"},\"datePublished\":\"2022-03-19T03:28:25+00:00\",\"dateModified\":\"2022-03-19T03:28:26+00:00\",\"breadcrumb\":{\"@id\":\"https:\/\/rgdeportes.com\/index.php\/2022\/03\/19\/primer-torneo-de-racquetball-2022-desde-el-san-jose-indoor-club\/#breadcrumb\"},\"inLanguage\":\"es\",\"potentialAction\":[{\"@type\":\"ReadAction\",\"target\":[\"https:\/\/rgdeportes.com\/index.php\/2022\/03\/19\/primer-torneo-de-racquetball-2022-desde-el-san-jose-indoor-club\/\"]}]},{\"@type\":\"BreadcrumbList\",\"@id\":\"https:\/\/rgdeportes.com\/index.php\/2022\/03\/19\/primer-torneo-de-racquetball-2022-desde-el-san-jose-indoor-club\/#breadcrumb\",\"itemListElement\":[{\"@type\":\"ListItem\",\"position\":1,\"name\":\"Portada\",\"item\":\"https:\/\/rgdeportes.com\/\"},{\"@type\":\"ListItem\",\"position\":2,\"name\":\"Primer Torneo de Racquetball 2022 desde el San Jos\u00e9 Indoor Club\"}]},{\"@type\":\"WebSite\",\"@id\":\"https:\/\/rgdeportes.com\/#website\",\"url\":\"https:\/\/rgdeportes.com\/\",\"name\":\"RG Deportes\u200e\",\"description\":\"\",\"publisher\":{\"@id\":\"https:\/\/rgdeportes.com\/#organization\"},\"potentialAction\":[{\"@type\":\"SearchAction\",\"target\":{\"@type\":\"EntryPoint\",\"urlTemplate\":\"https:\/\/rgdeportes.com\/?s={search_term_string}\"},\"query-input\":\"required name=search_term_string\"}],\"inLanguage\":\"es\"},{\"@type\":\"Organization\",\"@id\":\"https:\/\/rgdeportes.com\/#organization\",\"name\":\"RG Deportes\",\"url\":\"https:\/\/rgdeportes.com\/\",\"logo\":{\"@type\":\"ImageObject\",\"inLanguage\":\"es\",\"@id\":\"https:\/\/rgdeportes.com\/#\/schema\/logo\/image\/\",\"url\":\"https:\/\/rgdeportes.com\/wp-content\/uploads\/2020\/09\/Logo.png\",\"contentUrl\":\"https:\/\/rgdeportes.com\/wp-content\/uploads\/2020\/09\/Logo.png\",\"width\":784,\"height\":552,\"caption\":\"RG Deportes\"},\"image\":{\"@id\":\"https:\/\/rgdeportes.com\/#\/schema\/logo\/image\/\"},\"sameAs\":[\"https:\/\/www.facebook.com\/RandallGutierrezDeportes\/\",\"https:\/\/www.instagram.com\/randallgutierrezdeportes\/\",\"https:\/\/www.youtube.com\/channel\/UCX4_qbvtnTwoF5t2zNqBDvA\"]},{\"@type\":\"Person\",\"@id\":\"https:\/\/rgdeportes.com\/#\/schema\/person\/91795323fddb335a4fd017bf0e4b1358\",\"name\":\"Randall Gutierrez\",\"image\":{\"@type\":\"ImageObject\",\"inLanguage\":\"es\",\"@id\":\"https:\/\/rgdeportes.com\/#\/schema\/person\/image\/\",\"url\":\"https:\/\/secure.gravatar.com\/avatar\/d0884ea8b9b50bcfad3c0d20049361b5?s=96&d=mm&r=g\",\"contentUrl\":\"https:\/\/secure.gravatar.com\/avatar\/d0884ea8b9b50bcfad3c0d20049361b5?s=96&d=mm&r=g\",\"caption\":\"Randall Gutierrez\"},\"url\":\"https:\/\/rgdeportes.com\/index.php\/author\/randall\/\"}]}<\/script>\n<!-- \/ Yoast SEO plugin. -->","yoast_head_json":{"title":"Primer Torneo de Racquetball 2022 desde el San Jos\u00e9 Indoor Club - RG Deportes\u200e","robots":{"index":"index","follow":"follow","max-snippet":"max-snippet:-1","max-image-preview":"max-image-preview:large","max-video-preview":"max-video-preview:-1"},"canonical":"https:\/\/rgdeportes.com\/index.php\/2022\/03\/19\/primer-torneo-de-racquetball-2022-desde-el-san-jose-indoor-club\/","og_locale":"es_ES","og_type":"article","og_title":"Primer Torneo de Racquetball 2022 desde el San Jos\u00e9 Indoor Club - RG Deportes\u200e","og_description":"La Federaci\u00f3n Costarricense de Racquetball inform\u00f3 durante esta semana que se llevar\u00e1 a cabo el \u00abPrimer Torneo de Racquetball 2022&#8243; iniciando desde el 26 de marzo al 2 de abril&hellip;","og_url":"https:\/\/rgdeportes.com\/index.php\/2022\/03\/19\/primer-torneo-de-racquetball-2022-desde-el-san-jose-indoor-club\/","og_site_name":"RG Deportes\u200e","article_publisher":"https:\/\/www.facebook.com\/RandallGutierrezDeportes\/","article_published_time":"2022-03-19T03:28:25+00:00","article_modified_time":"2022-03-19T03:28:26+00:00","og_image":[{"width":701,"height":752,"url":"https:\/\/rgdeportes.com\/wp-content\/uploads\/2022\/03\/FB_IMG_1647658608843.jpg","type":"image\/jpeg"}],"author":"Randall Gutierrez","twitter_card":"summary_large_image","twitter_misc":{"Escrito por":"Randall Gutierrez","Tiempo de lectura":"1 minuto"},"schema":{"@context":"https:\/\/schema.org","@graph":[{"@type":"Article","@id":"https:\/\/rgdeportes.com\/index.php\/2022\/03\/19\/primer-torneo-de-racquetball-2022-desde-el-san-jose-indoor-club\/#article","isPartOf":{"@id":"https:\/\/rgdeportes.com\/index.php\/2022\/03\/19\/primer-torneo-de-racquetball-2022-desde-el-san-jose-indoor-club\/"},"author":{"name":"Randall Gutierrez","@id":"https:\/\/rgdeportes.com\/#\/schema\/person\/91795323fddb335a4fd017bf0e4b1358"},"headline":"Primer Torneo de Racquetball 2022 desde el San Jos\u00e9 Indoor Club","datePublished":"2022-03-19T03:28:25+00:00","dateModified":"2022-03-19T03:28:26+00:00","mainEntityOfPage":{"@id":"https:\/\/rgdeportes.com\/index.php\/2022\/03\/19\/primer-torneo-de-racquetball-2022-desde-el-san-jose-indoor-club\/"},"wordCount":129,"commentCount":0,"publisher":{"@id":"https:\/\/rgdeportes.com\/#organization"},"keywords":["#RacquetballSanJos\u00e9","#TorneoRacquetball2022"],"articleSection":["Nacionales","Otros deportes"],"inLanguage":"es","potentialAction":[{"@type":"CommentAction","name":"Comment","target":["https:\/\/rgdeportes.com\/index.php\/2022\/03\/19\/primer-torneo-de-racquetball-2022-desde-el-san-jose-indoor-club\/#respond"]}]},{"@type":"WebPage","@id":"https:\/\/rgdeportes.com\/index.php\/2022\/03\/19\/primer-torneo-de-racquetball-2022-desde-el-san-jose-indoor-club\/","url":"https:\/\/rgdeportes.com\/index.php\/2022\/03\/19\/primer-torneo-de-racquetball-2022-desde-el-san-jose-indoor-club\/","name":"Primer Torneo de Racquetball 2022 desde el San Jos\u00e9 Indoor Club - RG Deportes\u200e","isPartOf":{"@id":"https:\/\/rgdeportes.com\/#website"},"datePublished":"2022-03-19T03:28:25+00:00","dateModified":"2022-03-19T03:28:26+00:00","breadcrumb":{"@id":"https:\/\/rgdeportes.com\/index.php\/2022\/03\/19\/primer-torneo-de-racquetball-2022-desde-el-san-jose-indoor-club\/#breadcrumb"},"inLanguage":"es","potentialAction":[{"@type":"ReadAction","target":["https:\/\/rgdeportes.com\/index.php\/2022\/03\/19\/primer-torneo-de-racquetball-2022-desde-el-san-jose-indoor-club\/"]}]},{"@type":"BreadcrumbList","@id":"https:\/\/rgdeportes.com\/index.php\/2022\/03\/19\/primer-torneo-de-racquetball-2022-desde-el-san-jose-indoor-club\/#breadcrumb","itemListElement":[{"@type":"ListItem","position":1,"name":"Portada","item":"https:\/\/rgdeportes.com\/"},{"@type":"ListItem","position":2,"name":"Primer Torneo de Racquetball 2022 desde el San Jos\u00e9 Indoor Club"}]},{"@type":"WebSite","@id":"https:\/\/rgdeportes.com\/#website","url":"https:\/\/rgdeportes.com\/","name":"RG Deportes\u200e","description":"","publisher":{"@id":"https:\/\/rgdeportes.com\/#organization"},"potentialAction":[{"@type":"SearchAction","target":{"@type":"EntryPoint","urlTemplate":"https:\/\/rgdeportes.com\/?s={search_term_string}"},"query-input":"required name=search_term_string"}],"inLanguage":"es"},{"@type":"Organization","@id":"https:\/\/rgdeportes.com\/#organization","name":"RG Deportes","url":"https:\/\/rgdeportes.com\/","logo":{"@type":"ImageObject","inLanguage":"es","@id":"https:\/\/rgdeportes.com\/#\/schema\/logo\/image\/","url":"https:\/\/rgdeportes.com\/wp-content\/uploads\/2020\/09\/Logo.png","contentUrl":"https:\/\/rgdeportes.com\/wp-content\/uploads\/2020\/09\/Logo.png","width":784,"height":552,"caption":"RG Deportes"},"image":{"@id":"https:\/\/rgdeportes.com\/#\/schema\/logo\/image\/"},"sameAs":["https:\/\/www.facebook.com\/RandallGutierrezDeportes\/","https:\/\/www.instagram.com\/randallgutierrezdeportes\/","https:\/\/www.youtube.com\/channel\/UCX4_qbvtnTwoF5t2zNqBDvA"]},{"@type":"Person","@id":"https:\/\/rgdeportes.com\/#\/schema\/person\/91795323fddb335a4fd017bf0e4b1358","name":"Randall Gutierrez","image":{"@type":"ImageObject","inLanguage":"es","@id":"https:\/\/rgdeportes.com\/#\/schema\/person\/image\/","url":"https:\/\/secure.gravatar.com\/avatar\/d0884ea8b9b50bcfad3c0d20049361b5?s=96&d=mm&r=g","contentUrl":"https:\/\/secure.gravatar.com\/avatar\/d0884ea8b9b50bcfad3c0d20049361b5?s=96&d=mm&r=g","caption":"Randall Gutierrez"},"url":"https:\/\/rgdeportes.com\/index.php\/author\/randall\/"}]}},"_links":{"self":[{"href":"https:\/\/rgdeportes.com\/index.php\/wp-json\/wp\/v2\/posts\/3316","targetHints":{"allow":["GET"]}}],"collection":[{"href":"https:\/\/rgdeportes.com\/index.php\/wp-json\/wp\/v2\/posts"}],"about":[{"href":"https:\/\/rgdeportes.com\/index.php\/wp-json\/wp\/v2\/types\/post"}],"author":[{"embeddable":true,"href":"https:\/\/rgdeportes.com\/index.php\/wp-json\/wp\/v2\/users\/2"}],"replies":[{"embeddable":true,"href":"https:\/\/rgdeportes.com\/index.php\/wp-json\/wp\/v2\/comments?post=3316"}],"version-history":[{"count":1,"href":"https:\/\/rgdeportes.com\/index.php\/wp-json\/wp\/v2\/posts\/3316\/revisions"}],"predecessor-version":[{"id":3318,"href":"https:\/\/rgdeportes.com\/index.php\/wp-json\/wp\/v2\/posts\/3316\/revisions\/3318"}],"wp:featuredmedia":[{"embeddable":true,"href":"https:\/\/rgdeportes.com\/index.php\/wp-json\/wp\/v2\/media\/3317"}],"wp:attachment":[{"href":"https:\/\/rgdeportes.com\/index.php\/wp-json\/wp\/v2\/media?parent=3316"}],"wp:term":[{"taxonomy":"category","embeddable":true,"href":"https:\/\/rgdeportes.com\/index.php\/wp-json\/wp\/v2\/categories?post=3316"},{"taxonomy":"post_tag","embeddable":true,"href":"https:\/\/rgdeportes.com\/index.php\/wp-json\/wp\/v2\/tags?post=3316"}],"curies":[{"name":"wp","href":"https:\/\/api.w.org\/{rel}","templated":true}]}}